{"id":20030,"date":"2024-09-27T17:32:46","date_gmt":"2024-09-27T21:32:46","guid":{"rendered":"https:\/\/minutocerord.com\/?p=20030"},"modified":"2024-09-27T17:35:35","modified_gmt":"2024-09-27T21:35:35","slug":"sd-protesta-contra-migrantes-haitianos-si-abinader-no-los-saca-los-sacamos-nosotros","status":"publish","type":"post","link":"https:\/\/minutocerord.com\/?p=20030","title":{"rendered":"SD | Protesta contra migrantes haitianos: \u201cSi Abinader no los saca, los sacamos nosotros\u201d"},"content":{"rendered":"\n<p class=\"\"><strong><em>Decenas de manifestantes organizaron una protesta desde la avenida 27 de febrero hasta el Palacio Nacional.<\/em><\/strong><\/p>\n\n\n\n<p class=\"\"><strong>SANTO DOMINGO, RD.-<\/strong> En demanda de acciones firmes por parte del gobierno sobre la presencia haitiana en el pa\u00eds la agrupaci\u00f3n Antigua Orden Dominicana, junto a decenas de manifestantes organizaron una protesta desde la avenida 27 de Febrero hasta el Palacio Nacional.<\/p>\n\n\n\n<p class=\"\">Con la consigna de que \u201csi Abinader no lo saca, lo sacamos nosotros\u201d y con pancartas donde se le\u00eda \u201cAqu\u00ed no caben dos banderas\u201d, \u201cNo invasi\u00f3n de haitianos\u201d, \u201cEllos all\u00e1 y nosotros aqu\u00ed\u201d, e inclusive banderas en apoyo a la candidatura del expresidente Donald Trump, los manifestantes indicaron estar dispuestos a luchar hasta la muerte por la patria.<\/p>\n\n\n\n<p class=\"\">\u201cNosotros estamos convocando para el Palacio Presidencial a decirle al presidente que hemos escuchado muchas palabras en los \u00faltimos 30 a\u00f1os de muchos pol\u00edticos al igual que de \u00e9l, que va a resolver la masiva migraci\u00f3n ilegal que tenemos en este pa\u00eds, pero ya nosotros no queremos palabras queremos acci\u00f3n, que se tome una decisi\u00f3n firme y que se le demuestre al pueblo dominicano que tenemos un representante que va a defender la patria o el pueblo va a defender su pa\u00eds hasta la muerte\u201d, manifest\u00f3 Ayelo V\u00e1zquez, quien encabeza la organizaci\u00f3n.<\/p>\n\n\n\n<p class=\"\">V\u00e1squez se refiri\u00f3 a la manifestaci\u00f3n que organizaron descendientes haitianos en demanda de que se le otorgue la nacionalidad dominicana y calific\u00f3 esta acci\u00f3n como \u201cilegal\u201d, y que no se le debi\u00f3 permitir protestar en el pa\u00eds, debido a su condici\u00f3n de irregularidad.<\/p>\n\n\n\n<p class=\"\">\u201cEso es algo il\u00f3gico que ha pasado en nuestro pa\u00eds es por eso que aqu\u00ed se encuentran tantos dominicanos indignados porque estamos llegando a un extremo que nunca se hab\u00eda visto en nuestro pa\u00eds\u201d, indic\u00f3 V\u00e1squez.<\/p>\n","protected":false},"excerpt":{"rendered":"<p>Decenas de manifestantes organizaron una protesta desde la avenida 27 de febrero hasta el Palacio Nacional. SANTO DOMINGO, RD.- En demanda de acciones firmes por parte del gobierno sobre la presencia haitiana en el pa\u00eds la agrupaci\u00f3n Antigua Orden Dominicana, junto a decenas de manifestantes organizaron una protesta desde la avenida 27 de Febrero hasta [&hellip;]<\/p>\n","protected":false},"author":1,"featured_media":20032,"comment_status":"open","ping_status":"open","sticky":false,"template":"","format":"standard","meta":{"nf_dc_page":"","jetpack_post_was_ever_published":false,"_jetpack_newsletter_access":"","_jetpack_dont_email_post_to_subs":false,"_jetpack_newsletter_tier_id":0,"_jetpack_memberships_contains_paywalled_content":false,"_jetpack_memberships_contains_paid_content":false,"footnotes":"","jetpack_publicize_message":"","jetpack_publicize_feature_enabled":true,"jetpack_social_post_already_shared":true,"jetpack_social_options":{"image_generator_settings":{"template":"highway","default_image_id":0,"font":"","enabled":false},"version":2}},"categories":[102],"tags":[],"class_list":["post-20030","post","type-post","status-publish","format-standard","has-post-thumbnail","hentry","category-santo-domingo"],"yoast_head":"<!-- This site is optimized with the Yoast SEO plugin v27.4 - https:\/\/yoast.com\/product\/yoast-seo-wordpress\/ -->\n<title>SD | Protesta contra migrantes haitianos: \u201cSi Abinader no los saca, los sacamos nosotros\u201d - Minuto Cero RD<\/title>\n<meta name=\"robots\" content=\"index, follow, max-snippet:-1, max-image-preview:large, max-video-preview:-1\" \/>\n<link rel=\"canonical\" href=\"http:\/\/minutocerord.com\/?p=20030\" \/>\n<meta property=\"og:locale\" content=\"es_ES\" \/>\n<meta property=\"og:type\" content=\"article\" \/>\n<meta property=\"og:title\" content=\"SD | Protesta contra migrantes haitianos: \u201cSi Abinader no los saca, los sacamos nosotros\u201d - Minuto Cero RD\" \/>\n<meta property=\"og:description\" content=\"Decenas de manifestantes organizaron una protesta desde la avenida 27 de febrero hasta el Palacio Nacional. SANTO DOMINGO, RD.- En demanda de acciones firmes por parte del gobierno sobre la presencia haitiana en el pa\u00eds la agrupaci\u00f3n Antigua Orden Dominicana, junto a decenas de manifestantes organizaron una protesta desde la avenida 27 de Febrero hasta [&hellip;]\" \/>\n<meta property=\"og:url\" content=\"http:\/\/minutocerord.com\/?p=20030\" \/>\n<meta property=\"og:site_name\" content=\"Minuto Cero RD\" \/>\n<meta property=\"article:publisher\" content=\"https:\/\/www.facebook.com\/Genofnotes\" \/>\n<meta property=\"article:author\" content=\"https:\/\/www.facebook.com\/Genofnotes\" \/>\n<meta property=\"article:published_time\" content=\"2024-09-27T21:32:46+00:00\" \/>\n<meta property=\"article:modified_time\" content=\"2024-09-27T21:35:35+00:00\" \/>\n<meta property=\"og:image\" content=\"https:\/\/i0.wp.com\/minutocerord.com\/wp-content\/uploads\/2024\/09\/66f6fcbc3fc76.jpg?fit=800%2C450\" \/>\n\t<meta property=\"og:image:width\" content=\"800\" \/>\n\t<meta property=\"og:image:height\" content=\"450\" \/>\n\t<meta property=\"og:image:type\" content=\"image\/jpeg\" \/>\n<meta name=\"author\" content=\"Genof\u00f3ntes Urb\u00e1ez\" \/>\n<meta name=\"twitter:card\" content=\"summary_large_image\" \/>\n<meta name=\"twitter:label1\" content=\"Written by\" \/>\n\t<meta name=\"twitter:data1\" content=\"Genof\u00f3ntes Urb\u00e1ez\" \/>\n\t<meta name=\"twitter:label2\" content=\"Est. reading time\" \/>\n\t<meta name=\"twitter:data2\" content=\"2 minutos\" \/>\n<script type=\"application\/ld+json\" class=\"yoast-schema-graph\">{\"@context\":\"https:\\\/\\\/schema.org\",\"@graph\":[{\"@type\":\"Article\",\"@id\":\"http:\\\/\\\/minutocerord.com\\\/?p=20030#article\",\"isPartOf\":{\"@id\":\"http:\\\/\\\/minutocerord.com\\\/?p=20030\"},\"author\":{\"name\":\"Genof\u00f3ntes Urb\u00e1ez\",\"@id\":\"https:\\\/\\\/minutocerord.com\\\/#\\\/schema\\\/person\\\/60b5372d60aaa0a5171fb6488be9aee6\"},\"headline\":\"SD | Protesta contra migrantes haitianos: \u201cSi Abinader no los saca, los sacamos nosotros\u201d\",\"datePublished\":\"2024-09-27T21:32:46+00:00\",\"dateModified\":\"2024-09-27T21:35:35+00:00\",\"mainEntityOfPage\":{\"@id\":\"http:\\\/\\\/minutocerord.com\\\/?p=20030\"},\"wordCount\":321,\"commentCount\":0,\"publisher\":{\"@id\":\"https:\\\/\\\/minutocerord.com\\\/#\\\/schema\\\/person\\\/60b5372d60aaa0a5171fb6488be9aee6\"},\"image\":{\"@id\":\"http:\\\/\\\/minutocerord.com\\\/?p=20030#primaryimage\"},\"thumbnailUrl\":\"https:\\\/\\\/i0.wp.com\\\/minutocerord.com\\\/wp-content\\\/uploads\\\/2024\\\/09\\\/66f6fcbc3fc76.jpg?fit=800%2C450&ssl=1\",\"articleSection\":[\"Santo Domingo\"],\"inLanguage\":\"es-DO\",\"potentialAction\":[{\"@type\":\"CommentAction\",\"name\":\"Comment\",\"target\":[\"http:\\\/\\\/minutocerord.com\\\/?p=20030#respond\"]}]},{\"@type\":\"WebPage\",\"@id\":\"http:\\\/\\\/minutocerord.com\\\/?p=20030\",\"url\":\"http:\\\/\\\/minutocerord.com\\\/?p=20030\",\"name\":\"SD | Protesta contra migrantes haitianos: \u201cSi Abinader no los saca, los sacamos nosotros\u201d - Minuto Cero RD\",\"isPartOf\":{\"@id\":\"https:\\\/\\\/minutocerord.com\\\/#website\"},\"primaryImageOfPage\":{\"@id\":\"http:\\\/\\\/minutocerord.com\\\/?p=20030#primaryimage\"},\"image\":{\"@id\":\"http:\\\/\\\/minutocerord.com\\\/?p=20030#primaryimage\"},\"thumbnailUrl\":\"https:\\\/\\\/i0.wp.com\\\/minutocerord.com\\\/wp-content\\\/uploads\\\/2024\\\/09\\\/66f6fcbc3fc76.jpg?fit=800%2C450&ssl=1\",\"datePublished\":\"2024-09-27T21:32:46+00:00\",\"dateModified\":\"2024-09-27T21:35:35+00:00\",\"breadcrumb\":{\"@id\":\"http:\\\/\\\/minutocerord.com\\\/?p=20030#breadcrumb\"},\"inLanguage\":\"es-DO\",\"potentialAction\":[{\"@type\":\"ReadAction\",\"target\":[\"http:\\\/\\\/minutocerord.com\\\/?p=20030\"]}]},{\"@type\":\"ImageObject\",\"inLanguage\":\"es-DO\",\"@id\":\"http:\\\/\\\/minutocerord.com\\\/?p=20030#primaryimage\",\"url\":\"https:\\\/\\\/i0.wp.com\\\/minutocerord.com\\\/wp-content\\\/uploads\\\/2024\\\/09\\\/66f6fcbc3fc76.jpg?fit=800%2C450&ssl=1\",\"contentUrl\":\"https:\\\/\\\/i0.wp.com\\\/minutocerord.com\\\/wp-content\\\/uploads\\\/2024\\\/09\\\/66f6fcbc3fc76.jpg?fit=800%2C450&ssl=1\",\"width\":800,\"height\":450},{\"@type\":\"BreadcrumbList\",\"@id\":\"http:\\\/\\\/minutocerord.com\\\/?p=20030#breadcrumb\",\"itemListElement\":[{\"@type\":\"ListItem\",\"position\":1,\"name\":\"Home\",\"item\":\"https:\\\/\\\/minutocerord.com\\\/\"},{\"@type\":\"ListItem\",\"position\":2,\"name\":\"SD | Protesta contra migrantes haitianos: \u201cSi Abinader no los saca, los sacamos nosotros\u201d\"}]},{\"@type\":\"WebSite\",\"@id\":\"https:\\\/\\\/minutocerord.com\\\/#website\",\"url\":\"https:\\\/\\\/minutocerord.com\\\/\",\"name\":\"Minuto Cero RD\",\"description\":\"Periodismo serio y veraz\",\"publisher\":{\"@id\":\"https:\\\/\\\/minutocerord.com\\\/#\\\/schema\\\/person\\\/60b5372d60aaa0a5171fb6488be9aee6\"},\"potentialAction\":[{\"@type\":\"SearchAction\",\"target\":{\"@type\":\"EntryPoint\",\"urlTemplate\":\"https:\\\/\\\/minutocerord.com\\\/?s={search_term_string}\"},\"query-input\":{\"@type\":\"PropertyValueSpecification\",\"valueRequired\":true,\"valueName\":\"search_term_string\"}}],\"inLanguage\":\"es-DO\"},{\"@type\":[\"Person\",\"Organization\"],\"@id\":\"https:\\\/\\\/minutocerord.com\\\/#\\\/schema\\\/person\\\/60b5372d60aaa0a5171fb6488be9aee6\",\"name\":\"Genof\u00f3ntes Urb\u00e1ez\",\"image\":{\"@type\":\"ImageObject\",\"inLanguage\":\"es-DO\",\"@id\":\"https:\\\/\\\/secure.gravatar.com\\\/avatar\\\/a49ef3186a692098ac3e8a1612261e3ad70cf9e44553dff2929e67939a0ecb9d?s=96&d=identicon&r=g\",\"url\":\"https:\\\/\\\/secure.gravatar.com\\\/avatar\\\/a49ef3186a692098ac3e8a1612261e3ad70cf9e44553dff2929e67939a0ecb9d?s=96&d=identicon&r=g\",\"contentUrl\":\"https:\\\/\\\/secure.gravatar.com\\\/avatar\\\/a49ef3186a692098ac3e8a1612261e3ad70cf9e44553dff2929e67939a0ecb9d?s=96&d=identicon&r=g\",\"caption\":\"Genof\u00f3ntes Urb\u00e1ez\"},\"logo\":{\"@id\":\"https:\\\/\\\/secure.gravatar.com\\\/avatar\\\/a49ef3186a692098ac3e8a1612261e3ad70cf9e44553dff2929e67939a0ecb9d?s=96&d=identicon&r=g\"},\"description\":\"Periodista \\\/ Locutor\",\"sameAs\":[\"https:\\\/\\\/www.facebook.com\\\/Genofnotes\",\"https:\\\/\\\/www.instagram.com\\\/genofnotes\\\/\"]}]}<\/script>\n<!-- \/ Yoast SEO plugin. -->","yoast_head_json":{"title":"SD | Protesta contra migrantes haitianos: \u201cSi Abinader no los saca, los sacamos nosotros\u201d - Minuto Cero RD","robots":{"index":"index","follow":"follow","max-snippet":"max-snippet:-1","max-image-preview":"max-image-preview:large","max-video-preview":"max-video-preview:-1"},"canonical":"http:\/\/minutocerord.com\/?p=20030","og_locale":"es_ES","og_type":"article","og_title":"SD | Protesta contra migrantes haitianos: \u201cSi Abinader no los saca, los sacamos nosotros\u201d - Minuto Cero RD","og_description":"Decenas de manifestantes organizaron una protesta desde la avenida 27 de febrero hasta el Palacio Nacional. SANTO DOMINGO, RD.- En demanda de acciones firmes por parte del gobierno sobre la presencia haitiana en el pa\u00eds la agrupaci\u00f3n Antigua Orden Dominicana, junto a decenas de manifestantes organizaron una protesta desde la avenida 27 de Febrero hasta [&hellip;]","og_url":"http:\/\/minutocerord.com\/?p=20030","og_site_name":"Minuto Cero RD","article_publisher":"https:\/\/www.facebook.com\/Genofnotes","article_author":"https:\/\/www.facebook.com\/Genofnotes","article_published_time":"2024-09-27T21:32:46+00:00","article_modified_time":"2024-09-27T21:35:35+00:00","og_image":[{"width":800,"height":450,"url":"https:\/\/i0.wp.com\/minutocerord.com\/wp-content\/uploads\/2024\/09\/66f6fcbc3fc76.jpg?fit=800%2C450","type":"image\/jpeg"}],"author":"Genof\u00f3ntes Urb\u00e1ez","twitter_card":"summary_large_image","twitter_misc":{"Written by":"Genof\u00f3ntes Urb\u00e1ez","Est. reading time":"2 minutos"},"schema":{"@context":"https:\/\/schema.org","@graph":[{"@type":"Article","@id":"http:\/\/minutocerord.com\/?p=20030#article","isPartOf":{"@id":"http:\/\/minutocerord.com\/?p=20030"},"author":{"name":"Genof\u00f3ntes Urb\u00e1ez","@id":"https:\/\/minutocerord.com\/#\/schema\/person\/60b5372d60aaa0a5171fb6488be9aee6"},"headline":"SD | Protesta contra migrantes haitianos: \u201cSi Abinader no los saca, los sacamos nosotros\u201d","datePublished":"2024-09-27T21:32:46+00:00","dateModified":"2024-09-27T21:35:35+00:00","mainEntityOfPage":{"@id":"http:\/\/minutocerord.com\/?p=20030"},"wordCount":321,"commentCount":0,"publisher":{"@id":"https:\/\/minutocerord.com\/#\/schema\/person\/60b5372d60aaa0a5171fb6488be9aee6"},"image":{"@id":"http:\/\/minutocerord.com\/?p=20030#primaryimage"},"thumbnailUrl":"https:\/\/i0.wp.com\/minutocerord.com\/wp-content\/uploads\/2024\/09\/66f6fcbc3fc76.jpg?fit=800%2C450&ssl=1","articleSection":["Santo Domingo"],"inLanguage":"es-DO","potentialAction":[{"@type":"CommentAction","name":"Comment","target":["http:\/\/minutocerord.com\/?p=20030#respond"]}]},{"@type":"WebPage","@id":"http:\/\/minutocerord.com\/?p=20030","url":"http:\/\/minutocerord.com\/?p=20030","name":"SD | Protesta contra migrantes haitianos: \u201cSi Abinader no los saca, los sacamos nosotros\u201d - Minuto Cero RD","isPartOf":{"@id":"https:\/\/minutocerord.com\/#website"},"primaryImageOfPage":{"@id":"http:\/\/minutocerord.com\/?p=20030#primaryimage"},"image":{"@id":"http:\/\/minutocerord.com\/?p=20030#primaryimage"},"thumbnailUrl":"https:\/\/i0.wp.com\/minutocerord.com\/wp-content\/uploads\/2024\/09\/66f6fcbc3fc76.jpg?fit=800%2C450&ssl=1","datePublished":"2024-09-27T21:32:46+00:00","dateModified":"2024-09-27T21:35:35+00:00","breadcrumb":{"@id":"http:\/\/minutocerord.com\/?p=20030#breadcrumb"},"inLanguage":"es-DO","potentialAction":[{"@type":"ReadAction","target":["http:\/\/minutocerord.com\/?p=20030"]}]},{"@type":"ImageObject","inLanguage":"es-DO","@id":"http:\/\/minutocerord.com\/?p=20030#primaryimage","url":"https:\/\/i0.wp.com\/minutocerord.com\/wp-content\/uploads\/2024\/09\/66f6fcbc3fc76.jpg?fit=800%2C450&ssl=1","contentUrl":"https:\/\/i0.wp.com\/minutocerord.com\/wp-content\/uploads\/2024\/09\/66f6fcbc3fc76.jpg?fit=800%2C450&ssl=1","width":800,"height":450},{"@type":"BreadcrumbList","@id":"http:\/\/minutocerord.com\/?p=20030#breadcrumb","itemListElement":[{"@type":"ListItem","position":1,"name":"Home","item":"https:\/\/minutocerord.com\/"},{"@type":"ListItem","position":2,"name":"SD | Protesta contra migrantes haitianos: \u201cSi Abinader no los saca, los sacamos nosotros\u201d"}]},{"@type":"WebSite","@id":"https:\/\/minutocerord.com\/#website","url":"https:\/\/minutocerord.com\/","name":"Minuto Cero RD","description":"Periodismo serio y veraz","publisher":{"@id":"https:\/\/minutocerord.com\/#\/schema\/person\/60b5372d60aaa0a5171fb6488be9aee6"},"potentialAction":[{"@type":"SearchAction","target":{"@type":"EntryPoint","urlTemplate":"https:\/\/minutocerord.com\/?s={search_term_string}"},"query-input":{"@type":"PropertyValueSpecification","valueRequired":true,"valueName":"search_term_string"}}],"inLanguage":"es-DO"},{"@type":["Person","Organization"],"@id":"https:\/\/minutocerord.com\/#\/schema\/person\/60b5372d60aaa0a5171fb6488be9aee6","name":"Genof\u00f3ntes Urb\u00e1ez","image":{"@type":"ImageObject","inLanguage":"es-DO","@id":"https:\/\/secure.gravatar.com\/avatar\/a49ef3186a692098ac3e8a1612261e3ad70cf9e44553dff2929e67939a0ecb9d?s=96&d=identicon&r=g","url":"https:\/\/secure.gravatar.com\/avatar\/a49ef3186a692098ac3e8a1612261e3ad70cf9e44553dff2929e67939a0ecb9d?s=96&d=identicon&r=g","contentUrl":"https:\/\/secure.gravatar.com\/avatar\/a49ef3186a692098ac3e8a1612261e3ad70cf9e44553dff2929e67939a0ecb9d?s=96&d=identicon&r=g","caption":"Genof\u00f3ntes Urb\u00e1ez"},"logo":{"@id":"https:\/\/secure.gravatar.com\/avatar\/a49ef3186a692098ac3e8a1612261e3ad70cf9e44553dff2929e67939a0ecb9d?s=96&d=identicon&r=g"},"description":"Periodista \/ Locutor","sameAs":["https:\/\/www.facebook.com\/Genofnotes","https:\/\/www.instagram.com\/genofnotes\/"]}]}},"jetpack_publicize_connections":[],"jetpack_featured_media_url":"https:\/\/i0.wp.com\/minutocerord.com\/wp-content\/uploads\/2024\/09\/66f6fcbc3fc76.jpg?fit=800%2C450&ssl=1","jetpack-related-posts":[],"jetpack_sharing_enabled":true,"_links":{"self":[{"href":"https:\/\/minutocerord.com\/index.php?rest_route=\/wp\/v2\/posts\/20030","targetHints":{"allow":["GET"]}}],"collection":[{"href":"https:\/\/minutocerord.com\/index.php?rest_route=\/wp\/v2\/posts"}],"about":[{"href":"https:\/\/minutocerord.com\/index.php?rest_route=\/wp\/v2\/types\/post"}],"author":[{"embeddable":true,"href":"https:\/\/minutocerord.com\/index.php?rest_route=\/wp\/v2\/users\/1"}],"replies":[{"embeddable":true,"href":"https:\/\/minutocerord.com\/index.php?rest_route=%2Fwp%2Fv2%2Fcomments&post=20030"}],"version-history":[{"count":1,"href":"https:\/\/minutocerord.com\/index.php?rest_route=\/wp\/v2\/posts\/20030\/revisions"}],"predecessor-version":[{"id":20031,"href":"https:\/\/minutocerord.com\/index.php?rest_route=\/wp\/v2\/posts\/20030\/revisions\/20031"}],"wp:featuredmedia":[{"embeddable":true,"href":"https:\/\/minutocerord.com\/index.php?rest_route=\/wp\/v2\/media\/20032"}],"wp:attachment":[{"href":"https:\/\/minutocerord.com\/index.php?rest_route=%2Fwp%2Fv2%2Fmedia&parent=20030"}],"wp:term":[{"taxonomy":"category","embeddable":true,"href":"https:\/\/minutocerord.com\/index.php?rest_route=%2Fwp%2Fv2%2Fcategories&post=20030"},{"taxonomy":"post_tag","embeddable":true,"href":"https:\/\/minutocerord.com\/index.php?rest_route=%2Fwp%2Fv2%2Ftags&post=20030"}],"curies":[{"name":"wp","href":"https:\/\/api.w.org\/{rel}","templated":true}]}}