{"id":20041,"date":"2024-09-28T09:34:18","date_gmt":"2024-09-28T13:34:18","guid":{"rendered":"https:\/\/minutocerord.com\/?p=20041"},"modified":"2024-09-28T09:34:22","modified_gmt":"2024-09-28T13:34:22","slug":"santo-domingo-video-denuncian-acoso-y-extorsion-internacional-contra-republica-dominicana","status":"publish","type":"post","link":"https:\/\/minutocerord.com\/?p=20041","title":{"rendered":"SANTO DOMINGO | Video: Denuncian \u00abacoso y extorsi\u00f3n\u00bb internacional contra Rep\u00fablica Dominicana"},"content":{"rendered":"\n<figure class=\"wp-embed-aspect-16-9 wp-has-aspect-ratio wp-block-embed is-type-video is-provider-youtube wp-block-embed-youtube\"><div class=\"wp-block-embed__wrapper\">\n<iframe loading=\"lazy\" title=\"Instituto Duartiano denuncia intensa campa\u00f1a de descr\u00e9dito internacional contra RD\" width=\"640\" height=\"360\" src=\"https:\/\/www.youtube.com\/embed\/U0m2VQGsdOU?start=1&#038;feature=oembed\" frameborder=\"0\" allow=\"accelerometer; autoplay; clipboard-write; encrypted-media; gyroscope; picture-in-picture; web-share\" referrerpolicy=\"strict-origin-when-cross-origin\" allowfullscreen><\/iframe>\n<\/div><\/figure>\n\n\n\n<p class=\"\"><a href=\"https:\/\/almomento.net\/wp-content\/uploads\/2024\/09\/Wilson-Gomez.jpg\"><\/a><strong>SANTO DOMINGO, RD.- <\/strong>El Instituto Duartiano denunci\u00f3 lo que calific\u00f3 como \u201cla m\u00e1s intensa tanda de acoso y extorsi\u00f3n\u201d contra la Rep\u00fablica Dominicana, con el objetivo de socavar las bases de su soberan\u00eda.<\/p>\n\n\n\n<p class=\"\">Durante el acto de juramentaci\u00f3n de veinte nuevos \u201cmiembros de honor\u201d, el presidente de la entidad, Wilson G\u00f3mez Ram\u00edrez, expres\u00f3 que el pa\u00eds enfrenta una campa\u00f1a orquestada a nivel internacional, sin precedentes en la historia.<\/p>\n\n\n\n<p class=\"\">Dijo que la referida campa\u00f1a participan grandes potencias, agentes internacionales, organizaciones mundiales y regionales as\u00ed como sectores nacionales que sirven a intereses espurios.<\/p>\n\n\n\n<p class=\"\"><strong>IMPUTACIONES DE RACISMO, XENOFOBIA, DISCRIMINACION<\/strong><\/p>\n\n\n\n<p class=\"\">\u201cNo transcurren muchos d\u00edas sin que se produzcan acusaciones contra los dominicanos. Entre las imputaciones se\u00f1aladas est\u00e1n el racismo, xenofobia, la discriminaci\u00f3n y supuesta existencia de personas ap\u00e1tridas en territorio dominicano\u00bb, manifest\u00f3.<\/p>\n\n\n\n<p class=\"\">G\u00f3mez Ram\u00edrez tambi\u00e9n se\u00f1al\u00f3 que, paralelamente, la Rep\u00fablica Dominicana es acusada de pr\u00e1cticas esclavistas, explotaci\u00f3n laboral de menores haitianos y trato inhumano durante deportaciones.&nbsp;&nbsp;Adem\u00e1s, dijo, se alega la negaci\u00f3n de la nacionalidad a hijos de haitianos indocumentados.<\/p>\n\n\n\n<p class=\"\">Refut\u00f3 todas estas afirmaciones, aseverando que ninguna de ellas corresponde a la realidad.<\/p>\n\n\n\n<p class=\"\">Seg\u00fan sus declaraciones, los haitianos en Rep\u00fablica Dominicana han recibido un trato ejemplar, independientemente de su condici\u00f3n migratoria. Asegur\u00f3 que ning\u00fan pa\u00eds ha comprometido su presupuesto nacional tanto como la Rep\u00fablica Dominicana para atender necesidades de salud, educaci\u00f3n y alimentaci\u00f3n de la poblaci\u00f3n haitiana.<\/p>\n\n\n\n<p class=\"\"><strong>CRISIS EN HAIT\u00cd Y FALTA DE APOYO INTERNACIONAL<\/strong><\/p>\n\n\n\n<p class=\"\">Asimismo, dijo que la cr\u00edtica situaci\u00f3n de Hait\u00ed contin\u00faa agrav\u00e1ndose, a pesar de la presencia de fuerzas multinacionales encabezadas por la polic\u00eda de Kenia.<\/p>\n\n\n\n<p class=\"\">\u00abLos problemas crecen cada d\u00eda y la comunidad internacional se limita a poner pa\u00f1os tibios a un pueblo que arde en fiebre\u201d, declar\u00f3.<\/p>\n","protected":false},"excerpt":{"rendered":"<p>SANTO DOMINGO, RD.- El Instituto Duartiano denunci\u00f3 lo que calific\u00f3 como \u201cla m\u00e1s intensa tanda de acoso y extorsi\u00f3n\u201d contra la Rep\u00fablica Dominicana, con el objetivo de socavar las bases de su soberan\u00eda. Durante el acto de juramentaci\u00f3n de veinte nuevos \u201cmiembros de honor\u201d, el presidente de la entidad, Wilson G\u00f3mez Ram\u00edrez, expres\u00f3 que el [&hellip;]<\/p>\n","protected":false},"author":1,"featured_media":20043,"comment_status":"open","ping_status":"open","sticky":false,"template":"","format":"standard","meta":{"nf_dc_page":"","jetpack_post_was_ever_published":false,"_jetpack_newsletter_access":"","_jetpack_dont_email_post_to_subs":false,"_jetpack_newsletter_tier_id":0,"_jetpack_memberships_contains_paywalled_content":false,"_jetpack_memberships_contains_paid_content":false,"footnotes":"","jetpack_publicize_message":"","jetpack_publicize_feature_enabled":true,"jetpack_social_post_already_shared":true,"jetpack_social_options":{"image_generator_settings":{"template":"highway","default_image_id":0,"font":"","enabled":false},"version":2}},"categories":[102],"tags":[],"class_list":["post-20041","post","type-post","status-publish","format-standard","has-post-thumbnail","hentry","category-santo-domingo"],"yoast_head":"<!-- This site is optimized with the Yoast SEO plugin v27.4 - https:\/\/yoast.com\/product\/yoast-seo-wordpress\/ -->\n<title>SANTO DOMINGO | Video: Denuncian \u00abacoso y extorsi\u00f3n\u00bb internacional contra Rep\u00fablica Dominicana - Minuto Cero RD<\/title>\n<meta name=\"robots\" content=\"index, follow, max-snippet:-1, max-image-preview:large, max-video-preview:-1\" \/>\n<link rel=\"canonical\" href=\"http:\/\/minutocerord.com\/?p=20041\" \/>\n<meta property=\"og:locale\" content=\"es_ES\" \/>\n<meta property=\"og:type\" content=\"article\" \/>\n<meta property=\"og:title\" content=\"SANTO DOMINGO | Video: Denuncian \u00abacoso y extorsi\u00f3n\u00bb internacional contra Rep\u00fablica Dominicana - Minuto Cero RD\" \/>\n<meta property=\"og:description\" content=\"SANTO DOMINGO, RD.- El Instituto Duartiano denunci\u00f3 lo que calific\u00f3 como \u201cla m\u00e1s intensa tanda de acoso y extorsi\u00f3n\u201d contra la Rep\u00fablica Dominicana, con el objetivo de socavar las bases de su soberan\u00eda. Durante el acto de juramentaci\u00f3n de veinte nuevos \u201cmiembros de honor\u201d, el presidente de la entidad, Wilson G\u00f3mez Ram\u00edrez, expres\u00f3 que el [&hellip;]\" \/>\n<meta property=\"og:url\" content=\"http:\/\/minutocerord.com\/?p=20041\" \/>\n<meta property=\"og:site_name\" content=\"Minuto Cero RD\" \/>\n<meta property=\"article:publisher\" content=\"https:\/\/www.facebook.com\/Genofnotes\" \/>\n<meta property=\"article:author\" content=\"https:\/\/www.facebook.com\/Genofnotes\" \/>\n<meta property=\"article:published_time\" content=\"2024-09-28T13:34:18+00:00\" \/>\n<meta property=\"article:modified_time\" content=\"2024-09-28T13:34:22+00:00\" \/>\n<meta property=\"og:image\" content=\"https:\/\/i0.wp.com\/minutocerord.com\/wp-content\/uploads\/2024\/09\/Wilson-Gomez-1.jpg?fit=891%2C528\" \/>\n\t<meta property=\"og:image:width\" content=\"891\" \/>\n\t<meta property=\"og:image:height\" content=\"528\" \/>\n\t<meta property=\"og:image:type\" content=\"image\/jpeg\" \/>\n<meta name=\"author\" content=\"Genof\u00f3ntes Urb\u00e1ez\" \/>\n<meta name=\"twitter:card\" content=\"summary_large_image\" \/>\n<meta name=\"twitter:label1\" content=\"Written by\" \/>\n\t<meta name=\"twitter:data1\" content=\"Genof\u00f3ntes Urb\u00e1ez\" \/>\n\t<meta name=\"twitter:label2\" content=\"Est. reading time\" \/>\n\t<meta name=\"twitter:data2\" content=\"2 minutos\" \/>\n<script type=\"application\/ld+json\" class=\"yoast-schema-graph\">{\"@context\":\"https:\\\/\\\/schema.org\",\"@graph\":[{\"@type\":\"Article\",\"@id\":\"http:\\\/\\\/minutocerord.com\\\/?p=20041#article\",\"isPartOf\":{\"@id\":\"http:\\\/\\\/minutocerord.com\\\/?p=20041\"},\"author\":{\"name\":\"Genof\u00f3ntes Urb\u00e1ez\",\"@id\":\"https:\\\/\\\/minutocerord.com\\\/#\\\/schema\\\/person\\\/60b5372d60aaa0a5171fb6488be9aee6\"},\"headline\":\"SANTO DOMINGO | Video: Denuncian \u00abacoso y extorsi\u00f3n\u00bb internacional contra Rep\u00fablica Dominicana\",\"datePublished\":\"2024-09-28T13:34:18+00:00\",\"dateModified\":\"2024-09-28T13:34:22+00:00\",\"mainEntityOfPage\":{\"@id\":\"http:\\\/\\\/minutocerord.com\\\/?p=20041\"},\"wordCount\":341,\"commentCount\":0,\"publisher\":{\"@id\":\"https:\\\/\\\/minutocerord.com\\\/#\\\/schema\\\/person\\\/60b5372d60aaa0a5171fb6488be9aee6\"},\"image\":{\"@id\":\"http:\\\/\\\/minutocerord.com\\\/?p=20041#primaryimage\"},\"thumbnailUrl\":\"https:\\\/\\\/i0.wp.com\\\/minutocerord.com\\\/wp-content\\\/uploads\\\/2024\\\/09\\\/Wilson-Gomez-1.jpg?fit=891%2C528&ssl=1\",\"articleSection\":[\"Santo Domingo\"],\"inLanguage\":\"es-DO\",\"potentialAction\":[{\"@type\":\"CommentAction\",\"name\":\"Comment\",\"target\":[\"http:\\\/\\\/minutocerord.com\\\/?p=20041#respond\"]}]},{\"@type\":\"WebPage\",\"@id\":\"http:\\\/\\\/minutocerord.com\\\/?p=20041\",\"url\":\"http:\\\/\\\/minutocerord.com\\\/?p=20041\",\"name\":\"SANTO DOMINGO | Video: Denuncian \u00abacoso y extorsi\u00f3n\u00bb internacional contra Rep\u00fablica Dominicana - Minuto Cero RD\",\"isPartOf\":{\"@id\":\"https:\\\/\\\/minutocerord.com\\\/#website\"},\"primaryImageOfPage\":{\"@id\":\"http:\\\/\\\/minutocerord.com\\\/?p=20041#primaryimage\"},\"image\":{\"@id\":\"http:\\\/\\\/minutocerord.com\\\/?p=20041#primaryimage\"},\"thumbnailUrl\":\"https:\\\/\\\/i0.wp.com\\\/minutocerord.com\\\/wp-content\\\/uploads\\\/2024\\\/09\\\/Wilson-Gomez-1.jpg?fit=891%2C528&ssl=1\",\"datePublished\":\"2024-09-28T13:34:18+00:00\",\"dateModified\":\"2024-09-28T13:34:22+00:00\",\"breadcrumb\":{\"@id\":\"http:\\\/\\\/minutocerord.com\\\/?p=20041#breadcrumb\"},\"inLanguage\":\"es-DO\",\"potentialAction\":[{\"@type\":\"ReadAction\",\"target\":[\"http:\\\/\\\/minutocerord.com\\\/?p=20041\"]}]},{\"@type\":\"ImageObject\",\"inLanguage\":\"es-DO\",\"@id\":\"http:\\\/\\\/minutocerord.com\\\/?p=20041#primaryimage\",\"url\":\"https:\\\/\\\/i0.wp.com\\\/minutocerord.com\\\/wp-content\\\/uploads\\\/2024\\\/09\\\/Wilson-Gomez-1.jpg?fit=891%2C528&ssl=1\",\"contentUrl\":\"https:\\\/\\\/i0.wp.com\\\/minutocerord.com\\\/wp-content\\\/uploads\\\/2024\\\/09\\\/Wilson-Gomez-1.jpg?fit=891%2C528&ssl=1\",\"width\":891,\"height\":528},{\"@type\":\"BreadcrumbList\",\"@id\":\"http:\\\/\\\/minutocerord.com\\\/?p=20041#breadcrumb\",\"itemListElement\":[{\"@type\":\"ListItem\",\"position\":1,\"name\":\"Home\",\"item\":\"https:\\\/\\\/minutocerord.com\\\/\"},{\"@type\":\"ListItem\",\"position\":2,\"name\":\"SANTO DOMINGO | Video: Denuncian \u00abacoso y extorsi\u00f3n\u00bb internacional contra Rep\u00fablica Dominicana\"}]},{\"@type\":\"WebSite\",\"@id\":\"https:\\\/\\\/minutocerord.com\\\/#website\",\"url\":\"https:\\\/\\\/minutocerord.com\\\/\",\"name\":\"Minuto Cero RD\",\"description\":\"Periodismo serio y veraz\",\"publisher\":{\"@id\":\"https:\\\/\\\/minutocerord.com\\\/#\\\/schema\\\/person\\\/60b5372d60aaa0a5171fb6488be9aee6\"},\"potentialAction\":[{\"@type\":\"SearchAction\",\"target\":{\"@type\":\"EntryPoint\",\"urlTemplate\":\"https:\\\/\\\/minutocerord.com\\\/?s={search_term_string}\"},\"query-input\":{\"@type\":\"PropertyValueSpecification\",\"valueRequired\":true,\"valueName\":\"search_term_string\"}}],\"inLanguage\":\"es-DO\"},{\"@type\":[\"Person\",\"Organization\"],\"@id\":\"https:\\\/\\\/minutocerord.com\\\/#\\\/schema\\\/person\\\/60b5372d60aaa0a5171fb6488be9aee6\",\"name\":\"Genof\u00f3ntes Urb\u00e1ez\",\"image\":{\"@type\":\"ImageObject\",\"inLanguage\":\"es-DO\",\"@id\":\"https:\\\/\\\/secure.gravatar.com\\\/avatar\\\/a49ef3186a692098ac3e8a1612261e3ad70cf9e44553dff2929e67939a0ecb9d?s=96&d=identicon&r=g\",\"url\":\"https:\\\/\\\/secure.gravatar.com\\\/avatar\\\/a49ef3186a692098ac3e8a1612261e3ad70cf9e44553dff2929e67939a0ecb9d?s=96&d=identicon&r=g\",\"contentUrl\":\"https:\\\/\\\/secure.gravatar.com\\\/avatar\\\/a49ef3186a692098ac3e8a1612261e3ad70cf9e44553dff2929e67939a0ecb9d?s=96&d=identicon&r=g\",\"caption\":\"Genof\u00f3ntes Urb\u00e1ez\"},\"logo\":{\"@id\":\"https:\\\/\\\/secure.gravatar.com\\\/avatar\\\/a49ef3186a692098ac3e8a1612261e3ad70cf9e44553dff2929e67939a0ecb9d?s=96&d=identicon&r=g\"},\"description\":\"Periodista \\\/ Locutor\",\"sameAs\":[\"https:\\\/\\\/www.facebook.com\\\/Genofnotes\",\"https:\\\/\\\/www.instagram.com\\\/genofnotes\\\/\"]}]}<\/script>\n<!-- \/ Yoast SEO plugin. -->","yoast_head_json":{"title":"SANTO DOMINGO | Video: Denuncian \u00abacoso y extorsi\u00f3n\u00bb internacional contra Rep\u00fablica Dominicana - Minuto Cero RD","robots":{"index":"index","follow":"follow","max-snippet":"max-snippet:-1","max-image-preview":"max-image-preview:large","max-video-preview":"max-video-preview:-1"},"canonical":"http:\/\/minutocerord.com\/?p=20041","og_locale":"es_ES","og_type":"article","og_title":"SANTO DOMINGO | Video: Denuncian \u00abacoso y extorsi\u00f3n\u00bb internacional contra Rep\u00fablica Dominicana - Minuto Cero RD","og_description":"SANTO DOMINGO, RD.- El Instituto Duartiano denunci\u00f3 lo que calific\u00f3 como \u201cla m\u00e1s intensa tanda de acoso y extorsi\u00f3n\u201d contra la Rep\u00fablica Dominicana, con el objetivo de socavar las bases de su soberan\u00eda. Durante el acto de juramentaci\u00f3n de veinte nuevos \u201cmiembros de honor\u201d, el presidente de la entidad, Wilson G\u00f3mez Ram\u00edrez, expres\u00f3 que el [&hellip;]","og_url":"http:\/\/minutocerord.com\/?p=20041","og_site_name":"Minuto Cero RD","article_publisher":"https:\/\/www.facebook.com\/Genofnotes","article_author":"https:\/\/www.facebook.com\/Genofnotes","article_published_time":"2024-09-28T13:34:18+00:00","article_modified_time":"2024-09-28T13:34:22+00:00","og_image":[{"width":891,"height":528,"url":"https:\/\/i0.wp.com\/minutocerord.com\/wp-content\/uploads\/2024\/09\/Wilson-Gomez-1.jpg?fit=891%2C528","type":"image\/jpeg"}],"author":"Genof\u00f3ntes Urb\u00e1ez","twitter_card":"summary_large_image","twitter_misc":{"Written by":"Genof\u00f3ntes Urb\u00e1ez","Est. reading time":"2 minutos"},"schema":{"@context":"https:\/\/schema.org","@graph":[{"@type":"Article","@id":"http:\/\/minutocerord.com\/?p=20041#article","isPartOf":{"@id":"http:\/\/minutocerord.com\/?p=20041"},"author":{"name":"Genof\u00f3ntes Urb\u00e1ez","@id":"https:\/\/minutocerord.com\/#\/schema\/person\/60b5372d60aaa0a5171fb6488be9aee6"},"headline":"SANTO DOMINGO | Video: Denuncian \u00abacoso y extorsi\u00f3n\u00bb internacional contra Rep\u00fablica Dominicana","datePublished":"2024-09-28T13:34:18+00:00","dateModified":"2024-09-28T13:34:22+00:00","mainEntityOfPage":{"@id":"http:\/\/minutocerord.com\/?p=20041"},"wordCount":341,"commentCount":0,"publisher":{"@id":"https:\/\/minutocerord.com\/#\/schema\/person\/60b5372d60aaa0a5171fb6488be9aee6"},"image":{"@id":"http:\/\/minutocerord.com\/?p=20041#primaryimage"},"thumbnailUrl":"https:\/\/i0.wp.com\/minutocerord.com\/wp-content\/uploads\/2024\/09\/Wilson-Gomez-1.jpg?fit=891%2C528&ssl=1","articleSection":["Santo Domingo"],"inLanguage":"es-DO","potentialAction":[{"@type":"CommentAction","name":"Comment","target":["http:\/\/minutocerord.com\/?p=20041#respond"]}]},{"@type":"WebPage","@id":"http:\/\/minutocerord.com\/?p=20041","url":"http:\/\/minutocerord.com\/?p=20041","name":"SANTO DOMINGO | Video: Denuncian \u00abacoso y extorsi\u00f3n\u00bb internacional contra Rep\u00fablica Dominicana - Minuto Cero RD","isPartOf":{"@id":"https:\/\/minutocerord.com\/#website"},"primaryImageOfPage":{"@id":"http:\/\/minutocerord.com\/?p=20041#primaryimage"},"image":{"@id":"http:\/\/minutocerord.com\/?p=20041#primaryimage"},"thumbnailUrl":"https:\/\/i0.wp.com\/minutocerord.com\/wp-content\/uploads\/2024\/09\/Wilson-Gomez-1.jpg?fit=891%2C528&ssl=1","datePublished":"2024-09-28T13:34:18+00:00","dateModified":"2024-09-28T13:34:22+00:00","breadcrumb":{"@id":"http:\/\/minutocerord.com\/?p=20041#breadcrumb"},"inLanguage":"es-DO","potentialAction":[{"@type":"ReadAction","target":["http:\/\/minutocerord.com\/?p=20041"]}]},{"@type":"ImageObject","inLanguage":"es-DO","@id":"http:\/\/minutocerord.com\/?p=20041#primaryimage","url":"https:\/\/i0.wp.com\/minutocerord.com\/wp-content\/uploads\/2024\/09\/Wilson-Gomez-1.jpg?fit=891%2C528&ssl=1","contentUrl":"https:\/\/i0.wp.com\/minutocerord.com\/wp-content\/uploads\/2024\/09\/Wilson-Gomez-1.jpg?fit=891%2C528&ssl=1","width":891,"height":528},{"@type":"BreadcrumbList","@id":"http:\/\/minutocerord.com\/?p=20041#breadcrumb","itemListElement":[{"@type":"ListItem","position":1,"name":"Home","item":"https:\/\/minutocerord.com\/"},{"@type":"ListItem","position":2,"name":"SANTO DOMINGO | Video: Denuncian \u00abacoso y extorsi\u00f3n\u00bb internacional contra Rep\u00fablica Dominicana"}]},{"@type":"WebSite","@id":"https:\/\/minutocerord.com\/#website","url":"https:\/\/minutocerord.com\/","name":"Minuto Cero RD","description":"Periodismo serio y veraz","publisher":{"@id":"https:\/\/minutocerord.com\/#\/schema\/person\/60b5372d60aaa0a5171fb6488be9aee6"},"potentialAction":[{"@type":"SearchAction","target":{"@type":"EntryPoint","urlTemplate":"https:\/\/minutocerord.com\/?s={search_term_string}"},"query-input":{"@type":"PropertyValueSpecification","valueRequired":true,"valueName":"search_term_string"}}],"inLanguage":"es-DO"},{"@type":["Person","Organization"],"@id":"https:\/\/minutocerord.com\/#\/schema\/person\/60b5372d60aaa0a5171fb6488be9aee6","name":"Genof\u00f3ntes Urb\u00e1ez","image":{"@type":"ImageObject","inLanguage":"es-DO","@id":"https:\/\/secure.gravatar.com\/avatar\/a49ef3186a692098ac3e8a1612261e3ad70cf9e44553dff2929e67939a0ecb9d?s=96&d=identicon&r=g","url":"https:\/\/secure.gravatar.com\/avatar\/a49ef3186a692098ac3e8a1612261e3ad70cf9e44553dff2929e67939a0ecb9d?s=96&d=identicon&r=g","contentUrl":"https:\/\/secure.gravatar.com\/avatar\/a49ef3186a692098ac3e8a1612261e3ad70cf9e44553dff2929e67939a0ecb9d?s=96&d=identicon&r=g","caption":"Genof\u00f3ntes Urb\u00e1ez"},"logo":{"@id":"https:\/\/secure.gravatar.com\/avatar\/a49ef3186a692098ac3e8a1612261e3ad70cf9e44553dff2929e67939a0ecb9d?s=96&d=identicon&r=g"},"description":"Periodista \/ Locutor","sameAs":["https:\/\/www.facebook.com\/Genofnotes","https:\/\/www.instagram.com\/genofnotes\/"]}]}},"jetpack_publicize_connections":[],"jetpack_featured_media_url":"https:\/\/i0.wp.com\/minutocerord.com\/wp-content\/uploads\/2024\/09\/Wilson-Gomez-1.jpg?fit=891%2C528&ssl=1","jetpack-related-posts":[],"jetpack_sharing_enabled":true,"_links":{"self":[{"href":"https:\/\/minutocerord.com\/index.php?rest_route=\/wp\/v2\/posts\/20041","targetHints":{"allow":["GET"]}}],"collection":[{"href":"https:\/\/minutocerord.com\/index.php?rest_route=\/wp\/v2\/posts"}],"about":[{"href":"https:\/\/minutocerord.com\/index.php?rest_route=\/wp\/v2\/types\/post"}],"author":[{"embeddable":true,"href":"https:\/\/minutocerord.com\/index.php?rest_route=\/wp\/v2\/users\/1"}],"replies":[{"embeddable":true,"href":"https:\/\/minutocerord.com\/index.php?rest_route=%2Fwp%2Fv2%2Fcomments&post=20041"}],"version-history":[{"count":1,"href":"https:\/\/minutocerord.com\/index.php?rest_route=\/wp\/v2\/posts\/20041\/revisions"}],"predecessor-version":[{"id":20044,"href":"https:\/\/minutocerord.com\/index.php?rest_route=\/wp\/v2\/posts\/20041\/revisions\/20044"}],"wp:featuredmedia":[{"embeddable":true,"href":"https:\/\/minutocerord.com\/index.php?rest_route=\/wp\/v2\/media\/20043"}],"wp:attachment":[{"href":"https:\/\/minutocerord.com\/index.php?rest_route=%2Fwp%2Fv2%2Fmedia&parent=20041"}],"wp:term":[{"taxonomy":"category","embeddable":true,"href":"https:\/\/minutocerord.com\/index.php?rest_route=%2Fwp%2Fv2%2Fcategories&post=20041"},{"taxonomy":"post_tag","embeddable":true,"href":"https:\/\/minutocerord.com\/index.php?rest_route=%2Fwp%2Fv2%2Ftags&post=20041"}],"curies":[{"name":"wp","href":"https:\/\/api.w.org\/{rel}","templated":true}]}}