{"id":20045,"date":"2024-09-28T09:40:59","date_gmt":"2024-09-28T13:40:59","guid":{"rendered":"https:\/\/minutocerord.com\/?p=20045"},"modified":"2024-09-28T09:41:02","modified_gmt":"2024-09-28T13:41:02","slug":"mexico-al-menos-16-muertos-por-efectos-tormenta-john","status":"publish","type":"post","link":"https:\/\/minutocerord.com\/?p=20045","title":{"rendered":"MEXICO | Al menos 16 muertos por efectos tormenta \u2018John\u2019"},"content":{"rendered":"\n<p class=\"\"><strong>MEXICO.-<\/strong>\u00a0Al menos 16 personas han fallecido en los estados mexicanos de Oaxaca y Guerrero al paso de la tormenta tropical \u2018John\u2019, que ha puesto en estado de alerta a amplias zonas del sur y el oeste del pa\u00eds por los fuertes vientos, las lluvias torrenciales y las inundaciones que ha dejado a su paso.<\/p>\n\n\n\n<p class=\"\">Entre los estados m\u00e1s afectados, adem\u00e1s de Oaxaca y Guerrero, se encuentran Michoac\u00e1n y Colima, ha informado el diario mexicano \u2018Mienio\u2019, destacando tambi\u00e9n la \u00abcr\u00edtica\u00bb situaci\u00f3n en la que se ha visto sumida la ciudad de Acapulco, donde las principales v\u00edas de acceso se han visto afectadas por inundaciones y deslizamientos de tierra.<\/p>\n\n\n\n<p class=\"\">As\u00ed las cosas, la Procuradur\u00eda Federal del Consumidor (Profeco) ha desplegado una brigada especial \u00abque permanecer\u00e1 vigilante este fin de semana y el tiempo que sea necesario\u00bb para que los precios en los supermercados de Acapulco \u00absean respetados\u00bb tras las inundaciones y \u00abno se cometan abusos contra los consumidores\u00bb, seg\u00fan un comunicado recogido por el mismo medio.<\/p>\n\n\n\n<p class=\"\">En esta misma ciudad, hasta 1.898 personas han sido evacuadas seg\u00fan cifras de la Secretar\u00eda de la Defensa Nacional (Sedena), recogidas por \u2018La Jornada\u2019. Tambi\u00e9n seg\u00fan este organismo, son m\u00e1s de 6.000 los efectivos de la Guardia Nacional y m\u00e1s de 3.000 los del Ej\u00e9rcito que han sido desplegados sobre el terreno para el \u00abauxilio y apoyo\u00bb de la poblaci\u00f3n civil afectada por los efectos de \u2018John\u2019.<\/p>\n\n\n\n<p class=\"\">Si bien este fen\u00f3meno meteorol\u00f3gico parece haberse debilitado, pasando de hurac\u00e1n a tormenta tropical, su presencia mantiene a\u00fan varios puntos del pa\u00eds en condiciones de riesgo, por lo que la Comisi\u00f3n Federal de Electricidad (CFE) \u2013a petici\u00f3n de Protecci\u00f3n Civil\u2013 \u00abha aumentado la suspensi\u00f3n del suministro el\u00e9ctrico en las zonas de Guerrero afectadas por inundaciones hasta que las condiciones sean seguras\u00bb.<\/p>\n\n\n\n<p class=\"\">En este estado, ha apuntado la CFE, son cerca de 102.300 las personas que actualmente se han quedado sin suministro el\u00e9ctrico, una cifra que supone el siete por ciento del total de usuarios de red el\u00e9ctrica de su territorio.<\/p>\n\n\n\n<p class=\"\">As\u00ed las cosas, el Servicio Meteorol\u00f3gico Nacional (SMN) ha advertido de que \u00abla tormenta tropical \u2018John\u2019 sigue desplaz\u00e1ndose de manera lenta y err\u00e1tica frente a las costas del Pac\u00edfico central mexicano\u00bb, y ha mantenido el pron\u00f3stico de \u00ablluvias puntuales extraordinarias\u00bb, lluvias \u00abtorrenciales\u00bb y lluvias \u00abde fuertes a intensas\u00bb, as\u00ed como intensas rachas de viento y oleajes en distintos puntos del pa\u00eds.<\/p>\n\n\n\n<p class=\"\">\u00abLas precipitaciones generadas por el cicl\u00f3n tropical ser\u00e1n con descargas el\u00e9ctricas, rachas fuertes de viento y granizo. Las lluvias de mayor intensidad podr\u00edan generar deslaves, incremento en niveles de r\u00edos y arroyos, as\u00ed como desbordamientos e inundaciones en zonas bajas de los estados mencionados, por lo que se exhorta a la poblaci\u00f3n a atender los avisos del Servicio Meteorol\u00f3gico Nacional, de la Comisi\u00f3n Nacional del Agua (Conagua) y seguir las recomendaciones de Protecci\u00f3n Civil, ante las condiciones de lluvias, vientos fuertes y oleaje elevado\u00bb, ha indicado el propio SMN este viernes en un aviso.<\/p>\n","protected":false},"excerpt":{"rendered":"<p>MEXICO.-\u00a0Al menos 16 personas han fallecido en los estados mexicanos de Oaxaca y Guerrero al paso de la tormenta tropical \u2018John\u2019, que ha puesto en estado de alerta a amplias zonas del sur y el oeste del pa\u00eds por los fuertes vientos, las lluvias torrenciales y las inundaciones que ha dejado a su paso. Entre [&hellip;]<\/p>\n","protected":false},"author":1,"featured_media":20046,"comment_status":"open","ping_status":"open","sticky":false,"template":"","format":"standard","meta":{"nf_dc_page":"","jetpack_post_was_ever_published":false,"_jetpack_newsletter_access":"","_jetpack_dont_email_post_to_subs":false,"_jetpack_newsletter_tier_id":0,"_jetpack_memberships_contains_paywalled_content":false,"_jetpack_memberships_contains_paid_content":false,"footnotes":"","jetpack_publicize_message":"","jetpack_publicize_feature_enabled":true,"jetpack_social_post_already_shared":true,"jetpack_social_options":{"image_generator_settings":{"template":"highway","default_image_id":0,"font":"","enabled":false},"version":2}},"categories":[90],"tags":[],"class_list":["post-20045","post","type-post","status-publish","format-standard","has-post-thumbnail","hentry","category-mexico"],"yoast_head":"<!-- This site is optimized with the Yoast SEO plugin v27.4 - https:\/\/yoast.com\/product\/yoast-seo-wordpress\/ -->\n<title>MEXICO | Al menos 16 muertos por efectos tormenta \u2018John\u2019 - Minuto Cero RD<\/title>\n<meta name=\"robots\" content=\"index, follow, max-snippet:-1, max-image-preview:large, max-video-preview:-1\" \/>\n<link rel=\"canonical\" href=\"http:\/\/minutocerord.com\/?p=20045\" \/>\n<meta property=\"og:locale\" content=\"es_ES\" \/>\n<meta property=\"og:type\" content=\"article\" \/>\n<meta property=\"og:title\" content=\"MEXICO | Al menos 16 muertos por efectos tormenta \u2018John\u2019 - Minuto Cero RD\" \/>\n<meta property=\"og:description\" content=\"MEXICO.-\u00a0Al menos 16 personas han fallecido en los estados mexicanos de Oaxaca y Guerrero al paso de la tormenta tropical \u2018John\u2019, que ha puesto en estado de alerta a amplias zonas del sur y el oeste del pa\u00eds por los fuertes vientos, las lluvias torrenciales y las inundaciones que ha dejado a su paso. Entre [&hellip;]\" \/>\n<meta property=\"og:url\" content=\"http:\/\/minutocerord.com\/?p=20045\" \/>\n<meta property=\"og:site_name\" content=\"Minuto Cero RD\" \/>\n<meta property=\"article:publisher\" content=\"https:\/\/www.facebook.com\/Genofnotes\" \/>\n<meta property=\"article:author\" content=\"https:\/\/www.facebook.com\/Genofnotes\" \/>\n<meta property=\"article:published_time\" content=\"2024-09-28T13:40:59+00:00\" \/>\n<meta property=\"article:modified_time\" content=\"2024-09-28T13:41:02+00:00\" \/>\n<meta property=\"og:image\" content=\"https:\/\/i0.wp.com\/minutocerord.com\/wp-content\/uploads\/2024\/09\/yif-1.jpg?fit=640%2C427\" \/>\n\t<meta property=\"og:image:width\" content=\"640\" \/>\n\t<meta property=\"og:image:height\" content=\"427\" \/>\n\t<meta property=\"og:image:type\" content=\"image\/jpeg\" \/>\n<meta name=\"author\" content=\"Genof\u00f3ntes Urb\u00e1ez\" \/>\n<meta name=\"twitter:card\" content=\"summary_large_image\" \/>\n<meta name=\"twitter:label1\" content=\"Written by\" \/>\n\t<meta name=\"twitter:data1\" content=\"Genof\u00f3ntes Urb\u00e1ez\" \/>\n\t<meta name=\"twitter:label2\" content=\"Est. reading time\" \/>\n\t<meta name=\"twitter:data2\" content=\"3 minutos\" \/>\n<script type=\"application\/ld+json\" class=\"yoast-schema-graph\">{\"@context\":\"https:\\\/\\\/schema.org\",\"@graph\":[{\"@type\":\"Article\",\"@id\":\"http:\\\/\\\/minutocerord.com\\\/?p=20045#article\",\"isPartOf\":{\"@id\":\"http:\\\/\\\/minutocerord.com\\\/?p=20045\"},\"author\":{\"name\":\"Genof\u00f3ntes Urb\u00e1ez\",\"@id\":\"https:\\\/\\\/minutocerord.com\\\/#\\\/schema\\\/person\\\/60b5372d60aaa0a5171fb6488be9aee6\"},\"headline\":\"MEXICO | Al menos 16 muertos por efectos tormenta \u2018John\u2019\",\"datePublished\":\"2024-09-28T13:40:59+00:00\",\"dateModified\":\"2024-09-28T13:41:02+00:00\",\"mainEntityOfPage\":{\"@id\":\"http:\\\/\\\/minutocerord.com\\\/?p=20045\"},\"wordCount\":536,\"commentCount\":0,\"publisher\":{\"@id\":\"https:\\\/\\\/minutocerord.com\\\/#\\\/schema\\\/person\\\/60b5372d60aaa0a5171fb6488be9aee6\"},\"image\":{\"@id\":\"http:\\\/\\\/minutocerord.com\\\/?p=20045#primaryimage\"},\"thumbnailUrl\":\"https:\\\/\\\/i0.wp.com\\\/minutocerord.com\\\/wp-content\\\/uploads\\\/2024\\\/09\\\/yif-1.jpg?fit=640%2C427&ssl=1\",\"articleSection\":[\"M\u00e9xico\"],\"inLanguage\":\"es-DO\",\"potentialAction\":[{\"@type\":\"CommentAction\",\"name\":\"Comment\",\"target\":[\"http:\\\/\\\/minutocerord.com\\\/?p=20045#respond\"]}]},{\"@type\":\"WebPage\",\"@id\":\"http:\\\/\\\/minutocerord.com\\\/?p=20045\",\"url\":\"http:\\\/\\\/minutocerord.com\\\/?p=20045\",\"name\":\"MEXICO | Al menos 16 muertos por efectos tormenta \u2018John\u2019 - Minuto Cero RD\",\"isPartOf\":{\"@id\":\"https:\\\/\\\/minutocerord.com\\\/#website\"},\"primaryImageOfPage\":{\"@id\":\"http:\\\/\\\/minutocerord.com\\\/?p=20045#primaryimage\"},\"image\":{\"@id\":\"http:\\\/\\\/minutocerord.com\\\/?p=20045#primaryimage\"},\"thumbnailUrl\":\"https:\\\/\\\/i0.wp.com\\\/minutocerord.com\\\/wp-content\\\/uploads\\\/2024\\\/09\\\/yif-1.jpg?fit=640%2C427&ssl=1\",\"datePublished\":\"2024-09-28T13:40:59+00:00\",\"dateModified\":\"2024-09-28T13:41:02+00:00\",\"breadcrumb\":{\"@id\":\"http:\\\/\\\/minutocerord.com\\\/?p=20045#breadcrumb\"},\"inLanguage\":\"es-DO\",\"potentialAction\":[{\"@type\":\"ReadAction\",\"target\":[\"http:\\\/\\\/minutocerord.com\\\/?p=20045\"]}]},{\"@type\":\"ImageObject\",\"inLanguage\":\"es-DO\",\"@id\":\"http:\\\/\\\/minutocerord.com\\\/?p=20045#primaryimage\",\"url\":\"https:\\\/\\\/i0.wp.com\\\/minutocerord.com\\\/wp-content\\\/uploads\\\/2024\\\/09\\\/yif-1.jpg?fit=640%2C427&ssl=1\",\"contentUrl\":\"https:\\\/\\\/i0.wp.com\\\/minutocerord.com\\\/wp-content\\\/uploads\\\/2024\\\/09\\\/yif-1.jpg?fit=640%2C427&ssl=1\",\"width\":640,\"height\":427},{\"@type\":\"BreadcrumbList\",\"@id\":\"http:\\\/\\\/minutocerord.com\\\/?p=20045#breadcrumb\",\"itemListElement\":[{\"@type\":\"ListItem\",\"position\":1,\"name\":\"Home\",\"item\":\"https:\\\/\\\/minutocerord.com\\\/\"},{\"@type\":\"ListItem\",\"position\":2,\"name\":\"MEXICO | Al menos 16 muertos por efectos tormenta \u2018John\u2019\"}]},{\"@type\":\"WebSite\",\"@id\":\"https:\\\/\\\/minutocerord.com\\\/#website\",\"url\":\"https:\\\/\\\/minutocerord.com\\\/\",\"name\":\"Minuto Cero RD\",\"description\":\"Periodismo serio y veraz\",\"publisher\":{\"@id\":\"https:\\\/\\\/minutocerord.com\\\/#\\\/schema\\\/person\\\/60b5372d60aaa0a5171fb6488be9aee6\"},\"potentialAction\":[{\"@type\":\"SearchAction\",\"target\":{\"@type\":\"EntryPoint\",\"urlTemplate\":\"https:\\\/\\\/minutocerord.com\\\/?s={search_term_string}\"},\"query-input\":{\"@type\":\"PropertyValueSpecification\",\"valueRequired\":true,\"valueName\":\"search_term_string\"}}],\"inLanguage\":\"es-DO\"},{\"@type\":[\"Person\",\"Organization\"],\"@id\":\"https:\\\/\\\/minutocerord.com\\\/#\\\/schema\\\/person\\\/60b5372d60aaa0a5171fb6488be9aee6\",\"name\":\"Genof\u00f3ntes Urb\u00e1ez\",\"image\":{\"@type\":\"ImageObject\",\"inLanguage\":\"es-DO\",\"@id\":\"https:\\\/\\\/secure.gravatar.com\\\/avatar\\\/a49ef3186a692098ac3e8a1612261e3ad70cf9e44553dff2929e67939a0ecb9d?s=96&d=identicon&r=g\",\"url\":\"https:\\\/\\\/secure.gravatar.com\\\/avatar\\\/a49ef3186a692098ac3e8a1612261e3ad70cf9e44553dff2929e67939a0ecb9d?s=96&d=identicon&r=g\",\"contentUrl\":\"https:\\\/\\\/secure.gravatar.com\\\/avatar\\\/a49ef3186a692098ac3e8a1612261e3ad70cf9e44553dff2929e67939a0ecb9d?s=96&d=identicon&r=g\",\"caption\":\"Genof\u00f3ntes Urb\u00e1ez\"},\"logo\":{\"@id\":\"https:\\\/\\\/secure.gravatar.com\\\/avatar\\\/a49ef3186a692098ac3e8a1612261e3ad70cf9e44553dff2929e67939a0ecb9d?s=96&d=identicon&r=g\"},\"description\":\"Periodista \\\/ Locutor\",\"sameAs\":[\"https:\\\/\\\/www.facebook.com\\\/Genofnotes\",\"https:\\\/\\\/www.instagram.com\\\/genofnotes\\\/\"]}]}<\/script>\n<!-- \/ Yoast SEO plugin. -->","yoast_head_json":{"title":"MEXICO | Al menos 16 muertos por efectos tormenta \u2018John\u2019 - Minuto Cero RD","robots":{"index":"index","follow":"follow","max-snippet":"max-snippet:-1","max-image-preview":"max-image-preview:large","max-video-preview":"max-video-preview:-1"},"canonical":"http:\/\/minutocerord.com\/?p=20045","og_locale":"es_ES","og_type":"article","og_title":"MEXICO | Al menos 16 muertos por efectos tormenta \u2018John\u2019 - Minuto Cero RD","og_description":"MEXICO.-\u00a0Al menos 16 personas han fallecido en los estados mexicanos de Oaxaca y Guerrero al paso de la tormenta tropical \u2018John\u2019, que ha puesto en estado de alerta a amplias zonas del sur y el oeste del pa\u00eds por los fuertes vientos, las lluvias torrenciales y las inundaciones que ha dejado a su paso. Entre [&hellip;]","og_url":"http:\/\/minutocerord.com\/?p=20045","og_site_name":"Minuto Cero RD","article_publisher":"https:\/\/www.facebook.com\/Genofnotes","article_author":"https:\/\/www.facebook.com\/Genofnotes","article_published_time":"2024-09-28T13:40:59+00:00","article_modified_time":"2024-09-28T13:41:02+00:00","og_image":[{"width":640,"height":427,"url":"https:\/\/i0.wp.com\/minutocerord.com\/wp-content\/uploads\/2024\/09\/yif-1.jpg?fit=640%2C427","type":"image\/jpeg"}],"author":"Genof\u00f3ntes Urb\u00e1ez","twitter_card":"summary_large_image","twitter_misc":{"Written by":"Genof\u00f3ntes Urb\u00e1ez","Est. reading time":"3 minutos"},"schema":{"@context":"https:\/\/schema.org","@graph":[{"@type":"Article","@id":"http:\/\/minutocerord.com\/?p=20045#article","isPartOf":{"@id":"http:\/\/minutocerord.com\/?p=20045"},"author":{"name":"Genof\u00f3ntes Urb\u00e1ez","@id":"https:\/\/minutocerord.com\/#\/schema\/person\/60b5372d60aaa0a5171fb6488be9aee6"},"headline":"MEXICO | Al menos 16 muertos por efectos tormenta \u2018John\u2019","datePublished":"2024-09-28T13:40:59+00:00","dateModified":"2024-09-28T13:41:02+00:00","mainEntityOfPage":{"@id":"http:\/\/minutocerord.com\/?p=20045"},"wordCount":536,"commentCount":0,"publisher":{"@id":"https:\/\/minutocerord.com\/#\/schema\/person\/60b5372d60aaa0a5171fb6488be9aee6"},"image":{"@id":"http:\/\/minutocerord.com\/?p=20045#primaryimage"},"thumbnailUrl":"https:\/\/i0.wp.com\/minutocerord.com\/wp-content\/uploads\/2024\/09\/yif-1.jpg?fit=640%2C427&ssl=1","articleSection":["M\u00e9xico"],"inLanguage":"es-DO","potentialAction":[{"@type":"CommentAction","name":"Comment","target":["http:\/\/minutocerord.com\/?p=20045#respond"]}]},{"@type":"WebPage","@id":"http:\/\/minutocerord.com\/?p=20045","url":"http:\/\/minutocerord.com\/?p=20045","name":"MEXICO | Al menos 16 muertos por efectos tormenta \u2018John\u2019 - Minuto Cero RD","isPartOf":{"@id":"https:\/\/minutocerord.com\/#website"},"primaryImageOfPage":{"@id":"http:\/\/minutocerord.com\/?p=20045#primaryimage"},"image":{"@id":"http:\/\/minutocerord.com\/?p=20045#primaryimage"},"thumbnailUrl":"https:\/\/i0.wp.com\/minutocerord.com\/wp-content\/uploads\/2024\/09\/yif-1.jpg?fit=640%2C427&ssl=1","datePublished":"2024-09-28T13:40:59+00:00","dateModified":"2024-09-28T13:41:02+00:00","breadcrumb":{"@id":"http:\/\/minutocerord.com\/?p=20045#breadcrumb"},"inLanguage":"es-DO","potentialAction":[{"@type":"ReadAction","target":["http:\/\/minutocerord.com\/?p=20045"]}]},{"@type":"ImageObject","inLanguage":"es-DO","@id":"http:\/\/minutocerord.com\/?p=20045#primaryimage","url":"https:\/\/i0.wp.com\/minutocerord.com\/wp-content\/uploads\/2024\/09\/yif-1.jpg?fit=640%2C427&ssl=1","contentUrl":"https:\/\/i0.wp.com\/minutocerord.com\/wp-content\/uploads\/2024\/09\/yif-1.jpg?fit=640%2C427&ssl=1","width":640,"height":427},{"@type":"BreadcrumbList","@id":"http:\/\/minutocerord.com\/?p=20045#breadcrumb","itemListElement":[{"@type":"ListItem","position":1,"name":"Home","item":"https:\/\/minutocerord.com\/"},{"@type":"ListItem","position":2,"name":"MEXICO | Al menos 16 muertos por efectos tormenta \u2018John\u2019"}]},{"@type":"WebSite","@id":"https:\/\/minutocerord.com\/#website","url":"https:\/\/minutocerord.com\/","name":"Minuto Cero RD","description":"Periodismo serio y veraz","publisher":{"@id":"https:\/\/minutocerord.com\/#\/schema\/person\/60b5372d60aaa0a5171fb6488be9aee6"},"potentialAction":[{"@type":"SearchAction","target":{"@type":"EntryPoint","urlTemplate":"https:\/\/minutocerord.com\/?s={search_term_string}"},"query-input":{"@type":"PropertyValueSpecification","valueRequired":true,"valueName":"search_term_string"}}],"inLanguage":"es-DO"},{"@type":["Person","Organization"],"@id":"https:\/\/minutocerord.com\/#\/schema\/person\/60b5372d60aaa0a5171fb6488be9aee6","name":"Genof\u00f3ntes Urb\u00e1ez","image":{"@type":"ImageObject","inLanguage":"es-DO","@id":"https:\/\/secure.gravatar.com\/avatar\/a49ef3186a692098ac3e8a1612261e3ad70cf9e44553dff2929e67939a0ecb9d?s=96&d=identicon&r=g","url":"https:\/\/secure.gravatar.com\/avatar\/a49ef3186a692098ac3e8a1612261e3ad70cf9e44553dff2929e67939a0ecb9d?s=96&d=identicon&r=g","contentUrl":"https:\/\/secure.gravatar.com\/avatar\/a49ef3186a692098ac3e8a1612261e3ad70cf9e44553dff2929e67939a0ecb9d?s=96&d=identicon&r=g","caption":"Genof\u00f3ntes Urb\u00e1ez"},"logo":{"@id":"https:\/\/secure.gravatar.com\/avatar\/a49ef3186a692098ac3e8a1612261e3ad70cf9e44553dff2929e67939a0ecb9d?s=96&d=identicon&r=g"},"description":"Periodista \/ Locutor","sameAs":["https:\/\/www.facebook.com\/Genofnotes","https:\/\/www.instagram.com\/genofnotes\/"]}]}},"jetpack_publicize_connections":[],"jetpack_featured_media_url":"https:\/\/i0.wp.com\/minutocerord.com\/wp-content\/uploads\/2024\/09\/yif-1.jpg?fit=640%2C427&ssl=1","jetpack-related-posts":[],"jetpack_sharing_enabled":true,"_links":{"self":[{"href":"https:\/\/minutocerord.com\/index.php?rest_route=\/wp\/v2\/posts\/20045","targetHints":{"allow":["GET"]}}],"collection":[{"href":"https:\/\/minutocerord.com\/index.php?rest_route=\/wp\/v2\/posts"}],"about":[{"href":"https:\/\/minutocerord.com\/index.php?rest_route=\/wp\/v2\/types\/post"}],"author":[{"embeddable":true,"href":"https:\/\/minutocerord.com\/index.php?rest_route=\/wp\/v2\/users\/1"}],"replies":[{"embeddable":true,"href":"https:\/\/minutocerord.com\/index.php?rest_route=%2Fwp%2Fv2%2Fcomments&post=20045"}],"version-history":[{"count":1,"href":"https:\/\/minutocerord.com\/index.php?rest_route=\/wp\/v2\/posts\/20045\/revisions"}],"predecessor-version":[{"id":20047,"href":"https:\/\/minutocerord.com\/index.php?rest_route=\/wp\/v2\/posts\/20045\/revisions\/20047"}],"wp:featuredmedia":[{"embeddable":true,"href":"https:\/\/minutocerord.com\/index.php?rest_route=\/wp\/v2\/media\/20046"}],"wp:attachment":[{"href":"https:\/\/minutocerord.com\/index.php?rest_route=%2Fwp%2Fv2%2Fmedia&parent=20045"}],"wp:term":[{"taxonomy":"category","embeddable":true,"href":"https:\/\/minutocerord.com\/index.php?rest_route=%2Fwp%2Fv2%2Fcategories&post=20045"},{"taxonomy":"post_tag","embeddable":true,"href":"https:\/\/minutocerord.com\/index.php?rest_route=%2Fwp%2Fv2%2Ftags&post=20045"}],"curies":[{"name":"wp","href":"https:\/\/api.w.org\/{rel}","templated":true}]}}