{"id":20056,"date":"2024-09-28T11:19:24","date_gmt":"2024-09-28T15:19:24","guid":{"rendered":"https:\/\/minutocerord.com\/?p=20056"},"modified":"2024-09-28T11:19:27","modified_gmt":"2024-09-28T15:19:27","slug":"dgm-estados-unidos-ha-deportado-a-mas-de-2000-dominicanos-en-ocho-meses-del-2024","status":"publish","type":"post","link":"https:\/\/minutocerord.com\/?p=20056","title":{"rendered":"DGM | Estados Unidos ha deportado a m\u00e1s de 2,000 dominicanos en ocho meses del 2024"},"content":{"rendered":"\n<p class=\"\"><strong>SANTO DOMINGO, RD.- <\/strong>Las autoridades de Estados Unidos han deportado unos 1,816 dominicanos entre enero y agosto de este a\u00f1o, para un 75 % del total de nacionales retornados al pa\u00eds por incurrir en delitos en el extranjero en el mismo periodo, seg\u00fan las estad\u00edsticas de la Direcci\u00f3n General de Migraci\u00f3n (DGM).\u00a0<\/p>\n\n\n\n<p class=\"\">Para este a\u00f1o, el pa\u00eds norteamericano contin\u00faa como el mayor emisor de dominicanos infractores de la ley en el exterior, sin embargo, para este 2024 la llegada de nacionales en calidad de deportados desde ese territorio se redujo un 41 %, respecto al 2023.<\/p>\n\n\n\n<p class=\"\">En los primeros ocho meses del a\u00f1o pasado, las autoridades estadounidenses deportaron 3,091 dominicanos.&nbsp;<\/p>\n\n\n\n<p class=\"\">De manera detallada, Migraci\u00f3n recibi\u00f3 en enero de este a\u00f1o 186 dominicanos desde EE.UU.; en febrero, 243; en marzo, 242; en abril, 234; en mayo, 238; en junio, 248; en julio, 205 y 220 en agosto. M\u00e1s 363 en 19 d\u00edas de septiembre.&nbsp;<\/p>\n","protected":false},"excerpt":{"rendered":"<p>SANTO DOMINGO, RD.- Las autoridades de Estados Unidos han deportado unos 1,816 dominicanos entre enero y agosto de este a\u00f1o, para un 75 % del total de nacionales retornados al pa\u00eds por incurrir en delitos en el extranjero en el mismo periodo, seg\u00fan las estad\u00edsticas de la Direcci\u00f3n General de Migraci\u00f3n (DGM).\u00a0 Para este a\u00f1o, [&hellip;]<\/p>\n","protected":false},"author":1,"featured_media":20057,"comment_status":"open","ping_status":"open","sticky":false,"template":"","format":"standard","meta":{"nf_dc_page":"","jetpack_post_was_ever_published":false,"_jetpack_newsletter_access":"","_jetpack_dont_email_post_to_subs":false,"_jetpack_newsletter_tier_id":0,"_jetpack_memberships_contains_paywalled_content":false,"_jetpack_memberships_contains_paid_content":false,"footnotes":"","jetpack_publicize_message":"","jetpack_publicize_feature_enabled":true,"jetpack_social_post_already_shared":true,"jetpack_social_options":{"image_generator_settings":{"template":"highway","default_image_id":0,"font":"","enabled":false},"version":2}},"categories":[102],"tags":[],"class_list":["post-20056","post","type-post","status-publish","format-standard","has-post-thumbnail","hentry","category-santo-domingo"],"yoast_head":"<!-- This site is optimized with the Yoast SEO plugin v27.4 - https:\/\/yoast.com\/product\/yoast-seo-wordpress\/ -->\n<title>DGM | Estados Unidos ha deportado a m\u00e1s de 2,000 dominicanos en ocho meses del 2024 - Minuto Cero RD<\/title>\n<meta name=\"robots\" content=\"index, follow, max-snippet:-1, max-image-preview:large, max-video-preview:-1\" \/>\n<link rel=\"canonical\" href=\"http:\/\/minutocerord.com\/?p=20056\" \/>\n<meta property=\"og:locale\" content=\"es_ES\" \/>\n<meta property=\"og:type\" content=\"article\" \/>\n<meta property=\"og:title\" content=\"DGM | Estados Unidos ha deportado a m\u00e1s de 2,000 dominicanos en ocho meses del 2024 - Minuto Cero RD\" \/>\n<meta property=\"og:description\" content=\"SANTO DOMINGO, RD.- Las autoridades de Estados Unidos han deportado unos 1,816 dominicanos entre enero y agosto de este a\u00f1o, para un 75 % del total de nacionales retornados al pa\u00eds por incurrir en delitos en el extranjero en el mismo periodo, seg\u00fan las estad\u00edsticas de la Direcci\u00f3n General de Migraci\u00f3n (DGM).\u00a0 Para este a\u00f1o, [&hellip;]\" \/>\n<meta property=\"og:url\" content=\"http:\/\/minutocerord.com\/?p=20056\" \/>\n<meta property=\"og:site_name\" content=\"Minuto Cero RD\" \/>\n<meta property=\"article:publisher\" content=\"https:\/\/www.facebook.com\/Genofnotes\" \/>\n<meta property=\"article:author\" content=\"https:\/\/www.facebook.com\/Genofnotes\" \/>\n<meta property=\"article:published_time\" content=\"2024-09-28T15:19:24+00:00\" \/>\n<meta property=\"article:modified_time\" content=\"2024-09-28T15:19:27+00:00\" \/>\n<meta property=\"og:image\" content=\"https:\/\/i0.wp.com\/minutocerord.com\/wp-content\/uploads\/2024\/09\/Unos-30-dominicanos-seran-deportados-de-EEUU-el-proximo-mes-1.jpg?fit=612%2C360\" \/>\n\t<meta property=\"og:image:width\" content=\"612\" \/>\n\t<meta property=\"og:image:height\" content=\"360\" \/>\n\t<meta property=\"og:image:type\" content=\"image\/jpeg\" \/>\n<meta name=\"author\" content=\"Genof\u00f3ntes Urb\u00e1ez\" \/>\n<meta name=\"twitter:card\" content=\"summary_large_image\" \/>\n<meta name=\"twitter:label1\" content=\"Written by\" \/>\n\t<meta name=\"twitter:data1\" content=\"Genof\u00f3ntes Urb\u00e1ez\" \/>\n\t<meta name=\"twitter:label2\" content=\"Est. reading time\" \/>\n\t<meta name=\"twitter:data2\" content=\"1 minuto\" \/>\n<script type=\"application\/ld+json\" class=\"yoast-schema-graph\">{\"@context\":\"https:\\\/\\\/schema.org\",\"@graph\":[{\"@type\":\"Article\",\"@id\":\"http:\\\/\\\/minutocerord.com\\\/?p=20056#article\",\"isPartOf\":{\"@id\":\"http:\\\/\\\/minutocerord.com\\\/?p=20056\"},\"author\":{\"name\":\"Genof\u00f3ntes Urb\u00e1ez\",\"@id\":\"https:\\\/\\\/minutocerord.com\\\/#\\\/schema\\\/person\\\/60b5372d60aaa0a5171fb6488be9aee6\"},\"headline\":\"DGM | Estados Unidos ha deportado a m\u00e1s de 2,000 dominicanos en ocho meses del 2024\",\"datePublished\":\"2024-09-28T15:19:24+00:00\",\"dateModified\":\"2024-09-28T15:19:27+00:00\",\"mainEntityOfPage\":{\"@id\":\"http:\\\/\\\/minutocerord.com\\\/?p=20056\"},\"wordCount\":167,\"commentCount\":0,\"publisher\":{\"@id\":\"https:\\\/\\\/minutocerord.com\\\/#\\\/schema\\\/person\\\/60b5372d60aaa0a5171fb6488be9aee6\"},\"image\":{\"@id\":\"http:\\\/\\\/minutocerord.com\\\/?p=20056#primaryimage\"},\"thumbnailUrl\":\"https:\\\/\\\/i0.wp.com\\\/minutocerord.com\\\/wp-content\\\/uploads\\\/2024\\\/09\\\/Unos-30-dominicanos-seran-deportados-de-EEUU-el-proximo-mes-1.jpg?fit=612%2C360&ssl=1\",\"articleSection\":[\"Santo Domingo\"],\"inLanguage\":\"es-DO\",\"potentialAction\":[{\"@type\":\"CommentAction\",\"name\":\"Comment\",\"target\":[\"http:\\\/\\\/minutocerord.com\\\/?p=20056#respond\"]}]},{\"@type\":\"WebPage\",\"@id\":\"http:\\\/\\\/minutocerord.com\\\/?p=20056\",\"url\":\"http:\\\/\\\/minutocerord.com\\\/?p=20056\",\"name\":\"DGM | Estados Unidos ha deportado a m\u00e1s de 2,000 dominicanos en ocho meses del 2024 - Minuto Cero RD\",\"isPartOf\":{\"@id\":\"https:\\\/\\\/minutocerord.com\\\/#website\"},\"primaryImageOfPage\":{\"@id\":\"http:\\\/\\\/minutocerord.com\\\/?p=20056#primaryimage\"},\"image\":{\"@id\":\"http:\\\/\\\/minutocerord.com\\\/?p=20056#primaryimage\"},\"thumbnailUrl\":\"https:\\\/\\\/i0.wp.com\\\/minutocerord.com\\\/wp-content\\\/uploads\\\/2024\\\/09\\\/Unos-30-dominicanos-seran-deportados-de-EEUU-el-proximo-mes-1.jpg?fit=612%2C360&ssl=1\",\"datePublished\":\"2024-09-28T15:19:24+00:00\",\"dateModified\":\"2024-09-28T15:19:27+00:00\",\"breadcrumb\":{\"@id\":\"http:\\\/\\\/minutocerord.com\\\/?p=20056#breadcrumb\"},\"inLanguage\":\"es-DO\",\"potentialAction\":[{\"@type\":\"ReadAction\",\"target\":[\"http:\\\/\\\/minutocerord.com\\\/?p=20056\"]}]},{\"@type\":\"ImageObject\",\"inLanguage\":\"es-DO\",\"@id\":\"http:\\\/\\\/minutocerord.com\\\/?p=20056#primaryimage\",\"url\":\"https:\\\/\\\/i0.wp.com\\\/minutocerord.com\\\/wp-content\\\/uploads\\\/2024\\\/09\\\/Unos-30-dominicanos-seran-deportados-de-EEUU-el-proximo-mes-1.jpg?fit=612%2C360&ssl=1\",\"contentUrl\":\"https:\\\/\\\/i0.wp.com\\\/minutocerord.com\\\/wp-content\\\/uploads\\\/2024\\\/09\\\/Unos-30-dominicanos-seran-deportados-de-EEUU-el-proximo-mes-1.jpg?fit=612%2C360&ssl=1\",\"width\":612,\"height\":360},{\"@type\":\"BreadcrumbList\",\"@id\":\"http:\\\/\\\/minutocerord.com\\\/?p=20056#breadcrumb\",\"itemListElement\":[{\"@type\":\"ListItem\",\"position\":1,\"name\":\"Home\",\"item\":\"https:\\\/\\\/minutocerord.com\\\/\"},{\"@type\":\"ListItem\",\"position\":2,\"name\":\"DGM | Estados Unidos ha deportado a m\u00e1s de 2,000 dominicanos en ocho meses del 2024\"}]},{\"@type\":\"WebSite\",\"@id\":\"https:\\\/\\\/minutocerord.com\\\/#website\",\"url\":\"https:\\\/\\\/minutocerord.com\\\/\",\"name\":\"Minuto Cero RD\",\"description\":\"Periodismo serio y veraz\",\"publisher\":{\"@id\":\"https:\\\/\\\/minutocerord.com\\\/#\\\/schema\\\/person\\\/60b5372d60aaa0a5171fb6488be9aee6\"},\"potentialAction\":[{\"@type\":\"SearchAction\",\"target\":{\"@type\":\"EntryPoint\",\"urlTemplate\":\"https:\\\/\\\/minutocerord.com\\\/?s={search_term_string}\"},\"query-input\":{\"@type\":\"PropertyValueSpecification\",\"valueRequired\":true,\"valueName\":\"search_term_string\"}}],\"inLanguage\":\"es-DO\"},{\"@type\":[\"Person\",\"Organization\"],\"@id\":\"https:\\\/\\\/minutocerord.com\\\/#\\\/schema\\\/person\\\/60b5372d60aaa0a5171fb6488be9aee6\",\"name\":\"Genof\u00f3ntes Urb\u00e1ez\",\"image\":{\"@type\":\"ImageObject\",\"inLanguage\":\"es-DO\",\"@id\":\"https:\\\/\\\/secure.gravatar.com\\\/avatar\\\/a49ef3186a692098ac3e8a1612261e3ad70cf9e44553dff2929e67939a0ecb9d?s=96&d=identicon&r=g\",\"url\":\"https:\\\/\\\/secure.gravatar.com\\\/avatar\\\/a49ef3186a692098ac3e8a1612261e3ad70cf9e44553dff2929e67939a0ecb9d?s=96&d=identicon&r=g\",\"contentUrl\":\"https:\\\/\\\/secure.gravatar.com\\\/avatar\\\/a49ef3186a692098ac3e8a1612261e3ad70cf9e44553dff2929e67939a0ecb9d?s=96&d=identicon&r=g\",\"caption\":\"Genof\u00f3ntes Urb\u00e1ez\"},\"logo\":{\"@id\":\"https:\\\/\\\/secure.gravatar.com\\\/avatar\\\/a49ef3186a692098ac3e8a1612261e3ad70cf9e44553dff2929e67939a0ecb9d?s=96&d=identicon&r=g\"},\"description\":\"Periodista \\\/ Locutor\",\"sameAs\":[\"https:\\\/\\\/www.facebook.com\\\/Genofnotes\",\"https:\\\/\\\/www.instagram.com\\\/genofnotes\\\/\"]}]}<\/script>\n<!-- \/ Yoast SEO plugin. -->","yoast_head_json":{"title":"DGM | Estados Unidos ha deportado a m\u00e1s de 2,000 dominicanos en ocho meses del 2024 - Minuto Cero RD","robots":{"index":"index","follow":"follow","max-snippet":"max-snippet:-1","max-image-preview":"max-image-preview:large","max-video-preview":"max-video-preview:-1"},"canonical":"http:\/\/minutocerord.com\/?p=20056","og_locale":"es_ES","og_type":"article","og_title":"DGM | Estados Unidos ha deportado a m\u00e1s de 2,000 dominicanos en ocho meses del 2024 - Minuto Cero RD","og_description":"SANTO DOMINGO, RD.- Las autoridades de Estados Unidos han deportado unos 1,816 dominicanos entre enero y agosto de este a\u00f1o, para un 75 % del total de nacionales retornados al pa\u00eds por incurrir en delitos en el extranjero en el mismo periodo, seg\u00fan las estad\u00edsticas de la Direcci\u00f3n General de Migraci\u00f3n (DGM).\u00a0 Para este a\u00f1o, [&hellip;]","og_url":"http:\/\/minutocerord.com\/?p=20056","og_site_name":"Minuto Cero RD","article_publisher":"https:\/\/www.facebook.com\/Genofnotes","article_author":"https:\/\/www.facebook.com\/Genofnotes","article_published_time":"2024-09-28T15:19:24+00:00","article_modified_time":"2024-09-28T15:19:27+00:00","og_image":[{"width":612,"height":360,"url":"https:\/\/i0.wp.com\/minutocerord.com\/wp-content\/uploads\/2024\/09\/Unos-30-dominicanos-seran-deportados-de-EEUU-el-proximo-mes-1.jpg?fit=612%2C360","type":"image\/jpeg"}],"author":"Genof\u00f3ntes Urb\u00e1ez","twitter_card":"summary_large_image","twitter_misc":{"Written by":"Genof\u00f3ntes Urb\u00e1ez","Est. reading time":"1 minuto"},"schema":{"@context":"https:\/\/schema.org","@graph":[{"@type":"Article","@id":"http:\/\/minutocerord.com\/?p=20056#article","isPartOf":{"@id":"http:\/\/minutocerord.com\/?p=20056"},"author":{"name":"Genof\u00f3ntes Urb\u00e1ez","@id":"https:\/\/minutocerord.com\/#\/schema\/person\/60b5372d60aaa0a5171fb6488be9aee6"},"headline":"DGM | Estados Unidos ha deportado a m\u00e1s de 2,000 dominicanos en ocho meses del 2024","datePublished":"2024-09-28T15:19:24+00:00","dateModified":"2024-09-28T15:19:27+00:00","mainEntityOfPage":{"@id":"http:\/\/minutocerord.com\/?p=20056"},"wordCount":167,"commentCount":0,"publisher":{"@id":"https:\/\/minutocerord.com\/#\/schema\/person\/60b5372d60aaa0a5171fb6488be9aee6"},"image":{"@id":"http:\/\/minutocerord.com\/?p=20056#primaryimage"},"thumbnailUrl":"https:\/\/i0.wp.com\/minutocerord.com\/wp-content\/uploads\/2024\/09\/Unos-30-dominicanos-seran-deportados-de-EEUU-el-proximo-mes-1.jpg?fit=612%2C360&ssl=1","articleSection":["Santo Domingo"],"inLanguage":"es-DO","potentialAction":[{"@type":"CommentAction","name":"Comment","target":["http:\/\/minutocerord.com\/?p=20056#respond"]}]},{"@type":"WebPage","@id":"http:\/\/minutocerord.com\/?p=20056","url":"http:\/\/minutocerord.com\/?p=20056","name":"DGM | Estados Unidos ha deportado a m\u00e1s de 2,000 dominicanos en ocho meses del 2024 - Minuto Cero RD","isPartOf":{"@id":"https:\/\/minutocerord.com\/#website"},"primaryImageOfPage":{"@id":"http:\/\/minutocerord.com\/?p=20056#primaryimage"},"image":{"@id":"http:\/\/minutocerord.com\/?p=20056#primaryimage"},"thumbnailUrl":"https:\/\/i0.wp.com\/minutocerord.com\/wp-content\/uploads\/2024\/09\/Unos-30-dominicanos-seran-deportados-de-EEUU-el-proximo-mes-1.jpg?fit=612%2C360&ssl=1","datePublished":"2024-09-28T15:19:24+00:00","dateModified":"2024-09-28T15:19:27+00:00","breadcrumb":{"@id":"http:\/\/minutocerord.com\/?p=20056#breadcrumb"},"inLanguage":"es-DO","potentialAction":[{"@type":"ReadAction","target":["http:\/\/minutocerord.com\/?p=20056"]}]},{"@type":"ImageObject","inLanguage":"es-DO","@id":"http:\/\/minutocerord.com\/?p=20056#primaryimage","url":"https:\/\/i0.wp.com\/minutocerord.com\/wp-content\/uploads\/2024\/09\/Unos-30-dominicanos-seran-deportados-de-EEUU-el-proximo-mes-1.jpg?fit=612%2C360&ssl=1","contentUrl":"https:\/\/i0.wp.com\/minutocerord.com\/wp-content\/uploads\/2024\/09\/Unos-30-dominicanos-seran-deportados-de-EEUU-el-proximo-mes-1.jpg?fit=612%2C360&ssl=1","width":612,"height":360},{"@type":"BreadcrumbList","@id":"http:\/\/minutocerord.com\/?p=20056#breadcrumb","itemListElement":[{"@type":"ListItem","position":1,"name":"Home","item":"https:\/\/minutocerord.com\/"},{"@type":"ListItem","position":2,"name":"DGM | Estados Unidos ha deportado a m\u00e1s de 2,000 dominicanos en ocho meses del 2024"}]},{"@type":"WebSite","@id":"https:\/\/minutocerord.com\/#website","url":"https:\/\/minutocerord.com\/","name":"Minuto Cero RD","description":"Periodismo serio y veraz","publisher":{"@id":"https:\/\/minutocerord.com\/#\/schema\/person\/60b5372d60aaa0a5171fb6488be9aee6"},"potentialAction":[{"@type":"SearchAction","target":{"@type":"EntryPoint","urlTemplate":"https:\/\/minutocerord.com\/?s={search_term_string}"},"query-input":{"@type":"PropertyValueSpecification","valueRequired":true,"valueName":"search_term_string"}}],"inLanguage":"es-DO"},{"@type":["Person","Organization"],"@id":"https:\/\/minutocerord.com\/#\/schema\/person\/60b5372d60aaa0a5171fb6488be9aee6","name":"Genof\u00f3ntes Urb\u00e1ez","image":{"@type":"ImageObject","inLanguage":"es-DO","@id":"https:\/\/secure.gravatar.com\/avatar\/a49ef3186a692098ac3e8a1612261e3ad70cf9e44553dff2929e67939a0ecb9d?s=96&d=identicon&r=g","url":"https:\/\/secure.gravatar.com\/avatar\/a49ef3186a692098ac3e8a1612261e3ad70cf9e44553dff2929e67939a0ecb9d?s=96&d=identicon&r=g","contentUrl":"https:\/\/secure.gravatar.com\/avatar\/a49ef3186a692098ac3e8a1612261e3ad70cf9e44553dff2929e67939a0ecb9d?s=96&d=identicon&r=g","caption":"Genof\u00f3ntes Urb\u00e1ez"},"logo":{"@id":"https:\/\/secure.gravatar.com\/avatar\/a49ef3186a692098ac3e8a1612261e3ad70cf9e44553dff2929e67939a0ecb9d?s=96&d=identicon&r=g"},"description":"Periodista \/ Locutor","sameAs":["https:\/\/www.facebook.com\/Genofnotes","https:\/\/www.instagram.com\/genofnotes\/"]}]}},"jetpack_publicize_connections":[],"jetpack_featured_media_url":"https:\/\/i0.wp.com\/minutocerord.com\/wp-content\/uploads\/2024\/09\/Unos-30-dominicanos-seran-deportados-de-EEUU-el-proximo-mes-1.jpg?fit=612%2C360&ssl=1","jetpack-related-posts":[],"jetpack_sharing_enabled":true,"_links":{"self":[{"href":"https:\/\/minutocerord.com\/index.php?rest_route=\/wp\/v2\/posts\/20056","targetHints":{"allow":["GET"]}}],"collection":[{"href":"https:\/\/minutocerord.com\/index.php?rest_route=\/wp\/v2\/posts"}],"about":[{"href":"https:\/\/minutocerord.com\/index.php?rest_route=\/wp\/v2\/types\/post"}],"author":[{"embeddable":true,"href":"https:\/\/minutocerord.com\/index.php?rest_route=\/wp\/v2\/users\/1"}],"replies":[{"embeddable":true,"href":"https:\/\/minutocerord.com\/index.php?rest_route=%2Fwp%2Fv2%2Fcomments&post=20056"}],"version-history":[{"count":1,"href":"https:\/\/minutocerord.com\/index.php?rest_route=\/wp\/v2\/posts\/20056\/revisions"}],"predecessor-version":[{"id":20058,"href":"https:\/\/minutocerord.com\/index.php?rest_route=\/wp\/v2\/posts\/20056\/revisions\/20058"}],"wp:featuredmedia":[{"embeddable":true,"href":"https:\/\/minutocerord.com\/index.php?rest_route=\/wp\/v2\/media\/20057"}],"wp:attachment":[{"href":"https:\/\/minutocerord.com\/index.php?rest_route=%2Fwp%2Fv2%2Fmedia&parent=20056"}],"wp:term":[{"taxonomy":"category","embeddable":true,"href":"https:\/\/minutocerord.com\/index.php?rest_route=%2Fwp%2Fv2%2Fcategories&post=20056"},{"taxonomy":"post_tag","embeddable":true,"href":"https:\/\/minutocerord.com\/index.php?rest_route=%2Fwp%2Fv2%2Ftags&post=20056"}],"curies":[{"name":"wp","href":"https:\/\/api.w.org\/{rel}","templated":true}]}}