{"id":20062,"date":"2024-09-28T11:44:21","date_gmt":"2024-09-28T15:44:21","guid":{"rendered":"https:\/\/minutocerord.com\/?p=20062"},"modified":"2024-09-28T11:44:25","modified_gmt":"2024-09-28T15:44:25","slug":"politica-pld-expulsa-a-carlos-amarante-baret","status":"publish","type":"post","link":"https:\/\/minutocerord.com\/?p=20062","title":{"rendered":"POLITICA | PLD expulsa a Carlos Amarante Baret"},"content":{"rendered":"\n<p class=\"\"><strong>SANTO DOMINGO.- <\/strong>El Partido de la Liberaci\u00f3n Dominicana (PLD), expulso de \u201cmanera deshonrosa\u201d a Carlos Amarante Baret, de las filas de esa organizaci\u00f3n pol\u00edtica.<\/p>\n\n\n\n<p class=\"\">El tribunal disciplinario del PLD tom\u00f3 la decisi\u00f3n debido a que Amarante Baret estaba atentando contra la unidad de la organizaci\u00f3n pol\u00edtica mediante un proceso de persuasi\u00f3n a otros compa\u00f1eros para que renuncien del partido morado y lo \u00abacompa\u00f1en en la formaci\u00f3n de una nueva organizaci\u00f3n pol\u00edtica que pretende liderar\u00bb.<\/p>\n\n\n\n<figure class=\"wp-block-image size-large\"><img data-recalc-dims=\"1\" decoding=\"async\" width=\"640\" height=\"638\" loading=\"lazy\" src=\"https:\/\/i0.wp.com\/minutocerord.com\/wp-content\/uploads\/2024\/09\/image-5-1024x1021.png?resize=640%2C638&#038;ssl=1\" alt=\"\" class=\"wp-image-20063\" srcset=\"https:\/\/i0.wp.com\/minutocerord.com\/wp-content\/uploads\/2024\/09\/image-5.png?resize=1024%2C1021&amp;ssl=1 1024w, https:\/\/i0.wp.com\/minutocerord.com\/wp-content\/uploads\/2024\/09\/image-5.png?resize=300%2C300&amp;ssl=1 300w, https:\/\/i0.wp.com\/minutocerord.com\/wp-content\/uploads\/2024\/09\/image-5.png?resize=150%2C150&amp;ssl=1 150w, https:\/\/i0.wp.com\/minutocerord.com\/wp-content\/uploads\/2024\/09\/image-5.png?resize=768%2C766&amp;ssl=1 768w, https:\/\/i0.wp.com\/minutocerord.com\/wp-content\/uploads\/2024\/09\/image-5.png?resize=421%2C420&amp;ssl=1 421w, https:\/\/i0.wp.com\/minutocerord.com\/wp-content\/uploads\/2024\/09\/image-5.png?resize=640%2C638&amp;ssl=1 640w, https:\/\/i0.wp.com\/minutocerord.com\/wp-content\/uploads\/2024\/09\/image-5.png?resize=681%2C679&amp;ssl=1 681w, https:\/\/i0.wp.com\/minutocerord.com\/wp-content\/uploads\/2024\/09\/image-5.png?w=1080&amp;ssl=1 1080w\" sizes=\"auto, (max-width: 640px) 100vw, 640px\" \/><\/figure>\n\n\n\n<figure class=\"wp-block-image size-large\"><img data-recalc-dims=\"1\" decoding=\"async\" width=\"640\" height=\"738\" loading=\"lazy\" src=\"https:\/\/i0.wp.com\/minutocerord.com\/wp-content\/uploads\/2024\/09\/image-6-888x1024.png?resize=640%2C738&#038;ssl=1\" alt=\"\" class=\"wp-image-20064\" srcset=\"https:\/\/i0.wp.com\/minutocerord.com\/wp-content\/uploads\/2024\/09\/image-6.png?resize=888%2C1024&amp;ssl=1 888w, https:\/\/i0.wp.com\/minutocerord.com\/wp-content\/uploads\/2024\/09\/image-6.png?resize=260%2C300&amp;ssl=1 260w, https:\/\/i0.wp.com\/minutocerord.com\/wp-content\/uploads\/2024\/09\/image-6.png?resize=768%2C886&amp;ssl=1 768w, https:\/\/i0.wp.com\/minutocerord.com\/wp-content\/uploads\/2024\/09\/image-6.png?resize=364%2C420&amp;ssl=1 364w, https:\/\/i0.wp.com\/minutocerord.com\/wp-content\/uploads\/2024\/09\/image-6.png?resize=640%2C738&amp;ssl=1 640w, https:\/\/i0.wp.com\/minutocerord.com\/wp-content\/uploads\/2024\/09\/image-6.png?resize=681%2C786&amp;ssl=1 681w, https:\/\/i0.wp.com\/minutocerord.com\/wp-content\/uploads\/2024\/09\/image-6.png?w=1080&amp;ssl=1 1080w\" sizes=\"auto, (max-width: 640px) 100vw, 640px\" \/><\/figure>\n\n\n\n<figure class=\"wp-block-image size-large\"><img data-recalc-dims=\"1\" decoding=\"async\" width=\"640\" height=\"791\" loading=\"lazy\" src=\"https:\/\/i0.wp.com\/minutocerord.com\/wp-content\/uploads\/2024\/09\/image-7-828x1024.png?resize=640%2C791&#038;ssl=1\" alt=\"\" class=\"wp-image-20065\" srcset=\"https:\/\/i0.wp.com\/minutocerord.com\/wp-content\/uploads\/2024\/09\/image-7.png?resize=828%2C1024&amp;ssl=1 828w, https:\/\/i0.wp.com\/minutocerord.com\/wp-content\/uploads\/2024\/09\/image-7.png?resize=243%2C300&amp;ssl=1 243w, https:\/\/i0.wp.com\/minutocerord.com\/wp-content\/uploads\/2024\/09\/image-7.png?resize=768%2C950&amp;ssl=1 768w, https:\/\/i0.wp.com\/minutocerord.com\/wp-content\/uploads\/2024\/09\/image-7.png?resize=340%2C420&amp;ssl=1 340w, https:\/\/i0.wp.com\/minutocerord.com\/wp-content\/uploads\/2024\/09\/image-7.png?resize=640%2C792&amp;ssl=1 640w, https:\/\/i0.wp.com\/minutocerord.com\/wp-content\/uploads\/2024\/09\/image-7.png?resize=681%2C842&amp;ssl=1 681w, https:\/\/i0.wp.com\/minutocerord.com\/wp-content\/uploads\/2024\/09\/image-7.png?w=1080&amp;ssl=1 1080w\" sizes=\"auto, (max-width: 640px) 100vw, 640px\" \/><\/figure>\n","protected":false},"excerpt":{"rendered":"<p>SANTO DOMINGO.- El Partido de la Liberaci\u00f3n Dominicana (PLD), expulso de \u201cmanera deshonrosa\u201d a Carlos Amarante Baret, de las filas de esa organizaci\u00f3n pol\u00edtica. El tribunal disciplinario del PLD tom\u00f3 la decisi\u00f3n debido a que Amarante Baret estaba atentando contra la unidad de la organizaci\u00f3n pol\u00edtica mediante un proceso de persuasi\u00f3n a otros compa\u00f1eros para [&hellip;]<\/p>\n","protected":false},"author":1,"featured_media":20066,"comment_status":"open","ping_status":"open","sticky":false,"template":"","format":"standard","meta":{"nf_dc_page":"","jetpack_post_was_ever_published":false,"_jetpack_newsletter_access":"","_jetpack_dont_email_post_to_subs":false,"_jetpack_newsletter_tier_id":0,"_jetpack_memberships_contains_paywalled_content":false,"_jetpack_memberships_contains_paid_content":false,"footnotes":"","jetpack_publicize_message":"","jetpack_publicize_feature_enabled":true,"jetpack_social_post_already_shared":true,"jetpack_social_options":{"image_generator_settings":{"template":"highway","default_image_id":0,"font":"","enabled":false},"version":2}},"categories":[70],"tags":[],"class_list":["post-20062","post","type-post","status-publish","format-standard","has-post-thumbnail","hentry","category-politica"],"yoast_head":"<!-- This site is optimized with the Yoast SEO plugin v27.4 - https:\/\/yoast.com\/product\/yoast-seo-wordpress\/ -->\n<title>POLITICA | PLD expulsa a Carlos Amarante Baret - Minuto Cero RD<\/title>\n<meta name=\"robots\" content=\"index, follow, max-snippet:-1, max-image-preview:large, max-video-preview:-1\" \/>\n<link rel=\"canonical\" href=\"http:\/\/minutocerord.com\/?p=20062\" \/>\n<meta property=\"og:locale\" content=\"es_ES\" \/>\n<meta property=\"og:type\" content=\"article\" \/>\n<meta property=\"og:title\" content=\"POLITICA | PLD expulsa a Carlos Amarante Baret - Minuto Cero RD\" \/>\n<meta property=\"og:description\" content=\"SANTO DOMINGO.- El Partido de la Liberaci\u00f3n Dominicana (PLD), expulso de \u201cmanera deshonrosa\u201d a Carlos Amarante Baret, de las filas de esa organizaci\u00f3n pol\u00edtica. El tribunal disciplinario del PLD tom\u00f3 la decisi\u00f3n debido a que Amarante Baret estaba atentando contra la unidad de la organizaci\u00f3n pol\u00edtica mediante un proceso de persuasi\u00f3n a otros compa\u00f1eros para [&hellip;]\" \/>\n<meta property=\"og:url\" content=\"http:\/\/minutocerord.com\/?p=20062\" \/>\n<meta property=\"og:site_name\" content=\"Minuto Cero RD\" \/>\n<meta property=\"article:publisher\" content=\"https:\/\/www.facebook.com\/Genofnotes\" \/>\n<meta property=\"article:author\" content=\"https:\/\/www.facebook.com\/Genofnotes\" \/>\n<meta property=\"article:published_time\" content=\"2024-09-28T15:44:21+00:00\" \/>\n<meta property=\"article:modified_time\" content=\"2024-09-28T15:44:25+00:00\" \/>\n<meta property=\"og:image\" content=\"https:\/\/i0.wp.com\/minutocerord.com\/wp-content\/uploads\/2024\/09\/E2ADC509-BC32-4B33-B71F-2CDF434D7EA2-e1674479063883.jpg?fit=850%2C745\" \/>\n\t<meta property=\"og:image:width\" content=\"850\" \/>\n\t<meta property=\"og:image:height\" content=\"745\" \/>\n\t<meta property=\"og:image:type\" content=\"image\/jpeg\" \/>\n<meta name=\"author\" content=\"Genof\u00f3ntes Urb\u00e1ez\" \/>\n<meta name=\"twitter:card\" content=\"summary_large_image\" \/>\n<meta name=\"twitter:label1\" content=\"Written by\" \/>\n\t<meta name=\"twitter:data1\" content=\"Genof\u00f3ntes Urb\u00e1ez\" \/>\n\t<meta name=\"twitter:label2\" content=\"Est. reading time\" \/>\n\t<meta name=\"twitter:data2\" content=\"2 minutos\" \/>\n<script type=\"application\/ld+json\" class=\"yoast-schema-graph\">{\"@context\":\"https:\\\/\\\/schema.org\",\"@graph\":[{\"@type\":\"Article\",\"@id\":\"http:\\\/\\\/minutocerord.com\\\/?p=20062#article\",\"isPartOf\":{\"@id\":\"http:\\\/\\\/minutocerord.com\\\/?p=20062\"},\"author\":{\"name\":\"Genof\u00f3ntes Urb\u00e1ez\",\"@id\":\"https:\\\/\\\/minutocerord.com\\\/#\\\/schema\\\/person\\\/60b5372d60aaa0a5171fb6488be9aee6\"},\"headline\":\"POLITICA | PLD expulsa a Carlos Amarante Baret\",\"datePublished\":\"2024-09-28T15:44:21+00:00\",\"dateModified\":\"2024-09-28T15:44:25+00:00\",\"mainEntityOfPage\":{\"@id\":\"http:\\\/\\\/minutocerord.com\\\/?p=20062\"},\"wordCount\":94,\"commentCount\":0,\"publisher\":{\"@id\":\"https:\\\/\\\/minutocerord.com\\\/#\\\/schema\\\/person\\\/60b5372d60aaa0a5171fb6488be9aee6\"},\"image\":{\"@id\":\"http:\\\/\\\/minutocerord.com\\\/?p=20062#primaryimage\"},\"thumbnailUrl\":\"https:\\\/\\\/i0.wp.com\\\/minutocerord.com\\\/wp-content\\\/uploads\\\/2024\\\/09\\\/E2ADC509-BC32-4B33-B71F-2CDF434D7EA2-e1674479063883.jpg?fit=850%2C745&ssl=1\",\"articleSection\":[\"Pol\u00edtica\"],\"inLanguage\":\"es-DO\",\"potentialAction\":[{\"@type\":\"CommentAction\",\"name\":\"Comment\",\"target\":[\"http:\\\/\\\/minutocerord.com\\\/?p=20062#respond\"]}]},{\"@type\":\"WebPage\",\"@id\":\"http:\\\/\\\/minutocerord.com\\\/?p=20062\",\"url\":\"http:\\\/\\\/minutocerord.com\\\/?p=20062\",\"name\":\"POLITICA | PLD expulsa a Carlos Amarante Baret - Minuto Cero RD\",\"isPartOf\":{\"@id\":\"https:\\\/\\\/minutocerord.com\\\/#website\"},\"primaryImageOfPage\":{\"@id\":\"http:\\\/\\\/minutocerord.com\\\/?p=20062#primaryimage\"},\"image\":{\"@id\":\"http:\\\/\\\/minutocerord.com\\\/?p=20062#primaryimage\"},\"thumbnailUrl\":\"https:\\\/\\\/i0.wp.com\\\/minutocerord.com\\\/wp-content\\\/uploads\\\/2024\\\/09\\\/E2ADC509-BC32-4B33-B71F-2CDF434D7EA2-e1674479063883.jpg?fit=850%2C745&ssl=1\",\"datePublished\":\"2024-09-28T15:44:21+00:00\",\"dateModified\":\"2024-09-28T15:44:25+00:00\",\"breadcrumb\":{\"@id\":\"http:\\\/\\\/minutocerord.com\\\/?p=20062#breadcrumb\"},\"inLanguage\":\"es-DO\",\"potentialAction\":[{\"@type\":\"ReadAction\",\"target\":[\"http:\\\/\\\/minutocerord.com\\\/?p=20062\"]}]},{\"@type\":\"ImageObject\",\"inLanguage\":\"es-DO\",\"@id\":\"http:\\\/\\\/minutocerord.com\\\/?p=20062#primaryimage\",\"url\":\"https:\\\/\\\/i0.wp.com\\\/minutocerord.com\\\/wp-content\\\/uploads\\\/2024\\\/09\\\/E2ADC509-BC32-4B33-B71F-2CDF434D7EA2-e1674479063883.jpg?fit=850%2C745&ssl=1\",\"contentUrl\":\"https:\\\/\\\/i0.wp.com\\\/minutocerord.com\\\/wp-content\\\/uploads\\\/2024\\\/09\\\/E2ADC509-BC32-4B33-B71F-2CDF434D7EA2-e1674479063883.jpg?fit=850%2C745&ssl=1\",\"width\":850,\"height\":745,\"caption\":\"Carlos Amarante Baret\"},{\"@type\":\"BreadcrumbList\",\"@id\":\"http:\\\/\\\/minutocerord.com\\\/?p=20062#breadcrumb\",\"itemListElement\":[{\"@type\":\"ListItem\",\"position\":1,\"name\":\"Home\",\"item\":\"https:\\\/\\\/minutocerord.com\\\/\"},{\"@type\":\"ListItem\",\"position\":2,\"name\":\"POLITICA | PLD expulsa a Carlos Amarante Baret\"}]},{\"@type\":\"WebSite\",\"@id\":\"https:\\\/\\\/minutocerord.com\\\/#website\",\"url\":\"https:\\\/\\\/minutocerord.com\\\/\",\"name\":\"Minuto Cero RD\",\"description\":\"Periodismo serio y veraz\",\"publisher\":{\"@id\":\"https:\\\/\\\/minutocerord.com\\\/#\\\/schema\\\/person\\\/60b5372d60aaa0a5171fb6488be9aee6\"},\"potentialAction\":[{\"@type\":\"SearchAction\",\"target\":{\"@type\":\"EntryPoint\",\"urlTemplate\":\"https:\\\/\\\/minutocerord.com\\\/?s={search_term_string}\"},\"query-input\":{\"@type\":\"PropertyValueSpecification\",\"valueRequired\":true,\"valueName\":\"search_term_string\"}}],\"inLanguage\":\"es-DO\"},{\"@type\":[\"Person\",\"Organization\"],\"@id\":\"https:\\\/\\\/minutocerord.com\\\/#\\\/schema\\\/person\\\/60b5372d60aaa0a5171fb6488be9aee6\",\"name\":\"Genof\u00f3ntes Urb\u00e1ez\",\"image\":{\"@type\":\"ImageObject\",\"inLanguage\":\"es-DO\",\"@id\":\"https:\\\/\\\/secure.gravatar.com\\\/avatar\\\/a49ef3186a692098ac3e8a1612261e3ad70cf9e44553dff2929e67939a0ecb9d?s=96&d=identicon&r=g\",\"url\":\"https:\\\/\\\/secure.gravatar.com\\\/avatar\\\/a49ef3186a692098ac3e8a1612261e3ad70cf9e44553dff2929e67939a0ecb9d?s=96&d=identicon&r=g\",\"contentUrl\":\"https:\\\/\\\/secure.gravatar.com\\\/avatar\\\/a49ef3186a692098ac3e8a1612261e3ad70cf9e44553dff2929e67939a0ecb9d?s=96&d=identicon&r=g\",\"caption\":\"Genof\u00f3ntes Urb\u00e1ez\"},\"logo\":{\"@id\":\"https:\\\/\\\/secure.gravatar.com\\\/avatar\\\/a49ef3186a692098ac3e8a1612261e3ad70cf9e44553dff2929e67939a0ecb9d?s=96&d=identicon&r=g\"},\"description\":\"Periodista \\\/ Locutor\",\"sameAs\":[\"https:\\\/\\\/www.facebook.com\\\/Genofnotes\",\"https:\\\/\\\/www.instagram.com\\\/genofnotes\\\/\"]}]}<\/script>\n<!-- \/ Yoast SEO plugin. -->","yoast_head_json":{"title":"POLITICA | PLD expulsa a Carlos Amarante Baret - Minuto Cero RD","robots":{"index":"index","follow":"follow","max-snippet":"max-snippet:-1","max-image-preview":"max-image-preview:large","max-video-preview":"max-video-preview:-1"},"canonical":"http:\/\/minutocerord.com\/?p=20062","og_locale":"es_ES","og_type":"article","og_title":"POLITICA | PLD expulsa a Carlos Amarante Baret - Minuto Cero RD","og_description":"SANTO DOMINGO.- El Partido de la Liberaci\u00f3n Dominicana (PLD), expulso de \u201cmanera deshonrosa\u201d a Carlos Amarante Baret, de las filas de esa organizaci\u00f3n pol\u00edtica. El tribunal disciplinario del PLD tom\u00f3 la decisi\u00f3n debido a que Amarante Baret estaba atentando contra la unidad de la organizaci\u00f3n pol\u00edtica mediante un proceso de persuasi\u00f3n a otros compa\u00f1eros para [&hellip;]","og_url":"http:\/\/minutocerord.com\/?p=20062","og_site_name":"Minuto Cero RD","article_publisher":"https:\/\/www.facebook.com\/Genofnotes","article_author":"https:\/\/www.facebook.com\/Genofnotes","article_published_time":"2024-09-28T15:44:21+00:00","article_modified_time":"2024-09-28T15:44:25+00:00","og_image":[{"width":850,"height":745,"url":"https:\/\/i0.wp.com\/minutocerord.com\/wp-content\/uploads\/2024\/09\/E2ADC509-BC32-4B33-B71F-2CDF434D7EA2-e1674479063883.jpg?fit=850%2C745","type":"image\/jpeg"}],"author":"Genof\u00f3ntes Urb\u00e1ez","twitter_card":"summary_large_image","twitter_misc":{"Written by":"Genof\u00f3ntes Urb\u00e1ez","Est. reading time":"2 minutos"},"schema":{"@context":"https:\/\/schema.org","@graph":[{"@type":"Article","@id":"http:\/\/minutocerord.com\/?p=20062#article","isPartOf":{"@id":"http:\/\/minutocerord.com\/?p=20062"},"author":{"name":"Genof\u00f3ntes Urb\u00e1ez","@id":"https:\/\/minutocerord.com\/#\/schema\/person\/60b5372d60aaa0a5171fb6488be9aee6"},"headline":"POLITICA | PLD expulsa a Carlos Amarante Baret","datePublished":"2024-09-28T15:44:21+00:00","dateModified":"2024-09-28T15:44:25+00:00","mainEntityOfPage":{"@id":"http:\/\/minutocerord.com\/?p=20062"},"wordCount":94,"commentCount":0,"publisher":{"@id":"https:\/\/minutocerord.com\/#\/schema\/person\/60b5372d60aaa0a5171fb6488be9aee6"},"image":{"@id":"http:\/\/minutocerord.com\/?p=20062#primaryimage"},"thumbnailUrl":"https:\/\/i0.wp.com\/minutocerord.com\/wp-content\/uploads\/2024\/09\/E2ADC509-BC32-4B33-B71F-2CDF434D7EA2-e1674479063883.jpg?fit=850%2C745&ssl=1","articleSection":["Pol\u00edtica"],"inLanguage":"es-DO","potentialAction":[{"@type":"CommentAction","name":"Comment","target":["http:\/\/minutocerord.com\/?p=20062#respond"]}]},{"@type":"WebPage","@id":"http:\/\/minutocerord.com\/?p=20062","url":"http:\/\/minutocerord.com\/?p=20062","name":"POLITICA | PLD expulsa a Carlos Amarante Baret - Minuto Cero RD","isPartOf":{"@id":"https:\/\/minutocerord.com\/#website"},"primaryImageOfPage":{"@id":"http:\/\/minutocerord.com\/?p=20062#primaryimage"},"image":{"@id":"http:\/\/minutocerord.com\/?p=20062#primaryimage"},"thumbnailUrl":"https:\/\/i0.wp.com\/minutocerord.com\/wp-content\/uploads\/2024\/09\/E2ADC509-BC32-4B33-B71F-2CDF434D7EA2-e1674479063883.jpg?fit=850%2C745&ssl=1","datePublished":"2024-09-28T15:44:21+00:00","dateModified":"2024-09-28T15:44:25+00:00","breadcrumb":{"@id":"http:\/\/minutocerord.com\/?p=20062#breadcrumb"},"inLanguage":"es-DO","potentialAction":[{"@type":"ReadAction","target":["http:\/\/minutocerord.com\/?p=20062"]}]},{"@type":"ImageObject","inLanguage":"es-DO","@id":"http:\/\/minutocerord.com\/?p=20062#primaryimage","url":"https:\/\/i0.wp.com\/minutocerord.com\/wp-content\/uploads\/2024\/09\/E2ADC509-BC32-4B33-B71F-2CDF434D7EA2-e1674479063883.jpg?fit=850%2C745&ssl=1","contentUrl":"https:\/\/i0.wp.com\/minutocerord.com\/wp-content\/uploads\/2024\/09\/E2ADC509-BC32-4B33-B71F-2CDF434D7EA2-e1674479063883.jpg?fit=850%2C745&ssl=1","width":850,"height":745,"caption":"Carlos Amarante Baret"},{"@type":"BreadcrumbList","@id":"http:\/\/minutocerord.com\/?p=20062#breadcrumb","itemListElement":[{"@type":"ListItem","position":1,"name":"Home","item":"https:\/\/minutocerord.com\/"},{"@type":"ListItem","position":2,"name":"POLITICA | PLD expulsa a Carlos Amarante Baret"}]},{"@type":"WebSite","@id":"https:\/\/minutocerord.com\/#website","url":"https:\/\/minutocerord.com\/","name":"Minuto Cero RD","description":"Periodismo serio y veraz","publisher":{"@id":"https:\/\/minutocerord.com\/#\/schema\/person\/60b5372d60aaa0a5171fb6488be9aee6"},"potentialAction":[{"@type":"SearchAction","target":{"@type":"EntryPoint","urlTemplate":"https:\/\/minutocerord.com\/?s={search_term_string}"},"query-input":{"@type":"PropertyValueSpecification","valueRequired":true,"valueName":"search_term_string"}}],"inLanguage":"es-DO"},{"@type":["Person","Organization"],"@id":"https:\/\/minutocerord.com\/#\/schema\/person\/60b5372d60aaa0a5171fb6488be9aee6","name":"Genof\u00f3ntes Urb\u00e1ez","image":{"@type":"ImageObject","inLanguage":"es-DO","@id":"https:\/\/secure.gravatar.com\/avatar\/a49ef3186a692098ac3e8a1612261e3ad70cf9e44553dff2929e67939a0ecb9d?s=96&d=identicon&r=g","url":"https:\/\/secure.gravatar.com\/avatar\/a49ef3186a692098ac3e8a1612261e3ad70cf9e44553dff2929e67939a0ecb9d?s=96&d=identicon&r=g","contentUrl":"https:\/\/secure.gravatar.com\/avatar\/a49ef3186a692098ac3e8a1612261e3ad70cf9e44553dff2929e67939a0ecb9d?s=96&d=identicon&r=g","caption":"Genof\u00f3ntes Urb\u00e1ez"},"logo":{"@id":"https:\/\/secure.gravatar.com\/avatar\/a49ef3186a692098ac3e8a1612261e3ad70cf9e44553dff2929e67939a0ecb9d?s=96&d=identicon&r=g"},"description":"Periodista \/ Locutor","sameAs":["https:\/\/www.facebook.com\/Genofnotes","https:\/\/www.instagram.com\/genofnotes\/"]}]}},"jetpack_publicize_connections":[],"jetpack_featured_media_url":"https:\/\/i0.wp.com\/minutocerord.com\/wp-content\/uploads\/2024\/09\/E2ADC509-BC32-4B33-B71F-2CDF434D7EA2-e1674479063883.jpg?fit=850%2C745&ssl=1","jetpack-related-posts":[],"jetpack_sharing_enabled":true,"_links":{"self":[{"href":"https:\/\/minutocerord.com\/index.php?rest_route=\/wp\/v2\/posts\/20062","targetHints":{"allow":["GET"]}}],"collection":[{"href":"https:\/\/minutocerord.com\/index.php?rest_route=\/wp\/v2\/posts"}],"about":[{"href":"https:\/\/minutocerord.com\/index.php?rest_route=\/wp\/v2\/types\/post"}],"author":[{"embeddable":true,"href":"https:\/\/minutocerord.com\/index.php?rest_route=\/wp\/v2\/users\/1"}],"replies":[{"embeddable":true,"href":"https:\/\/minutocerord.com\/index.php?rest_route=%2Fwp%2Fv2%2Fcomments&post=20062"}],"version-history":[{"count":1,"href":"https:\/\/minutocerord.com\/index.php?rest_route=\/wp\/v2\/posts\/20062\/revisions"}],"predecessor-version":[{"id":20067,"href":"https:\/\/minutocerord.com\/index.php?rest_route=\/wp\/v2\/posts\/20062\/revisions\/20067"}],"wp:featuredmedia":[{"embeddable":true,"href":"https:\/\/minutocerord.com\/index.php?rest_route=\/wp\/v2\/media\/20066"}],"wp:attachment":[{"href":"https:\/\/minutocerord.com\/index.php?rest_route=%2Fwp%2Fv2%2Fmedia&parent=20062"}],"wp:term":[{"taxonomy":"category","embeddable":true,"href":"https:\/\/minutocerord.com\/index.php?rest_route=%2Fwp%2Fv2%2Fcategories&post=20062"},{"taxonomy":"post_tag","embeddable":true,"href":"https:\/\/minutocerord.com\/index.php?rest_route=%2Fwp%2Fv2%2Ftags&post=20062"}],"curies":[{"name":"wp","href":"https:\/\/api.w.org\/{rel}","templated":true}]}}