{"id":20068,"date":"2024-09-28T14:51:37","date_gmt":"2024-09-28T18:51:37","guid":{"rendered":"https:\/\/minutocerord.com\/?p=20068"},"modified":"2024-09-28T14:51:40","modified_gmt":"2024-09-28T18:51:40","slug":"economicas-congreso-recibe-presupuesto-del-estado-por-14-billones-de-pesos","status":"publish","type":"post","link":"https:\/\/minutocerord.com\/?p=20068","title":{"rendered":"ECON\u00d3MICAS | Congreso recibe Presupuesto del Estado por 1,4 billones de pesos"},"content":{"rendered":"\n<p class=\"\"><a href=\"https:\/\/almomento.net\/wp-content\/uploads\/2024\/08\/Congreso-Nacional-con-banderas-e1723809655795.jpg\"><\/a><strong>Santo Domingo, RD.-<\/strong> El Poder Ejecutivo, a trav\u00e9s del Ministerio de Hacienda, deposit\u00f3 ante el Congreso Nacional el proyecto de Ley de Presupuesto General del Estado para 2025, el cual contempla gastos por algo m\u00e1s de 1,4 billones de pesos, inform\u00f3 este s\u00e1bado esa cartera.<\/p>\n\n\n\n<p class=\"\">El proyecto de Ley de Presupuesto General del Estado para el pr\u00f3ximo a\u00f1o plantea un d\u00e9ficit fiscal de 242,869.9 millones de pesos, equivalente a un 3.0 % del PIB, lo que supone el sostenimiento de la reducci\u00f3n del d\u00e9ficit p\u00fablico, dijo este s\u00e1bado el Ministerio de Hacienda en un documento, en el que precis\u00f3 que la entrega al Congreso se produjo la noche de ayer.<\/p>\n\n\n\n<p class=\"\">En t\u00e9rminos de ingresos, el Gobierno estima que estos asciendan a 1,241,364.7 millones, representando el 15.3 % del producto interno bruto (PIB), \u00abgracias a los esfuerzos administrativos\u00bb para elevar el nivel de cumplimiento de las obligaciones tributarias y al mantenimiento del contexto macroecon\u00f3mico favorable, destac\u00f3 hoy el Ministerio de Hacienda, al indicar que la entrega al Congreso se produjo la noche de este viernes.<\/p>\n\n\n\n<p class=\"\"><strong>18.3 % DEL PIB<\/strong><\/p>\n\n\n\n<p class=\"\">En lo que concierte al gasto, cuyo monto equivale al 18.3 % del PIB estimado, el presupuesto tiene como objetivo primordial asegurar el desarrollo inclusivo y sostenible del pa\u00eds, dando prioridad a las necesidades esenciales de la ciudadan\u00eda, tales como salud, educaci\u00f3n, empleo, asistencia social, transporte y seguridad.<\/p>\n\n\n\n<p class=\"\">Planteada una plena integraci\u00f3n institucional del sistema educativo, el documento contempla una asignaci\u00f3n de recursos del 4.10 % del PIB a los \u00f3rganos rectores del sector, medida que facilitar\u00e1 la implementaci\u00f3n de pol\u00edticas educativas integrales, eliminando la fragmentaci\u00f3n que actualmente dificulta la coordinaci\u00f3n entre los diversos niveles de ense\u00f1anza, a\u00f1adi\u00f3 el documento.<\/p>\n\n\n\n<p class=\"\"><strong>REDUCCION GASTO CORRIENTE<\/strong><\/p>\n\n\n\n<p class=\"\">\u00abEstamos eficientizando el uso de los recursos, reduciendo el gasto corriente derivado de la duplicidad de funciones y garantizando una inversi\u00f3n adecuada en capital para proporcionar entornos educativos de calidad\u00bb, precis\u00f3 el Ejecutivo en su carta de remisi\u00f3n del Presupuesto.<\/p>\n\n\n\n<p class=\"\">Asimismo, incluye el reforzamiento de los servicios econ\u00f3micos con el impulso de proyectos de desarrollo tur\u00edstico en puntos geogr\u00e1ficos estrat\u00e9gicos, provee los recursos para continuar la construcci\u00f3n de un sistema integrado de transporte en Santiago y Santo Domingo y reafirma el compromiso del Gobierno con la seguridad ciudadana, destinando los recursos necesarios para acentuar la reforma policial.<\/p>\n\n\n\n<p class=\"\">\u00abLa pol\u00edtica de gasto de 2025 prioriza la inclusi\u00f3n social y la calidad de vida de las familias dominicanas, protegiendo su capacidad de consumo y sus medios de vida. En protecci\u00f3n social, se mantendr\u00e1 el alcance de mill\u00f3n y medio de familias vulnerables beneficiarias del programa Sup\u00e9rate, reduciendo la desigualdad social y la pobreza multidimensional\u00bb, establece el documento, que deber\u00e1 ser debatido por el Senado y la C\u00e1mara de Diputados.EFE<\/p>\n","protected":false},"excerpt":{"rendered":"<p>Santo Domingo, RD.- El Poder Ejecutivo, a trav\u00e9s del Ministerio de Hacienda, deposit\u00f3 ante el Congreso Nacional el proyecto de Ley de Presupuesto General del Estado para 2025, el cual contempla gastos por algo m\u00e1s de 1,4 billones de pesos, inform\u00f3 este s\u00e1bado esa cartera. El proyecto de Ley de Presupuesto General del Estado para [&hellip;]<\/p>\n","protected":false},"author":1,"featured_media":20069,"comment_status":"open","ping_status":"open","sticky":false,"template":"","format":"standard","meta":{"nf_dc_page":"","jetpack_post_was_ever_published":false,"_jetpack_newsletter_access":"","_jetpack_dont_email_post_to_subs":false,"_jetpack_newsletter_tier_id":0,"_jetpack_memberships_contains_paywalled_content":false,"_jetpack_memberships_contains_paid_content":false,"footnotes":"","jetpack_publicize_message":"","jetpack_publicize_feature_enabled":true,"jetpack_social_post_already_shared":true,"jetpack_social_options":{"image_generator_settings":{"template":"highway","default_image_id":0,"font":"","enabled":false},"version":2}},"categories":[74],"tags":[],"class_list":["post-20068","post","type-post","status-publish","format-standard","has-post-thumbnail","hentry","category-economicas"],"yoast_head":"<!-- This site is optimized with the Yoast SEO plugin v27.4 - https:\/\/yoast.com\/product\/yoast-seo-wordpress\/ -->\n<title>ECON\u00d3MICAS | Congreso recibe Presupuesto del Estado por 1,4 billones de pesos - Minuto Cero RD<\/title>\n<meta name=\"robots\" content=\"index, follow, max-snippet:-1, max-image-preview:large, max-video-preview:-1\" \/>\n<link rel=\"canonical\" href=\"http:\/\/minutocerord.com\/?p=20068\" \/>\n<meta property=\"og:locale\" content=\"es_ES\" \/>\n<meta property=\"og:type\" content=\"article\" \/>\n<meta property=\"og:title\" content=\"ECON\u00d3MICAS | Congreso recibe Presupuesto del Estado por 1,4 billones de pesos - Minuto Cero RD\" \/>\n<meta property=\"og:description\" content=\"Santo Domingo, RD.- El Poder Ejecutivo, a trav\u00e9s del Ministerio de Hacienda, deposit\u00f3 ante el Congreso Nacional el proyecto de Ley de Presupuesto General del Estado para 2025, el cual contempla gastos por algo m\u00e1s de 1,4 billones de pesos, inform\u00f3 este s\u00e1bado esa cartera. El proyecto de Ley de Presupuesto General del Estado para [&hellip;]\" \/>\n<meta property=\"og:url\" content=\"http:\/\/minutocerord.com\/?p=20068\" \/>\n<meta property=\"og:site_name\" content=\"Minuto Cero RD\" \/>\n<meta property=\"article:publisher\" content=\"https:\/\/www.facebook.com\/Genofnotes\" \/>\n<meta property=\"article:author\" content=\"https:\/\/www.facebook.com\/Genofnotes\" \/>\n<meta property=\"article:published_time\" content=\"2024-09-28T18:51:37+00:00\" \/>\n<meta property=\"article:modified_time\" content=\"2024-09-28T18:51:40+00:00\" \/>\n<meta property=\"og:image\" content=\"https:\/\/i0.wp.com\/minutocerord.com\/wp-content\/uploads\/2024\/09\/Congreso-Nacional-con-banderas-e1723809655795-1.jpg?fit=890%2C550\" \/>\n\t<meta property=\"og:image:width\" content=\"890\" \/>\n\t<meta property=\"og:image:height\" content=\"550\" \/>\n\t<meta property=\"og:image:type\" content=\"image\/jpeg\" \/>\n<meta name=\"author\" content=\"Genof\u00f3ntes Urb\u00e1ez\" \/>\n<meta name=\"twitter:card\" content=\"summary_large_image\" \/>\n<meta name=\"twitter:label1\" content=\"Written by\" \/>\n\t<meta name=\"twitter:data1\" content=\"Genof\u00f3ntes Urb\u00e1ez\" \/>\n\t<meta name=\"twitter:label2\" content=\"Est. reading time\" \/>\n\t<meta name=\"twitter:data2\" content=\"3 minutos\" \/>\n<script type=\"application\/ld+json\" class=\"yoast-schema-graph\">{\"@context\":\"https:\\\/\\\/schema.org\",\"@graph\":[{\"@type\":\"Article\",\"@id\":\"http:\\\/\\\/minutocerord.com\\\/?p=20068#article\",\"isPartOf\":{\"@id\":\"http:\\\/\\\/minutocerord.com\\\/?p=20068\"},\"author\":{\"name\":\"Genof\u00f3ntes Urb\u00e1ez\",\"@id\":\"https:\\\/\\\/minutocerord.com\\\/#\\\/schema\\\/person\\\/60b5372d60aaa0a5171fb6488be9aee6\"},\"headline\":\"ECON\u00d3MICAS | Congreso recibe Presupuesto del Estado por 1,4 billones de pesos\",\"datePublished\":\"2024-09-28T18:51:37+00:00\",\"dateModified\":\"2024-09-28T18:51:40+00:00\",\"mainEntityOfPage\":{\"@id\":\"http:\\\/\\\/minutocerord.com\\\/?p=20068\"},\"wordCount\":482,\"commentCount\":0,\"publisher\":{\"@id\":\"https:\\\/\\\/minutocerord.com\\\/#\\\/schema\\\/person\\\/60b5372d60aaa0a5171fb6488be9aee6\"},\"image\":{\"@id\":\"http:\\\/\\\/minutocerord.com\\\/?p=20068#primaryimage\"},\"thumbnailUrl\":\"https:\\\/\\\/i0.wp.com\\\/minutocerord.com\\\/wp-content\\\/uploads\\\/2024\\\/09\\\/Congreso-Nacional-con-banderas-e1723809655795-1.jpg?fit=890%2C550&ssl=1\",\"articleSection\":[\"Econ\u00f3micas\"],\"inLanguage\":\"es-DO\",\"potentialAction\":[{\"@type\":\"CommentAction\",\"name\":\"Comment\",\"target\":[\"http:\\\/\\\/minutocerord.com\\\/?p=20068#respond\"]}]},{\"@type\":\"WebPage\",\"@id\":\"http:\\\/\\\/minutocerord.com\\\/?p=20068\",\"url\":\"http:\\\/\\\/minutocerord.com\\\/?p=20068\",\"name\":\"ECON\u00d3MICAS | Congreso recibe Presupuesto del Estado por 1,4 billones de pesos - Minuto Cero RD\",\"isPartOf\":{\"@id\":\"https:\\\/\\\/minutocerord.com\\\/#website\"},\"primaryImageOfPage\":{\"@id\":\"http:\\\/\\\/minutocerord.com\\\/?p=20068#primaryimage\"},\"image\":{\"@id\":\"http:\\\/\\\/minutocerord.com\\\/?p=20068#primaryimage\"},\"thumbnailUrl\":\"https:\\\/\\\/i0.wp.com\\\/minutocerord.com\\\/wp-content\\\/uploads\\\/2024\\\/09\\\/Congreso-Nacional-con-banderas-e1723809655795-1.jpg?fit=890%2C550&ssl=1\",\"datePublished\":\"2024-09-28T18:51:37+00:00\",\"dateModified\":\"2024-09-28T18:51:40+00:00\",\"breadcrumb\":{\"@id\":\"http:\\\/\\\/minutocerord.com\\\/?p=20068#breadcrumb\"},\"inLanguage\":\"es-DO\",\"potentialAction\":[{\"@type\":\"ReadAction\",\"target\":[\"http:\\\/\\\/minutocerord.com\\\/?p=20068\"]}]},{\"@type\":\"ImageObject\",\"inLanguage\":\"es-DO\",\"@id\":\"http:\\\/\\\/minutocerord.com\\\/?p=20068#primaryimage\",\"url\":\"https:\\\/\\\/i0.wp.com\\\/minutocerord.com\\\/wp-content\\\/uploads\\\/2024\\\/09\\\/Congreso-Nacional-con-banderas-e1723809655795-1.jpg?fit=890%2C550&ssl=1\",\"contentUrl\":\"https:\\\/\\\/i0.wp.com\\\/minutocerord.com\\\/wp-content\\\/uploads\\\/2024\\\/09\\\/Congreso-Nacional-con-banderas-e1723809655795-1.jpg?fit=890%2C550&ssl=1\",\"width\":890,\"height\":550,\"caption\":\"Congreso Nacional RD\"},{\"@type\":\"BreadcrumbList\",\"@id\":\"http:\\\/\\\/minutocerord.com\\\/?p=20068#breadcrumb\",\"itemListElement\":[{\"@type\":\"ListItem\",\"position\":1,\"name\":\"Home\",\"item\":\"https:\\\/\\\/minutocerord.com\\\/\"},{\"@type\":\"ListItem\",\"position\":2,\"name\":\"ECON\u00d3MICAS | Congreso recibe Presupuesto del Estado por 1,4 billones de pesos\"}]},{\"@type\":\"WebSite\",\"@id\":\"https:\\\/\\\/minutocerord.com\\\/#website\",\"url\":\"https:\\\/\\\/minutocerord.com\\\/\",\"name\":\"Minuto Cero RD\",\"description\":\"Periodismo serio y veraz\",\"publisher\":{\"@id\":\"https:\\\/\\\/minutocerord.com\\\/#\\\/schema\\\/person\\\/60b5372d60aaa0a5171fb6488be9aee6\"},\"potentialAction\":[{\"@type\":\"SearchAction\",\"target\":{\"@type\":\"EntryPoint\",\"urlTemplate\":\"https:\\\/\\\/minutocerord.com\\\/?s={search_term_string}\"},\"query-input\":{\"@type\":\"PropertyValueSpecification\",\"valueRequired\":true,\"valueName\":\"search_term_string\"}}],\"inLanguage\":\"es-DO\"},{\"@type\":[\"Person\",\"Organization\"],\"@id\":\"https:\\\/\\\/minutocerord.com\\\/#\\\/schema\\\/person\\\/60b5372d60aaa0a5171fb6488be9aee6\",\"name\":\"Genof\u00f3ntes Urb\u00e1ez\",\"image\":{\"@type\":\"ImageObject\",\"inLanguage\":\"es-DO\",\"@id\":\"https:\\\/\\\/secure.gravatar.com\\\/avatar\\\/a49ef3186a692098ac3e8a1612261e3ad70cf9e44553dff2929e67939a0ecb9d?s=96&d=identicon&r=g\",\"url\":\"https:\\\/\\\/secure.gravatar.com\\\/avatar\\\/a49ef3186a692098ac3e8a1612261e3ad70cf9e44553dff2929e67939a0ecb9d?s=96&d=identicon&r=g\",\"contentUrl\":\"https:\\\/\\\/secure.gravatar.com\\\/avatar\\\/a49ef3186a692098ac3e8a1612261e3ad70cf9e44553dff2929e67939a0ecb9d?s=96&d=identicon&r=g\",\"caption\":\"Genof\u00f3ntes Urb\u00e1ez\"},\"logo\":{\"@id\":\"https:\\\/\\\/secure.gravatar.com\\\/avatar\\\/a49ef3186a692098ac3e8a1612261e3ad70cf9e44553dff2929e67939a0ecb9d?s=96&d=identicon&r=g\"},\"description\":\"Periodista \\\/ Locutor\",\"sameAs\":[\"https:\\\/\\\/www.facebook.com\\\/Genofnotes\",\"https:\\\/\\\/www.instagram.com\\\/genofnotes\\\/\"]}]}<\/script>\n<!-- \/ Yoast SEO plugin. -->","yoast_head_json":{"title":"ECON\u00d3MICAS | Congreso recibe Presupuesto del Estado por 1,4 billones de pesos - Minuto Cero RD","robots":{"index":"index","follow":"follow","max-snippet":"max-snippet:-1","max-image-preview":"max-image-preview:large","max-video-preview":"max-video-preview:-1"},"canonical":"http:\/\/minutocerord.com\/?p=20068","og_locale":"es_ES","og_type":"article","og_title":"ECON\u00d3MICAS | Congreso recibe Presupuesto del Estado por 1,4 billones de pesos - Minuto Cero RD","og_description":"Santo Domingo, RD.- El Poder Ejecutivo, a trav\u00e9s del Ministerio de Hacienda, deposit\u00f3 ante el Congreso Nacional el proyecto de Ley de Presupuesto General del Estado para 2025, el cual contempla gastos por algo m\u00e1s de 1,4 billones de pesos, inform\u00f3 este s\u00e1bado esa cartera. El proyecto de Ley de Presupuesto General del Estado para [&hellip;]","og_url":"http:\/\/minutocerord.com\/?p=20068","og_site_name":"Minuto Cero RD","article_publisher":"https:\/\/www.facebook.com\/Genofnotes","article_author":"https:\/\/www.facebook.com\/Genofnotes","article_published_time":"2024-09-28T18:51:37+00:00","article_modified_time":"2024-09-28T18:51:40+00:00","og_image":[{"width":890,"height":550,"url":"https:\/\/i0.wp.com\/minutocerord.com\/wp-content\/uploads\/2024\/09\/Congreso-Nacional-con-banderas-e1723809655795-1.jpg?fit=890%2C550","type":"image\/jpeg"}],"author":"Genof\u00f3ntes Urb\u00e1ez","twitter_card":"summary_large_image","twitter_misc":{"Written by":"Genof\u00f3ntes Urb\u00e1ez","Est. reading time":"3 minutos"},"schema":{"@context":"https:\/\/schema.org","@graph":[{"@type":"Article","@id":"http:\/\/minutocerord.com\/?p=20068#article","isPartOf":{"@id":"http:\/\/minutocerord.com\/?p=20068"},"author":{"name":"Genof\u00f3ntes Urb\u00e1ez","@id":"https:\/\/minutocerord.com\/#\/schema\/person\/60b5372d60aaa0a5171fb6488be9aee6"},"headline":"ECON\u00d3MICAS | Congreso recibe Presupuesto del Estado por 1,4 billones de pesos","datePublished":"2024-09-28T18:51:37+00:00","dateModified":"2024-09-28T18:51:40+00:00","mainEntityOfPage":{"@id":"http:\/\/minutocerord.com\/?p=20068"},"wordCount":482,"commentCount":0,"publisher":{"@id":"https:\/\/minutocerord.com\/#\/schema\/person\/60b5372d60aaa0a5171fb6488be9aee6"},"image":{"@id":"http:\/\/minutocerord.com\/?p=20068#primaryimage"},"thumbnailUrl":"https:\/\/i0.wp.com\/minutocerord.com\/wp-content\/uploads\/2024\/09\/Congreso-Nacional-con-banderas-e1723809655795-1.jpg?fit=890%2C550&ssl=1","articleSection":["Econ\u00f3micas"],"inLanguage":"es-DO","potentialAction":[{"@type":"CommentAction","name":"Comment","target":["http:\/\/minutocerord.com\/?p=20068#respond"]}]},{"@type":"WebPage","@id":"http:\/\/minutocerord.com\/?p=20068","url":"http:\/\/minutocerord.com\/?p=20068","name":"ECON\u00d3MICAS | Congreso recibe Presupuesto del Estado por 1,4 billones de pesos - Minuto Cero RD","isPartOf":{"@id":"https:\/\/minutocerord.com\/#website"},"primaryImageOfPage":{"@id":"http:\/\/minutocerord.com\/?p=20068#primaryimage"},"image":{"@id":"http:\/\/minutocerord.com\/?p=20068#primaryimage"},"thumbnailUrl":"https:\/\/i0.wp.com\/minutocerord.com\/wp-content\/uploads\/2024\/09\/Congreso-Nacional-con-banderas-e1723809655795-1.jpg?fit=890%2C550&ssl=1","datePublished":"2024-09-28T18:51:37+00:00","dateModified":"2024-09-28T18:51:40+00:00","breadcrumb":{"@id":"http:\/\/minutocerord.com\/?p=20068#breadcrumb"},"inLanguage":"es-DO","potentialAction":[{"@type":"ReadAction","target":["http:\/\/minutocerord.com\/?p=20068"]}]},{"@type":"ImageObject","inLanguage":"es-DO","@id":"http:\/\/minutocerord.com\/?p=20068#primaryimage","url":"https:\/\/i0.wp.com\/minutocerord.com\/wp-content\/uploads\/2024\/09\/Congreso-Nacional-con-banderas-e1723809655795-1.jpg?fit=890%2C550&ssl=1","contentUrl":"https:\/\/i0.wp.com\/minutocerord.com\/wp-content\/uploads\/2024\/09\/Congreso-Nacional-con-banderas-e1723809655795-1.jpg?fit=890%2C550&ssl=1","width":890,"height":550,"caption":"Congreso Nacional RD"},{"@type":"BreadcrumbList","@id":"http:\/\/minutocerord.com\/?p=20068#breadcrumb","itemListElement":[{"@type":"ListItem","position":1,"name":"Home","item":"https:\/\/minutocerord.com\/"},{"@type":"ListItem","position":2,"name":"ECON\u00d3MICAS | Congreso recibe Presupuesto del Estado por 1,4 billones de pesos"}]},{"@type":"WebSite","@id":"https:\/\/minutocerord.com\/#website","url":"https:\/\/minutocerord.com\/","name":"Minuto Cero RD","description":"Periodismo serio y veraz","publisher":{"@id":"https:\/\/minutocerord.com\/#\/schema\/person\/60b5372d60aaa0a5171fb6488be9aee6"},"potentialAction":[{"@type":"SearchAction","target":{"@type":"EntryPoint","urlTemplate":"https:\/\/minutocerord.com\/?s={search_term_string}"},"query-input":{"@type":"PropertyValueSpecification","valueRequired":true,"valueName":"search_term_string"}}],"inLanguage":"es-DO"},{"@type":["Person","Organization"],"@id":"https:\/\/minutocerord.com\/#\/schema\/person\/60b5372d60aaa0a5171fb6488be9aee6","name":"Genof\u00f3ntes Urb\u00e1ez","image":{"@type":"ImageObject","inLanguage":"es-DO","@id":"https:\/\/secure.gravatar.com\/avatar\/a49ef3186a692098ac3e8a1612261e3ad70cf9e44553dff2929e67939a0ecb9d?s=96&d=identicon&r=g","url":"https:\/\/secure.gravatar.com\/avatar\/a49ef3186a692098ac3e8a1612261e3ad70cf9e44553dff2929e67939a0ecb9d?s=96&d=identicon&r=g","contentUrl":"https:\/\/secure.gravatar.com\/avatar\/a49ef3186a692098ac3e8a1612261e3ad70cf9e44553dff2929e67939a0ecb9d?s=96&d=identicon&r=g","caption":"Genof\u00f3ntes Urb\u00e1ez"},"logo":{"@id":"https:\/\/secure.gravatar.com\/avatar\/a49ef3186a692098ac3e8a1612261e3ad70cf9e44553dff2929e67939a0ecb9d?s=96&d=identicon&r=g"},"description":"Periodista \/ Locutor","sameAs":["https:\/\/www.facebook.com\/Genofnotes","https:\/\/www.instagram.com\/genofnotes\/"]}]}},"jetpack_publicize_connections":[],"jetpack_featured_media_url":"https:\/\/i0.wp.com\/minutocerord.com\/wp-content\/uploads\/2024\/09\/Congreso-Nacional-con-banderas-e1723809655795-1.jpg?fit=890%2C550&ssl=1","jetpack-related-posts":[],"jetpack_sharing_enabled":true,"_links":{"self":[{"href":"https:\/\/minutocerord.com\/index.php?rest_route=\/wp\/v2\/posts\/20068","targetHints":{"allow":["GET"]}}],"collection":[{"href":"https:\/\/minutocerord.com\/index.php?rest_route=\/wp\/v2\/posts"}],"about":[{"href":"https:\/\/minutocerord.com\/index.php?rest_route=\/wp\/v2\/types\/post"}],"author":[{"embeddable":true,"href":"https:\/\/minutocerord.com\/index.php?rest_route=\/wp\/v2\/users\/1"}],"replies":[{"embeddable":true,"href":"https:\/\/minutocerord.com\/index.php?rest_route=%2Fwp%2Fv2%2Fcomments&post=20068"}],"version-history":[{"count":1,"href":"https:\/\/minutocerord.com\/index.php?rest_route=\/wp\/v2\/posts\/20068\/revisions"}],"predecessor-version":[{"id":20070,"href":"https:\/\/minutocerord.com\/index.php?rest_route=\/wp\/v2\/posts\/20068\/revisions\/20070"}],"wp:featuredmedia":[{"embeddable":true,"href":"https:\/\/minutocerord.com\/index.php?rest_route=\/wp\/v2\/media\/20069"}],"wp:attachment":[{"href":"https:\/\/minutocerord.com\/index.php?rest_route=%2Fwp%2Fv2%2Fmedia&parent=20068"}],"wp:term":[{"taxonomy":"category","embeddable":true,"href":"https:\/\/minutocerord.com\/index.php?rest_route=%2Fwp%2Fv2%2Fcategories&post=20068"},{"taxonomy":"post_tag","embeddable":true,"href":"https:\/\/minutocerord.com\/index.php?rest_route=%2Fwp%2Fv2%2Ftags&post=20068"}],"curies":[{"name":"wp","href":"https:\/\/api.w.org\/{rel}","templated":true}]}}