{"id":20078,"date":"2024-09-29T14:39:35","date_gmt":"2024-09-29T18:39:35","guid":{"rendered":"https:\/\/minutocerord.com\/?p=20078"},"modified":"2024-09-29T14:39:39","modified_gmt":"2024-09-29T18:39:39","slug":"luctuosa-fallece-osvaldo-virgil-el-primer-dominicano-en-accionar-en-las-grandes-ligas","status":"publish","type":"post","link":"https:\/\/minutocerord.com\/?p=20078","title":{"rendered":"LUCTUOSA | Fallece Osvaldo Virgil, el primer dominicano en accionar en las Grandes Ligas"},"content":{"rendered":"\n<p class=\"\"><em><strong>Al momento de su deceso contaba con 92 a\u00f1os y el mismo enluta a toda la sociedad dominicana<\/strong><\/em><\/p>\n\n\n\n<p class=\"\"><strong>SANTO DOMINGO, RD.- <\/strong>Don Osvaldo Virgil, quien el 23 de septiembre de 1956 se convirti\u00f3 en el primer dominicano en accionar en las Grandes Ligas, falleci\u00f3 este domingo a la edad de 92 a\u00f1os.<\/p>\n\n\n\n<p class=\"\">Desde hace varias semanas, Virgil permaneci\u00f3 hospitalizado hasta producirse su deceso este domingo en la ma\u00f1ana.<\/p>\n\n\n\n<p class=\"\">Su muerte se produce apenas seis d\u00edas de celebrarse el aniversario 68 desde que hizo su debut con los Gigantes de Nueva York.<\/p>\n\n\n\n<p class=\"\">Desde ese momento m\u00e1s de 900 peloteros dominicanos han desfilado por los conjuntos de las Ligas Mayores y otro grupo mucho mas elevado al menos han participado en las Menores.<\/p>\n\n\n\n<p class=\"\">Con el transcurrir de los a\u00f1os su debut se convirti\u00f3 en gran impacto para el pa\u00eds, pues en la actualidad las 30 franquicias de Grandes Ligas tienen sus academias enclavadas en Dominicana.<\/p>\n\n\n\n<p class=\"\">En estas estructuras no solo se han firmados varios millares de peloteros, adem\u00e1s han creado grandes fuentes de trabajos para beisbolistas y otros tipos de personas en comunidades de gran pobreza.<\/p>\n\n\n\n<p class=\"\">Su fallecimiento enluta a todo el pa\u00eds, dado el gran impacto de su debut y todo lo que se ha derivado de aquel hist\u00f3rico momento.<\/p>\n\n\n\n<p class=\"\">Virgil hasta los \u00faltimos d\u00edas de su vida estuvo trabajando con los Mets de Nueva York, espec\u00edficamente en el complejo en Jubey, Boca Chica, lugar donde operan m\u00e1s de 15 de las academias de los equipos de b\u00e9isbol.<\/p>\n\n\n\n<p class=\"\">Nativo de MonteCristi y conocido como \u201cEl Oregano\u201d fue miembro de las Aguilas Cibae\u00f1as, Leones del Escogido. En las Grandes Ligas actu\u00f3 por nueve campa\u00f1as, principalmente con Gigantes de Nueva York,Tigres de Detroit, Gigantes de San Francisco, Kansas, Baltimore entre otros.<\/p>\n\n\n\n<p class=\"\">Desde las primeras horas personalidades del deporte y de otras esferas de la sociedad han mostrado su pesar el fallecimiento del pelotero dominicano que por primera vez piso un Diamante de las Grandes Ligas, m\u00e1s en un momento de gran repercusi\u00f3n de la barrera racial.<\/p>\n\n\n\n<p class=\"\">Paz a su alma.<\/p>\n","protected":false},"excerpt":{"rendered":"<p>Al momento de su deceso contaba con 92 a\u00f1os y el mismo enluta a toda la sociedad dominicana SANTO DOMINGO, RD.- Don Osvaldo Virgil, quien el 23 de septiembre de 1956 se convirti\u00f3 en el primer dominicano en accionar en las Grandes Ligas, falleci\u00f3 este domingo a la edad de 92 a\u00f1os. Desde hace varias [&hellip;]<\/p>\n","protected":false},"author":1,"featured_media":20079,"comment_status":"open","ping_status":"open","sticky":false,"template":"","format":"standard","meta":{"nf_dc_page":"","jetpack_post_was_ever_published":false,"_jetpack_newsletter_access":"","_jetpack_dont_email_post_to_subs":false,"_jetpack_newsletter_tier_id":0,"_jetpack_memberships_contains_paywalled_content":false,"_jetpack_memberships_contains_paid_content":false,"footnotes":"","jetpack_publicize_message":"","jetpack_publicize_feature_enabled":true,"jetpack_social_post_already_shared":true,"jetpack_social_options":{"image_generator_settings":{"template":"highway","default_image_id":0,"font":"","enabled":false},"version":2}},"categories":[80],"tags":[],"class_list":["post-20078","post","type-post","status-publish","format-standard","has-post-thumbnail","hentry","category-beisbol"],"yoast_head":"<!-- This site is optimized with the Yoast SEO plugin v27.4 - https:\/\/yoast.com\/product\/yoast-seo-wordpress\/ -->\n<title>LUCTUOSA | Fallece Osvaldo Virgil, el primer dominicano en accionar en las Grandes Ligas - Minuto Cero RD<\/title>\n<meta name=\"robots\" content=\"index, follow, max-snippet:-1, max-image-preview:large, max-video-preview:-1\" \/>\n<link rel=\"canonical\" href=\"http:\/\/minutocerord.com\/?p=20078\" \/>\n<meta property=\"og:locale\" content=\"es_ES\" \/>\n<meta property=\"og:type\" content=\"article\" \/>\n<meta property=\"og:title\" content=\"LUCTUOSA | Fallece Osvaldo Virgil, el primer dominicano en accionar en las Grandes Ligas - Minuto Cero RD\" \/>\n<meta property=\"og:description\" content=\"Al momento de su deceso contaba con 92 a\u00f1os y el mismo enluta a toda la sociedad dominicana SANTO DOMINGO, RD.- Don Osvaldo Virgil, quien el 23 de septiembre de 1956 se convirti\u00f3 en el primer dominicano en accionar en las Grandes Ligas, falleci\u00f3 este domingo a la edad de 92 a\u00f1os. Desde hace varias [&hellip;]\" \/>\n<meta property=\"og:url\" content=\"http:\/\/minutocerord.com\/?p=20078\" \/>\n<meta property=\"og:site_name\" content=\"Minuto Cero RD\" \/>\n<meta property=\"article:publisher\" content=\"https:\/\/www.facebook.com\/Genofnotes\" \/>\n<meta property=\"article:author\" content=\"https:\/\/www.facebook.com\/Genofnotes\" \/>\n<meta property=\"article:published_time\" content=\"2024-09-29T18:39:35+00:00\" \/>\n<meta property=\"article:modified_time\" content=\"2024-09-29T18:39:39+00:00\" \/>\n<meta property=\"og:image\" content=\"https:\/\/i0.wp.com\/minutocerord.com\/wp-content\/uploads\/2024\/09\/66f982393cf18.r_d.781-314.jpg?fit=950%2C465\" \/>\n\t<meta property=\"og:image:width\" content=\"950\" \/>\n\t<meta property=\"og:image:height\" content=\"465\" \/>\n\t<meta property=\"og:image:type\" content=\"image\/jpeg\" \/>\n<meta name=\"author\" content=\"Genof\u00f3ntes Urb\u00e1ez\" \/>\n<meta name=\"twitter:card\" content=\"summary_large_image\" \/>\n<meta name=\"twitter:label1\" content=\"Written by\" \/>\n\t<meta name=\"twitter:data1\" content=\"Genof\u00f3ntes Urb\u00e1ez\" \/>\n\t<meta name=\"twitter:label2\" content=\"Est. reading time\" \/>\n\t<meta name=\"twitter:data2\" content=\"2 minutos\" \/>\n<script type=\"application\/ld+json\" class=\"yoast-schema-graph\">{\"@context\":\"https:\\\/\\\/schema.org\",\"@graph\":[{\"@type\":\"Article\",\"@id\":\"http:\\\/\\\/minutocerord.com\\\/?p=20078#article\",\"isPartOf\":{\"@id\":\"http:\\\/\\\/minutocerord.com\\\/?p=20078\"},\"author\":{\"name\":\"Genof\u00f3ntes Urb\u00e1ez\",\"@id\":\"https:\\\/\\\/minutocerord.com\\\/#\\\/schema\\\/person\\\/60b5372d60aaa0a5171fb6488be9aee6\"},\"headline\":\"LUCTUOSA | Fallece Osvaldo Virgil, el primer dominicano en accionar en las Grandes Ligas\",\"datePublished\":\"2024-09-29T18:39:35+00:00\",\"dateModified\":\"2024-09-29T18:39:39+00:00\",\"mainEntityOfPage\":{\"@id\":\"http:\\\/\\\/minutocerord.com\\\/?p=20078\"},\"wordCount\":362,\"commentCount\":0,\"publisher\":{\"@id\":\"https:\\\/\\\/minutocerord.com\\\/#\\\/schema\\\/person\\\/60b5372d60aaa0a5171fb6488be9aee6\"},\"image\":{\"@id\":\"http:\\\/\\\/minutocerord.com\\\/?p=20078#primaryimage\"},\"thumbnailUrl\":\"https:\\\/\\\/i0.wp.com\\\/minutocerord.com\\\/wp-content\\\/uploads\\\/2024\\\/09\\\/66f982393cf18.r_d.781-314.jpg?fit=950%2C465&ssl=1\",\"articleSection\":[\"Beisbol\"],\"inLanguage\":\"es-DO\",\"potentialAction\":[{\"@type\":\"CommentAction\",\"name\":\"Comment\",\"target\":[\"http:\\\/\\\/minutocerord.com\\\/?p=20078#respond\"]}]},{\"@type\":\"WebPage\",\"@id\":\"http:\\\/\\\/minutocerord.com\\\/?p=20078\",\"url\":\"http:\\\/\\\/minutocerord.com\\\/?p=20078\",\"name\":\"LUCTUOSA | Fallece Osvaldo Virgil, el primer dominicano en accionar en las Grandes Ligas - Minuto Cero RD\",\"isPartOf\":{\"@id\":\"https:\\\/\\\/minutocerord.com\\\/#website\"},\"primaryImageOfPage\":{\"@id\":\"http:\\\/\\\/minutocerord.com\\\/?p=20078#primaryimage\"},\"image\":{\"@id\":\"http:\\\/\\\/minutocerord.com\\\/?p=20078#primaryimage\"},\"thumbnailUrl\":\"https:\\\/\\\/i0.wp.com\\\/minutocerord.com\\\/wp-content\\\/uploads\\\/2024\\\/09\\\/66f982393cf18.r_d.781-314.jpg?fit=950%2C465&ssl=1\",\"datePublished\":\"2024-09-29T18:39:35+00:00\",\"dateModified\":\"2024-09-29T18:39:39+00:00\",\"breadcrumb\":{\"@id\":\"http:\\\/\\\/minutocerord.com\\\/?p=20078#breadcrumb\"},\"inLanguage\":\"es-DO\",\"potentialAction\":[{\"@type\":\"ReadAction\",\"target\":[\"http:\\\/\\\/minutocerord.com\\\/?p=20078\"]}]},{\"@type\":\"ImageObject\",\"inLanguage\":\"es-DO\",\"@id\":\"http:\\\/\\\/minutocerord.com\\\/?p=20078#primaryimage\",\"url\":\"https:\\\/\\\/i0.wp.com\\\/minutocerord.com\\\/wp-content\\\/uploads\\\/2024\\\/09\\\/66f982393cf18.r_d.781-314.jpg?fit=950%2C465&ssl=1\",\"contentUrl\":\"https:\\\/\\\/i0.wp.com\\\/minutocerord.com\\\/wp-content\\\/uploads\\\/2024\\\/09\\\/66f982393cf18.r_d.781-314.jpg?fit=950%2C465&ssl=1\",\"width\":950,\"height\":465,\"caption\":\"Don Osvaldo Virgil falleci\u00f3 este domingo a los 92 a\u00f1os. \\\/ Fuente externa\"},{\"@type\":\"BreadcrumbList\",\"@id\":\"http:\\\/\\\/minutocerord.com\\\/?p=20078#breadcrumb\",\"itemListElement\":[{\"@type\":\"ListItem\",\"position\":1,\"name\":\"Home\",\"item\":\"https:\\\/\\\/minutocerord.com\\\/\"},{\"@type\":\"ListItem\",\"position\":2,\"name\":\"LUCTUOSA | Fallece Osvaldo Virgil, el primer dominicano en accionar en las Grandes Ligas\"}]},{\"@type\":\"WebSite\",\"@id\":\"https:\\\/\\\/minutocerord.com\\\/#website\",\"url\":\"https:\\\/\\\/minutocerord.com\\\/\",\"name\":\"Minuto Cero RD\",\"description\":\"Periodismo serio y veraz\",\"publisher\":{\"@id\":\"https:\\\/\\\/minutocerord.com\\\/#\\\/schema\\\/person\\\/60b5372d60aaa0a5171fb6488be9aee6\"},\"potentialAction\":[{\"@type\":\"SearchAction\",\"target\":{\"@type\":\"EntryPoint\",\"urlTemplate\":\"https:\\\/\\\/minutocerord.com\\\/?s={search_term_string}\"},\"query-input\":{\"@type\":\"PropertyValueSpecification\",\"valueRequired\":true,\"valueName\":\"search_term_string\"}}],\"inLanguage\":\"es-DO\"},{\"@type\":[\"Person\",\"Organization\"],\"@id\":\"https:\\\/\\\/minutocerord.com\\\/#\\\/schema\\\/person\\\/60b5372d60aaa0a5171fb6488be9aee6\",\"name\":\"Genof\u00f3ntes Urb\u00e1ez\",\"image\":{\"@type\":\"ImageObject\",\"inLanguage\":\"es-DO\",\"@id\":\"https:\\\/\\\/secure.gravatar.com\\\/avatar\\\/a49ef3186a692098ac3e8a1612261e3ad70cf9e44553dff2929e67939a0ecb9d?s=96&d=identicon&r=g\",\"url\":\"https:\\\/\\\/secure.gravatar.com\\\/avatar\\\/a49ef3186a692098ac3e8a1612261e3ad70cf9e44553dff2929e67939a0ecb9d?s=96&d=identicon&r=g\",\"contentUrl\":\"https:\\\/\\\/secure.gravatar.com\\\/avatar\\\/a49ef3186a692098ac3e8a1612261e3ad70cf9e44553dff2929e67939a0ecb9d?s=96&d=identicon&r=g\",\"caption\":\"Genof\u00f3ntes Urb\u00e1ez\"},\"logo\":{\"@id\":\"https:\\\/\\\/secure.gravatar.com\\\/avatar\\\/a49ef3186a692098ac3e8a1612261e3ad70cf9e44553dff2929e67939a0ecb9d?s=96&d=identicon&r=g\"},\"description\":\"Periodista \\\/ Locutor\",\"sameAs\":[\"https:\\\/\\\/www.facebook.com\\\/Genofnotes\",\"https:\\\/\\\/www.instagram.com\\\/genofnotes\\\/\"]}]}<\/script>\n<!-- \/ Yoast SEO plugin. -->","yoast_head_json":{"title":"LUCTUOSA | Fallece Osvaldo Virgil, el primer dominicano en accionar en las Grandes Ligas - Minuto Cero RD","robots":{"index":"index","follow":"follow","max-snippet":"max-snippet:-1","max-image-preview":"max-image-preview:large","max-video-preview":"max-video-preview:-1"},"canonical":"http:\/\/minutocerord.com\/?p=20078","og_locale":"es_ES","og_type":"article","og_title":"LUCTUOSA | Fallece Osvaldo Virgil, el primer dominicano en accionar en las Grandes Ligas - Minuto Cero RD","og_description":"Al momento de su deceso contaba con 92 a\u00f1os y el mismo enluta a toda la sociedad dominicana SANTO DOMINGO, RD.- Don Osvaldo Virgil, quien el 23 de septiembre de 1956 se convirti\u00f3 en el primer dominicano en accionar en las Grandes Ligas, falleci\u00f3 este domingo a la edad de 92 a\u00f1os. Desde hace varias [&hellip;]","og_url":"http:\/\/minutocerord.com\/?p=20078","og_site_name":"Minuto Cero RD","article_publisher":"https:\/\/www.facebook.com\/Genofnotes","article_author":"https:\/\/www.facebook.com\/Genofnotes","article_published_time":"2024-09-29T18:39:35+00:00","article_modified_time":"2024-09-29T18:39:39+00:00","og_image":[{"width":950,"height":465,"url":"https:\/\/i0.wp.com\/minutocerord.com\/wp-content\/uploads\/2024\/09\/66f982393cf18.r_d.781-314.jpg?fit=950%2C465","type":"image\/jpeg"}],"author":"Genof\u00f3ntes Urb\u00e1ez","twitter_card":"summary_large_image","twitter_misc":{"Written by":"Genof\u00f3ntes Urb\u00e1ez","Est. reading time":"2 minutos"},"schema":{"@context":"https:\/\/schema.org","@graph":[{"@type":"Article","@id":"http:\/\/minutocerord.com\/?p=20078#article","isPartOf":{"@id":"http:\/\/minutocerord.com\/?p=20078"},"author":{"name":"Genof\u00f3ntes Urb\u00e1ez","@id":"https:\/\/minutocerord.com\/#\/schema\/person\/60b5372d60aaa0a5171fb6488be9aee6"},"headline":"LUCTUOSA | Fallece Osvaldo Virgil, el primer dominicano en accionar en las Grandes Ligas","datePublished":"2024-09-29T18:39:35+00:00","dateModified":"2024-09-29T18:39:39+00:00","mainEntityOfPage":{"@id":"http:\/\/minutocerord.com\/?p=20078"},"wordCount":362,"commentCount":0,"publisher":{"@id":"https:\/\/minutocerord.com\/#\/schema\/person\/60b5372d60aaa0a5171fb6488be9aee6"},"image":{"@id":"http:\/\/minutocerord.com\/?p=20078#primaryimage"},"thumbnailUrl":"https:\/\/i0.wp.com\/minutocerord.com\/wp-content\/uploads\/2024\/09\/66f982393cf18.r_d.781-314.jpg?fit=950%2C465&ssl=1","articleSection":["Beisbol"],"inLanguage":"es-DO","potentialAction":[{"@type":"CommentAction","name":"Comment","target":["http:\/\/minutocerord.com\/?p=20078#respond"]}]},{"@type":"WebPage","@id":"http:\/\/minutocerord.com\/?p=20078","url":"http:\/\/minutocerord.com\/?p=20078","name":"LUCTUOSA | Fallece Osvaldo Virgil, el primer dominicano en accionar en las Grandes Ligas - Minuto Cero RD","isPartOf":{"@id":"https:\/\/minutocerord.com\/#website"},"primaryImageOfPage":{"@id":"http:\/\/minutocerord.com\/?p=20078#primaryimage"},"image":{"@id":"http:\/\/minutocerord.com\/?p=20078#primaryimage"},"thumbnailUrl":"https:\/\/i0.wp.com\/minutocerord.com\/wp-content\/uploads\/2024\/09\/66f982393cf18.r_d.781-314.jpg?fit=950%2C465&ssl=1","datePublished":"2024-09-29T18:39:35+00:00","dateModified":"2024-09-29T18:39:39+00:00","breadcrumb":{"@id":"http:\/\/minutocerord.com\/?p=20078#breadcrumb"},"inLanguage":"es-DO","potentialAction":[{"@type":"ReadAction","target":["http:\/\/minutocerord.com\/?p=20078"]}]},{"@type":"ImageObject","inLanguage":"es-DO","@id":"http:\/\/minutocerord.com\/?p=20078#primaryimage","url":"https:\/\/i0.wp.com\/minutocerord.com\/wp-content\/uploads\/2024\/09\/66f982393cf18.r_d.781-314.jpg?fit=950%2C465&ssl=1","contentUrl":"https:\/\/i0.wp.com\/minutocerord.com\/wp-content\/uploads\/2024\/09\/66f982393cf18.r_d.781-314.jpg?fit=950%2C465&ssl=1","width":950,"height":465,"caption":"Don Osvaldo Virgil falleci\u00f3 este domingo a los 92 a\u00f1os. \/ Fuente externa"},{"@type":"BreadcrumbList","@id":"http:\/\/minutocerord.com\/?p=20078#breadcrumb","itemListElement":[{"@type":"ListItem","position":1,"name":"Home","item":"https:\/\/minutocerord.com\/"},{"@type":"ListItem","position":2,"name":"LUCTUOSA | Fallece Osvaldo Virgil, el primer dominicano en accionar en las Grandes Ligas"}]},{"@type":"WebSite","@id":"https:\/\/minutocerord.com\/#website","url":"https:\/\/minutocerord.com\/","name":"Minuto Cero RD","description":"Periodismo serio y veraz","publisher":{"@id":"https:\/\/minutocerord.com\/#\/schema\/person\/60b5372d60aaa0a5171fb6488be9aee6"},"potentialAction":[{"@type":"SearchAction","target":{"@type":"EntryPoint","urlTemplate":"https:\/\/minutocerord.com\/?s={search_term_string}"},"query-input":{"@type":"PropertyValueSpecification","valueRequired":true,"valueName":"search_term_string"}}],"inLanguage":"es-DO"},{"@type":["Person","Organization"],"@id":"https:\/\/minutocerord.com\/#\/schema\/person\/60b5372d60aaa0a5171fb6488be9aee6","name":"Genof\u00f3ntes Urb\u00e1ez","image":{"@type":"ImageObject","inLanguage":"es-DO","@id":"https:\/\/secure.gravatar.com\/avatar\/a49ef3186a692098ac3e8a1612261e3ad70cf9e44553dff2929e67939a0ecb9d?s=96&d=identicon&r=g","url":"https:\/\/secure.gravatar.com\/avatar\/a49ef3186a692098ac3e8a1612261e3ad70cf9e44553dff2929e67939a0ecb9d?s=96&d=identicon&r=g","contentUrl":"https:\/\/secure.gravatar.com\/avatar\/a49ef3186a692098ac3e8a1612261e3ad70cf9e44553dff2929e67939a0ecb9d?s=96&d=identicon&r=g","caption":"Genof\u00f3ntes Urb\u00e1ez"},"logo":{"@id":"https:\/\/secure.gravatar.com\/avatar\/a49ef3186a692098ac3e8a1612261e3ad70cf9e44553dff2929e67939a0ecb9d?s=96&d=identicon&r=g"},"description":"Periodista \/ Locutor","sameAs":["https:\/\/www.facebook.com\/Genofnotes","https:\/\/www.instagram.com\/genofnotes\/"]}]}},"jetpack_publicize_connections":[],"jetpack_featured_media_url":"https:\/\/i0.wp.com\/minutocerord.com\/wp-content\/uploads\/2024\/09\/66f982393cf18.r_d.781-314.jpg?fit=950%2C465&ssl=1","jetpack-related-posts":[],"jetpack_sharing_enabled":true,"_links":{"self":[{"href":"https:\/\/minutocerord.com\/index.php?rest_route=\/wp\/v2\/posts\/20078","targetHints":{"allow":["GET"]}}],"collection":[{"href":"https:\/\/minutocerord.com\/index.php?rest_route=\/wp\/v2\/posts"}],"about":[{"href":"https:\/\/minutocerord.com\/index.php?rest_route=\/wp\/v2\/types\/post"}],"author":[{"embeddable":true,"href":"https:\/\/minutocerord.com\/index.php?rest_route=\/wp\/v2\/users\/1"}],"replies":[{"embeddable":true,"href":"https:\/\/minutocerord.com\/index.php?rest_route=%2Fwp%2Fv2%2Fcomments&post=20078"}],"version-history":[{"count":1,"href":"https:\/\/minutocerord.com\/index.php?rest_route=\/wp\/v2\/posts\/20078\/revisions"}],"predecessor-version":[{"id":20080,"href":"https:\/\/minutocerord.com\/index.php?rest_route=\/wp\/v2\/posts\/20078\/revisions\/20080"}],"wp:featuredmedia":[{"embeddable":true,"href":"https:\/\/minutocerord.com\/index.php?rest_route=\/wp\/v2\/media\/20079"}],"wp:attachment":[{"href":"https:\/\/minutocerord.com\/index.php?rest_route=%2Fwp%2Fv2%2Fmedia&parent=20078"}],"wp:term":[{"taxonomy":"category","embeddable":true,"href":"https:\/\/minutocerord.com\/index.php?rest_route=%2Fwp%2Fv2%2Fcategories&post=20078"},{"taxonomy":"post_tag","embeddable":true,"href":"https:\/\/minutocerord.com\/index.php?rest_route=%2Fwp%2Fv2%2Ftags&post=20078"}],"curies":[{"name":"wp","href":"https:\/\/api.w.org\/{rel}","templated":true}]}}