{"id":20344,"date":"2024-10-08T18:44:55","date_gmt":"2024-10-08T22:44:55","guid":{"rendered":"https:\/\/minutocerord.com\/?p=20344"},"modified":"2024-10-08T18:45:01","modified_gmt":"2024-10-08T22:45:01","slug":"adozona-objeta-propuesta-de-gravar-parques-de-zonas-francas","status":"publish","type":"post","link":"https:\/\/minutocerord.com\/?p=20344","title":{"rendered":"ADOZONA | Objeta propuesta de gravar parques de zonas francas"},"content":{"rendered":"\n<p class=\"\"><strong>SANTO DOMINGO, RD.-<\/strong> La Asociaci\u00f3n Dominicana de Zonas Francas (ADOZONA) opin\u00f3 que debe ser revisada la propuesta del Gobierno del Presidente Luis Abinader de gravar las operaciones de los parques de este sector.<\/p>\n\n\n\n<p class=\"\">En un documento remitido a ALMOMENTO.NET la entidad resalta que en ninguno de los pa\u00edses signatarios del convenio DR-CAFTA con los cuales la Rep\u00fablica Dominicana compite, existe una figura tributaria como la que est\u00e1 proponiendo el Gobierno.<\/p>\n\n\n\n<p class=\"\"><strong>EL DOCUMENTO<\/strong><\/p>\n\n\n\n<p class=\"\">El texto del documento de ADOZONA es el siguiente:<\/p>\n\n\n\n<p class=\"\">\u201cDesde ADOZONA reconocemos la necesidad que tiene el Estado de tener una mayor recaudaci\u00f3n para poder hacer m\u00e1s y mejores inversiones para la naci\u00f3n; no obstante, en lo que respecta a la propuesta de gravar con impuesto sobre la renta a las operaciones de los Parques de Zonas Francas, consideramos que esto debe de ser revisado.<\/p>\n\n\n\n<p class=\"\">El modelo de Zonas Francas es equivalente en todos los pa\u00edses de la regi\u00f3n DR CAFTA con los cuales competimos, y en ninguno existe una figura tributaria como la que se est\u00e1 proponiendo, lo que nos resta competitividad.<\/p>\n\n\n\n<p class=\"\">Nuestros Parques de Zonas Francas est\u00e1n pr\u00e1cticamente llenos, y lo que necesitamos es crear m\u00e1s parques y construir m\u00e1s techo industrial, por lo que si restamos competitividad a los parques de zonas francas no tendremos c\u00f3mo crecer y atraer m\u00e1s inversiones, y a la vez generar m\u00e1s empleos y beneficios para la comunidad. Confiamos en que esto pueda ser revisado\u201d.<\/p>\n","protected":false},"excerpt":{"rendered":"<p>SANTO DOMINGO, RD.- La Asociaci\u00f3n Dominicana de Zonas Francas (ADOZONA) opin\u00f3 que debe ser revisada la propuesta del Gobierno del Presidente Luis Abinader de gravar las operaciones de los parques de este sector. En un documento remitido a ALMOMENTO.NET la entidad resalta que en ninguno de los pa\u00edses signatarios del convenio DR-CAFTA con los cuales [&hellip;]<\/p>\n","protected":false},"author":1,"featured_media":20345,"comment_status":"open","ping_status":"open","sticky":false,"template":"","format":"standard","meta":{"nf_dc_page":"","jetpack_post_was_ever_published":false,"_jetpack_newsletter_access":"","_jetpack_dont_email_post_to_subs":false,"_jetpack_newsletter_tier_id":0,"_jetpack_memberships_contains_paywalled_content":false,"_jetpack_memberships_contains_paid_content":false,"footnotes":"","jetpack_publicize_message":"","jetpack_publicize_feature_enabled":true,"jetpack_social_post_already_shared":true,"jetpack_social_options":{"image_generator_settings":{"template":"highway","default_image_id":0,"font":"","enabled":false},"version":2}},"categories":[74],"tags":[],"class_list":["post-20344","post","type-post","status-publish","format-standard","has-post-thumbnail","hentry","category-economicas"],"yoast_head":"<!-- This site is optimized with the Yoast SEO plugin v27.4 - https:\/\/yoast.com\/product\/yoast-seo-wordpress\/ -->\n<title>ADOZONA | Objeta propuesta de gravar parques de zonas francas - Minuto Cero RD<\/title>\n<meta name=\"robots\" content=\"index, follow, max-snippet:-1, max-image-preview:large, max-video-preview:-1\" \/>\n<link rel=\"canonical\" href=\"https:\/\/minutocerord.com\/?p=20344\" \/>\n<meta property=\"og:locale\" content=\"es_ES\" \/>\n<meta property=\"og:type\" content=\"article\" \/>\n<meta property=\"og:title\" content=\"ADOZONA | Objeta propuesta de gravar parques de zonas francas - Minuto Cero RD\" \/>\n<meta property=\"og:description\" content=\"SANTO DOMINGO, RD.- La Asociaci\u00f3n Dominicana de Zonas Francas (ADOZONA) opin\u00f3 que debe ser revisada la propuesta del Gobierno del Presidente Luis Abinader de gravar las operaciones de los parques de este sector. En un documento remitido a ALMOMENTO.NET la entidad resalta que en ninguno de los pa\u00edses signatarios del convenio DR-CAFTA con los cuales [&hellip;]\" \/>\n<meta property=\"og:url\" content=\"https:\/\/minutocerord.com\/?p=20344\" \/>\n<meta property=\"og:site_name\" content=\"Minuto Cero RD\" \/>\n<meta property=\"article:publisher\" content=\"https:\/\/www.facebook.com\/Genofnotes\" \/>\n<meta property=\"article:author\" content=\"https:\/\/www.facebook.com\/Genofnotes\" \/>\n<meta property=\"article:published_time\" content=\"2024-10-08T22:44:55+00:00\" \/>\n<meta property=\"article:modified_time\" content=\"2024-10-08T22:45:01+00:00\" \/>\n<meta property=\"og:image\" content=\"https:\/\/i0.wp.com\/minutocerord.com\/wp-content\/uploads\/2024\/10\/adozona-1.jpg?fit=576%2C391&ssl=1\" \/>\n\t<meta property=\"og:image:width\" content=\"576\" \/>\n\t<meta property=\"og:image:height\" content=\"391\" \/>\n\t<meta property=\"og:image:type\" content=\"image\/jpeg\" \/>\n<meta name=\"author\" content=\"Genof\u00f3ntes Urb\u00e1ez\" \/>\n<meta name=\"twitter:card\" content=\"summary_large_image\" \/>\n<meta name=\"twitter:label1\" content=\"Written by\" \/>\n\t<meta name=\"twitter:data1\" content=\"Genof\u00f3ntes Urb\u00e1ez\" \/>\n\t<meta name=\"twitter:label2\" content=\"Est. reading time\" \/>\n\t<meta name=\"twitter:data2\" content=\"2 minutos\" \/>\n<script type=\"application\/ld+json\" class=\"yoast-schema-graph\">{\"@context\":\"https:\\\/\\\/schema.org\",\"@graph\":[{\"@type\":\"Article\",\"@id\":\"https:\\\/\\\/minutocerord.com\\\/?p=20344#article\",\"isPartOf\":{\"@id\":\"https:\\\/\\\/minutocerord.com\\\/?p=20344\"},\"author\":{\"name\":\"Genof\u00f3ntes Urb\u00e1ez\",\"@id\":\"https:\\\/\\\/minutocerord.com\\\/#\\\/schema\\\/person\\\/60b5372d60aaa0a5171fb6488be9aee6\"},\"headline\":\"ADOZONA | Objeta propuesta de gravar parques de zonas francas\",\"datePublished\":\"2024-10-08T22:44:55+00:00\",\"dateModified\":\"2024-10-08T22:45:01+00:00\",\"mainEntityOfPage\":{\"@id\":\"https:\\\/\\\/minutocerord.com\\\/?p=20344\"},\"wordCount\":261,\"commentCount\":0,\"publisher\":{\"@id\":\"https:\\\/\\\/minutocerord.com\\\/#\\\/schema\\\/person\\\/60b5372d60aaa0a5171fb6488be9aee6\"},\"image\":{\"@id\":\"https:\\\/\\\/minutocerord.com\\\/?p=20344#primaryimage\"},\"thumbnailUrl\":\"https:\\\/\\\/i0.wp.com\\\/minutocerord.com\\\/wp-content\\\/uploads\\\/2024\\\/10\\\/adozona-1.jpg?fit=576%2C391&ssl=1\",\"articleSection\":[\"Econ\u00f3micas\"],\"inLanguage\":\"es-DO\",\"potentialAction\":[{\"@type\":\"CommentAction\",\"name\":\"Comment\",\"target\":[\"https:\\\/\\\/minutocerord.com\\\/?p=20344#respond\"]}]},{\"@type\":\"WebPage\",\"@id\":\"https:\\\/\\\/minutocerord.com\\\/?p=20344\",\"url\":\"https:\\\/\\\/minutocerord.com\\\/?p=20344\",\"name\":\"ADOZONA | Objeta propuesta de gravar parques de zonas francas - Minuto Cero RD\",\"isPartOf\":{\"@id\":\"https:\\\/\\\/minutocerord.com\\\/#website\"},\"primaryImageOfPage\":{\"@id\":\"https:\\\/\\\/minutocerord.com\\\/?p=20344#primaryimage\"},\"image\":{\"@id\":\"https:\\\/\\\/minutocerord.com\\\/?p=20344#primaryimage\"},\"thumbnailUrl\":\"https:\\\/\\\/i0.wp.com\\\/minutocerord.com\\\/wp-content\\\/uploads\\\/2024\\\/10\\\/adozona-1.jpg?fit=576%2C391&ssl=1\",\"datePublished\":\"2024-10-08T22:44:55+00:00\",\"dateModified\":\"2024-10-08T22:45:01+00:00\",\"breadcrumb\":{\"@id\":\"https:\\\/\\\/minutocerord.com\\\/?p=20344#breadcrumb\"},\"inLanguage\":\"es-DO\",\"potentialAction\":[{\"@type\":\"ReadAction\",\"target\":[\"https:\\\/\\\/minutocerord.com\\\/?p=20344\"]}]},{\"@type\":\"ImageObject\",\"inLanguage\":\"es-DO\",\"@id\":\"https:\\\/\\\/minutocerord.com\\\/?p=20344#primaryimage\",\"url\":\"https:\\\/\\\/i0.wp.com\\\/minutocerord.com\\\/wp-content\\\/uploads\\\/2024\\\/10\\\/adozona-1.jpg?fit=576%2C391&ssl=1\",\"contentUrl\":\"https:\\\/\\\/i0.wp.com\\\/minutocerord.com\\\/wp-content\\\/uploads\\\/2024\\\/10\\\/adozona-1.jpg?fit=576%2C391&ssl=1\",\"width\":576,\"height\":391},{\"@type\":\"BreadcrumbList\",\"@id\":\"https:\\\/\\\/minutocerord.com\\\/?p=20344#breadcrumb\",\"itemListElement\":[{\"@type\":\"ListItem\",\"position\":1,\"name\":\"Home\",\"item\":\"https:\\\/\\\/minutocerord.com\\\/\"},{\"@type\":\"ListItem\",\"position\":2,\"name\":\"ADOZONA | Objeta propuesta de gravar parques de zonas francas\"}]},{\"@type\":\"WebSite\",\"@id\":\"https:\\\/\\\/minutocerord.com\\\/#website\",\"url\":\"https:\\\/\\\/minutocerord.com\\\/\",\"name\":\"Minuto Cero RD\",\"description\":\"Periodismo serio y veraz\",\"publisher\":{\"@id\":\"https:\\\/\\\/minutocerord.com\\\/#\\\/schema\\\/person\\\/60b5372d60aaa0a5171fb6488be9aee6\"},\"potentialAction\":[{\"@type\":\"SearchAction\",\"target\":{\"@type\":\"EntryPoint\",\"urlTemplate\":\"https:\\\/\\\/minutocerord.com\\\/?s={search_term_string}\"},\"query-input\":{\"@type\":\"PropertyValueSpecification\",\"valueRequired\":true,\"valueName\":\"search_term_string\"}}],\"inLanguage\":\"es-DO\"},{\"@type\":[\"Person\",\"Organization\"],\"@id\":\"https:\\\/\\\/minutocerord.com\\\/#\\\/schema\\\/person\\\/60b5372d60aaa0a5171fb6488be9aee6\",\"name\":\"Genof\u00f3ntes Urb\u00e1ez\",\"image\":{\"@type\":\"ImageObject\",\"inLanguage\":\"es-DO\",\"@id\":\"https:\\\/\\\/secure.gravatar.com\\\/avatar\\\/a49ef3186a692098ac3e8a1612261e3ad70cf9e44553dff2929e67939a0ecb9d?s=96&d=identicon&r=g\",\"url\":\"https:\\\/\\\/secure.gravatar.com\\\/avatar\\\/a49ef3186a692098ac3e8a1612261e3ad70cf9e44553dff2929e67939a0ecb9d?s=96&d=identicon&r=g\",\"contentUrl\":\"https:\\\/\\\/secure.gravatar.com\\\/avatar\\\/a49ef3186a692098ac3e8a1612261e3ad70cf9e44553dff2929e67939a0ecb9d?s=96&d=identicon&r=g\",\"caption\":\"Genof\u00f3ntes Urb\u00e1ez\"},\"logo\":{\"@id\":\"https:\\\/\\\/secure.gravatar.com\\\/avatar\\\/a49ef3186a692098ac3e8a1612261e3ad70cf9e44553dff2929e67939a0ecb9d?s=96&d=identicon&r=g\"},\"description\":\"Periodista \\\/ Locutor\",\"sameAs\":[\"https:\\\/\\\/www.facebook.com\\\/Genofnotes\",\"https:\\\/\\\/www.instagram.com\\\/genofnotes\\\/\"]}]}<\/script>\n<!-- \/ Yoast SEO plugin. -->","yoast_head_json":{"title":"ADOZONA | Objeta propuesta de gravar parques de zonas francas - Minuto Cero RD","robots":{"index":"index","follow":"follow","max-snippet":"max-snippet:-1","max-image-preview":"max-image-preview:large","max-video-preview":"max-video-preview:-1"},"canonical":"https:\/\/minutocerord.com\/?p=20344","og_locale":"es_ES","og_type":"article","og_title":"ADOZONA | Objeta propuesta de gravar parques de zonas francas - Minuto Cero RD","og_description":"SANTO DOMINGO, RD.- La Asociaci\u00f3n Dominicana de Zonas Francas (ADOZONA) opin\u00f3 que debe ser revisada la propuesta del Gobierno del Presidente Luis Abinader de gravar las operaciones de los parques de este sector. En un documento remitido a ALMOMENTO.NET la entidad resalta que en ninguno de los pa\u00edses signatarios del convenio DR-CAFTA con los cuales [&hellip;]","og_url":"https:\/\/minutocerord.com\/?p=20344","og_site_name":"Minuto Cero RD","article_publisher":"https:\/\/www.facebook.com\/Genofnotes","article_author":"https:\/\/www.facebook.com\/Genofnotes","article_published_time":"2024-10-08T22:44:55+00:00","article_modified_time":"2024-10-08T22:45:01+00:00","og_image":[{"width":576,"height":391,"url":"https:\/\/i0.wp.com\/minutocerord.com\/wp-content\/uploads\/2024\/10\/adozona-1.jpg?fit=576%2C391&ssl=1","type":"image\/jpeg"}],"author":"Genof\u00f3ntes Urb\u00e1ez","twitter_card":"summary_large_image","twitter_misc":{"Written by":"Genof\u00f3ntes Urb\u00e1ez","Est. reading time":"2 minutos"},"schema":{"@context":"https:\/\/schema.org","@graph":[{"@type":"Article","@id":"https:\/\/minutocerord.com\/?p=20344#article","isPartOf":{"@id":"https:\/\/minutocerord.com\/?p=20344"},"author":{"name":"Genof\u00f3ntes Urb\u00e1ez","@id":"https:\/\/minutocerord.com\/#\/schema\/person\/60b5372d60aaa0a5171fb6488be9aee6"},"headline":"ADOZONA | Objeta propuesta de gravar parques de zonas francas","datePublished":"2024-10-08T22:44:55+00:00","dateModified":"2024-10-08T22:45:01+00:00","mainEntityOfPage":{"@id":"https:\/\/minutocerord.com\/?p=20344"},"wordCount":261,"commentCount":0,"publisher":{"@id":"https:\/\/minutocerord.com\/#\/schema\/person\/60b5372d60aaa0a5171fb6488be9aee6"},"image":{"@id":"https:\/\/minutocerord.com\/?p=20344#primaryimage"},"thumbnailUrl":"https:\/\/i0.wp.com\/minutocerord.com\/wp-content\/uploads\/2024\/10\/adozona-1.jpg?fit=576%2C391&ssl=1","articleSection":["Econ\u00f3micas"],"inLanguage":"es-DO","potentialAction":[{"@type":"CommentAction","name":"Comment","target":["https:\/\/minutocerord.com\/?p=20344#respond"]}]},{"@type":"WebPage","@id":"https:\/\/minutocerord.com\/?p=20344","url":"https:\/\/minutocerord.com\/?p=20344","name":"ADOZONA | Objeta propuesta de gravar parques de zonas francas - Minuto Cero RD","isPartOf":{"@id":"https:\/\/minutocerord.com\/#website"},"primaryImageOfPage":{"@id":"https:\/\/minutocerord.com\/?p=20344#primaryimage"},"image":{"@id":"https:\/\/minutocerord.com\/?p=20344#primaryimage"},"thumbnailUrl":"https:\/\/i0.wp.com\/minutocerord.com\/wp-content\/uploads\/2024\/10\/adozona-1.jpg?fit=576%2C391&ssl=1","datePublished":"2024-10-08T22:44:55+00:00","dateModified":"2024-10-08T22:45:01+00:00","breadcrumb":{"@id":"https:\/\/minutocerord.com\/?p=20344#breadcrumb"},"inLanguage":"es-DO","potentialAction":[{"@type":"ReadAction","target":["https:\/\/minutocerord.com\/?p=20344"]}]},{"@type":"ImageObject","inLanguage":"es-DO","@id":"https:\/\/minutocerord.com\/?p=20344#primaryimage","url":"https:\/\/i0.wp.com\/minutocerord.com\/wp-content\/uploads\/2024\/10\/adozona-1.jpg?fit=576%2C391&ssl=1","contentUrl":"https:\/\/i0.wp.com\/minutocerord.com\/wp-content\/uploads\/2024\/10\/adozona-1.jpg?fit=576%2C391&ssl=1","width":576,"height":391},{"@type":"BreadcrumbList","@id":"https:\/\/minutocerord.com\/?p=20344#breadcrumb","itemListElement":[{"@type":"ListItem","position":1,"name":"Home","item":"https:\/\/minutocerord.com\/"},{"@type":"ListItem","position":2,"name":"ADOZONA | Objeta propuesta de gravar parques de zonas francas"}]},{"@type":"WebSite","@id":"https:\/\/minutocerord.com\/#website","url":"https:\/\/minutocerord.com\/","name":"Minuto Cero RD","description":"Periodismo serio y veraz","publisher":{"@id":"https:\/\/minutocerord.com\/#\/schema\/person\/60b5372d60aaa0a5171fb6488be9aee6"},"potentialAction":[{"@type":"SearchAction","target":{"@type":"EntryPoint","urlTemplate":"https:\/\/minutocerord.com\/?s={search_term_string}"},"query-input":{"@type":"PropertyValueSpecification","valueRequired":true,"valueName":"search_term_string"}}],"inLanguage":"es-DO"},{"@type":["Person","Organization"],"@id":"https:\/\/minutocerord.com\/#\/schema\/person\/60b5372d60aaa0a5171fb6488be9aee6","name":"Genof\u00f3ntes Urb\u00e1ez","image":{"@type":"ImageObject","inLanguage":"es-DO","@id":"https:\/\/secure.gravatar.com\/avatar\/a49ef3186a692098ac3e8a1612261e3ad70cf9e44553dff2929e67939a0ecb9d?s=96&d=identicon&r=g","url":"https:\/\/secure.gravatar.com\/avatar\/a49ef3186a692098ac3e8a1612261e3ad70cf9e44553dff2929e67939a0ecb9d?s=96&d=identicon&r=g","contentUrl":"https:\/\/secure.gravatar.com\/avatar\/a49ef3186a692098ac3e8a1612261e3ad70cf9e44553dff2929e67939a0ecb9d?s=96&d=identicon&r=g","caption":"Genof\u00f3ntes Urb\u00e1ez"},"logo":{"@id":"https:\/\/secure.gravatar.com\/avatar\/a49ef3186a692098ac3e8a1612261e3ad70cf9e44553dff2929e67939a0ecb9d?s=96&d=identicon&r=g"},"description":"Periodista \/ Locutor","sameAs":["https:\/\/www.facebook.com\/Genofnotes","https:\/\/www.instagram.com\/genofnotes\/"]}]}},"jetpack_publicize_connections":[],"jetpack_featured_media_url":"https:\/\/i0.wp.com\/minutocerord.com\/wp-content\/uploads\/2024\/10\/adozona-1.jpg?fit=576%2C391&ssl=1","jetpack-related-posts":[],"jetpack_sharing_enabled":true,"_links":{"self":[{"href":"https:\/\/minutocerord.com\/index.php?rest_route=\/wp\/v2\/posts\/20344","targetHints":{"allow":["GET"]}}],"collection":[{"href":"https:\/\/minutocerord.com\/index.php?rest_route=\/wp\/v2\/posts"}],"about":[{"href":"https:\/\/minutocerord.com\/index.php?rest_route=\/wp\/v2\/types\/post"}],"author":[{"embeddable":true,"href":"https:\/\/minutocerord.com\/index.php?rest_route=\/wp\/v2\/users\/1"}],"replies":[{"embeddable":true,"href":"https:\/\/minutocerord.com\/index.php?rest_route=%2Fwp%2Fv2%2Fcomments&post=20344"}],"version-history":[{"count":1,"href":"https:\/\/minutocerord.com\/index.php?rest_route=\/wp\/v2\/posts\/20344\/revisions"}],"predecessor-version":[{"id":20346,"href":"https:\/\/minutocerord.com\/index.php?rest_route=\/wp\/v2\/posts\/20344\/revisions\/20346"}],"wp:featuredmedia":[{"embeddable":true,"href":"https:\/\/minutocerord.com\/index.php?rest_route=\/wp\/v2\/media\/20345"}],"wp:attachment":[{"href":"https:\/\/minutocerord.com\/index.php?rest_route=%2Fwp%2Fv2%2Fmedia&parent=20344"}],"wp:term":[{"taxonomy":"category","embeddable":true,"href":"https:\/\/minutocerord.com\/index.php?rest_route=%2Fwp%2Fv2%2Fcategories&post=20344"},{"taxonomy":"post_tag","embeddable":true,"href":"https:\/\/minutocerord.com\/index.php?rest_route=%2Fwp%2Fv2%2Ftags&post=20344"}],"curies":[{"name":"wp","href":"https:\/\/api.w.org\/{rel}","templated":true}]}}