{"id":20347,"date":"2024-10-08T18:48:16","date_gmt":"2024-10-08T22:48:16","guid":{"rendered":"https:\/\/minutocerord.com\/?p=20347"},"modified":"2024-10-08T18:48:19","modified_gmt":"2024-10-08T22:48:19","slug":"oea-consejo-se-reune-hoy-por-la-expulsion-de-haitianos-de-rd","status":"publish","type":"post","link":"https:\/\/minutocerord.com\/?p=20347","title":{"rendered":"OEA | Consejo se re\u00fane hoy por la expulsi\u00f3n de haitianos de RD"},"content":{"rendered":"\n<p class=\"\"><a href=\"https:\/\/almomento.net\/wp-content\/uploads\/2019\/01\/Vista-general-Consejo-Permanente-OEA.-1.jpg\"><\/a><strong>WASHINGTON, (EUROPA PRESS) \u2013<\/strong> El Consejo Permanente de la Organizaci\u00f3n de Estados Americanos (OEA) se reunir\u00e1 de forma extraordinaria este martes para abordar la expulsi\u00f3n de migrantes haitianos de Rep\u00fablica Dominicana, despu\u00e9s de que este pa\u00eds anunciara deportaciones masivas de 10.000 migrantes a la semana.<\/p>\n\n\n\n<p class=\"\">La reuni\u00f3n, que ser\u00e1 transmitida en directo a trav\u00e9s de la p\u00e1gina web y redes sociales de la OEA, considerar\u00e1 \u00abla situaci\u00f3n de las personas migrantes haitianas en Rep\u00fablica Dominicana\u00bb a las 21.00 hora peninsular espa\u00f1ola.<\/p>\n\n\n\n<p class=\"\">Este anuncio ha tenido lugar en la misma jornada en la que la Direcci\u00f3n General de Migraci\u00f3n (DGM) de Rep\u00fablica Dominicana ha informado que \u00abtrabaja con ah\u00ednco\u00bb para cumplir la meta de deportar 10.000 migrantes indocumentados cada semana y ha confirmado que ha repatriado a 5.144 personas en operativos reforzados desde el jueves pasado hasta el domingo, seg\u00fan reza un comunicado.<\/p>\n\n\n\n<p class=\"\">Por su parte, la ministra de Exteriores de Hait\u00ed, Dominique Dupuy, ha denunciado que las \u00abbrutales escenas de redadas y deportaciones\u00bb son \u00abuna afrenta a la dignidad humana\u00bb. \u00abEsta pol\u00edtica migratoria del Gobierno dominicano contraviene las normas internacionales de Derechos Humanos, as\u00ed como el imperativo de respeto a la dignidad humana\u00bb, ha declarado.<\/p>\n\n\n\n<p class=\"\">La jefa de la diplomacia haitiana ha condenado \u00aben\u00e9rgicamente estos actos deshumanizantes\u00bb y ha exigido \u00abrespeto y justicia\u00bb: \u00abHe comunicado esta posici\u00f3n a mi hom\u00f3logo dominicano y he alertado a los organismos internacionales competentes. El Gobierno haitiano sigue trabajando con sus socios para acoger con dignidad a las personas afectadas\u00bb, ha indicado a trav\u00e9s de su perfil en la red social X.<\/p>\n\n\n\n<p class=\"\"><strong>\u00abEXCESO DE LA POBLACI\u00d3N MIGRANTE\u00bb<\/strong><\/p>\n\n\n\n<p class=\"\">Rep\u00fablica Dominicana, que comparte frontera con Hait\u00ed y donde se encuentran alrededor de medio mill\u00f3n de haitianos seg\u00fan los \u00faltimos datos de 2017, anunci\u00f3 esta medida para \u00abreducir el exceso de poblaci\u00f3n migrante que se percibe en las comunidades dominicanas\u00bb y asegur\u00f3 que lo realizar\u00eda \u00abbajo estrictos protocolos que aseguren el respeto de los Derechos Humanos\u00bb.<\/p>\n\n\n\n<p class=\"\">El presidente dominicano, Luis Abinader, explic\u00f3 que las deportaciones masivas son unas \u00abmedidas especiales\u00bb tomadas ante la falta de actuaci\u00f3n \u00abr\u00e1pida\u00bb. \u00abLo que esperamos es que los pa\u00edses que se comprometieron en la comunidad internacional a ayudar en la pacificaci\u00f3n y control de seguridad en Hait\u00ed lo hagan\u00bb, declar\u00f3.<\/p>\n","protected":false},"excerpt":{"rendered":"<p>WASHINGTON, (EUROPA PRESS) \u2013 El Consejo Permanente de la Organizaci\u00f3n de Estados Americanos (OEA) se reunir\u00e1 de forma extraordinaria este martes para abordar la expulsi\u00f3n de migrantes haitianos de Rep\u00fablica Dominicana, despu\u00e9s de que este pa\u00eds anunciara deportaciones masivas de 10.000 migrantes a la semana. La reuni\u00f3n, que ser\u00e1 transmitida en directo a trav\u00e9s de [&hellip;]<\/p>\n","protected":false},"author":1,"featured_media":20348,"comment_status":"open","ping_status":"open","sticky":false,"template":"","format":"standard","meta":{"nf_dc_page":"","jetpack_post_was_ever_published":false,"_jetpack_newsletter_access":"","_jetpack_dont_email_post_to_subs":false,"_jetpack_newsletter_tier_id":0,"_jetpack_memberships_contains_paywalled_content":false,"_jetpack_memberships_contains_paid_content":false,"footnotes":"","jetpack_publicize_message":"","jetpack_publicize_feature_enabled":true,"jetpack_social_post_already_shared":true,"jetpack_social_options":{"image_generator_settings":{"template":"highway","default_image_id":0,"font":"","enabled":false},"version":2}},"categories":[1],"tags":[],"class_list":["post-20347","post","type-post","status-publish","format-standard","has-post-thumbnail","hentry","category-sin-categoria"],"yoast_head":"<!-- This site is optimized with the Yoast SEO plugin v27.4 - https:\/\/yoast.com\/product\/yoast-seo-wordpress\/ -->\n<title>OEA | Consejo se re\u00fane hoy por la expulsi\u00f3n de haitianos de RD - Minuto Cero RD<\/title>\n<meta name=\"robots\" content=\"index, follow, max-snippet:-1, max-image-preview:large, max-video-preview:-1\" \/>\n<link rel=\"canonical\" href=\"http:\/\/minutocerord.com\/?p=20347\" \/>\n<meta property=\"og:locale\" content=\"es_ES\" \/>\n<meta property=\"og:type\" content=\"article\" \/>\n<meta property=\"og:title\" content=\"OEA | Consejo se re\u00fane hoy por la expulsi\u00f3n de haitianos de RD - Minuto Cero RD\" \/>\n<meta property=\"og:description\" content=\"WASHINGTON, (EUROPA PRESS) \u2013 El Consejo Permanente de la Organizaci\u00f3n de Estados Americanos (OEA) se reunir\u00e1 de forma extraordinaria este martes para abordar la expulsi\u00f3n de migrantes haitianos de Rep\u00fablica Dominicana, despu\u00e9s de que este pa\u00eds anunciara deportaciones masivas de 10.000 migrantes a la semana. La reuni\u00f3n, que ser\u00e1 transmitida en directo a trav\u00e9s de [&hellip;]\" \/>\n<meta property=\"og:url\" content=\"http:\/\/minutocerord.com\/?p=20347\" \/>\n<meta property=\"og:site_name\" content=\"Minuto Cero RD\" \/>\n<meta property=\"article:publisher\" content=\"https:\/\/www.facebook.com\/Genofnotes\" \/>\n<meta property=\"article:author\" content=\"https:\/\/www.facebook.com\/Genofnotes\" \/>\n<meta property=\"article:published_time\" content=\"2024-10-08T22:48:16+00:00\" \/>\n<meta property=\"article:modified_time\" content=\"2024-10-08T22:48:19+00:00\" \/>\n<meta property=\"og:image\" content=\"https:\/\/i0.wp.com\/minutocerord.com\/wp-content\/uploads\/2024\/10\/Vista-general-Consejo-Permanente-OEA.-1-1.jpg?fit=667%2C386\" \/>\n\t<meta property=\"og:image:width\" content=\"667\" \/>\n\t<meta property=\"og:image:height\" content=\"386\" \/>\n\t<meta property=\"og:image:type\" content=\"image\/jpeg\" \/>\n<meta name=\"author\" content=\"Genof\u00f3ntes Urb\u00e1ez\" \/>\n<meta name=\"twitter:card\" content=\"summary_large_image\" \/>\n<meta name=\"twitter:label1\" content=\"Written by\" \/>\n\t<meta name=\"twitter:data1\" content=\"Genof\u00f3ntes Urb\u00e1ez\" \/>\n\t<meta name=\"twitter:label2\" content=\"Est. reading time\" \/>\n\t<meta name=\"twitter:data2\" content=\"2 minutos\" \/>\n<script type=\"application\/ld+json\" class=\"yoast-schema-graph\">{\"@context\":\"https:\\\/\\\/schema.org\",\"@graph\":[{\"@type\":\"Article\",\"@id\":\"http:\\\/\\\/minutocerord.com\\\/?p=20347#article\",\"isPartOf\":{\"@id\":\"http:\\\/\\\/minutocerord.com\\\/?p=20347\"},\"author\":{\"name\":\"Genof\u00f3ntes Urb\u00e1ez\",\"@id\":\"https:\\\/\\\/minutocerord.com\\\/#\\\/schema\\\/person\\\/60b5372d60aaa0a5171fb6488be9aee6\"},\"headline\":\"OEA | Consejo se re\u00fane hoy por la expulsi\u00f3n de haitianos de RD\",\"datePublished\":\"2024-10-08T22:48:16+00:00\",\"dateModified\":\"2024-10-08T22:48:19+00:00\",\"mainEntityOfPage\":{\"@id\":\"http:\\\/\\\/minutocerord.com\\\/?p=20347\"},\"wordCount\":406,\"commentCount\":0,\"publisher\":{\"@id\":\"https:\\\/\\\/minutocerord.com\\\/#\\\/schema\\\/person\\\/60b5372d60aaa0a5171fb6488be9aee6\"},\"image\":{\"@id\":\"http:\\\/\\\/minutocerord.com\\\/?p=20347#primaryimage\"},\"thumbnailUrl\":\"https:\\\/\\\/i0.wp.com\\\/minutocerord.com\\\/wp-content\\\/uploads\\\/2024\\\/10\\\/Vista-general-Consejo-Permanente-OEA.-1-1.jpg?fit=667%2C386&ssl=1\",\"articleSection\":[\"Sin categoria\"],\"inLanguage\":\"es-DO\",\"potentialAction\":[{\"@type\":\"CommentAction\",\"name\":\"Comment\",\"target\":[\"http:\\\/\\\/minutocerord.com\\\/?p=20347#respond\"]}]},{\"@type\":\"WebPage\",\"@id\":\"http:\\\/\\\/minutocerord.com\\\/?p=20347\",\"url\":\"http:\\\/\\\/minutocerord.com\\\/?p=20347\",\"name\":\"OEA | Consejo se re\u00fane hoy por la expulsi\u00f3n de haitianos de RD - Minuto Cero RD\",\"isPartOf\":{\"@id\":\"https:\\\/\\\/minutocerord.com\\\/#website\"},\"primaryImageOfPage\":{\"@id\":\"http:\\\/\\\/minutocerord.com\\\/?p=20347#primaryimage\"},\"image\":{\"@id\":\"http:\\\/\\\/minutocerord.com\\\/?p=20347#primaryimage\"},\"thumbnailUrl\":\"https:\\\/\\\/i0.wp.com\\\/minutocerord.com\\\/wp-content\\\/uploads\\\/2024\\\/10\\\/Vista-general-Consejo-Permanente-OEA.-1-1.jpg?fit=667%2C386&ssl=1\",\"datePublished\":\"2024-10-08T22:48:16+00:00\",\"dateModified\":\"2024-10-08T22:48:19+00:00\",\"breadcrumb\":{\"@id\":\"http:\\\/\\\/minutocerord.com\\\/?p=20347#breadcrumb\"},\"inLanguage\":\"es-DO\",\"potentialAction\":[{\"@type\":\"ReadAction\",\"target\":[\"http:\\\/\\\/minutocerord.com\\\/?p=20347\"]}]},{\"@type\":\"ImageObject\",\"inLanguage\":\"es-DO\",\"@id\":\"http:\\\/\\\/minutocerord.com\\\/?p=20347#primaryimage\",\"url\":\"https:\\\/\\\/i0.wp.com\\\/minutocerord.com\\\/wp-content\\\/uploads\\\/2024\\\/10\\\/Vista-general-Consejo-Permanente-OEA.-1-1.jpg?fit=667%2C386&ssl=1\",\"contentUrl\":\"https:\\\/\\\/i0.wp.com\\\/minutocerord.com\\\/wp-content\\\/uploads\\\/2024\\\/10\\\/Vista-general-Consejo-Permanente-OEA.-1-1.jpg?fit=667%2C386&ssl=1\",\"width\":667,\"height\":386,\"caption\":\"Vista general del Consejo Permanente de la OEA.\"},{\"@type\":\"BreadcrumbList\",\"@id\":\"http:\\\/\\\/minutocerord.com\\\/?p=20347#breadcrumb\",\"itemListElement\":[{\"@type\":\"ListItem\",\"position\":1,\"name\":\"Home\",\"item\":\"https:\\\/\\\/minutocerord.com\\\/\"},{\"@type\":\"ListItem\",\"position\":2,\"name\":\"OEA | Consejo se re\u00fane hoy por la expulsi\u00f3n de haitianos de RD\"}]},{\"@type\":\"WebSite\",\"@id\":\"https:\\\/\\\/minutocerord.com\\\/#website\",\"url\":\"https:\\\/\\\/minutocerord.com\\\/\",\"name\":\"Minuto Cero RD\",\"description\":\"Periodismo serio y veraz\",\"publisher\":{\"@id\":\"https:\\\/\\\/minutocerord.com\\\/#\\\/schema\\\/person\\\/60b5372d60aaa0a5171fb6488be9aee6\"},\"potentialAction\":[{\"@type\":\"SearchAction\",\"target\":{\"@type\":\"EntryPoint\",\"urlTemplate\":\"https:\\\/\\\/minutocerord.com\\\/?s={search_term_string}\"},\"query-input\":{\"@type\":\"PropertyValueSpecification\",\"valueRequired\":true,\"valueName\":\"search_term_string\"}}],\"inLanguage\":\"es-DO\"},{\"@type\":[\"Person\",\"Organization\"],\"@id\":\"https:\\\/\\\/minutocerord.com\\\/#\\\/schema\\\/person\\\/60b5372d60aaa0a5171fb6488be9aee6\",\"name\":\"Genof\u00f3ntes Urb\u00e1ez\",\"image\":{\"@type\":\"ImageObject\",\"inLanguage\":\"es-DO\",\"@id\":\"https:\\\/\\\/secure.gravatar.com\\\/avatar\\\/a49ef3186a692098ac3e8a1612261e3ad70cf9e44553dff2929e67939a0ecb9d?s=96&d=identicon&r=g\",\"url\":\"https:\\\/\\\/secure.gravatar.com\\\/avatar\\\/a49ef3186a692098ac3e8a1612261e3ad70cf9e44553dff2929e67939a0ecb9d?s=96&d=identicon&r=g\",\"contentUrl\":\"https:\\\/\\\/secure.gravatar.com\\\/avatar\\\/a49ef3186a692098ac3e8a1612261e3ad70cf9e44553dff2929e67939a0ecb9d?s=96&d=identicon&r=g\",\"caption\":\"Genof\u00f3ntes Urb\u00e1ez\"},\"logo\":{\"@id\":\"https:\\\/\\\/secure.gravatar.com\\\/avatar\\\/a49ef3186a692098ac3e8a1612261e3ad70cf9e44553dff2929e67939a0ecb9d?s=96&d=identicon&r=g\"},\"description\":\"Periodista \\\/ Locutor\",\"sameAs\":[\"https:\\\/\\\/www.facebook.com\\\/Genofnotes\",\"https:\\\/\\\/www.instagram.com\\\/genofnotes\\\/\"]}]}<\/script>\n<!-- \/ Yoast SEO plugin. -->","yoast_head_json":{"title":"OEA | Consejo se re\u00fane hoy por la expulsi\u00f3n de haitianos de RD - Minuto Cero RD","robots":{"index":"index","follow":"follow","max-snippet":"max-snippet:-1","max-image-preview":"max-image-preview:large","max-video-preview":"max-video-preview:-1"},"canonical":"http:\/\/minutocerord.com\/?p=20347","og_locale":"es_ES","og_type":"article","og_title":"OEA | Consejo se re\u00fane hoy por la expulsi\u00f3n de haitianos de RD - Minuto Cero RD","og_description":"WASHINGTON, (EUROPA PRESS) \u2013 El Consejo Permanente de la Organizaci\u00f3n de Estados Americanos (OEA) se reunir\u00e1 de forma extraordinaria este martes para abordar la expulsi\u00f3n de migrantes haitianos de Rep\u00fablica Dominicana, despu\u00e9s de que este pa\u00eds anunciara deportaciones masivas de 10.000 migrantes a la semana. La reuni\u00f3n, que ser\u00e1 transmitida en directo a trav\u00e9s de [&hellip;]","og_url":"http:\/\/minutocerord.com\/?p=20347","og_site_name":"Minuto Cero RD","article_publisher":"https:\/\/www.facebook.com\/Genofnotes","article_author":"https:\/\/www.facebook.com\/Genofnotes","article_published_time":"2024-10-08T22:48:16+00:00","article_modified_time":"2024-10-08T22:48:19+00:00","og_image":[{"width":667,"height":386,"url":"https:\/\/i0.wp.com\/minutocerord.com\/wp-content\/uploads\/2024\/10\/Vista-general-Consejo-Permanente-OEA.-1-1.jpg?fit=667%2C386","type":"image\/jpeg"}],"author":"Genof\u00f3ntes Urb\u00e1ez","twitter_card":"summary_large_image","twitter_misc":{"Written by":"Genof\u00f3ntes Urb\u00e1ez","Est. reading time":"2 minutos"},"schema":{"@context":"https:\/\/schema.org","@graph":[{"@type":"Article","@id":"http:\/\/minutocerord.com\/?p=20347#article","isPartOf":{"@id":"http:\/\/minutocerord.com\/?p=20347"},"author":{"name":"Genof\u00f3ntes Urb\u00e1ez","@id":"https:\/\/minutocerord.com\/#\/schema\/person\/60b5372d60aaa0a5171fb6488be9aee6"},"headline":"OEA | Consejo se re\u00fane hoy por la expulsi\u00f3n de haitianos de RD","datePublished":"2024-10-08T22:48:16+00:00","dateModified":"2024-10-08T22:48:19+00:00","mainEntityOfPage":{"@id":"http:\/\/minutocerord.com\/?p=20347"},"wordCount":406,"commentCount":0,"publisher":{"@id":"https:\/\/minutocerord.com\/#\/schema\/person\/60b5372d60aaa0a5171fb6488be9aee6"},"image":{"@id":"http:\/\/minutocerord.com\/?p=20347#primaryimage"},"thumbnailUrl":"https:\/\/i0.wp.com\/minutocerord.com\/wp-content\/uploads\/2024\/10\/Vista-general-Consejo-Permanente-OEA.-1-1.jpg?fit=667%2C386&ssl=1","articleSection":["Sin categoria"],"inLanguage":"es-DO","potentialAction":[{"@type":"CommentAction","name":"Comment","target":["http:\/\/minutocerord.com\/?p=20347#respond"]}]},{"@type":"WebPage","@id":"http:\/\/minutocerord.com\/?p=20347","url":"http:\/\/minutocerord.com\/?p=20347","name":"OEA | Consejo se re\u00fane hoy por la expulsi\u00f3n de haitianos de RD - Minuto Cero RD","isPartOf":{"@id":"https:\/\/minutocerord.com\/#website"},"primaryImageOfPage":{"@id":"http:\/\/minutocerord.com\/?p=20347#primaryimage"},"image":{"@id":"http:\/\/minutocerord.com\/?p=20347#primaryimage"},"thumbnailUrl":"https:\/\/i0.wp.com\/minutocerord.com\/wp-content\/uploads\/2024\/10\/Vista-general-Consejo-Permanente-OEA.-1-1.jpg?fit=667%2C386&ssl=1","datePublished":"2024-10-08T22:48:16+00:00","dateModified":"2024-10-08T22:48:19+00:00","breadcrumb":{"@id":"http:\/\/minutocerord.com\/?p=20347#breadcrumb"},"inLanguage":"es-DO","potentialAction":[{"@type":"ReadAction","target":["http:\/\/minutocerord.com\/?p=20347"]}]},{"@type":"ImageObject","inLanguage":"es-DO","@id":"http:\/\/minutocerord.com\/?p=20347#primaryimage","url":"https:\/\/i0.wp.com\/minutocerord.com\/wp-content\/uploads\/2024\/10\/Vista-general-Consejo-Permanente-OEA.-1-1.jpg?fit=667%2C386&ssl=1","contentUrl":"https:\/\/i0.wp.com\/minutocerord.com\/wp-content\/uploads\/2024\/10\/Vista-general-Consejo-Permanente-OEA.-1-1.jpg?fit=667%2C386&ssl=1","width":667,"height":386,"caption":"Vista general del Consejo Permanente de la OEA."},{"@type":"BreadcrumbList","@id":"http:\/\/minutocerord.com\/?p=20347#breadcrumb","itemListElement":[{"@type":"ListItem","position":1,"name":"Home","item":"https:\/\/minutocerord.com\/"},{"@type":"ListItem","position":2,"name":"OEA | Consejo se re\u00fane hoy por la expulsi\u00f3n de haitianos de RD"}]},{"@type":"WebSite","@id":"https:\/\/minutocerord.com\/#website","url":"https:\/\/minutocerord.com\/","name":"Minuto Cero RD","description":"Periodismo serio y veraz","publisher":{"@id":"https:\/\/minutocerord.com\/#\/schema\/person\/60b5372d60aaa0a5171fb6488be9aee6"},"potentialAction":[{"@type":"SearchAction","target":{"@type":"EntryPoint","urlTemplate":"https:\/\/minutocerord.com\/?s={search_term_string}"},"query-input":{"@type":"PropertyValueSpecification","valueRequired":true,"valueName":"search_term_string"}}],"inLanguage":"es-DO"},{"@type":["Person","Organization"],"@id":"https:\/\/minutocerord.com\/#\/schema\/person\/60b5372d60aaa0a5171fb6488be9aee6","name":"Genof\u00f3ntes Urb\u00e1ez","image":{"@type":"ImageObject","inLanguage":"es-DO","@id":"https:\/\/secure.gravatar.com\/avatar\/a49ef3186a692098ac3e8a1612261e3ad70cf9e44553dff2929e67939a0ecb9d?s=96&d=identicon&r=g","url":"https:\/\/secure.gravatar.com\/avatar\/a49ef3186a692098ac3e8a1612261e3ad70cf9e44553dff2929e67939a0ecb9d?s=96&d=identicon&r=g","contentUrl":"https:\/\/secure.gravatar.com\/avatar\/a49ef3186a692098ac3e8a1612261e3ad70cf9e44553dff2929e67939a0ecb9d?s=96&d=identicon&r=g","caption":"Genof\u00f3ntes Urb\u00e1ez"},"logo":{"@id":"https:\/\/secure.gravatar.com\/avatar\/a49ef3186a692098ac3e8a1612261e3ad70cf9e44553dff2929e67939a0ecb9d?s=96&d=identicon&r=g"},"description":"Periodista \/ Locutor","sameAs":["https:\/\/www.facebook.com\/Genofnotes","https:\/\/www.instagram.com\/genofnotes\/"]}]}},"jetpack_publicize_connections":[],"jetpack_featured_media_url":"https:\/\/i0.wp.com\/minutocerord.com\/wp-content\/uploads\/2024\/10\/Vista-general-Consejo-Permanente-OEA.-1-1.jpg?fit=667%2C386&ssl=1","jetpack-related-posts":[],"jetpack_sharing_enabled":true,"_links":{"self":[{"href":"https:\/\/minutocerord.com\/index.php?rest_route=\/wp\/v2\/posts\/20347","targetHints":{"allow":["GET"]}}],"collection":[{"href":"https:\/\/minutocerord.com\/index.php?rest_route=\/wp\/v2\/posts"}],"about":[{"href":"https:\/\/minutocerord.com\/index.php?rest_route=\/wp\/v2\/types\/post"}],"author":[{"embeddable":true,"href":"https:\/\/minutocerord.com\/index.php?rest_route=\/wp\/v2\/users\/1"}],"replies":[{"embeddable":true,"href":"https:\/\/minutocerord.com\/index.php?rest_route=%2Fwp%2Fv2%2Fcomments&post=20347"}],"version-history":[{"count":1,"href":"https:\/\/minutocerord.com\/index.php?rest_route=\/wp\/v2\/posts\/20347\/revisions"}],"predecessor-version":[{"id":20349,"href":"https:\/\/minutocerord.com\/index.php?rest_route=\/wp\/v2\/posts\/20347\/revisions\/20349"}],"wp:featuredmedia":[{"embeddable":true,"href":"https:\/\/minutocerord.com\/index.php?rest_route=\/wp\/v2\/media\/20348"}],"wp:attachment":[{"href":"https:\/\/minutocerord.com\/index.php?rest_route=%2Fwp%2Fv2%2Fmedia&parent=20347"}],"wp:term":[{"taxonomy":"category","embeddable":true,"href":"https:\/\/minutocerord.com\/index.php?rest_route=%2Fwp%2Fv2%2Fcategories&post=20347"},{"taxonomy":"post_tag","embeddable":true,"href":"https:\/\/minutocerord.com\/index.php?rest_route=%2Fwp%2Fv2%2Ftags&post=20347"}],"curies":[{"name":"wp","href":"https:\/\/api.w.org\/{rel}","templated":true}]}}