{"id":20350,"date":"2024-10-08T18:51:37","date_gmt":"2024-10-08T22:51:37","guid":{"rendered":"https:\/\/minutocerord.com\/?p=20350"},"modified":"2024-10-08T18:51:39","modified_gmt":"2024-10-08T22:51:39","slug":"dgm-migracion-y-representantes-onu-tratan-sobre-plan-deportaciones","status":"publish","type":"post","link":"https:\/\/minutocerord.com\/?p=20350","title":{"rendered":"DGM | Migraci\u00f3n y representantes ONU tratan sobre plan deportaciones"},"content":{"rendered":"\n<p class=\"\"><a href=\"https:\/\/almomento.net\/wp-content\/uploads\/2024\/10\/Migracion-RD-y-ONU-e1728424441879.jpeg\"><\/a><strong>Santo Domingo, RD.-  <\/strong>El director general de Migraci\u00f3n, Luis Lee Ballester, se reuni\u00f3 con funcionarios de la ONU en el pa\u00eds, a quienes expuso el plan anunciado por el Gobierno para deportar hasta 10,000 indocumentados a la semana, lo que afectar\u00e1 especialmente a los haitianos.<\/p>\n\n\n\n<p class=\"\">El contenido de la reuni\u00f3n se dio a conocer a trav\u00e9s de un comunicado emitido este martes, seg\u00fan el cual Lee Ballester se comprometi\u00f3 a velar \u00abpor el debido proceso, en el marco del respeto de los derechos fundamentales de todo ser humano, ni\u00f1os, ni\u00f1as y adolescentes, garantizando, a su vez, la seguridad, el orden y el cumplimiento\u00bb de la ley de Migraci\u00f3n.<\/p>\n\n\n\n<p class=\"\">Asimismo, subray\u00f3 la importancia de que estos organismos y agencias cooperen con los programas oficiales \u00abno s\u00f3lo para cumplir con los est\u00e1ndares internacionales, sino tambi\u00e9n para el desarrollo y mejoramiento de las capacidades\u00bb que utiliza la Direcci\u00f3n General de Migraci\u00f3n (DGM) en los operativos de control migratorio.<\/p>\n\n\n\n<p class=\"\"><strong>ONU DISPUESTA A COLABORAR CON RD<\/strong><\/p>\n\n\n\n<p class=\"\">El coordinador residente interino de los organismos de la ONU en el pa\u00eds, Rodrigo Casta\u00f1eda, expres\u00f3 la disposici\u00f3n de la organizaci\u00f3n de colaborar \u00abpara el fortalecimiento de la instituci\u00f3n, el intercambio de buenas pr\u00e1cticas, la elaboraci\u00f3n de protocolos de actuaci\u00f3n y el entrenamiento y capacitaci\u00f3n del personal\u00bb, de acuerdo con la nota.<\/p>\n\n\n\n<p class=\"\">En el encuentro, celebrado en la DGM, participaron delegados de la Organizaci\u00f3n Internacional para las Migraciones (OIM), el Fondo de las Naciones Unidas para la Infancia (Unicef), el Alto Comisionado de las Naciones Unidas para los Refugiados (Acnur), la Oficina de la Coordinadora Residente de las Naciones Unidas (OCR), la Oficina de las Naciones Unidas Contra la Drogas y el Delito (Undoc) y el Fondo de Naciones Unidas de Poblaci\u00f3n y Familia (Unfpa).<\/p>\n\n\n\n<p class=\"\">Tambi\u00e9n particip\u00f3 el Consejo Nacional para la Ni\u00f1ez y Adolescencia (Conani), entidad dominicana que apoya la DGM en la atenci\u00f3n a los casos de ni\u00f1os y adolescentes migrantes indocumentados a ser repatriados. EFE<\/p>\n","protected":false},"excerpt":{"rendered":"<p>Santo Domingo, RD.- El director general de Migraci\u00f3n, Luis Lee Ballester, se reuni\u00f3 con funcionarios de la ONU en el pa\u00eds, a quienes expuso el plan anunciado por el Gobierno para deportar hasta 10,000 indocumentados a la semana, lo que afectar\u00e1 especialmente a los haitianos. El contenido de la reuni\u00f3n se dio a conocer a [&hellip;]<\/p>\n","protected":false},"author":1,"featured_media":20351,"comment_status":"open","ping_status":"open","sticky":false,"template":"","format":"standard","meta":{"nf_dc_page":"","jetpack_post_was_ever_published":false,"_jetpack_newsletter_access":"","_jetpack_dont_email_post_to_subs":false,"_jetpack_newsletter_tier_id":0,"_jetpack_memberships_contains_paywalled_content":false,"_jetpack_memberships_contains_paid_content":false,"footnotes":"","jetpack_publicize_message":"","jetpack_publicize_feature_enabled":true,"jetpack_social_post_already_shared":true,"jetpack_social_options":{"image_generator_settings":{"template":"highway","default_image_id":0,"font":"","enabled":false},"version":2}},"categories":[102],"tags":[],"class_list":["post-20350","post","type-post","status-publish","format-standard","has-post-thumbnail","hentry","category-santo-domingo"],"yoast_head":"<!-- This site is optimized with the Yoast SEO plugin v27.4 - https:\/\/yoast.com\/product\/yoast-seo-wordpress\/ -->\n<title>DGM | Migraci\u00f3n y representantes ONU tratan sobre plan deportaciones - Minuto Cero RD<\/title>\n<meta name=\"robots\" content=\"index, follow, max-snippet:-1, max-image-preview:large, max-video-preview:-1\" \/>\n<link rel=\"canonical\" href=\"https:\/\/minutocerord.com\/?p=20350\" \/>\n<meta property=\"og:locale\" content=\"es_ES\" \/>\n<meta property=\"og:type\" content=\"article\" \/>\n<meta property=\"og:title\" content=\"DGM | Migraci\u00f3n y representantes ONU tratan sobre plan deportaciones - Minuto Cero RD\" \/>\n<meta property=\"og:description\" content=\"Santo Domingo, RD.- El director general de Migraci\u00f3n, Luis Lee Ballester, se reuni\u00f3 con funcionarios de la ONU en el pa\u00eds, a quienes expuso el plan anunciado por el Gobierno para deportar hasta 10,000 indocumentados a la semana, lo que afectar\u00e1 especialmente a los haitianos. El contenido de la reuni\u00f3n se dio a conocer a [&hellip;]\" \/>\n<meta property=\"og:url\" content=\"https:\/\/minutocerord.com\/?p=20350\" \/>\n<meta property=\"og:site_name\" content=\"Minuto Cero RD\" \/>\n<meta property=\"article:publisher\" content=\"https:\/\/www.facebook.com\/Genofnotes\" \/>\n<meta property=\"article:author\" content=\"https:\/\/www.facebook.com\/Genofnotes\" \/>\n<meta property=\"article:published_time\" content=\"2024-10-08T22:51:37+00:00\" \/>\n<meta property=\"article:modified_time\" content=\"2024-10-08T22:51:39+00:00\" \/>\n<meta property=\"og:image\" content=\"https:\/\/i0.wp.com\/minutocerord.com\/wp-content\/uploads\/2024\/10\/Migracion-RD-y-ONU-e1728424441879.jpg?fit=1097%2C666&ssl=1\" \/>\n\t<meta property=\"og:image:width\" content=\"1097\" \/>\n\t<meta property=\"og:image:height\" content=\"666\" \/>\n\t<meta property=\"og:image:type\" content=\"image\/jpeg\" \/>\n<meta name=\"author\" content=\"Genof\u00f3ntes Urb\u00e1ez\" \/>\n<meta name=\"twitter:card\" content=\"summary_large_image\" \/>\n<meta name=\"twitter:label1\" content=\"Written by\" \/>\n\t<meta name=\"twitter:data1\" content=\"Genof\u00f3ntes Urb\u00e1ez\" \/>\n\t<meta name=\"twitter:label2\" content=\"Est. reading time\" \/>\n\t<meta name=\"twitter:data2\" content=\"2 minutos\" \/>\n<script type=\"application\/ld+json\" class=\"yoast-schema-graph\">{\"@context\":\"https:\\\/\\\/schema.org\",\"@graph\":[{\"@type\":\"Article\",\"@id\":\"https:\\\/\\\/minutocerord.com\\\/?p=20350#article\",\"isPartOf\":{\"@id\":\"https:\\\/\\\/minutocerord.com\\\/?p=20350\"},\"author\":{\"name\":\"Genof\u00f3ntes Urb\u00e1ez\",\"@id\":\"https:\\\/\\\/minutocerord.com\\\/#\\\/schema\\\/person\\\/60b5372d60aaa0a5171fb6488be9aee6\"},\"headline\":\"DGM | Migraci\u00f3n y representantes ONU tratan sobre plan deportaciones\",\"datePublished\":\"2024-10-08T22:51:37+00:00\",\"dateModified\":\"2024-10-08T22:51:39+00:00\",\"mainEntityOfPage\":{\"@id\":\"https:\\\/\\\/minutocerord.com\\\/?p=20350\"},\"wordCount\":357,\"commentCount\":0,\"publisher\":{\"@id\":\"https:\\\/\\\/minutocerord.com\\\/#\\\/schema\\\/person\\\/60b5372d60aaa0a5171fb6488be9aee6\"},\"image\":{\"@id\":\"https:\\\/\\\/minutocerord.com\\\/?p=20350#primaryimage\"},\"thumbnailUrl\":\"https:\\\/\\\/i0.wp.com\\\/minutocerord.com\\\/wp-content\\\/uploads\\\/2024\\\/10\\\/Migracion-RD-y-ONU-e1728424441879.jpg?fit=1097%2C666&ssl=1\",\"articleSection\":[\"Santo Domingo\"],\"inLanguage\":\"es-DO\",\"potentialAction\":[{\"@type\":\"CommentAction\",\"name\":\"Comment\",\"target\":[\"https:\\\/\\\/minutocerord.com\\\/?p=20350#respond\"]}]},{\"@type\":\"WebPage\",\"@id\":\"https:\\\/\\\/minutocerord.com\\\/?p=20350\",\"url\":\"https:\\\/\\\/minutocerord.com\\\/?p=20350\",\"name\":\"DGM | Migraci\u00f3n y representantes ONU tratan sobre plan deportaciones - Minuto Cero RD\",\"isPartOf\":{\"@id\":\"https:\\\/\\\/minutocerord.com\\\/#website\"},\"primaryImageOfPage\":{\"@id\":\"https:\\\/\\\/minutocerord.com\\\/?p=20350#primaryimage\"},\"image\":{\"@id\":\"https:\\\/\\\/minutocerord.com\\\/?p=20350#primaryimage\"},\"thumbnailUrl\":\"https:\\\/\\\/i0.wp.com\\\/minutocerord.com\\\/wp-content\\\/uploads\\\/2024\\\/10\\\/Migracion-RD-y-ONU-e1728424441879.jpg?fit=1097%2C666&ssl=1\",\"datePublished\":\"2024-10-08T22:51:37+00:00\",\"dateModified\":\"2024-10-08T22:51:39+00:00\",\"breadcrumb\":{\"@id\":\"https:\\\/\\\/minutocerord.com\\\/?p=20350#breadcrumb\"},\"inLanguage\":\"es-DO\",\"potentialAction\":[{\"@type\":\"ReadAction\",\"target\":[\"https:\\\/\\\/minutocerord.com\\\/?p=20350\"]}]},{\"@type\":\"ImageObject\",\"inLanguage\":\"es-DO\",\"@id\":\"https:\\\/\\\/minutocerord.com\\\/?p=20350#primaryimage\",\"url\":\"https:\\\/\\\/i0.wp.com\\\/minutocerord.com\\\/wp-content\\\/uploads\\\/2024\\\/10\\\/Migracion-RD-y-ONU-e1728424441879.jpg?fit=1097%2C666&ssl=1\",\"contentUrl\":\"https:\\\/\\\/i0.wp.com\\\/minutocerord.com\\\/wp-content\\\/uploads\\\/2024\\\/10\\\/Migracion-RD-y-ONU-e1728424441879.jpg?fit=1097%2C666&ssl=1\",\"width\":1097,\"height\":666,\"caption\":\"La reuni\u00f3n entre el director de Migraci\u00f3n y representantes de la ONU fue desarrollada este martes.\"},{\"@type\":\"BreadcrumbList\",\"@id\":\"https:\\\/\\\/minutocerord.com\\\/?p=20350#breadcrumb\",\"itemListElement\":[{\"@type\":\"ListItem\",\"position\":1,\"name\":\"Home\",\"item\":\"https:\\\/\\\/minutocerord.com\\\/\"},{\"@type\":\"ListItem\",\"position\":2,\"name\":\"DGM | Migraci\u00f3n y representantes ONU tratan sobre plan deportaciones\"}]},{\"@type\":\"WebSite\",\"@id\":\"https:\\\/\\\/minutocerord.com\\\/#website\",\"url\":\"https:\\\/\\\/minutocerord.com\\\/\",\"name\":\"Minuto Cero RD\",\"description\":\"Periodismo serio y veraz\",\"publisher\":{\"@id\":\"https:\\\/\\\/minutocerord.com\\\/#\\\/schema\\\/person\\\/60b5372d60aaa0a5171fb6488be9aee6\"},\"potentialAction\":[{\"@type\":\"SearchAction\",\"target\":{\"@type\":\"EntryPoint\",\"urlTemplate\":\"https:\\\/\\\/minutocerord.com\\\/?s={search_term_string}\"},\"query-input\":{\"@type\":\"PropertyValueSpecification\",\"valueRequired\":true,\"valueName\":\"search_term_string\"}}],\"inLanguage\":\"es-DO\"},{\"@type\":[\"Person\",\"Organization\"],\"@id\":\"https:\\\/\\\/minutocerord.com\\\/#\\\/schema\\\/person\\\/60b5372d60aaa0a5171fb6488be9aee6\",\"name\":\"Genof\u00f3ntes Urb\u00e1ez\",\"image\":{\"@type\":\"ImageObject\",\"inLanguage\":\"es-DO\",\"@id\":\"https:\\\/\\\/secure.gravatar.com\\\/avatar\\\/a49ef3186a692098ac3e8a1612261e3ad70cf9e44553dff2929e67939a0ecb9d?s=96&d=identicon&r=g\",\"url\":\"https:\\\/\\\/secure.gravatar.com\\\/avatar\\\/a49ef3186a692098ac3e8a1612261e3ad70cf9e44553dff2929e67939a0ecb9d?s=96&d=identicon&r=g\",\"contentUrl\":\"https:\\\/\\\/secure.gravatar.com\\\/avatar\\\/a49ef3186a692098ac3e8a1612261e3ad70cf9e44553dff2929e67939a0ecb9d?s=96&d=identicon&r=g\",\"caption\":\"Genof\u00f3ntes Urb\u00e1ez\"},\"logo\":{\"@id\":\"https:\\\/\\\/secure.gravatar.com\\\/avatar\\\/a49ef3186a692098ac3e8a1612261e3ad70cf9e44553dff2929e67939a0ecb9d?s=96&d=identicon&r=g\"},\"description\":\"Periodista \\\/ Locutor\",\"sameAs\":[\"https:\\\/\\\/www.facebook.com\\\/Genofnotes\",\"https:\\\/\\\/www.instagram.com\\\/genofnotes\\\/\"]}]}<\/script>\n<!-- \/ Yoast SEO plugin. -->","yoast_head_json":{"title":"DGM | Migraci\u00f3n y representantes ONU tratan sobre plan deportaciones - Minuto Cero RD","robots":{"index":"index","follow":"follow","max-snippet":"max-snippet:-1","max-image-preview":"max-image-preview:large","max-video-preview":"max-video-preview:-1"},"canonical":"https:\/\/minutocerord.com\/?p=20350","og_locale":"es_ES","og_type":"article","og_title":"DGM | Migraci\u00f3n y representantes ONU tratan sobre plan deportaciones - Minuto Cero RD","og_description":"Santo Domingo, RD.- El director general de Migraci\u00f3n, Luis Lee Ballester, se reuni\u00f3 con funcionarios de la ONU en el pa\u00eds, a quienes expuso el plan anunciado por el Gobierno para deportar hasta 10,000 indocumentados a la semana, lo que afectar\u00e1 especialmente a los haitianos. El contenido de la reuni\u00f3n se dio a conocer a [&hellip;]","og_url":"https:\/\/minutocerord.com\/?p=20350","og_site_name":"Minuto Cero RD","article_publisher":"https:\/\/www.facebook.com\/Genofnotes","article_author":"https:\/\/www.facebook.com\/Genofnotes","article_published_time":"2024-10-08T22:51:37+00:00","article_modified_time":"2024-10-08T22:51:39+00:00","og_image":[{"width":1097,"height":666,"url":"https:\/\/i0.wp.com\/minutocerord.com\/wp-content\/uploads\/2024\/10\/Migracion-RD-y-ONU-e1728424441879.jpg?fit=1097%2C666&ssl=1","type":"image\/jpeg"}],"author":"Genof\u00f3ntes Urb\u00e1ez","twitter_card":"summary_large_image","twitter_misc":{"Written by":"Genof\u00f3ntes Urb\u00e1ez","Est. reading time":"2 minutos"},"schema":{"@context":"https:\/\/schema.org","@graph":[{"@type":"Article","@id":"https:\/\/minutocerord.com\/?p=20350#article","isPartOf":{"@id":"https:\/\/minutocerord.com\/?p=20350"},"author":{"name":"Genof\u00f3ntes Urb\u00e1ez","@id":"https:\/\/minutocerord.com\/#\/schema\/person\/60b5372d60aaa0a5171fb6488be9aee6"},"headline":"DGM | Migraci\u00f3n y representantes ONU tratan sobre plan deportaciones","datePublished":"2024-10-08T22:51:37+00:00","dateModified":"2024-10-08T22:51:39+00:00","mainEntityOfPage":{"@id":"https:\/\/minutocerord.com\/?p=20350"},"wordCount":357,"commentCount":0,"publisher":{"@id":"https:\/\/minutocerord.com\/#\/schema\/person\/60b5372d60aaa0a5171fb6488be9aee6"},"image":{"@id":"https:\/\/minutocerord.com\/?p=20350#primaryimage"},"thumbnailUrl":"https:\/\/i0.wp.com\/minutocerord.com\/wp-content\/uploads\/2024\/10\/Migracion-RD-y-ONU-e1728424441879.jpg?fit=1097%2C666&ssl=1","articleSection":["Santo Domingo"],"inLanguage":"es-DO","potentialAction":[{"@type":"CommentAction","name":"Comment","target":["https:\/\/minutocerord.com\/?p=20350#respond"]}]},{"@type":"WebPage","@id":"https:\/\/minutocerord.com\/?p=20350","url":"https:\/\/minutocerord.com\/?p=20350","name":"DGM | Migraci\u00f3n y representantes ONU tratan sobre plan deportaciones - Minuto Cero RD","isPartOf":{"@id":"https:\/\/minutocerord.com\/#website"},"primaryImageOfPage":{"@id":"https:\/\/minutocerord.com\/?p=20350#primaryimage"},"image":{"@id":"https:\/\/minutocerord.com\/?p=20350#primaryimage"},"thumbnailUrl":"https:\/\/i0.wp.com\/minutocerord.com\/wp-content\/uploads\/2024\/10\/Migracion-RD-y-ONU-e1728424441879.jpg?fit=1097%2C666&ssl=1","datePublished":"2024-10-08T22:51:37+00:00","dateModified":"2024-10-08T22:51:39+00:00","breadcrumb":{"@id":"https:\/\/minutocerord.com\/?p=20350#breadcrumb"},"inLanguage":"es-DO","potentialAction":[{"@type":"ReadAction","target":["https:\/\/minutocerord.com\/?p=20350"]}]},{"@type":"ImageObject","inLanguage":"es-DO","@id":"https:\/\/minutocerord.com\/?p=20350#primaryimage","url":"https:\/\/i0.wp.com\/minutocerord.com\/wp-content\/uploads\/2024\/10\/Migracion-RD-y-ONU-e1728424441879.jpg?fit=1097%2C666&ssl=1","contentUrl":"https:\/\/i0.wp.com\/minutocerord.com\/wp-content\/uploads\/2024\/10\/Migracion-RD-y-ONU-e1728424441879.jpg?fit=1097%2C666&ssl=1","width":1097,"height":666,"caption":"La reuni\u00f3n entre el director de Migraci\u00f3n y representantes de la ONU fue desarrollada este martes."},{"@type":"BreadcrumbList","@id":"https:\/\/minutocerord.com\/?p=20350#breadcrumb","itemListElement":[{"@type":"ListItem","position":1,"name":"Home","item":"https:\/\/minutocerord.com\/"},{"@type":"ListItem","position":2,"name":"DGM | Migraci\u00f3n y representantes ONU tratan sobre plan deportaciones"}]},{"@type":"WebSite","@id":"https:\/\/minutocerord.com\/#website","url":"https:\/\/minutocerord.com\/","name":"Minuto Cero RD","description":"Periodismo serio y veraz","publisher":{"@id":"https:\/\/minutocerord.com\/#\/schema\/person\/60b5372d60aaa0a5171fb6488be9aee6"},"potentialAction":[{"@type":"SearchAction","target":{"@type":"EntryPoint","urlTemplate":"https:\/\/minutocerord.com\/?s={search_term_string}"},"query-input":{"@type":"PropertyValueSpecification","valueRequired":true,"valueName":"search_term_string"}}],"inLanguage":"es-DO"},{"@type":["Person","Organization"],"@id":"https:\/\/minutocerord.com\/#\/schema\/person\/60b5372d60aaa0a5171fb6488be9aee6","name":"Genof\u00f3ntes Urb\u00e1ez","image":{"@type":"ImageObject","inLanguage":"es-DO","@id":"https:\/\/secure.gravatar.com\/avatar\/a49ef3186a692098ac3e8a1612261e3ad70cf9e44553dff2929e67939a0ecb9d?s=96&d=identicon&r=g","url":"https:\/\/secure.gravatar.com\/avatar\/a49ef3186a692098ac3e8a1612261e3ad70cf9e44553dff2929e67939a0ecb9d?s=96&d=identicon&r=g","contentUrl":"https:\/\/secure.gravatar.com\/avatar\/a49ef3186a692098ac3e8a1612261e3ad70cf9e44553dff2929e67939a0ecb9d?s=96&d=identicon&r=g","caption":"Genof\u00f3ntes Urb\u00e1ez"},"logo":{"@id":"https:\/\/secure.gravatar.com\/avatar\/a49ef3186a692098ac3e8a1612261e3ad70cf9e44553dff2929e67939a0ecb9d?s=96&d=identicon&r=g"},"description":"Periodista \/ Locutor","sameAs":["https:\/\/www.facebook.com\/Genofnotes","https:\/\/www.instagram.com\/genofnotes\/"]}]}},"jetpack_publicize_connections":[],"jetpack_featured_media_url":"https:\/\/i0.wp.com\/minutocerord.com\/wp-content\/uploads\/2024\/10\/Migracion-RD-y-ONU-e1728424441879.jpg?fit=1097%2C666&ssl=1","jetpack-related-posts":[],"jetpack_sharing_enabled":true,"_links":{"self":[{"href":"https:\/\/minutocerord.com\/index.php?rest_route=\/wp\/v2\/posts\/20350","targetHints":{"allow":["GET"]}}],"collection":[{"href":"https:\/\/minutocerord.com\/index.php?rest_route=\/wp\/v2\/posts"}],"about":[{"href":"https:\/\/minutocerord.com\/index.php?rest_route=\/wp\/v2\/types\/post"}],"author":[{"embeddable":true,"href":"https:\/\/minutocerord.com\/index.php?rest_route=\/wp\/v2\/users\/1"}],"replies":[{"embeddable":true,"href":"https:\/\/minutocerord.com\/index.php?rest_route=%2Fwp%2Fv2%2Fcomments&post=20350"}],"version-history":[{"count":1,"href":"https:\/\/minutocerord.com\/index.php?rest_route=\/wp\/v2\/posts\/20350\/revisions"}],"predecessor-version":[{"id":20352,"href":"https:\/\/minutocerord.com\/index.php?rest_route=\/wp\/v2\/posts\/20350\/revisions\/20352"}],"wp:featuredmedia":[{"embeddable":true,"href":"https:\/\/minutocerord.com\/index.php?rest_route=\/wp\/v2\/media\/20351"}],"wp:attachment":[{"href":"https:\/\/minutocerord.com\/index.php?rest_route=%2Fwp%2Fv2%2Fmedia&parent=20350"}],"wp:term":[{"taxonomy":"category","embeddable":true,"href":"https:\/\/minutocerord.com\/index.php?rest_route=%2Fwp%2Fv2%2Fcategories&post=20350"},{"taxonomy":"post_tag","embeddable":true,"href":"https:\/\/minutocerord.com\/index.php?rest_route=%2Fwp%2Fv2%2Ftags&post=20350"}],"curies":[{"name":"wp","href":"https:\/\/api.w.org\/{rel}","templated":true}]}}