{"id":20973,"date":"2024-11-12T21:21:34","date_gmt":"2024-11-13T01:21:34","guid":{"rendered":"https:\/\/minutocerord.com\/?p=20973"},"modified":"2024-11-12T21:21:38","modified_gmt":"2024-11-13T01:21:38","slug":"deportes-el-ministerio-publico-solicita-medidas-de-coercion-contra-wander-franco-por-posesion-ilegal-de-arma","status":"publish","type":"post","link":"https:\/\/minutocerord.com\/?p=20973","title":{"rendered":"DEPORTES | El Ministerio P\u00fablico solicita medidas de coerci\u00f3n contra Wander Franco por posesi\u00f3n ilegal de arma"},"content":{"rendered":"\n<p class=\"\"><strong>SANTO DOMINGO, RD.-<\/strong> El Ministerio P\u00fablico inform\u00f3 este martes que ha solicitado medida de coerci\u00f3n contra Wander Franco, campocorto de los Rays de Tampa Bay, por posesi\u00f3n ilegal de arma.<\/p>\n\n\n\n<p class=\"\">Conforme al MP en la localidad, Franco transportaba en su veh\u00edculo una pistola marca Glock, modelo 19 GHT121, con su cargador y 15 c\u00e1psulas, sin documentaci\u00f3n, arma de fuego propiedad de Branly Fernando Lugo Rodr\u00edguez, quien el imputado asegura es su t\u00edo.<\/p>\n\n\n\n<p class=\"\">La coerci\u00f3n solicitada por el \u00f3rgano persecutor contra Franco consiste en presentaci\u00f3n peri\u00f3dica ante el fiscal investigador.<\/p>\n\n\n<div class=\"wp-block-image\">\n<figure class=\"alignright\"><a href=\"https:\/\/i0.wp.com\/blogger.googleusercontent.com\/img\/b\/R29vZ2xl\/AVvXsEjy-FFzRnkyo69N1HR5ckzdIFto6EJHSyhGn_sJVSUt-LekIdop4kRUlGkBa82c-aVozUbaNsxwS6AMJkhXhVRyTXqlgjQ5epPai7cIvwgd_uWFG-J8P2JteTivq-2K5VSPJnEaUl1RY46IS1omdNP-Ilxni6sp5KDeGepgnbwSKW93_HK7GJNQ_8iM2i0\/s600\/466515784_1119868540141453_3657441003009667784_n.jpg?ssl=1\"><img data-recalc-dims=\"1\" decoding=\"async\" loading=\"lazy\" src=\"https:\/\/i0.wp.com\/blogger.googleusercontent.com\/img\/b\/R29vZ2xl\/AVvXsEjy-FFzRnkyo69N1HR5ckzdIFto6EJHSyhGn_sJVSUt-LekIdop4kRUlGkBa82c-aVozUbaNsxwS6AMJkhXhVRyTXqlgjQ5epPai7cIvwgd_uWFG-J8P2JteTivq-2K5VSPJnEaUl1RY46IS1omdNP-Ilxni6sp5KDeGepgnbwSKW93_HK7GJNQ_8iM2i0\/s320\/466515784_1119868540141453_3657441003009667784_n.jpg?w=640&#038;ssl=1\" alt=\"\"\/><\/a><\/figure>\n<\/div>\n\n\n<p class=\"\"><br>El pelotero fue detenido el pasado domingo luego de un incidente con el joven Jos\u00e9 Jasiel Cohen S\u00e1nchez en San Juan de la Maguana, presuntamente derivado de una disputa amorosa.<\/p>\n\n\n\n<p class=\"\">Adem\u00e1s, se est\u00e1 solicitando coerci\u00f3n en contra de Cohen S\u00e1nchez, quien presuntamente agredi\u00f3 a una joven que acompa\u00f1aba a Franco, la cual, seg\u00fan las autoridades, ser\u00eda su expareja.<\/p>\n\n\n\n<p class=\"\">El fiscal F\u00e9lix subray\u00f3 que, aunque se alcanz\u00f3 un acuerdo entre las partes involucradas, el caso fue llevado al tribunal debido a su car\u00e1cter de orden p\u00fablico.<\/p>\n\n\n\n<p class=\"\"><strong>Detalles del incidente<\/strong><\/p>\n\n\n\n<p class=\"\">El fiscal F\u00e9lix detall\u00f3 que el altercado comenz\u00f3 el viernes cuando Cohen S\u00e1nchez, al ver a su expareja junto a Franco, tuvo una reacci\u00f3n celosa y, presuntamente, la agredi\u00f3. Franco intent\u00f3 mediar en la situaci\u00f3n sin involucrarse en una confrontaci\u00f3n f\u00edsica.<a><\/a><\/p>\n\n\n\n<p class=\"\">&nbsp;&#8220;El viernes, el joven celoso, la investigaci\u00f3n arroja que \u00e9l la agredi\u00f3, pero Wander Franco, en ese momento trat\u00f3 de mediar, no hubo una acci\u00f3n agresiva hacia el joven, eso qued\u00f3 ah\u00ed&#8221;<\/p>\n\n\n\n<p class=\"\">El conflicto continu\u00f3 el domingo, cuando Franco acompa\u00f1\u00f3 a la joven hasta su casa, y Cohen S\u00e1nchez lleg\u00f3 al lugar, supuestamente provocando al pelotero.<\/p>\n\n\n\n<p class=\"\">Seg\u00fan F\u00e9lix, Cohen S\u00e1nchez intent\u00f3 llevar a su expareja en su veh\u00edculo y ella accedi\u00f3 a subirse.<\/p>\n\n\n\n<p class=\"\">&#8220;Al salir del \u00e1rea residencial, lleg\u00f3 el pap\u00e1 de Cohen S\u00e1nchez, ante un llamado de su hijo, bloquearon la salida y el padre, creyendo que lo que iban a atracar, sac\u00f3 su pistola y se produjo una situaci\u00f3n confusa&#8221;, explic\u00f3 el fiscal.<\/p>\n\n\n\n<p class=\"\">Finalmente, al llegar la polic\u00eda al lugar, el propio padre de Cohen S\u00e1nchez descubri\u00f3 el arma de fuego en el veh\u00edculo de Franco. A ra\u00edz de esta situaci\u00f3n, todos los involucrados en el altercado fueron arrestados.<\/p>\n","protected":false},"excerpt":{"rendered":"<p>SANTO DOMINGO, RD.- El Ministerio P\u00fablico inform\u00f3 este martes que ha solicitado medida de coerci\u00f3n contra Wander Franco, campocorto de los Rays de Tampa Bay, por posesi\u00f3n ilegal de arma. Conforme al MP en la localidad, Franco transportaba en su veh\u00edculo una pistola marca Glock, modelo 19 GHT121, con su cargador y 15 c\u00e1psulas, sin [&hellip;]<\/p>\n","protected":false},"author":1,"featured_media":20974,"comment_status":"open","ping_status":"open","sticky":false,"template":"","format":"standard","meta":{"nf_dc_page":"","jetpack_post_was_ever_published":false,"_jetpack_newsletter_access":"","_jetpack_dont_email_post_to_subs":false,"_jetpack_newsletter_tier_id":0,"_jetpack_memberships_contains_paywalled_content":false,"_jetpack_memberships_contains_paid_content":false,"footnotes":"","jetpack_publicize_message":"","jetpack_publicize_feature_enabled":true,"jetpack_social_post_already_shared":true,"jetpack_social_options":{"image_generator_settings":{"template":"highway","default_image_id":0,"font":"","enabled":false},"version":2}},"categories":[80],"tags":[],"class_list":["post-20973","post","type-post","status-publish","format-standard","has-post-thumbnail","hentry","category-beisbol"],"yoast_head":"<!-- This site is optimized with the Yoast SEO plugin v27.5 - https:\/\/yoast.com\/product\/yoast-seo-wordpress\/ -->\n<title>DEPORTES | El Ministerio P\u00fablico solicita medidas de coerci\u00f3n contra Wander Franco por posesi\u00f3n ilegal de arma - Minuto Cero RD<\/title>\n<meta name=\"robots\" content=\"index, follow, max-snippet:-1, max-image-preview:large, max-video-preview:-1\" \/>\n<link rel=\"canonical\" href=\"https:\/\/minutocerord.com\/?p=20973\" \/>\n<meta property=\"og:locale\" content=\"es_ES\" \/>\n<meta property=\"og:type\" content=\"article\" \/>\n<meta property=\"og:title\" content=\"DEPORTES | El Ministerio P\u00fablico solicita medidas de coerci\u00f3n contra Wander Franco por posesi\u00f3n ilegal de arma - Minuto Cero RD\" \/>\n<meta property=\"og:description\" content=\"SANTO DOMINGO, RD.- El Ministerio P\u00fablico inform\u00f3 este martes que ha solicitado medida de coerci\u00f3n contra Wander Franco, campocorto de los Rays de Tampa Bay, por posesi\u00f3n ilegal de arma. Conforme al MP en la localidad, Franco transportaba en su veh\u00edculo una pistola marca Glock, modelo 19 GHT121, con su cargador y 15 c\u00e1psulas, sin [&hellip;]\" \/>\n<meta property=\"og:url\" content=\"https:\/\/minutocerord.com\/?p=20973\" \/>\n<meta property=\"og:site_name\" content=\"Minuto Cero RD\" \/>\n<meta property=\"article:publisher\" content=\"https:\/\/www.facebook.com\/Genofnotes\" \/>\n<meta property=\"article:author\" content=\"https:\/\/www.facebook.com\/Genofnotes\" \/>\n<meta property=\"article:published_time\" content=\"2024-11-13T01:21:34+00:00\" \/>\n<meta property=\"article:modified_time\" content=\"2024-11-13T01:21:38+00:00\" \/>\n<meta property=\"og:image\" content=\"https:\/\/i0.wp.com\/minutocerord.com\/wp-content\/uploads\/2024\/11\/Captura-de-pantalla-2024-11-12-155918-1.jpg?fit=729%2C550&ssl=1\" \/>\n\t<meta property=\"og:image:width\" content=\"729\" \/>\n\t<meta property=\"og:image:height\" content=\"550\" \/>\n\t<meta property=\"og:image:type\" content=\"image\/jpeg\" \/>\n<meta name=\"author\" content=\"Genof\u00f3ntes Urb\u00e1ez\" \/>\n<meta name=\"twitter:card\" content=\"summary_large_image\" \/>\n<meta name=\"twitter:label1\" content=\"Written by\" \/>\n\t<meta name=\"twitter:data1\" content=\"Genof\u00f3ntes Urb\u00e1ez\" \/>\n\t<meta name=\"twitter:label2\" content=\"Est. reading time\" \/>\n\t<meta name=\"twitter:data2\" content=\"3 minutos\" \/>\n<script type=\"application\/ld+json\" class=\"yoast-schema-graph\">{\"@context\":\"https:\\\/\\\/schema.org\",\"@graph\":[{\"@type\":\"Article\",\"@id\":\"https:\\\/\\\/minutocerord.com\\\/?p=20973#article\",\"isPartOf\":{\"@id\":\"https:\\\/\\\/minutocerord.com\\\/?p=20973\"},\"author\":{\"name\":\"Genof\u00f3ntes Urb\u00e1ez\",\"@id\":\"https:\\\/\\\/minutocerord.com\\\/#\\\/schema\\\/person\\\/60b5372d60aaa0a5171fb6488be9aee6\"},\"headline\":\"DEPORTES | El Ministerio P\u00fablico solicita medidas de coerci\u00f3n contra Wander Franco por posesi\u00f3n ilegal de arma\",\"datePublished\":\"2024-11-13T01:21:34+00:00\",\"dateModified\":\"2024-11-13T01:21:38+00:00\",\"mainEntityOfPage\":{\"@id\":\"https:\\\/\\\/minutocerord.com\\\/?p=20973\"},\"wordCount\":429,\"commentCount\":0,\"publisher\":{\"@id\":\"https:\\\/\\\/minutocerord.com\\\/#\\\/schema\\\/person\\\/60b5372d60aaa0a5171fb6488be9aee6\"},\"image\":{\"@id\":\"https:\\\/\\\/minutocerord.com\\\/?p=20973#primaryimage\"},\"thumbnailUrl\":\"https:\\\/\\\/i0.wp.com\\\/minutocerord.com\\\/wp-content\\\/uploads\\\/2024\\\/11\\\/Captura-de-pantalla-2024-11-12-155918-1.jpg?fit=729%2C550&ssl=1\",\"articleSection\":[\"Beisbol\"],\"inLanguage\":\"es-DO\",\"potentialAction\":[{\"@type\":\"CommentAction\",\"name\":\"Comment\",\"target\":[\"https:\\\/\\\/minutocerord.com\\\/?p=20973#respond\"]}]},{\"@type\":\"WebPage\",\"@id\":\"https:\\\/\\\/minutocerord.com\\\/?p=20973\",\"url\":\"https:\\\/\\\/minutocerord.com\\\/?p=20973\",\"name\":\"DEPORTES | El Ministerio P\u00fablico solicita medidas de coerci\u00f3n contra Wander Franco por posesi\u00f3n ilegal de arma - Minuto Cero RD\",\"isPartOf\":{\"@id\":\"https:\\\/\\\/minutocerord.com\\\/#website\"},\"primaryImageOfPage\":{\"@id\":\"https:\\\/\\\/minutocerord.com\\\/?p=20973#primaryimage\"},\"image\":{\"@id\":\"https:\\\/\\\/minutocerord.com\\\/?p=20973#primaryimage\"},\"thumbnailUrl\":\"https:\\\/\\\/i0.wp.com\\\/minutocerord.com\\\/wp-content\\\/uploads\\\/2024\\\/11\\\/Captura-de-pantalla-2024-11-12-155918-1.jpg?fit=729%2C550&ssl=1\",\"datePublished\":\"2024-11-13T01:21:34+00:00\",\"dateModified\":\"2024-11-13T01:21:38+00:00\",\"breadcrumb\":{\"@id\":\"https:\\\/\\\/minutocerord.com\\\/?p=20973#breadcrumb\"},\"inLanguage\":\"es-DO\",\"potentialAction\":[{\"@type\":\"ReadAction\",\"target\":[\"https:\\\/\\\/minutocerord.com\\\/?p=20973\"]}]},{\"@type\":\"ImageObject\",\"inLanguage\":\"es-DO\",\"@id\":\"https:\\\/\\\/minutocerord.com\\\/?p=20973#primaryimage\",\"url\":\"https:\\\/\\\/i0.wp.com\\\/minutocerord.com\\\/wp-content\\\/uploads\\\/2024\\\/11\\\/Captura-de-pantalla-2024-11-12-155918-1.jpg?fit=729%2C550&ssl=1\",\"contentUrl\":\"https:\\\/\\\/i0.wp.com\\\/minutocerord.com\\\/wp-content\\\/uploads\\\/2024\\\/11\\\/Captura-de-pantalla-2024-11-12-155918-1.jpg?fit=729%2C550&ssl=1\",\"width\":729,\"height\":550},{\"@type\":\"BreadcrumbList\",\"@id\":\"https:\\\/\\\/minutocerord.com\\\/?p=20973#breadcrumb\",\"itemListElement\":[{\"@type\":\"ListItem\",\"position\":1,\"name\":\"Home\",\"item\":\"https:\\\/\\\/minutocerord.com\\\/\"},{\"@type\":\"ListItem\",\"position\":2,\"name\":\"DEPORTES | El Ministerio P\u00fablico solicita medidas de coerci\u00f3n contra Wander Franco por posesi\u00f3n ilegal de arma\"}]},{\"@type\":\"WebSite\",\"@id\":\"https:\\\/\\\/minutocerord.com\\\/#website\",\"url\":\"https:\\\/\\\/minutocerord.com\\\/\",\"name\":\"Minuto Cero RD\",\"description\":\"Periodismo serio y veraz\",\"publisher\":{\"@id\":\"https:\\\/\\\/minutocerord.com\\\/#\\\/schema\\\/person\\\/60b5372d60aaa0a5171fb6488be9aee6\"},\"potentialAction\":[{\"@type\":\"SearchAction\",\"target\":{\"@type\":\"EntryPoint\",\"urlTemplate\":\"https:\\\/\\\/minutocerord.com\\\/?s={search_term_string}\"},\"query-input\":{\"@type\":\"PropertyValueSpecification\",\"valueRequired\":true,\"valueName\":\"search_term_string\"}}],\"inLanguage\":\"es-DO\"},{\"@type\":[\"Person\",\"Organization\"],\"@id\":\"https:\\\/\\\/minutocerord.com\\\/#\\\/schema\\\/person\\\/60b5372d60aaa0a5171fb6488be9aee6\",\"name\":\"Genof\u00f3ntes Urb\u00e1ez\",\"image\":{\"@type\":\"ImageObject\",\"inLanguage\":\"es-DO\",\"@id\":\"https:\\\/\\\/secure.gravatar.com\\\/avatar\\\/a49ef3186a692098ac3e8a1612261e3ad70cf9e44553dff2929e67939a0ecb9d?s=96&d=identicon&r=g\",\"url\":\"https:\\\/\\\/secure.gravatar.com\\\/avatar\\\/a49ef3186a692098ac3e8a1612261e3ad70cf9e44553dff2929e67939a0ecb9d?s=96&d=identicon&r=g\",\"contentUrl\":\"https:\\\/\\\/secure.gravatar.com\\\/avatar\\\/a49ef3186a692098ac3e8a1612261e3ad70cf9e44553dff2929e67939a0ecb9d?s=96&d=identicon&r=g\",\"caption\":\"Genof\u00f3ntes Urb\u00e1ez\"},\"logo\":{\"@id\":\"https:\\\/\\\/secure.gravatar.com\\\/avatar\\\/a49ef3186a692098ac3e8a1612261e3ad70cf9e44553dff2929e67939a0ecb9d?s=96&d=identicon&r=g\"},\"description\":\"Periodista \\\/ Locutor\",\"sameAs\":[\"https:\\\/\\\/www.facebook.com\\\/Genofnotes\",\"https:\\\/\\\/www.instagram.com\\\/genofnotes\\\/\"]}]}<\/script>\n<!-- \/ Yoast SEO plugin. -->","yoast_head_json":{"title":"DEPORTES | El Ministerio P\u00fablico solicita medidas de coerci\u00f3n contra Wander Franco por posesi\u00f3n ilegal de arma - Minuto Cero RD","robots":{"index":"index","follow":"follow","max-snippet":"max-snippet:-1","max-image-preview":"max-image-preview:large","max-video-preview":"max-video-preview:-1"},"canonical":"https:\/\/minutocerord.com\/?p=20973","og_locale":"es_ES","og_type":"article","og_title":"DEPORTES | El Ministerio P\u00fablico solicita medidas de coerci\u00f3n contra Wander Franco por posesi\u00f3n ilegal de arma - Minuto Cero RD","og_description":"SANTO DOMINGO, RD.- El Ministerio P\u00fablico inform\u00f3 este martes que ha solicitado medida de coerci\u00f3n contra Wander Franco, campocorto de los Rays de Tampa Bay, por posesi\u00f3n ilegal de arma. Conforme al MP en la localidad, Franco transportaba en su veh\u00edculo una pistola marca Glock, modelo 19 GHT121, con su cargador y 15 c\u00e1psulas, sin [&hellip;]","og_url":"https:\/\/minutocerord.com\/?p=20973","og_site_name":"Minuto Cero RD","article_publisher":"https:\/\/www.facebook.com\/Genofnotes","article_author":"https:\/\/www.facebook.com\/Genofnotes","article_published_time":"2024-11-13T01:21:34+00:00","article_modified_time":"2024-11-13T01:21:38+00:00","og_image":[{"width":729,"height":550,"url":"https:\/\/i0.wp.com\/minutocerord.com\/wp-content\/uploads\/2024\/11\/Captura-de-pantalla-2024-11-12-155918-1.jpg?fit=729%2C550&ssl=1","type":"image\/jpeg"}],"author":"Genof\u00f3ntes Urb\u00e1ez","twitter_card":"summary_large_image","twitter_misc":{"Written by":"Genof\u00f3ntes Urb\u00e1ez","Est. reading time":"3 minutos"},"schema":{"@context":"https:\/\/schema.org","@graph":[{"@type":"Article","@id":"https:\/\/minutocerord.com\/?p=20973#article","isPartOf":{"@id":"https:\/\/minutocerord.com\/?p=20973"},"author":{"name":"Genof\u00f3ntes Urb\u00e1ez","@id":"https:\/\/minutocerord.com\/#\/schema\/person\/60b5372d60aaa0a5171fb6488be9aee6"},"headline":"DEPORTES | El Ministerio P\u00fablico solicita medidas de coerci\u00f3n contra Wander Franco por posesi\u00f3n ilegal de arma","datePublished":"2024-11-13T01:21:34+00:00","dateModified":"2024-11-13T01:21:38+00:00","mainEntityOfPage":{"@id":"https:\/\/minutocerord.com\/?p=20973"},"wordCount":429,"commentCount":0,"publisher":{"@id":"https:\/\/minutocerord.com\/#\/schema\/person\/60b5372d60aaa0a5171fb6488be9aee6"},"image":{"@id":"https:\/\/minutocerord.com\/?p=20973#primaryimage"},"thumbnailUrl":"https:\/\/i0.wp.com\/minutocerord.com\/wp-content\/uploads\/2024\/11\/Captura-de-pantalla-2024-11-12-155918-1.jpg?fit=729%2C550&ssl=1","articleSection":["Beisbol"],"inLanguage":"es-DO","potentialAction":[{"@type":"CommentAction","name":"Comment","target":["https:\/\/minutocerord.com\/?p=20973#respond"]}]},{"@type":"WebPage","@id":"https:\/\/minutocerord.com\/?p=20973","url":"https:\/\/minutocerord.com\/?p=20973","name":"DEPORTES | El Ministerio P\u00fablico solicita medidas de coerci\u00f3n contra Wander Franco por posesi\u00f3n ilegal de arma - Minuto Cero RD","isPartOf":{"@id":"https:\/\/minutocerord.com\/#website"},"primaryImageOfPage":{"@id":"https:\/\/minutocerord.com\/?p=20973#primaryimage"},"image":{"@id":"https:\/\/minutocerord.com\/?p=20973#primaryimage"},"thumbnailUrl":"https:\/\/i0.wp.com\/minutocerord.com\/wp-content\/uploads\/2024\/11\/Captura-de-pantalla-2024-11-12-155918-1.jpg?fit=729%2C550&ssl=1","datePublished":"2024-11-13T01:21:34+00:00","dateModified":"2024-11-13T01:21:38+00:00","breadcrumb":{"@id":"https:\/\/minutocerord.com\/?p=20973#breadcrumb"},"inLanguage":"es-DO","potentialAction":[{"@type":"ReadAction","target":["https:\/\/minutocerord.com\/?p=20973"]}]},{"@type":"ImageObject","inLanguage":"es-DO","@id":"https:\/\/minutocerord.com\/?p=20973#primaryimage","url":"https:\/\/i0.wp.com\/minutocerord.com\/wp-content\/uploads\/2024\/11\/Captura-de-pantalla-2024-11-12-155918-1.jpg?fit=729%2C550&ssl=1","contentUrl":"https:\/\/i0.wp.com\/minutocerord.com\/wp-content\/uploads\/2024\/11\/Captura-de-pantalla-2024-11-12-155918-1.jpg?fit=729%2C550&ssl=1","width":729,"height":550},{"@type":"BreadcrumbList","@id":"https:\/\/minutocerord.com\/?p=20973#breadcrumb","itemListElement":[{"@type":"ListItem","position":1,"name":"Home","item":"https:\/\/minutocerord.com\/"},{"@type":"ListItem","position":2,"name":"DEPORTES | El Ministerio P\u00fablico solicita medidas de coerci\u00f3n contra Wander Franco por posesi\u00f3n ilegal de arma"}]},{"@type":"WebSite","@id":"https:\/\/minutocerord.com\/#website","url":"https:\/\/minutocerord.com\/","name":"Minuto Cero RD","description":"Periodismo serio y veraz","publisher":{"@id":"https:\/\/minutocerord.com\/#\/schema\/person\/60b5372d60aaa0a5171fb6488be9aee6"},"potentialAction":[{"@type":"SearchAction","target":{"@type":"EntryPoint","urlTemplate":"https:\/\/minutocerord.com\/?s={search_term_string}"},"query-input":{"@type":"PropertyValueSpecification","valueRequired":true,"valueName":"search_term_string"}}],"inLanguage":"es-DO"},{"@type":["Person","Organization"],"@id":"https:\/\/minutocerord.com\/#\/schema\/person\/60b5372d60aaa0a5171fb6488be9aee6","name":"Genof\u00f3ntes Urb\u00e1ez","image":{"@type":"ImageObject","inLanguage":"es-DO","@id":"https:\/\/secure.gravatar.com\/avatar\/a49ef3186a692098ac3e8a1612261e3ad70cf9e44553dff2929e67939a0ecb9d?s=96&d=identicon&r=g","url":"https:\/\/secure.gravatar.com\/avatar\/a49ef3186a692098ac3e8a1612261e3ad70cf9e44553dff2929e67939a0ecb9d?s=96&d=identicon&r=g","contentUrl":"https:\/\/secure.gravatar.com\/avatar\/a49ef3186a692098ac3e8a1612261e3ad70cf9e44553dff2929e67939a0ecb9d?s=96&d=identicon&r=g","caption":"Genof\u00f3ntes Urb\u00e1ez"},"logo":{"@id":"https:\/\/secure.gravatar.com\/avatar\/a49ef3186a692098ac3e8a1612261e3ad70cf9e44553dff2929e67939a0ecb9d?s=96&d=identicon&r=g"},"description":"Periodista \/ Locutor","sameAs":["https:\/\/www.facebook.com\/Genofnotes","https:\/\/www.instagram.com\/genofnotes\/"]}]}},"jetpack_publicize_connections":[],"jetpack_featured_media_url":"https:\/\/i0.wp.com\/minutocerord.com\/wp-content\/uploads\/2024\/11\/Captura-de-pantalla-2024-11-12-155918-1.jpg?fit=729%2C550&ssl=1","jetpack-related-posts":[],"jetpack_sharing_enabled":true,"_links":{"self":[{"href":"https:\/\/minutocerord.com\/index.php?rest_route=\/wp\/v2\/posts\/20973","targetHints":{"allow":["GET"]}}],"collection":[{"href":"https:\/\/minutocerord.com\/index.php?rest_route=\/wp\/v2\/posts"}],"about":[{"href":"https:\/\/minutocerord.com\/index.php?rest_route=\/wp\/v2\/types\/post"}],"author":[{"embeddable":true,"href":"https:\/\/minutocerord.com\/index.php?rest_route=\/wp\/v2\/users\/1"}],"replies":[{"embeddable":true,"href":"https:\/\/minutocerord.com\/index.php?rest_route=%2Fwp%2Fv2%2Fcomments&post=20973"}],"version-history":[{"count":1,"href":"https:\/\/minutocerord.com\/index.php?rest_route=\/wp\/v2\/posts\/20973\/revisions"}],"predecessor-version":[{"id":20975,"href":"https:\/\/minutocerord.com\/index.php?rest_route=\/wp\/v2\/posts\/20973\/revisions\/20975"}],"wp:featuredmedia":[{"embeddable":true,"href":"https:\/\/minutocerord.com\/index.php?rest_route=\/wp\/v2\/media\/20974"}],"wp:attachment":[{"href":"https:\/\/minutocerord.com\/index.php?rest_route=%2Fwp%2Fv2%2Fmedia&parent=20973"}],"wp:term":[{"taxonomy":"category","embeddable":true,"href":"https:\/\/minutocerord.com\/index.php?rest_route=%2Fwp%2Fv2%2Fcategories&post=20973"},{"taxonomy":"post_tag","embeddable":true,"href":"https:\/\/minutocerord.com\/index.php?rest_route=%2Fwp%2Fv2%2Ftags&post=20973"}],"curies":[{"name":"wp","href":"https:\/\/api.w.org\/{rel}","templated":true}]}}