{"id":21134,"date":"2024-12-02T23:42:45","date_gmt":"2024-12-03T03:42:45","guid":{"rendered":"https:\/\/minutocerord.com\/?p=21134"},"modified":"2024-12-03T01:21:56","modified_gmt":"2024-12-03T05:21:56","slug":"dga-aduanas-incrementa-gracia-navidena-hasta-us5000","status":"publish","type":"post","link":"https:\/\/minutocerord.com\/?p=21134","title":{"rendered":"DGA | Video: Aduanas incrementa gracia navide\u00f1a hasta US$5,000"},"content":{"rendered":"\n<p class=\"\"><strong>SANTO DOMINGO, RD.- <\/strong>La Direcci\u00f3n General de Aduanas increment\u00f3 a 5,000 d\u00f3lares la<strong> \u00abgracia navide\u00f1a\u00bb<\/strong> para los dominicanos que residen en el exterior<\/p>\n\n\n\n<figure class=\"wp-embed-aspect-16-9 wp-has-aspect-ratio wp-block-embed is-type-video is-provider-youtube wp-block-embed-youtube\"><div class=\"wp-block-embed__wrapper\">\n<iframe loading=\"lazy\" title=\"Aduanas incrementa un 30 % la gracia navide\u00f1a para dominicanos en el exterior\" width=\"640\" height=\"360\" src=\"https:\/\/www.youtube.com\/embed\/0tQNFNxm7Lo?feature=oembed\" frameborder=\"0\" allow=\"accelerometer; autoplay; clipboard-write; encrypted-media; gyroscope; picture-in-picture; web-share\" referrerpolicy=\"strict-origin-when-cross-origin\" allowfullscreen><\/iframe>\n<\/div><\/figure>\n\n\n<div class=\"wp-block-image\">\n<figure class=\"aligncenter size-large is-resized\"><img data-recalc-dims=\"1\" decoding=\"async\" width=\"640\" height=\"905\" loading=\"lazy\" src=\"https:\/\/i0.wp.com\/minutocerord.com\/wp-content\/uploads\/2024\/12\/image-1-724x1024.png?resize=640%2C905&#038;ssl=1\" alt=\"\" class=\"wp-image-21135\" style=\"width:515px;height:auto\" srcset=\"https:\/\/i0.wp.com\/minutocerord.com\/wp-content\/uploads\/2024\/12\/image-1.png?resize=724%2C1024&amp;ssl=1 724w, https:\/\/i0.wp.com\/minutocerord.com\/wp-content\/uploads\/2024\/12\/image-1.png?resize=212%2C300&amp;ssl=1 212w, https:\/\/i0.wp.com\/minutocerord.com\/wp-content\/uploads\/2024\/12\/image-1.png?resize=768%2C1086&amp;ssl=1 768w, https:\/\/i0.wp.com\/minutocerord.com\/wp-content\/uploads\/2024\/12\/image-1.png?resize=1087%2C1536&amp;ssl=1 1087w, https:\/\/i0.wp.com\/minutocerord.com\/wp-content\/uploads\/2024\/12\/image-1.png?resize=297%2C420&amp;ssl=1 297w, https:\/\/i0.wp.com\/minutocerord.com\/wp-content\/uploads\/2024\/12\/image-1.png?resize=640%2C905&amp;ssl=1 640w, https:\/\/i0.wp.com\/minutocerord.com\/wp-content\/uploads\/2024\/12\/image-1.png?resize=681%2C963&amp;ssl=1 681w, https:\/\/i0.wp.com\/minutocerord.com\/wp-content\/uploads\/2024\/12\/image-1.png?w=1132&amp;ssl=1 1132w\" sizes=\"auto, (max-width: 640px) 100vw, 640px\" \/><\/figure>\n<\/div>\n\n\n<p class=\"\">El incumbente Eduardo Sanz Lovat\u00f3n anunci\u00f3, adem\u00e1s, que el beneficio se extender\u00e1 hasta el 15 de enero de 2025, convirti\u00e9ndose en la gracia de mayor valor y extensi\u00f3n desde que fue implementada esa medida.<\/p>\n\n\n\n<p class=\"\">Aclar\u00f3, sin embargo, que solo ser\u00e1 permitido una unidad de cada tipo de mercanc\u00eda, especialmente electrodom\u00e9sticos.<\/p>\n\n\n\n<p class=\"\">La exoneraci\u00f3n se aplicar\u00e1 por familia y personas que no hayan visitado el pa\u00eds en los \u00faltimos seis meses.<\/p>\n","protected":false},"excerpt":{"rendered":"<p>SANTO DOMINGO, RD.- La Direcci\u00f3n General de Aduanas increment\u00f3 a 5,000 d\u00f3lares la \u00abgracia navide\u00f1a\u00bb para los dominicanos que residen en el exterior El incumbente Eduardo Sanz Lovat\u00f3n anunci\u00f3, adem\u00e1s, que el beneficio se extender\u00e1 hasta el 15 de enero de 2025, convirti\u00e9ndose en la gracia de mayor valor y extensi\u00f3n desde que fue implementada [&hellip;]<\/p>\n","protected":false},"author":1,"featured_media":21136,"comment_status":"open","ping_status":"open","sticky":false,"template":"","format":"standard","meta":{"nf_dc_page":"","jetpack_post_was_ever_published":false,"_jetpack_newsletter_access":"","_jetpack_dont_email_post_to_subs":false,"_jetpack_newsletter_tier_id":0,"_jetpack_memberships_contains_paywalled_content":false,"_jetpack_memberships_contains_paid_content":false,"footnotes":"","jetpack_publicize_message":"","jetpack_publicize_feature_enabled":true,"jetpack_social_post_already_shared":true,"jetpack_social_options":{"image_generator_settings":{"template":"highway","default_image_id":0,"font":"","enabled":false},"version":2}},"categories":[74],"tags":[],"class_list":["post-21134","post","type-post","status-publish","format-standard","has-post-thumbnail","hentry","category-economicas"],"yoast_head":"<!-- This site is optimized with the Yoast SEO plugin v27.5 - https:\/\/yoast.com\/product\/yoast-seo-wordpress\/ -->\n<title>DGA | Video: Aduanas incrementa gracia navide\u00f1a hasta US$5,000 - Minuto Cero RD<\/title>\n<meta name=\"robots\" content=\"index, follow, max-snippet:-1, max-image-preview:large, max-video-preview:-1\" \/>\n<link rel=\"canonical\" href=\"http:\/\/minutocerord.com\/?p=21134\" \/>\n<meta property=\"og:locale\" content=\"es_ES\" \/>\n<meta property=\"og:type\" content=\"article\" \/>\n<meta property=\"og:title\" content=\"DGA | Video: Aduanas incrementa gracia navide\u00f1a hasta US$5,000 - Minuto Cero RD\" \/>\n<meta property=\"og:description\" content=\"SANTO DOMINGO, RD.- La Direcci\u00f3n General de Aduanas increment\u00f3 a 5,000 d\u00f3lares la \u00abgracia navide\u00f1a\u00bb para los dominicanos que residen en el exterior El incumbente Eduardo Sanz Lovat\u00f3n anunci\u00f3, adem\u00e1s, que el beneficio se extender\u00e1 hasta el 15 de enero de 2025, convirti\u00e9ndose en la gracia de mayor valor y extensi\u00f3n desde que fue implementada [&hellip;]\" \/>\n<meta property=\"og:url\" content=\"http:\/\/minutocerord.com\/?p=21134\" \/>\n<meta property=\"og:site_name\" content=\"Minuto Cero RD\" \/>\n<meta property=\"article:publisher\" content=\"https:\/\/www.facebook.com\/Genofnotes\" \/>\n<meta property=\"article:author\" content=\"https:\/\/www.facebook.com\/Genofnotes\" \/>\n<meta property=\"article:published_time\" content=\"2024-12-03T03:42:45+00:00\" \/>\n<meta property=\"article:modified_time\" content=\"2024-12-03T05:21:56+00:00\" \/>\n<meta property=\"og:image\" content=\"https:\/\/i0.wp.com\/minutocerord.com\/wp-content\/uploads\/2024\/12\/15_Actualidad_30_1okkp01-e1733153196382-1.jpg?fit=653%2C460\" \/>\n\t<meta property=\"og:image:width\" content=\"653\" \/>\n\t<meta property=\"og:image:height\" content=\"460\" \/>\n\t<meta property=\"og:image:type\" content=\"image\/jpeg\" \/>\n<meta name=\"author\" content=\"Genof\u00f3ntes Urb\u00e1ez\" \/>\n<meta name=\"twitter:card\" content=\"summary_large_image\" \/>\n<meta name=\"twitter:label1\" content=\"Written by\" \/>\n\t<meta name=\"twitter:data1\" content=\"Genof\u00f3ntes Urb\u00e1ez\" \/>\n\t<meta name=\"twitter:label2\" content=\"Est. reading time\" \/>\n\t<meta name=\"twitter:data2\" content=\"1 minuto\" \/>\n<script type=\"application\/ld+json\" class=\"yoast-schema-graph\">{\"@context\":\"https:\\\/\\\/schema.org\",\"@graph\":[{\"@type\":\"Article\",\"@id\":\"http:\\\/\\\/minutocerord.com\\\/?p=21134#article\",\"isPartOf\":{\"@id\":\"http:\\\/\\\/minutocerord.com\\\/?p=21134\"},\"author\":{\"name\":\"Genof\u00f3ntes Urb\u00e1ez\",\"@id\":\"https:\\\/\\\/minutocerord.com\\\/#\\\/schema\\\/person\\\/60b5372d60aaa0a5171fb6488be9aee6\"},\"headline\":\"DGA | Video: Aduanas incrementa gracia navide\u00f1a hasta US$5,000\",\"datePublished\":\"2024-12-03T03:42:45+00:00\",\"dateModified\":\"2024-12-03T05:21:56+00:00\",\"mainEntityOfPage\":{\"@id\":\"http:\\\/\\\/minutocerord.com\\\/?p=21134\"},\"wordCount\":115,\"commentCount\":0,\"publisher\":{\"@id\":\"https:\\\/\\\/minutocerord.com\\\/#\\\/schema\\\/person\\\/60b5372d60aaa0a5171fb6488be9aee6\"},\"image\":{\"@id\":\"http:\\\/\\\/minutocerord.com\\\/?p=21134#primaryimage\"},\"thumbnailUrl\":\"https:\\\/\\\/i0.wp.com\\\/minutocerord.com\\\/wp-content\\\/uploads\\\/2024\\\/12\\\/15_Actualidad_30_1okkp01-e1733153196382-1.jpg?fit=653%2C460&ssl=1\",\"articleSection\":[\"Econ\u00f3micas\"],\"inLanguage\":\"es-DO\",\"potentialAction\":[{\"@type\":\"CommentAction\",\"name\":\"Comment\",\"target\":[\"http:\\\/\\\/minutocerord.com\\\/?p=21134#respond\"]}]},{\"@type\":\"WebPage\",\"@id\":\"http:\\\/\\\/minutocerord.com\\\/?p=21134\",\"url\":\"http:\\\/\\\/minutocerord.com\\\/?p=21134\",\"name\":\"DGA | Video: Aduanas incrementa gracia navide\u00f1a hasta US$5,000 - Minuto Cero RD\",\"isPartOf\":{\"@id\":\"https:\\\/\\\/minutocerord.com\\\/#website\"},\"primaryImageOfPage\":{\"@id\":\"http:\\\/\\\/minutocerord.com\\\/?p=21134#primaryimage\"},\"image\":{\"@id\":\"http:\\\/\\\/minutocerord.com\\\/?p=21134#primaryimage\"},\"thumbnailUrl\":\"https:\\\/\\\/i0.wp.com\\\/minutocerord.com\\\/wp-content\\\/uploads\\\/2024\\\/12\\\/15_Actualidad_30_1okkp01-e1733153196382-1.jpg?fit=653%2C460&ssl=1\",\"datePublished\":\"2024-12-03T03:42:45+00:00\",\"dateModified\":\"2024-12-03T05:21:56+00:00\",\"breadcrumb\":{\"@id\":\"http:\\\/\\\/minutocerord.com\\\/?p=21134#breadcrumb\"},\"inLanguage\":\"es-DO\",\"potentialAction\":[{\"@type\":\"ReadAction\",\"target\":[\"http:\\\/\\\/minutocerord.com\\\/?p=21134\"]}]},{\"@type\":\"ImageObject\",\"inLanguage\":\"es-DO\",\"@id\":\"http:\\\/\\\/minutocerord.com\\\/?p=21134#primaryimage\",\"url\":\"https:\\\/\\\/i0.wp.com\\\/minutocerord.com\\\/wp-content\\\/uploads\\\/2024\\\/12\\\/15_Actualidad_30_1okkp01-e1733153196382-1.jpg?fit=653%2C460&ssl=1\",\"contentUrl\":\"https:\\\/\\\/i0.wp.com\\\/minutocerord.com\\\/wp-content\\\/uploads\\\/2024\\\/12\\\/15_Actualidad_30_1okkp01-e1733153196382-1.jpg?fit=653%2C460&ssl=1\",\"width\":653,\"height\":460},{\"@type\":\"BreadcrumbList\",\"@id\":\"http:\\\/\\\/minutocerord.com\\\/?p=21134#breadcrumb\",\"itemListElement\":[{\"@type\":\"ListItem\",\"position\":1,\"name\":\"Home\",\"item\":\"https:\\\/\\\/minutocerord.com\\\/\"},{\"@type\":\"ListItem\",\"position\":2,\"name\":\"DGA | Video: Aduanas incrementa gracia navide\u00f1a hasta US$5,000\"}]},{\"@type\":\"WebSite\",\"@id\":\"https:\\\/\\\/minutocerord.com\\\/#website\",\"url\":\"https:\\\/\\\/minutocerord.com\\\/\",\"name\":\"Minuto Cero RD\",\"description\":\"Periodismo serio y veraz\",\"publisher\":{\"@id\":\"https:\\\/\\\/minutocerord.com\\\/#\\\/schema\\\/person\\\/60b5372d60aaa0a5171fb6488be9aee6\"},\"potentialAction\":[{\"@type\":\"SearchAction\",\"target\":{\"@type\":\"EntryPoint\",\"urlTemplate\":\"https:\\\/\\\/minutocerord.com\\\/?s={search_term_string}\"},\"query-input\":{\"@type\":\"PropertyValueSpecification\",\"valueRequired\":true,\"valueName\":\"search_term_string\"}}],\"inLanguage\":\"es-DO\"},{\"@type\":[\"Person\",\"Organization\"],\"@id\":\"https:\\\/\\\/minutocerord.com\\\/#\\\/schema\\\/person\\\/60b5372d60aaa0a5171fb6488be9aee6\",\"name\":\"Genof\u00f3ntes Urb\u00e1ez\",\"image\":{\"@type\":\"ImageObject\",\"inLanguage\":\"es-DO\",\"@id\":\"https:\\\/\\\/secure.gravatar.com\\\/avatar\\\/a49ef3186a692098ac3e8a1612261e3ad70cf9e44553dff2929e67939a0ecb9d?s=96&d=identicon&r=g\",\"url\":\"https:\\\/\\\/secure.gravatar.com\\\/avatar\\\/a49ef3186a692098ac3e8a1612261e3ad70cf9e44553dff2929e67939a0ecb9d?s=96&d=identicon&r=g\",\"contentUrl\":\"https:\\\/\\\/secure.gravatar.com\\\/avatar\\\/a49ef3186a692098ac3e8a1612261e3ad70cf9e44553dff2929e67939a0ecb9d?s=96&d=identicon&r=g\",\"caption\":\"Genof\u00f3ntes Urb\u00e1ez\"},\"logo\":{\"@id\":\"https:\\\/\\\/secure.gravatar.com\\\/avatar\\\/a49ef3186a692098ac3e8a1612261e3ad70cf9e44553dff2929e67939a0ecb9d?s=96&d=identicon&r=g\"},\"description\":\"Periodista \\\/ Locutor\",\"sameAs\":[\"https:\\\/\\\/www.facebook.com\\\/Genofnotes\",\"https:\\\/\\\/www.instagram.com\\\/genofnotes\\\/\"]}]}<\/script>\n<!-- \/ Yoast SEO plugin. -->","yoast_head_json":{"title":"DGA | Video: Aduanas incrementa gracia navide\u00f1a hasta US$5,000 - Minuto Cero RD","robots":{"index":"index","follow":"follow","max-snippet":"max-snippet:-1","max-image-preview":"max-image-preview:large","max-video-preview":"max-video-preview:-1"},"canonical":"http:\/\/minutocerord.com\/?p=21134","og_locale":"es_ES","og_type":"article","og_title":"DGA | Video: Aduanas incrementa gracia navide\u00f1a hasta US$5,000 - Minuto Cero RD","og_description":"SANTO DOMINGO, RD.- La Direcci\u00f3n General de Aduanas increment\u00f3 a 5,000 d\u00f3lares la \u00abgracia navide\u00f1a\u00bb para los dominicanos que residen en el exterior El incumbente Eduardo Sanz Lovat\u00f3n anunci\u00f3, adem\u00e1s, que el beneficio se extender\u00e1 hasta el 15 de enero de 2025, convirti\u00e9ndose en la gracia de mayor valor y extensi\u00f3n desde que fue implementada [&hellip;]","og_url":"http:\/\/minutocerord.com\/?p=21134","og_site_name":"Minuto Cero RD","article_publisher":"https:\/\/www.facebook.com\/Genofnotes","article_author":"https:\/\/www.facebook.com\/Genofnotes","article_published_time":"2024-12-03T03:42:45+00:00","article_modified_time":"2024-12-03T05:21:56+00:00","og_image":[{"width":653,"height":460,"url":"https:\/\/i0.wp.com\/minutocerord.com\/wp-content\/uploads\/2024\/12\/15_Actualidad_30_1okkp01-e1733153196382-1.jpg?fit=653%2C460","type":"image\/jpeg"}],"author":"Genof\u00f3ntes Urb\u00e1ez","twitter_card":"summary_large_image","twitter_misc":{"Written by":"Genof\u00f3ntes Urb\u00e1ez","Est. reading time":"1 minuto"},"schema":{"@context":"https:\/\/schema.org","@graph":[{"@type":"Article","@id":"http:\/\/minutocerord.com\/?p=21134#article","isPartOf":{"@id":"http:\/\/minutocerord.com\/?p=21134"},"author":{"name":"Genof\u00f3ntes Urb\u00e1ez","@id":"https:\/\/minutocerord.com\/#\/schema\/person\/60b5372d60aaa0a5171fb6488be9aee6"},"headline":"DGA | Video: Aduanas incrementa gracia navide\u00f1a hasta US$5,000","datePublished":"2024-12-03T03:42:45+00:00","dateModified":"2024-12-03T05:21:56+00:00","mainEntityOfPage":{"@id":"http:\/\/minutocerord.com\/?p=21134"},"wordCount":115,"commentCount":0,"publisher":{"@id":"https:\/\/minutocerord.com\/#\/schema\/person\/60b5372d60aaa0a5171fb6488be9aee6"},"image":{"@id":"http:\/\/minutocerord.com\/?p=21134#primaryimage"},"thumbnailUrl":"https:\/\/i0.wp.com\/minutocerord.com\/wp-content\/uploads\/2024\/12\/15_Actualidad_30_1okkp01-e1733153196382-1.jpg?fit=653%2C460&ssl=1","articleSection":["Econ\u00f3micas"],"inLanguage":"es-DO","potentialAction":[{"@type":"CommentAction","name":"Comment","target":["http:\/\/minutocerord.com\/?p=21134#respond"]}]},{"@type":"WebPage","@id":"http:\/\/minutocerord.com\/?p=21134","url":"http:\/\/minutocerord.com\/?p=21134","name":"DGA | Video: Aduanas incrementa gracia navide\u00f1a hasta US$5,000 - Minuto Cero RD","isPartOf":{"@id":"https:\/\/minutocerord.com\/#website"},"primaryImageOfPage":{"@id":"http:\/\/minutocerord.com\/?p=21134#primaryimage"},"image":{"@id":"http:\/\/minutocerord.com\/?p=21134#primaryimage"},"thumbnailUrl":"https:\/\/i0.wp.com\/minutocerord.com\/wp-content\/uploads\/2024\/12\/15_Actualidad_30_1okkp01-e1733153196382-1.jpg?fit=653%2C460&ssl=1","datePublished":"2024-12-03T03:42:45+00:00","dateModified":"2024-12-03T05:21:56+00:00","breadcrumb":{"@id":"http:\/\/minutocerord.com\/?p=21134#breadcrumb"},"inLanguage":"es-DO","potentialAction":[{"@type":"ReadAction","target":["http:\/\/minutocerord.com\/?p=21134"]}]},{"@type":"ImageObject","inLanguage":"es-DO","@id":"http:\/\/minutocerord.com\/?p=21134#primaryimage","url":"https:\/\/i0.wp.com\/minutocerord.com\/wp-content\/uploads\/2024\/12\/15_Actualidad_30_1okkp01-e1733153196382-1.jpg?fit=653%2C460&ssl=1","contentUrl":"https:\/\/i0.wp.com\/minutocerord.com\/wp-content\/uploads\/2024\/12\/15_Actualidad_30_1okkp01-e1733153196382-1.jpg?fit=653%2C460&ssl=1","width":653,"height":460},{"@type":"BreadcrumbList","@id":"http:\/\/minutocerord.com\/?p=21134#breadcrumb","itemListElement":[{"@type":"ListItem","position":1,"name":"Home","item":"https:\/\/minutocerord.com\/"},{"@type":"ListItem","position":2,"name":"DGA | Video: Aduanas incrementa gracia navide\u00f1a hasta US$5,000"}]},{"@type":"WebSite","@id":"https:\/\/minutocerord.com\/#website","url":"https:\/\/minutocerord.com\/","name":"Minuto Cero RD","description":"Periodismo serio y veraz","publisher":{"@id":"https:\/\/minutocerord.com\/#\/schema\/person\/60b5372d60aaa0a5171fb6488be9aee6"},"potentialAction":[{"@type":"SearchAction","target":{"@type":"EntryPoint","urlTemplate":"https:\/\/minutocerord.com\/?s={search_term_string}"},"query-input":{"@type":"PropertyValueSpecification","valueRequired":true,"valueName":"search_term_string"}}],"inLanguage":"es-DO"},{"@type":["Person","Organization"],"@id":"https:\/\/minutocerord.com\/#\/schema\/person\/60b5372d60aaa0a5171fb6488be9aee6","name":"Genof\u00f3ntes Urb\u00e1ez","image":{"@type":"ImageObject","inLanguage":"es-DO","@id":"https:\/\/secure.gravatar.com\/avatar\/a49ef3186a692098ac3e8a1612261e3ad70cf9e44553dff2929e67939a0ecb9d?s=96&d=identicon&r=g","url":"https:\/\/secure.gravatar.com\/avatar\/a49ef3186a692098ac3e8a1612261e3ad70cf9e44553dff2929e67939a0ecb9d?s=96&d=identicon&r=g","contentUrl":"https:\/\/secure.gravatar.com\/avatar\/a49ef3186a692098ac3e8a1612261e3ad70cf9e44553dff2929e67939a0ecb9d?s=96&d=identicon&r=g","caption":"Genof\u00f3ntes Urb\u00e1ez"},"logo":{"@id":"https:\/\/secure.gravatar.com\/avatar\/a49ef3186a692098ac3e8a1612261e3ad70cf9e44553dff2929e67939a0ecb9d?s=96&d=identicon&r=g"},"description":"Periodista \/ Locutor","sameAs":["https:\/\/www.facebook.com\/Genofnotes","https:\/\/www.instagram.com\/genofnotes\/"]}]}},"jetpack_publicize_connections":[],"jetpack_featured_media_url":"https:\/\/i0.wp.com\/minutocerord.com\/wp-content\/uploads\/2024\/12\/15_Actualidad_30_1okkp01-e1733153196382-1.jpg?fit=653%2C460&ssl=1","jetpack-related-posts":[],"jetpack_sharing_enabled":true,"_links":{"self":[{"href":"https:\/\/minutocerord.com\/index.php?rest_route=\/wp\/v2\/posts\/21134","targetHints":{"allow":["GET"]}}],"collection":[{"href":"https:\/\/minutocerord.com\/index.php?rest_route=\/wp\/v2\/posts"}],"about":[{"href":"https:\/\/minutocerord.com\/index.php?rest_route=\/wp\/v2\/types\/post"}],"author":[{"embeddable":true,"href":"https:\/\/minutocerord.com\/index.php?rest_route=\/wp\/v2\/users\/1"}],"replies":[{"embeddable":true,"href":"https:\/\/minutocerord.com\/index.php?rest_route=%2Fwp%2Fv2%2Fcomments&post=21134"}],"version-history":[{"count":2,"href":"https:\/\/minutocerord.com\/index.php?rest_route=\/wp\/v2\/posts\/21134\/revisions"}],"predecessor-version":[{"id":21138,"href":"https:\/\/minutocerord.com\/index.php?rest_route=\/wp\/v2\/posts\/21134\/revisions\/21138"}],"wp:featuredmedia":[{"embeddable":true,"href":"https:\/\/minutocerord.com\/index.php?rest_route=\/wp\/v2\/media\/21136"}],"wp:attachment":[{"href":"https:\/\/minutocerord.com\/index.php?rest_route=%2Fwp%2Fv2%2Fmedia&parent=21134"}],"wp:term":[{"taxonomy":"category","embeddable":true,"href":"https:\/\/minutocerord.com\/index.php?rest_route=%2Fwp%2Fv2%2Fcategories&post=21134"},{"taxonomy":"post_tag","embeddable":true,"href":"https:\/\/minutocerord.com\/index.php?rest_route=%2Fwp%2Fv2%2Ftags&post=21134"}],"curies":[{"name":"wp","href":"https:\/\/api.w.org\/{rel}","templated":true}]}}