{"id":21243,"date":"2025-01-07T16:46:41","date_gmt":"2025-01-07T20:46:41","guid":{"rendered":"https:\/\/minutocerord.com\/?p=21243"},"modified":"2025-01-07T16:46:50","modified_gmt":"2025-01-07T20:46:50","slug":"montecristi-interceptan-embarcacion-haitiana-apresan-tres-indocumentados","status":"publish","type":"post","link":"https:\/\/minutocerord.com\/?p=21243","title":{"rendered":"MONTECRISTI | Interceptan embarcaci\u00f3n haitiana apresan tres indocumentados"},"content":{"rendered":"\n<p class=\"\"><span style=\"background-color: rgba(0, 0, 0, 0.2);\"><b>MONTEC<\/b><\/span><strong>RISTI. &#8211;<\/strong> La Armada de Rep\u00fablica Dominicana intercept\u00f3 una embarcaci\u00f3n haitiana de fabricaci\u00f3n artesanal que se encontraba realizando pesca no declarada y no reglamentada en aguas bajo jurisdicci\u00f3n nacional.<\/p>\n\n\n\n<p class=\"\">Durante la intervenci\u00f3n, en las costas de Montecristi, fueron detenidos tres haitianos indocumentados&nbsp; quienes fueron puestos a disposici\u00f3n de la Direcci\u00f3n General de Migraci\u00f3n.<\/p>\n\n\n\n<p class=\"\">La embarcaci\u00f3n permanece bajo custodia en la Comandancia de Puerto Manzanillo, como parte de las acciones para garantizar la integridad de los recursos mar\u00edtimos del pa\u00eds.<\/p>\n\n\n\n<p class=\"\">\u00abLa Armada reafirma su compromiso con la protecci\u00f3n de los intereses mar\u00edtimos nacionales, fortaleciendo la seguridad en nuestras costas y combatiendo de manera firme cualquier actividad ilegal que comprometa la sostenibilidad de los recursos naturales y el orden en las aguas jurisdiccionales de la Rep\u00fablica Dominicana\u00bb, indica en un comunicado.<\/p>\n","protected":false},"excerpt":{"rendered":"<p>MONTECRISTI. &#8211; La Armada de Rep\u00fablica Dominicana intercept\u00f3 una embarcaci\u00f3n haitiana de fabricaci\u00f3n artesanal que se encontraba realizando pesca no declarada y no reglamentada en aguas bajo jurisdicci\u00f3n nacional. Durante la intervenci\u00f3n, en las costas de Montecristi, fueron detenidos tres haitianos indocumentados&nbsp; quienes fueron puestos a disposici\u00f3n de la Direcci\u00f3n General de Migraci\u00f3n. La embarcaci\u00f3n [&hellip;]<\/p>\n","protected":false},"author":1,"featured_media":21244,"comment_status":"open","ping_status":"open","sticky":false,"template":"","format":"standard","meta":{"nf_dc_page":"","jetpack_post_was_ever_published":false,"_jetpack_newsletter_access":"","_jetpack_dont_email_post_to_subs":false,"_jetpack_newsletter_tier_id":0,"_jetpack_memberships_contains_paywalled_content":false,"_jetpack_memberships_contains_paid_content":false,"footnotes":"","jetpack_publicize_message":"","jetpack_publicize_feature_enabled":true,"jetpack_social_post_already_shared":true,"jetpack_social_options":{"image_generator_settings":{"template":"highway","default_image_id":0,"font":"","enabled":false},"version":2}},"categories":[65],"tags":[],"class_list":["post-21243","post","type-post","status-publish","format-standard","has-post-thumbnail","hentry","category-nacionales"],"yoast_head":"<!-- This site is optimized with the Yoast SEO plugin v27.5 - https:\/\/yoast.com\/product\/yoast-seo-wordpress\/ -->\n<title>MONTECRISTI | Interceptan embarcaci\u00f3n haitiana apresan tres indocumentados - Minuto Cero RD<\/title>\n<meta name=\"robots\" content=\"index, follow, max-snippet:-1, max-image-preview:large, max-video-preview:-1\" \/>\n<link rel=\"canonical\" href=\"http:\/\/minutocerord.com\/?p=21243\" \/>\n<meta property=\"og:locale\" content=\"es_ES\" \/>\n<meta property=\"og:type\" content=\"article\" \/>\n<meta property=\"og:title\" content=\"MONTECRISTI | Interceptan embarcaci\u00f3n haitiana apresan tres indocumentados - Minuto Cero RD\" \/>\n<meta property=\"og:description\" content=\"MONTECRISTI. &#8211; La Armada de Rep\u00fablica Dominicana intercept\u00f3 una embarcaci\u00f3n haitiana de fabricaci\u00f3n artesanal que se encontraba realizando pesca no declarada y no reglamentada en aguas bajo jurisdicci\u00f3n nacional. Durante la intervenci\u00f3n, en las costas de Montecristi, fueron detenidos tres haitianos indocumentados&nbsp; quienes fueron puestos a disposici\u00f3n de la Direcci\u00f3n General de Migraci\u00f3n. La embarcaci\u00f3n [&hellip;]\" \/>\n<meta property=\"og:url\" content=\"http:\/\/minutocerord.com\/?p=21243\" \/>\n<meta property=\"og:site_name\" content=\"Minuto Cero RD\" \/>\n<meta property=\"article:publisher\" content=\"https:\/\/www.facebook.com\/Genofnotes\" \/>\n<meta property=\"article:author\" content=\"https:\/\/www.facebook.com\/Genofnotes\" \/>\n<meta property=\"article:published_time\" content=\"2025-01-07T20:46:41+00:00\" \/>\n<meta property=\"article:modified_time\" content=\"2025-01-07T20:46:50+00:00\" \/>\n<meta property=\"og:image\" content=\"https:\/\/i0.wp.com\/minutocerord.com\/wp-content\/uploads\/2025\/01\/EMBARCACION-1.jpg?fit=481%2C354\" \/>\n\t<meta property=\"og:image:width\" content=\"481\" \/>\n\t<meta property=\"og:image:height\" content=\"354\" \/>\n\t<meta property=\"og:image:type\" content=\"image\/jpeg\" \/>\n<meta name=\"author\" content=\"Genof\u00f3ntes Urb\u00e1ez\" \/>\n<meta name=\"twitter:card\" content=\"summary_large_image\" \/>\n<meta name=\"twitter:label1\" content=\"Written by\" \/>\n\t<meta name=\"twitter:data1\" content=\"Genof\u00f3ntes Urb\u00e1ez\" \/>\n\t<meta name=\"twitter:label2\" content=\"Est. reading time\" \/>\n\t<meta name=\"twitter:data2\" content=\"1 minuto\" \/>\n<script type=\"application\/ld+json\" class=\"yoast-schema-graph\">{\"@context\":\"https:\\\/\\\/schema.org\",\"@graph\":[{\"@type\":\"Article\",\"@id\":\"http:\\\/\\\/minutocerord.com\\\/?p=21243#article\",\"isPartOf\":{\"@id\":\"http:\\\/\\\/minutocerord.com\\\/?p=21243\"},\"author\":{\"name\":\"Genof\u00f3ntes Urb\u00e1ez\",\"@id\":\"https:\\\/\\\/minutocerord.com\\\/#\\\/schema\\\/person\\\/60b5372d60aaa0a5171fb6488be9aee6\"},\"headline\":\"MONTECRISTI | Interceptan embarcaci\u00f3n haitiana apresan tres indocumentados\",\"datePublished\":\"2025-01-07T20:46:41+00:00\",\"dateModified\":\"2025-01-07T20:46:50+00:00\",\"mainEntityOfPage\":{\"@id\":\"http:\\\/\\\/minutocerord.com\\\/?p=21243\"},\"wordCount\":153,\"commentCount\":2,\"publisher\":{\"@id\":\"https:\\\/\\\/minutocerord.com\\\/#\\\/schema\\\/person\\\/60b5372d60aaa0a5171fb6488be9aee6\"},\"image\":{\"@id\":\"http:\\\/\\\/minutocerord.com\\\/?p=21243#primaryimage\"},\"thumbnailUrl\":\"https:\\\/\\\/i0.wp.com\\\/minutocerord.com\\\/wp-content\\\/uploads\\\/2025\\\/01\\\/EMBARCACION-1.jpg?fit=481%2C354&ssl=1\",\"articleSection\":[\"Nacionales\"],\"inLanguage\":\"es-DO\",\"potentialAction\":[{\"@type\":\"CommentAction\",\"name\":\"Comment\",\"target\":[\"http:\\\/\\\/minutocerord.com\\\/?p=21243#respond\"]}]},{\"@type\":\"WebPage\",\"@id\":\"http:\\\/\\\/minutocerord.com\\\/?p=21243\",\"url\":\"http:\\\/\\\/minutocerord.com\\\/?p=21243\",\"name\":\"MONTECRISTI | Interceptan embarcaci\u00f3n haitiana apresan tres indocumentados - Minuto Cero RD\",\"isPartOf\":{\"@id\":\"https:\\\/\\\/minutocerord.com\\\/#website\"},\"primaryImageOfPage\":{\"@id\":\"http:\\\/\\\/minutocerord.com\\\/?p=21243#primaryimage\"},\"image\":{\"@id\":\"http:\\\/\\\/minutocerord.com\\\/?p=21243#primaryimage\"},\"thumbnailUrl\":\"https:\\\/\\\/i0.wp.com\\\/minutocerord.com\\\/wp-content\\\/uploads\\\/2025\\\/01\\\/EMBARCACION-1.jpg?fit=481%2C354&ssl=1\",\"datePublished\":\"2025-01-07T20:46:41+00:00\",\"dateModified\":\"2025-01-07T20:46:50+00:00\",\"breadcrumb\":{\"@id\":\"http:\\\/\\\/minutocerord.com\\\/?p=21243#breadcrumb\"},\"inLanguage\":\"es-DO\",\"potentialAction\":[{\"@type\":\"ReadAction\",\"target\":[\"http:\\\/\\\/minutocerord.com\\\/?p=21243\"]}]},{\"@type\":\"ImageObject\",\"inLanguage\":\"es-DO\",\"@id\":\"http:\\\/\\\/minutocerord.com\\\/?p=21243#primaryimage\",\"url\":\"https:\\\/\\\/i0.wp.com\\\/minutocerord.com\\\/wp-content\\\/uploads\\\/2025\\\/01\\\/EMBARCACION-1.jpg?fit=481%2C354&ssl=1\",\"contentUrl\":\"https:\\\/\\\/i0.wp.com\\\/minutocerord.com\\\/wp-content\\\/uploads\\\/2025\\\/01\\\/EMBARCACION-1.jpg?fit=481%2C354&ssl=1\",\"width\":481,\"height\":354},{\"@type\":\"BreadcrumbList\",\"@id\":\"http:\\\/\\\/minutocerord.com\\\/?p=21243#breadcrumb\",\"itemListElement\":[{\"@type\":\"ListItem\",\"position\":1,\"name\":\"Home\",\"item\":\"https:\\\/\\\/minutocerord.com\\\/\"},{\"@type\":\"ListItem\",\"position\":2,\"name\":\"MONTECRISTI | Interceptan embarcaci\u00f3n haitiana apresan tres indocumentados\"}]},{\"@type\":\"WebSite\",\"@id\":\"https:\\\/\\\/minutocerord.com\\\/#website\",\"url\":\"https:\\\/\\\/minutocerord.com\\\/\",\"name\":\"Minuto Cero RD\",\"description\":\"Periodismo serio y veraz\",\"publisher\":{\"@id\":\"https:\\\/\\\/minutocerord.com\\\/#\\\/schema\\\/person\\\/60b5372d60aaa0a5171fb6488be9aee6\"},\"potentialAction\":[{\"@type\":\"SearchAction\",\"target\":{\"@type\":\"EntryPoint\",\"urlTemplate\":\"https:\\\/\\\/minutocerord.com\\\/?s={search_term_string}\"},\"query-input\":{\"@type\":\"PropertyValueSpecification\",\"valueRequired\":true,\"valueName\":\"search_term_string\"}}],\"inLanguage\":\"es-DO\"},{\"@type\":[\"Person\",\"Organization\"],\"@id\":\"https:\\\/\\\/minutocerord.com\\\/#\\\/schema\\\/person\\\/60b5372d60aaa0a5171fb6488be9aee6\",\"name\":\"Genof\u00f3ntes Urb\u00e1ez\",\"image\":{\"@type\":\"ImageObject\",\"inLanguage\":\"es-DO\",\"@id\":\"https:\\\/\\\/secure.gravatar.com\\\/avatar\\\/a49ef3186a692098ac3e8a1612261e3ad70cf9e44553dff2929e67939a0ecb9d?s=96&d=identicon&r=g\",\"url\":\"https:\\\/\\\/secure.gravatar.com\\\/avatar\\\/a49ef3186a692098ac3e8a1612261e3ad70cf9e44553dff2929e67939a0ecb9d?s=96&d=identicon&r=g\",\"contentUrl\":\"https:\\\/\\\/secure.gravatar.com\\\/avatar\\\/a49ef3186a692098ac3e8a1612261e3ad70cf9e44553dff2929e67939a0ecb9d?s=96&d=identicon&r=g\",\"caption\":\"Genof\u00f3ntes Urb\u00e1ez\"},\"logo\":{\"@id\":\"https:\\\/\\\/secure.gravatar.com\\\/avatar\\\/a49ef3186a692098ac3e8a1612261e3ad70cf9e44553dff2929e67939a0ecb9d?s=96&d=identicon&r=g\"},\"description\":\"Periodista \\\/ Locutor\",\"sameAs\":[\"https:\\\/\\\/www.facebook.com\\\/Genofnotes\",\"https:\\\/\\\/www.instagram.com\\\/genofnotes\\\/\"]}]}<\/script>\n<!-- \/ Yoast SEO plugin. -->","yoast_head_json":{"title":"MONTECRISTI | Interceptan embarcaci\u00f3n haitiana apresan tres indocumentados - Minuto Cero RD","robots":{"index":"index","follow":"follow","max-snippet":"max-snippet:-1","max-image-preview":"max-image-preview:large","max-video-preview":"max-video-preview:-1"},"canonical":"http:\/\/minutocerord.com\/?p=21243","og_locale":"es_ES","og_type":"article","og_title":"MONTECRISTI | Interceptan embarcaci\u00f3n haitiana apresan tres indocumentados - Minuto Cero RD","og_description":"MONTECRISTI. &#8211; La Armada de Rep\u00fablica Dominicana intercept\u00f3 una embarcaci\u00f3n haitiana de fabricaci\u00f3n artesanal que se encontraba realizando pesca no declarada y no reglamentada en aguas bajo jurisdicci\u00f3n nacional. Durante la intervenci\u00f3n, en las costas de Montecristi, fueron detenidos tres haitianos indocumentados&nbsp; quienes fueron puestos a disposici\u00f3n de la Direcci\u00f3n General de Migraci\u00f3n. La embarcaci\u00f3n [&hellip;]","og_url":"http:\/\/minutocerord.com\/?p=21243","og_site_name":"Minuto Cero RD","article_publisher":"https:\/\/www.facebook.com\/Genofnotes","article_author":"https:\/\/www.facebook.com\/Genofnotes","article_published_time":"2025-01-07T20:46:41+00:00","article_modified_time":"2025-01-07T20:46:50+00:00","og_image":[{"width":481,"height":354,"url":"https:\/\/i0.wp.com\/minutocerord.com\/wp-content\/uploads\/2025\/01\/EMBARCACION-1.jpg?fit=481%2C354","type":"image\/jpeg"}],"author":"Genof\u00f3ntes Urb\u00e1ez","twitter_card":"summary_large_image","twitter_misc":{"Written by":"Genof\u00f3ntes Urb\u00e1ez","Est. reading time":"1 minuto"},"schema":{"@context":"https:\/\/schema.org","@graph":[{"@type":"Article","@id":"http:\/\/minutocerord.com\/?p=21243#article","isPartOf":{"@id":"http:\/\/minutocerord.com\/?p=21243"},"author":{"name":"Genof\u00f3ntes Urb\u00e1ez","@id":"https:\/\/minutocerord.com\/#\/schema\/person\/60b5372d60aaa0a5171fb6488be9aee6"},"headline":"MONTECRISTI | Interceptan embarcaci\u00f3n haitiana apresan tres indocumentados","datePublished":"2025-01-07T20:46:41+00:00","dateModified":"2025-01-07T20:46:50+00:00","mainEntityOfPage":{"@id":"http:\/\/minutocerord.com\/?p=21243"},"wordCount":153,"commentCount":2,"publisher":{"@id":"https:\/\/minutocerord.com\/#\/schema\/person\/60b5372d60aaa0a5171fb6488be9aee6"},"image":{"@id":"http:\/\/minutocerord.com\/?p=21243#primaryimage"},"thumbnailUrl":"https:\/\/i0.wp.com\/minutocerord.com\/wp-content\/uploads\/2025\/01\/EMBARCACION-1.jpg?fit=481%2C354&ssl=1","articleSection":["Nacionales"],"inLanguage":"es-DO","potentialAction":[{"@type":"CommentAction","name":"Comment","target":["http:\/\/minutocerord.com\/?p=21243#respond"]}]},{"@type":"WebPage","@id":"http:\/\/minutocerord.com\/?p=21243","url":"http:\/\/minutocerord.com\/?p=21243","name":"MONTECRISTI | Interceptan embarcaci\u00f3n haitiana apresan tres indocumentados - Minuto Cero RD","isPartOf":{"@id":"https:\/\/minutocerord.com\/#website"},"primaryImageOfPage":{"@id":"http:\/\/minutocerord.com\/?p=21243#primaryimage"},"image":{"@id":"http:\/\/minutocerord.com\/?p=21243#primaryimage"},"thumbnailUrl":"https:\/\/i0.wp.com\/minutocerord.com\/wp-content\/uploads\/2025\/01\/EMBARCACION-1.jpg?fit=481%2C354&ssl=1","datePublished":"2025-01-07T20:46:41+00:00","dateModified":"2025-01-07T20:46:50+00:00","breadcrumb":{"@id":"http:\/\/minutocerord.com\/?p=21243#breadcrumb"},"inLanguage":"es-DO","potentialAction":[{"@type":"ReadAction","target":["http:\/\/minutocerord.com\/?p=21243"]}]},{"@type":"ImageObject","inLanguage":"es-DO","@id":"http:\/\/minutocerord.com\/?p=21243#primaryimage","url":"https:\/\/i0.wp.com\/minutocerord.com\/wp-content\/uploads\/2025\/01\/EMBARCACION-1.jpg?fit=481%2C354&ssl=1","contentUrl":"https:\/\/i0.wp.com\/minutocerord.com\/wp-content\/uploads\/2025\/01\/EMBARCACION-1.jpg?fit=481%2C354&ssl=1","width":481,"height":354},{"@type":"BreadcrumbList","@id":"http:\/\/minutocerord.com\/?p=21243#breadcrumb","itemListElement":[{"@type":"ListItem","position":1,"name":"Home","item":"https:\/\/minutocerord.com\/"},{"@type":"ListItem","position":2,"name":"MONTECRISTI | Interceptan embarcaci\u00f3n haitiana apresan tres indocumentados"}]},{"@type":"WebSite","@id":"https:\/\/minutocerord.com\/#website","url":"https:\/\/minutocerord.com\/","name":"Minuto Cero RD","description":"Periodismo serio y veraz","publisher":{"@id":"https:\/\/minutocerord.com\/#\/schema\/person\/60b5372d60aaa0a5171fb6488be9aee6"},"potentialAction":[{"@type":"SearchAction","target":{"@type":"EntryPoint","urlTemplate":"https:\/\/minutocerord.com\/?s={search_term_string}"},"query-input":{"@type":"PropertyValueSpecification","valueRequired":true,"valueName":"search_term_string"}}],"inLanguage":"es-DO"},{"@type":["Person","Organization"],"@id":"https:\/\/minutocerord.com\/#\/schema\/person\/60b5372d60aaa0a5171fb6488be9aee6","name":"Genof\u00f3ntes Urb\u00e1ez","image":{"@type":"ImageObject","inLanguage":"es-DO","@id":"https:\/\/secure.gravatar.com\/avatar\/a49ef3186a692098ac3e8a1612261e3ad70cf9e44553dff2929e67939a0ecb9d?s=96&d=identicon&r=g","url":"https:\/\/secure.gravatar.com\/avatar\/a49ef3186a692098ac3e8a1612261e3ad70cf9e44553dff2929e67939a0ecb9d?s=96&d=identicon&r=g","contentUrl":"https:\/\/secure.gravatar.com\/avatar\/a49ef3186a692098ac3e8a1612261e3ad70cf9e44553dff2929e67939a0ecb9d?s=96&d=identicon&r=g","caption":"Genof\u00f3ntes Urb\u00e1ez"},"logo":{"@id":"https:\/\/secure.gravatar.com\/avatar\/a49ef3186a692098ac3e8a1612261e3ad70cf9e44553dff2929e67939a0ecb9d?s=96&d=identicon&r=g"},"description":"Periodista \/ Locutor","sameAs":["https:\/\/www.facebook.com\/Genofnotes","https:\/\/www.instagram.com\/genofnotes\/"]}]}},"jetpack_publicize_connections":[],"jetpack_featured_media_url":"https:\/\/i0.wp.com\/minutocerord.com\/wp-content\/uploads\/2025\/01\/EMBARCACION-1.jpg?fit=481%2C354&ssl=1","jetpack-related-posts":[],"jetpack_sharing_enabled":true,"_links":{"self":[{"href":"https:\/\/minutocerord.com\/index.php?rest_route=\/wp\/v2\/posts\/21243","targetHints":{"allow":["GET"]}}],"collection":[{"href":"https:\/\/minutocerord.com\/index.php?rest_route=\/wp\/v2\/posts"}],"about":[{"href":"https:\/\/minutocerord.com\/index.php?rest_route=\/wp\/v2\/types\/post"}],"author":[{"embeddable":true,"href":"https:\/\/minutocerord.com\/index.php?rest_route=\/wp\/v2\/users\/1"}],"replies":[{"embeddable":true,"href":"https:\/\/minutocerord.com\/index.php?rest_route=%2Fwp%2Fv2%2Fcomments&post=21243"}],"version-history":[{"count":1,"href":"https:\/\/minutocerord.com\/index.php?rest_route=\/wp\/v2\/posts\/21243\/revisions"}],"predecessor-version":[{"id":21245,"href":"https:\/\/minutocerord.com\/index.php?rest_route=\/wp\/v2\/posts\/21243\/revisions\/21245"}],"wp:featuredmedia":[{"embeddable":true,"href":"https:\/\/minutocerord.com\/index.php?rest_route=\/wp\/v2\/media\/21244"}],"wp:attachment":[{"href":"https:\/\/minutocerord.com\/index.php?rest_route=%2Fwp%2Fv2%2Fmedia&parent=21243"}],"wp:term":[{"taxonomy":"category","embeddable":true,"href":"https:\/\/minutocerord.com\/index.php?rest_route=%2Fwp%2Fv2%2Fcategories&post=21243"},{"taxonomy":"post_tag","embeddable":true,"href":"https:\/\/minutocerord.com\/index.php?rest_route=%2Fwp%2Fv2%2Ftags&post=21243"}],"curies":[{"name":"wp","href":"https:\/\/api.w.org\/{rel}","templated":true}]}}