{"id":21280,"date":"2025-01-09T17:30:52","date_gmt":"2025-01-09T21:30:52","guid":{"rendered":"https:\/\/minutocerord.com\/?p=21280"},"modified":"2025-01-09T17:31:02","modified_gmt":"2025-01-09T21:31:02","slug":"salud-sociedad-neumologia-confirma-metapneumovirus-en-rep-dom","status":"publish","type":"post","link":"https:\/\/minutocerord.com\/?p=21280","title":{"rendered":"SALUD | Sociedad Neumolog\u00eda confirma metapneumovirus en Rep. Dom."},"content":{"rendered":"\n<p class=\"\"><a href=\"https:\/\/almomento.net\/wp-content\/uploads\/2025\/01\/Alfredo-Matos-Hoepelman-e1736449656370.jpeg\"><\/a><strong>SANTO DOMINGO, RD.-<\/strong> El presidente de la Sociedad de Neumolog\u00eda y Cirug\u00eda de T\u00f3rax, Alfredo Matos Hoepelman, confirm\u00f3 este mi\u00e9rcoles la circulaci\u00f3n en Rep\u00fablica Dominicana de metapneumovirus humano (HMPV), aunque asegur\u00f3 que no es el de mayor proliferaci\u00f3n.<\/p>\n\n\n\n<p class=\"\">\u00abHa habido pocos casos, ha habido m\u00e1s casos del sincitial respiratorio y casos de influenza que de metapneumovirus\u00bb, dijo.<\/p>\n\n\n\n<p class=\"\">Explic\u00f3 que \u00aben el pa\u00eds existen casos de metapneumovirus, actualmente hay, lo que pasa es que para detectarlos tenemos que hacer el panel respiratorio completo\u00bb.<\/p>\n\n\n\n<p class=\"\">Reconoci\u00f3 que realizar esta prueba resulta costoso para el paciente, ya que puede salir entre 12 y 15 mil pesos.<\/p>\n\n\n\n<p class=\"\"><strong>S\u00edntomas<\/strong><\/p>\n\n\n\n<p class=\"\">El HMPV se transmite principalmente a trav\u00e9s de secreciones al toser o estornudar, y por contacto con superficies contaminadas. Sus s\u00edntomas son similares a los de un resfriado com\u00fan: tos, secreci\u00f3n nasal, fiebre y dolor de garganta. En casos graves, puede derivar en bronquitis, neumon\u00eda e incluso sibilancias severas.<\/p>\n\n\n\n<p class=\"\">Los ni\u00f1os menores de 5 a\u00f1os, los ancianos y los inmunocomprometidos son los pacientes m\u00e1s vulnerables, con una mayor probabilidad de desarrollar complicaciones como neumon\u00eda.<\/p>\n\n\n\n<p class=\"\">Los especialistas recomiendan mantener una buena higiene de manos, quedarse en casa si presenta s\u00edntomas, usar mascarillas en lugares p\u00fablicos si est\u00e1 enfermo y cubrirse la boca al toser o estornudar.<\/p>\n","protected":false},"excerpt":{"rendered":"<p>SANTO DOMINGO, RD.- El presidente de la Sociedad de Neumolog\u00eda y Cirug\u00eda de T\u00f3rax, Alfredo Matos Hoepelman, confirm\u00f3 este mi\u00e9rcoles la circulaci\u00f3n en Rep\u00fablica Dominicana de metapneumovirus humano (HMPV), aunque asegur\u00f3 que no es el de mayor proliferaci\u00f3n. \u00abHa habido pocos casos, ha habido m\u00e1s casos del sincitial respiratorio y casos de influenza que de [&hellip;]<\/p>\n","protected":false},"author":1,"featured_media":21281,"comment_status":"open","ping_status":"open","sticky":false,"template":"","format":"standard","meta":{"nf_dc_page":"","jetpack_post_was_ever_published":false,"_jetpack_newsletter_access":"","_jetpack_dont_email_post_to_subs":false,"_jetpack_newsletter_tier_id":0,"_jetpack_memberships_contains_paywalled_content":false,"_jetpack_memberships_contains_paid_content":false,"footnotes":"","jetpack_publicize_message":"","jetpack_publicize_feature_enabled":true,"jetpack_social_post_already_shared":true,"jetpack_social_options":{"image_generator_settings":{"template":"highway","default_image_id":0,"font":"","enabled":false},"version":2}},"categories":[67],"tags":[],"class_list":["post-21280","post","type-post","status-publish","format-standard","has-post-thumbnail","hentry","category-salud"],"yoast_head":"<!-- This site is optimized with the Yoast SEO plugin v27.5 - https:\/\/yoast.com\/product\/yoast-seo-wordpress\/ -->\n<title>SALUD | Sociedad Neumolog\u00eda confirma metapneumovirus en Rep. Dom. - Minuto Cero RD<\/title>\n<meta name=\"robots\" content=\"index, follow, max-snippet:-1, max-image-preview:large, max-video-preview:-1\" \/>\n<link rel=\"canonical\" href=\"http:\/\/minutocerord.com\/?p=21280\" \/>\n<meta property=\"og:locale\" content=\"es_ES\" \/>\n<meta property=\"og:type\" content=\"article\" \/>\n<meta property=\"og:title\" content=\"SALUD | Sociedad Neumolog\u00eda confirma metapneumovirus en Rep. Dom. - Minuto Cero RD\" \/>\n<meta property=\"og:description\" content=\"SANTO DOMINGO, RD.- El presidente de la Sociedad de Neumolog\u00eda y Cirug\u00eda de T\u00f3rax, Alfredo Matos Hoepelman, confirm\u00f3 este mi\u00e9rcoles la circulaci\u00f3n en Rep\u00fablica Dominicana de metapneumovirus humano (HMPV), aunque asegur\u00f3 que no es el de mayor proliferaci\u00f3n. \u00abHa habido pocos casos, ha habido m\u00e1s casos del sincitial respiratorio y casos de influenza que de [&hellip;]\" \/>\n<meta property=\"og:url\" content=\"http:\/\/minutocerord.com\/?p=21280\" \/>\n<meta property=\"og:site_name\" content=\"Minuto Cero RD\" \/>\n<meta property=\"article:publisher\" content=\"https:\/\/www.facebook.com\/Genofnotes\" \/>\n<meta property=\"article:author\" content=\"https:\/\/www.facebook.com\/Genofnotes\" \/>\n<meta property=\"article:published_time\" content=\"2025-01-09T21:30:52+00:00\" \/>\n<meta property=\"article:modified_time\" content=\"2025-01-09T21:31:02+00:00\" \/>\n<meta property=\"og:image\" content=\"https:\/\/i0.wp.com\/minutocerord.com\/wp-content\/uploads\/2025\/01\/Alfredo-Matos-Hoepelman-e1736449656370.jpg?fit=397%2C276\" \/>\n\t<meta property=\"og:image:width\" content=\"397\" \/>\n\t<meta property=\"og:image:height\" content=\"276\" \/>\n\t<meta property=\"og:image:type\" content=\"image\/jpeg\" \/>\n<meta name=\"author\" content=\"Genof\u00f3ntes Urb\u00e1ez\" \/>\n<meta name=\"twitter:card\" content=\"summary_large_image\" \/>\n<meta name=\"twitter:label1\" content=\"Written by\" \/>\n\t<meta name=\"twitter:data1\" content=\"Genof\u00f3ntes Urb\u00e1ez\" \/>\n\t<meta name=\"twitter:label2\" content=\"Est. reading time\" \/>\n\t<meta name=\"twitter:data2\" content=\"2 minutos\" \/>\n<script type=\"application\/ld+json\" class=\"yoast-schema-graph\">{\"@context\":\"https:\\\/\\\/schema.org\",\"@graph\":[{\"@type\":\"Article\",\"@id\":\"http:\\\/\\\/minutocerord.com\\\/?p=21280#article\",\"isPartOf\":{\"@id\":\"http:\\\/\\\/minutocerord.com\\\/?p=21280\"},\"author\":{\"name\":\"Genof\u00f3ntes Urb\u00e1ez\",\"@id\":\"https:\\\/\\\/minutocerord.com\\\/#\\\/schema\\\/person\\\/60b5372d60aaa0a5171fb6488be9aee6\"},\"headline\":\"SALUD | Sociedad Neumolog\u00eda confirma metapneumovirus en Rep. Dom.\",\"datePublished\":\"2025-01-09T21:30:52+00:00\",\"dateModified\":\"2025-01-09T21:31:02+00:00\",\"mainEntityOfPage\":{\"@id\":\"http:\\\/\\\/minutocerord.com\\\/?p=21280\"},\"wordCount\":236,\"commentCount\":0,\"publisher\":{\"@id\":\"https:\\\/\\\/minutocerord.com\\\/#\\\/schema\\\/person\\\/60b5372d60aaa0a5171fb6488be9aee6\"},\"image\":{\"@id\":\"http:\\\/\\\/minutocerord.com\\\/?p=21280#primaryimage\"},\"thumbnailUrl\":\"https:\\\/\\\/i0.wp.com\\\/minutocerord.com\\\/wp-content\\\/uploads\\\/2025\\\/01\\\/Alfredo-Matos-Hoepelman-e1736449656370.jpg?fit=397%2C276&ssl=1\",\"articleSection\":[\"Salud\"],\"inLanguage\":\"es-DO\",\"potentialAction\":[{\"@type\":\"CommentAction\",\"name\":\"Comment\",\"target\":[\"http:\\\/\\\/minutocerord.com\\\/?p=21280#respond\"]}]},{\"@type\":\"WebPage\",\"@id\":\"http:\\\/\\\/minutocerord.com\\\/?p=21280\",\"url\":\"http:\\\/\\\/minutocerord.com\\\/?p=21280\",\"name\":\"SALUD | Sociedad Neumolog\u00eda confirma metapneumovirus en Rep. Dom. - Minuto Cero RD\",\"isPartOf\":{\"@id\":\"https:\\\/\\\/minutocerord.com\\\/#website\"},\"primaryImageOfPage\":{\"@id\":\"http:\\\/\\\/minutocerord.com\\\/?p=21280#primaryimage\"},\"image\":{\"@id\":\"http:\\\/\\\/minutocerord.com\\\/?p=21280#primaryimage\"},\"thumbnailUrl\":\"https:\\\/\\\/i0.wp.com\\\/minutocerord.com\\\/wp-content\\\/uploads\\\/2025\\\/01\\\/Alfredo-Matos-Hoepelman-e1736449656370.jpg?fit=397%2C276&ssl=1\",\"datePublished\":\"2025-01-09T21:30:52+00:00\",\"dateModified\":\"2025-01-09T21:31:02+00:00\",\"breadcrumb\":{\"@id\":\"http:\\\/\\\/minutocerord.com\\\/?p=21280#breadcrumb\"},\"inLanguage\":\"es-DO\",\"potentialAction\":[{\"@type\":\"ReadAction\",\"target\":[\"http:\\\/\\\/minutocerord.com\\\/?p=21280\"]}]},{\"@type\":\"ImageObject\",\"inLanguage\":\"es-DO\",\"@id\":\"http:\\\/\\\/minutocerord.com\\\/?p=21280#primaryimage\",\"url\":\"https:\\\/\\\/i0.wp.com\\\/minutocerord.com\\\/wp-content\\\/uploads\\\/2025\\\/01\\\/Alfredo-Matos-Hoepelman-e1736449656370.jpg?fit=397%2C276&ssl=1\",\"contentUrl\":\"https:\\\/\\\/i0.wp.com\\\/minutocerord.com\\\/wp-content\\\/uploads\\\/2025\\\/01\\\/Alfredo-Matos-Hoepelman-e1736449656370.jpg?fit=397%2C276&ssl=1\",\"width\":397,\"height\":276,\"caption\":\"Alfredo Matos Hoepelman, presidente de la Sociedad de Neumolog\u00eda y Cirug\u00eda de T\u00f3rax.\"},{\"@type\":\"BreadcrumbList\",\"@id\":\"http:\\\/\\\/minutocerord.com\\\/?p=21280#breadcrumb\",\"itemListElement\":[{\"@type\":\"ListItem\",\"position\":1,\"name\":\"Home\",\"item\":\"https:\\\/\\\/minutocerord.com\\\/\"},{\"@type\":\"ListItem\",\"position\":2,\"name\":\"SALUD | Sociedad Neumolog\u00eda confirma metapneumovirus en Rep. Dom.\"}]},{\"@type\":\"WebSite\",\"@id\":\"https:\\\/\\\/minutocerord.com\\\/#website\",\"url\":\"https:\\\/\\\/minutocerord.com\\\/\",\"name\":\"Minuto Cero RD\",\"description\":\"Periodismo serio y veraz\",\"publisher\":{\"@id\":\"https:\\\/\\\/minutocerord.com\\\/#\\\/schema\\\/person\\\/60b5372d60aaa0a5171fb6488be9aee6\"},\"potentialAction\":[{\"@type\":\"SearchAction\",\"target\":{\"@type\":\"EntryPoint\",\"urlTemplate\":\"https:\\\/\\\/minutocerord.com\\\/?s={search_term_string}\"},\"query-input\":{\"@type\":\"PropertyValueSpecification\",\"valueRequired\":true,\"valueName\":\"search_term_string\"}}],\"inLanguage\":\"es-DO\"},{\"@type\":[\"Person\",\"Organization\"],\"@id\":\"https:\\\/\\\/minutocerord.com\\\/#\\\/schema\\\/person\\\/60b5372d60aaa0a5171fb6488be9aee6\",\"name\":\"Genof\u00f3ntes Urb\u00e1ez\",\"image\":{\"@type\":\"ImageObject\",\"inLanguage\":\"es-DO\",\"@id\":\"https:\\\/\\\/secure.gravatar.com\\\/avatar\\\/a49ef3186a692098ac3e8a1612261e3ad70cf9e44553dff2929e67939a0ecb9d?s=96&d=identicon&r=g\",\"url\":\"https:\\\/\\\/secure.gravatar.com\\\/avatar\\\/a49ef3186a692098ac3e8a1612261e3ad70cf9e44553dff2929e67939a0ecb9d?s=96&d=identicon&r=g\",\"contentUrl\":\"https:\\\/\\\/secure.gravatar.com\\\/avatar\\\/a49ef3186a692098ac3e8a1612261e3ad70cf9e44553dff2929e67939a0ecb9d?s=96&d=identicon&r=g\",\"caption\":\"Genof\u00f3ntes Urb\u00e1ez\"},\"logo\":{\"@id\":\"https:\\\/\\\/secure.gravatar.com\\\/avatar\\\/a49ef3186a692098ac3e8a1612261e3ad70cf9e44553dff2929e67939a0ecb9d?s=96&d=identicon&r=g\"},\"description\":\"Periodista \\\/ Locutor\",\"sameAs\":[\"https:\\\/\\\/www.facebook.com\\\/Genofnotes\",\"https:\\\/\\\/www.instagram.com\\\/genofnotes\\\/\"]}]}<\/script>\n<!-- \/ Yoast SEO plugin. -->","yoast_head_json":{"title":"SALUD | Sociedad Neumolog\u00eda confirma metapneumovirus en Rep. Dom. - Minuto Cero RD","robots":{"index":"index","follow":"follow","max-snippet":"max-snippet:-1","max-image-preview":"max-image-preview:large","max-video-preview":"max-video-preview:-1"},"canonical":"http:\/\/minutocerord.com\/?p=21280","og_locale":"es_ES","og_type":"article","og_title":"SALUD | Sociedad Neumolog\u00eda confirma metapneumovirus en Rep. Dom. - Minuto Cero RD","og_description":"SANTO DOMINGO, RD.- El presidente de la Sociedad de Neumolog\u00eda y Cirug\u00eda de T\u00f3rax, Alfredo Matos Hoepelman, confirm\u00f3 este mi\u00e9rcoles la circulaci\u00f3n en Rep\u00fablica Dominicana de metapneumovirus humano (HMPV), aunque asegur\u00f3 que no es el de mayor proliferaci\u00f3n. \u00abHa habido pocos casos, ha habido m\u00e1s casos del sincitial respiratorio y casos de influenza que de [&hellip;]","og_url":"http:\/\/minutocerord.com\/?p=21280","og_site_name":"Minuto Cero RD","article_publisher":"https:\/\/www.facebook.com\/Genofnotes","article_author":"https:\/\/www.facebook.com\/Genofnotes","article_published_time":"2025-01-09T21:30:52+00:00","article_modified_time":"2025-01-09T21:31:02+00:00","og_image":[{"width":397,"height":276,"url":"https:\/\/i0.wp.com\/minutocerord.com\/wp-content\/uploads\/2025\/01\/Alfredo-Matos-Hoepelman-e1736449656370.jpg?fit=397%2C276","type":"image\/jpeg"}],"author":"Genof\u00f3ntes Urb\u00e1ez","twitter_card":"summary_large_image","twitter_misc":{"Written by":"Genof\u00f3ntes Urb\u00e1ez","Est. reading time":"2 minutos"},"schema":{"@context":"https:\/\/schema.org","@graph":[{"@type":"Article","@id":"http:\/\/minutocerord.com\/?p=21280#article","isPartOf":{"@id":"http:\/\/minutocerord.com\/?p=21280"},"author":{"name":"Genof\u00f3ntes Urb\u00e1ez","@id":"https:\/\/minutocerord.com\/#\/schema\/person\/60b5372d60aaa0a5171fb6488be9aee6"},"headline":"SALUD | Sociedad Neumolog\u00eda confirma metapneumovirus en Rep. Dom.","datePublished":"2025-01-09T21:30:52+00:00","dateModified":"2025-01-09T21:31:02+00:00","mainEntityOfPage":{"@id":"http:\/\/minutocerord.com\/?p=21280"},"wordCount":236,"commentCount":0,"publisher":{"@id":"https:\/\/minutocerord.com\/#\/schema\/person\/60b5372d60aaa0a5171fb6488be9aee6"},"image":{"@id":"http:\/\/minutocerord.com\/?p=21280#primaryimage"},"thumbnailUrl":"https:\/\/i0.wp.com\/minutocerord.com\/wp-content\/uploads\/2025\/01\/Alfredo-Matos-Hoepelman-e1736449656370.jpg?fit=397%2C276&ssl=1","articleSection":["Salud"],"inLanguage":"es-DO","potentialAction":[{"@type":"CommentAction","name":"Comment","target":["http:\/\/minutocerord.com\/?p=21280#respond"]}]},{"@type":"WebPage","@id":"http:\/\/minutocerord.com\/?p=21280","url":"http:\/\/minutocerord.com\/?p=21280","name":"SALUD | Sociedad Neumolog\u00eda confirma metapneumovirus en Rep. Dom. - Minuto Cero RD","isPartOf":{"@id":"https:\/\/minutocerord.com\/#website"},"primaryImageOfPage":{"@id":"http:\/\/minutocerord.com\/?p=21280#primaryimage"},"image":{"@id":"http:\/\/minutocerord.com\/?p=21280#primaryimage"},"thumbnailUrl":"https:\/\/i0.wp.com\/minutocerord.com\/wp-content\/uploads\/2025\/01\/Alfredo-Matos-Hoepelman-e1736449656370.jpg?fit=397%2C276&ssl=1","datePublished":"2025-01-09T21:30:52+00:00","dateModified":"2025-01-09T21:31:02+00:00","breadcrumb":{"@id":"http:\/\/minutocerord.com\/?p=21280#breadcrumb"},"inLanguage":"es-DO","potentialAction":[{"@type":"ReadAction","target":["http:\/\/minutocerord.com\/?p=21280"]}]},{"@type":"ImageObject","inLanguage":"es-DO","@id":"http:\/\/minutocerord.com\/?p=21280#primaryimage","url":"https:\/\/i0.wp.com\/minutocerord.com\/wp-content\/uploads\/2025\/01\/Alfredo-Matos-Hoepelman-e1736449656370.jpg?fit=397%2C276&ssl=1","contentUrl":"https:\/\/i0.wp.com\/minutocerord.com\/wp-content\/uploads\/2025\/01\/Alfredo-Matos-Hoepelman-e1736449656370.jpg?fit=397%2C276&ssl=1","width":397,"height":276,"caption":"Alfredo Matos Hoepelman, presidente de la Sociedad de Neumolog\u00eda y Cirug\u00eda de T\u00f3rax."},{"@type":"BreadcrumbList","@id":"http:\/\/minutocerord.com\/?p=21280#breadcrumb","itemListElement":[{"@type":"ListItem","position":1,"name":"Home","item":"https:\/\/minutocerord.com\/"},{"@type":"ListItem","position":2,"name":"SALUD | Sociedad Neumolog\u00eda confirma metapneumovirus en Rep. Dom."}]},{"@type":"WebSite","@id":"https:\/\/minutocerord.com\/#website","url":"https:\/\/minutocerord.com\/","name":"Minuto Cero RD","description":"Periodismo serio y veraz","publisher":{"@id":"https:\/\/minutocerord.com\/#\/schema\/person\/60b5372d60aaa0a5171fb6488be9aee6"},"potentialAction":[{"@type":"SearchAction","target":{"@type":"EntryPoint","urlTemplate":"https:\/\/minutocerord.com\/?s={search_term_string}"},"query-input":{"@type":"PropertyValueSpecification","valueRequired":true,"valueName":"search_term_string"}}],"inLanguage":"es-DO"},{"@type":["Person","Organization"],"@id":"https:\/\/minutocerord.com\/#\/schema\/person\/60b5372d60aaa0a5171fb6488be9aee6","name":"Genof\u00f3ntes Urb\u00e1ez","image":{"@type":"ImageObject","inLanguage":"es-DO","@id":"https:\/\/secure.gravatar.com\/avatar\/a49ef3186a692098ac3e8a1612261e3ad70cf9e44553dff2929e67939a0ecb9d?s=96&d=identicon&r=g","url":"https:\/\/secure.gravatar.com\/avatar\/a49ef3186a692098ac3e8a1612261e3ad70cf9e44553dff2929e67939a0ecb9d?s=96&d=identicon&r=g","contentUrl":"https:\/\/secure.gravatar.com\/avatar\/a49ef3186a692098ac3e8a1612261e3ad70cf9e44553dff2929e67939a0ecb9d?s=96&d=identicon&r=g","caption":"Genof\u00f3ntes Urb\u00e1ez"},"logo":{"@id":"https:\/\/secure.gravatar.com\/avatar\/a49ef3186a692098ac3e8a1612261e3ad70cf9e44553dff2929e67939a0ecb9d?s=96&d=identicon&r=g"},"description":"Periodista \/ Locutor","sameAs":["https:\/\/www.facebook.com\/Genofnotes","https:\/\/www.instagram.com\/genofnotes\/"]}]}},"jetpack_publicize_connections":[],"jetpack_featured_media_url":"https:\/\/i0.wp.com\/minutocerord.com\/wp-content\/uploads\/2025\/01\/Alfredo-Matos-Hoepelman-e1736449656370.jpg?fit=397%2C276&ssl=1","jetpack-related-posts":[],"jetpack_sharing_enabled":true,"_links":{"self":[{"href":"https:\/\/minutocerord.com\/index.php?rest_route=\/wp\/v2\/posts\/21280","targetHints":{"allow":["GET"]}}],"collection":[{"href":"https:\/\/minutocerord.com\/index.php?rest_route=\/wp\/v2\/posts"}],"about":[{"href":"https:\/\/minutocerord.com\/index.php?rest_route=\/wp\/v2\/types\/post"}],"author":[{"embeddable":true,"href":"https:\/\/minutocerord.com\/index.php?rest_route=\/wp\/v2\/users\/1"}],"replies":[{"embeddable":true,"href":"https:\/\/minutocerord.com\/index.php?rest_route=%2Fwp%2Fv2%2Fcomments&post=21280"}],"version-history":[{"count":1,"href":"https:\/\/minutocerord.com\/index.php?rest_route=\/wp\/v2\/posts\/21280\/revisions"}],"predecessor-version":[{"id":21282,"href":"https:\/\/minutocerord.com\/index.php?rest_route=\/wp\/v2\/posts\/21280\/revisions\/21282"}],"wp:featuredmedia":[{"embeddable":true,"href":"https:\/\/minutocerord.com\/index.php?rest_route=\/wp\/v2\/media\/21281"}],"wp:attachment":[{"href":"https:\/\/minutocerord.com\/index.php?rest_route=%2Fwp%2Fv2%2Fmedia&parent=21280"}],"wp:term":[{"taxonomy":"category","embeddable":true,"href":"https:\/\/minutocerord.com\/index.php?rest_route=%2Fwp%2Fv2%2Fcategories&post=21280"},{"taxonomy":"post_tag","embeddable":true,"href":"https:\/\/minutocerord.com\/index.php?rest_route=%2Fwp%2Fv2%2Ftags&post=21280"}],"curies":[{"name":"wp","href":"https:\/\/api.w.org\/{rel}","templated":true}]}}