{"id":23812,"date":"2025-12-09T21:10:44","date_gmt":"2025-12-10T01:10:44","guid":{"rendered":"https:\/\/minutocerord.com\/?p=23812"},"modified":"2025-12-09T21:10:46","modified_gmt":"2025-12-10T01:10:46","slug":"justicia-piden-18-meses-de-prision-para-10-acusados-en-el-caso-senasa","status":"publish","type":"post","link":"https:\/\/minutocerord.com\/?p=23812","title":{"rendered":"JUSTICIA | Piden 18 meses de prisi\u00f3n para 10 acusados en el caso Senasa"},"content":{"rendered":"\n<p class=\"\"><a href=\"https:\/\/almomento.net\/wp-content\/uploads\/2025\/12\/santiago-hazim-senasa-acude-a-la-procuraduria-general-de-la-republica-a3bd3523-focus-0.24-0.32-896-504.jpg\"><\/a><strong>Santo Domingo, RD (EFE).- <\/strong>El Ministerio P\u00fablico solicit\u00f3 este lunes 18 meses de prisi\u00f3n preventiva contra los presuntos implicados en un supuesto desfalco de m\u00e1s de 15,000 millones de pesos en el Seguro Nacional de Salud (SeNaSa).<\/p>\n\n\n\n<p class=\"\">Las autoridades solicitaron adem\u00e1s que el proceso sea declarado complejo, debido a la magnitud del fraude y a la cantidad de elementos que a\u00fan deben analizarse para esclarecer el esquema de corrupci\u00f3n denunciado.<\/p>\n\n\n\n<p class=\"\">En caso lleva por nombre&nbsp;<strong>Operaci\u00f3n Cobra<\/strong>, con la cual inicia un proceso de persecuci\u00f3n judicial que busca sanciones penales y el decomiso del dinero sustra\u00eddo al patrimonio p\u00fablico a trav\u00e9s del Seguro Nacional de Salud (SeNaSa).<\/p>\n\n\n\n<p class=\"\"><strong>DIEZ ARRESTADOS<\/strong><\/p>\n\n\n\n<p class=\"\">En la operaci\u00f3n arrestaron a&nbsp;<strong>Santiago Marcelo F. Hazim Albainy, exdirector del SeNaSa y otras nueve personas<\/strong>&nbsp;imputadas de defraudar esa administradora de riesgos de salud (ARS) p\u00fablica con miles de millones de pesos mientras varias personas f\u00edsicas y jur\u00eddicas contin\u00faan bajo investigaci\u00f3n conforme avancen las indagatorias del \u00f3rgano acusador.<\/p>\n\n\n\n<p class=\"\">Tambi\u00e9n fueron arrestados,<strong>&nbsp;Gustavo Enrique Messina Cruz, exgerente financiero; Germ\u00e1n Rafael Robles Qui\u00f1ones, exconsultor jur\u00eddico; Francisco Iv\u00e1n Minaya P\u00e9rez, exgerente de Servicio de Salud; Cinty Acosta Senci\u00f3n, Ram\u00f3n Alan Speakler Mateo y Ada Ledesma Ubiera, empresarios, Rafael Luis Martinez Hazim, Fundador del Centro de Telemedicina MyCare, Heidi Pineda Perdomo y Eduardo Read Estrella.<\/strong><\/p>\n\n\n\n<p class=\"\">Entre otros delitos, al grupo se le imputan cargos de coalici\u00f3n de funcionarios, prevaricaci\u00f3n, asociaci\u00f3n de malhechores, cobro de soborno, estafa contra el Estado dominicano, desfalco, falsificaci\u00f3n, uso de documentos falsos y lavado de activos.<\/p>\n\n\n\n<p class=\"\">El Ministerio P\u00fablico asegur\u00f3 que ha podido recabar evidencias, de soborno a gran escala, adulteraciones de estados financieros, programas especiales sin sustentos jur\u00eddicos, utilizados para distraer fondos, maniobras fraudulentas, en definitiva, un esquema de corrupci\u00f3n sistem\u00e1tico instalado por el director ejecutivo del SeNaSa, en coalici\u00f3n con funcionarios de esa ARS y con la participaci\u00f3n, en asociaci\u00f3n criminal, de prestadores del servicio de salud, en perjuicio del Estado dominicano.EFE<\/p>\n","protected":false},"excerpt":{"rendered":"<p>Santo Domingo, RD (EFE).- El Ministerio P\u00fablico solicit\u00f3 este lunes 18 meses de prisi\u00f3n preventiva contra los presuntos implicados en un supuesto desfalco de m\u00e1s de 15,000 millones de pesos en el Seguro Nacional de Salud (SeNaSa). Las autoridades solicitaron adem\u00e1s que el proceso sea declarado complejo, debido a la magnitud del fraude y a [&hellip;]<\/p>\n","protected":false},"author":1,"featured_media":23814,"comment_status":"open","ping_status":"open","sticky":false,"template":"","format":"standard","meta":{"nf_dc_page":"","jetpack_post_was_ever_published":false,"_jetpack_newsletter_access":"","_jetpack_dont_email_post_to_subs":false,"_jetpack_newsletter_tier_id":0,"_jetpack_memberships_contains_paywalled_content":false,"_jetpack_memberships_contains_paid_content":false,"footnotes":"","jetpack_publicize_message":"","jetpack_publicize_feature_enabled":true,"jetpack_social_post_already_shared":true,"jetpack_social_options":{"image_generator_settings":{"template":"highway","default_image_id":0,"font":"","enabled":false},"version":2}},"categories":[93],"tags":[],"class_list":["post-23812","post","type-post","status-publish","format-standard","has-post-thumbnail","hentry","category-justicia"],"yoast_head":"<!-- This site is optimized with the Yoast SEO plugin v27.5 - https:\/\/yoast.com\/product\/yoast-seo-wordpress\/ -->\n<title>JUSTICIA | Piden 18 meses de prisi\u00f3n para 10 acusados en el caso Senasa - Minuto Cero RD<\/title>\n<meta name=\"robots\" content=\"index, follow, max-snippet:-1, max-image-preview:large, max-video-preview:-1\" \/>\n<link rel=\"canonical\" href=\"https:\/\/minutocerord.com\/?p=23812\" \/>\n<meta property=\"og:locale\" content=\"es_ES\" \/>\n<meta property=\"og:type\" content=\"article\" \/>\n<meta property=\"og:title\" content=\"JUSTICIA | Piden 18 meses de prisi\u00f3n para 10 acusados en el caso Senasa - Minuto Cero RD\" \/>\n<meta property=\"og:description\" content=\"Santo Domingo, RD (EFE).- El Ministerio P\u00fablico solicit\u00f3 este lunes 18 meses de prisi\u00f3n preventiva contra los presuntos implicados en un supuesto desfalco de m\u00e1s de 15,000 millones de pesos en el Seguro Nacional de Salud (SeNaSa). Las autoridades solicitaron adem\u00e1s que el proceso sea declarado complejo, debido a la magnitud del fraude y a [&hellip;]\" \/>\n<meta property=\"og:url\" content=\"https:\/\/minutocerord.com\/?p=23812\" \/>\n<meta property=\"og:site_name\" content=\"Minuto Cero RD\" \/>\n<meta property=\"article:publisher\" content=\"https:\/\/www.facebook.com\/Genofnotes\" \/>\n<meta property=\"article:author\" content=\"https:\/\/www.facebook.com\/Genofnotes\" \/>\n<meta property=\"article:published_time\" content=\"2025-12-10T01:10:44+00:00\" \/>\n<meta property=\"article:modified_time\" content=\"2025-12-10T01:10:46+00:00\" \/>\n<meta property=\"og:image\" content=\"https:\/\/i0.wp.com\/minutocerord.com\/wp-content\/uploads\/2025\/12\/santiago-hazim-senasa-acude-a-la-procuraduria-general-de-la-republica-a3bd3523-focus-0.24-0.32-896-504-1.jpg?fit=693%2C504&ssl=1\" \/>\n\t<meta property=\"og:image:width\" content=\"693\" \/>\n\t<meta property=\"og:image:height\" content=\"504\" \/>\n\t<meta property=\"og:image:type\" content=\"image\/jpeg\" \/>\n<meta name=\"author\" content=\"Genof\u00f3ntes Urb\u00e1ez\" \/>\n<meta name=\"twitter:card\" content=\"summary_large_image\" \/>\n<meta name=\"twitter:label1\" content=\"Written by\" \/>\n\t<meta name=\"twitter:data1\" content=\"Genof\u00f3ntes Urb\u00e1ez\" \/>\n\t<meta name=\"twitter:label2\" content=\"Est. reading time\" \/>\n\t<meta name=\"twitter:data2\" content=\"2 minutos\" \/>\n<script type=\"application\/ld+json\" class=\"yoast-schema-graph\">{\"@context\":\"https:\\\/\\\/schema.org\",\"@graph\":[{\"@type\":\"Article\",\"@id\":\"https:\\\/\\\/minutocerord.com\\\/?p=23812#article\",\"isPartOf\":{\"@id\":\"https:\\\/\\\/minutocerord.com\\\/?p=23812\"},\"author\":{\"name\":\"Genof\u00f3ntes Urb\u00e1ez\",\"@id\":\"https:\\\/\\\/minutocerord.com\\\/#\\\/schema\\\/person\\\/60b5372d60aaa0a5171fb6488be9aee6\"},\"headline\":\"JUSTICIA | Piden 18 meses de prisi\u00f3n para 10 acusados en el caso Senasa\",\"datePublished\":\"2025-12-10T01:10:44+00:00\",\"dateModified\":\"2025-12-10T01:10:46+00:00\",\"mainEntityOfPage\":{\"@id\":\"https:\\\/\\\/minutocerord.com\\\/?p=23812\"},\"wordCount\":367,\"commentCount\":0,\"publisher\":{\"@id\":\"https:\\\/\\\/minutocerord.com\\\/#\\\/schema\\\/person\\\/60b5372d60aaa0a5171fb6488be9aee6\"},\"image\":{\"@id\":\"https:\\\/\\\/minutocerord.com\\\/?p=23812#primaryimage\"},\"thumbnailUrl\":\"https:\\\/\\\/i0.wp.com\\\/minutocerord.com\\\/wp-content\\\/uploads\\\/2025\\\/12\\\/santiago-hazim-senasa-acude-a-la-procuraduria-general-de-la-republica-a3bd3523-focus-0.24-0.32-896-504-1.jpg?fit=693%2C504&ssl=1\",\"articleSection\":[\"Justicia\"],\"inLanguage\":\"es-DO\",\"potentialAction\":[{\"@type\":\"CommentAction\",\"name\":\"Comment\",\"target\":[\"https:\\\/\\\/minutocerord.com\\\/?p=23812#respond\"]}]},{\"@type\":\"WebPage\",\"@id\":\"https:\\\/\\\/minutocerord.com\\\/?p=23812\",\"url\":\"https:\\\/\\\/minutocerord.com\\\/?p=23812\",\"name\":\"JUSTICIA | Piden 18 meses de prisi\u00f3n para 10 acusados en el caso Senasa - Minuto Cero RD\",\"isPartOf\":{\"@id\":\"https:\\\/\\\/minutocerord.com\\\/#website\"},\"primaryImageOfPage\":{\"@id\":\"https:\\\/\\\/minutocerord.com\\\/?p=23812#primaryimage\"},\"image\":{\"@id\":\"https:\\\/\\\/minutocerord.com\\\/?p=23812#primaryimage\"},\"thumbnailUrl\":\"https:\\\/\\\/i0.wp.com\\\/minutocerord.com\\\/wp-content\\\/uploads\\\/2025\\\/12\\\/santiago-hazim-senasa-acude-a-la-procuraduria-general-de-la-republica-a3bd3523-focus-0.24-0.32-896-504-1.jpg?fit=693%2C504&ssl=1\",\"datePublished\":\"2025-12-10T01:10:44+00:00\",\"dateModified\":\"2025-12-10T01:10:46+00:00\",\"breadcrumb\":{\"@id\":\"https:\\\/\\\/minutocerord.com\\\/?p=23812#breadcrumb\"},\"inLanguage\":\"es-DO\",\"potentialAction\":[{\"@type\":\"ReadAction\",\"target\":[\"https:\\\/\\\/minutocerord.com\\\/?p=23812\"]}]},{\"@type\":\"ImageObject\",\"inLanguage\":\"es-DO\",\"@id\":\"https:\\\/\\\/minutocerord.com\\\/?p=23812#primaryimage\",\"url\":\"https:\\\/\\\/i0.wp.com\\\/minutocerord.com\\\/wp-content\\\/uploads\\\/2025\\\/12\\\/santiago-hazim-senasa-acude-a-la-procuraduria-general-de-la-republica-a3bd3523-focus-0.24-0.32-896-504-1.jpg?fit=693%2C504&ssl=1\",\"contentUrl\":\"https:\\\/\\\/i0.wp.com\\\/minutocerord.com\\\/wp-content\\\/uploads\\\/2025\\\/12\\\/santiago-hazim-senasa-acude-a-la-procuraduria-general-de-la-republica-a3bd3523-focus-0.24-0.32-896-504-1.jpg?fit=693%2C504&ssl=1\",\"width\":693,\"height\":504,\"caption\":\"Santiago Hazim, junto a su abogado Miguel Valerio.\"},{\"@type\":\"BreadcrumbList\",\"@id\":\"https:\\\/\\\/minutocerord.com\\\/?p=23812#breadcrumb\",\"itemListElement\":[{\"@type\":\"ListItem\",\"position\":1,\"name\":\"Home\",\"item\":\"https:\\\/\\\/minutocerord.com\\\/\"},{\"@type\":\"ListItem\",\"position\":2,\"name\":\"JUSTICIA | Piden 18 meses de prisi\u00f3n para 10 acusados en el caso Senasa\"}]},{\"@type\":\"WebSite\",\"@id\":\"https:\\\/\\\/minutocerord.com\\\/#website\",\"url\":\"https:\\\/\\\/minutocerord.com\\\/\",\"name\":\"Minuto Cero RD\",\"description\":\"Periodismo serio y veraz\",\"publisher\":{\"@id\":\"https:\\\/\\\/minutocerord.com\\\/#\\\/schema\\\/person\\\/60b5372d60aaa0a5171fb6488be9aee6\"},\"potentialAction\":[{\"@type\":\"SearchAction\",\"target\":{\"@type\":\"EntryPoint\",\"urlTemplate\":\"https:\\\/\\\/minutocerord.com\\\/?s={search_term_string}\"},\"query-input\":{\"@type\":\"PropertyValueSpecification\",\"valueRequired\":true,\"valueName\":\"search_term_string\"}}],\"inLanguage\":\"es-DO\"},{\"@type\":[\"Person\",\"Organization\"],\"@id\":\"https:\\\/\\\/minutocerord.com\\\/#\\\/schema\\\/person\\\/60b5372d60aaa0a5171fb6488be9aee6\",\"name\":\"Genof\u00f3ntes Urb\u00e1ez\",\"image\":{\"@type\":\"ImageObject\",\"inLanguage\":\"es-DO\",\"@id\":\"https:\\\/\\\/secure.gravatar.com\\\/avatar\\\/a49ef3186a692098ac3e8a1612261e3ad70cf9e44553dff2929e67939a0ecb9d?s=96&d=identicon&r=g\",\"url\":\"https:\\\/\\\/secure.gravatar.com\\\/avatar\\\/a49ef3186a692098ac3e8a1612261e3ad70cf9e44553dff2929e67939a0ecb9d?s=96&d=identicon&r=g\",\"contentUrl\":\"https:\\\/\\\/secure.gravatar.com\\\/avatar\\\/a49ef3186a692098ac3e8a1612261e3ad70cf9e44553dff2929e67939a0ecb9d?s=96&d=identicon&r=g\",\"caption\":\"Genof\u00f3ntes Urb\u00e1ez\"},\"logo\":{\"@id\":\"https:\\\/\\\/secure.gravatar.com\\\/avatar\\\/a49ef3186a692098ac3e8a1612261e3ad70cf9e44553dff2929e67939a0ecb9d?s=96&d=identicon&r=g\"},\"description\":\"Periodista \\\/ Locutor\",\"sameAs\":[\"https:\\\/\\\/www.facebook.com\\\/Genofnotes\",\"https:\\\/\\\/www.instagram.com\\\/genofnotes\\\/\"]}]}<\/script>\n<!-- \/ Yoast SEO plugin. -->","yoast_head_json":{"title":"JUSTICIA | Piden 18 meses de prisi\u00f3n para 10 acusados en el caso Senasa - Minuto Cero RD","robots":{"index":"index","follow":"follow","max-snippet":"max-snippet:-1","max-image-preview":"max-image-preview:large","max-video-preview":"max-video-preview:-1"},"canonical":"https:\/\/minutocerord.com\/?p=23812","og_locale":"es_ES","og_type":"article","og_title":"JUSTICIA | Piden 18 meses de prisi\u00f3n para 10 acusados en el caso Senasa - Minuto Cero RD","og_description":"Santo Domingo, RD (EFE).- El Ministerio P\u00fablico solicit\u00f3 este lunes 18 meses de prisi\u00f3n preventiva contra los presuntos implicados en un supuesto desfalco de m\u00e1s de 15,000 millones de pesos en el Seguro Nacional de Salud (SeNaSa). Las autoridades solicitaron adem\u00e1s que el proceso sea declarado complejo, debido a la magnitud del fraude y a [&hellip;]","og_url":"https:\/\/minutocerord.com\/?p=23812","og_site_name":"Minuto Cero RD","article_publisher":"https:\/\/www.facebook.com\/Genofnotes","article_author":"https:\/\/www.facebook.com\/Genofnotes","article_published_time":"2025-12-10T01:10:44+00:00","article_modified_time":"2025-12-10T01:10:46+00:00","og_image":[{"width":693,"height":504,"url":"https:\/\/i0.wp.com\/minutocerord.com\/wp-content\/uploads\/2025\/12\/santiago-hazim-senasa-acude-a-la-procuraduria-general-de-la-republica-a3bd3523-focus-0.24-0.32-896-504-1.jpg?fit=693%2C504&ssl=1","type":"image\/jpeg"}],"author":"Genof\u00f3ntes Urb\u00e1ez","twitter_card":"summary_large_image","twitter_misc":{"Written by":"Genof\u00f3ntes Urb\u00e1ez","Est. reading time":"2 minutos"},"schema":{"@context":"https:\/\/schema.org","@graph":[{"@type":"Article","@id":"https:\/\/minutocerord.com\/?p=23812#article","isPartOf":{"@id":"https:\/\/minutocerord.com\/?p=23812"},"author":{"name":"Genof\u00f3ntes Urb\u00e1ez","@id":"https:\/\/minutocerord.com\/#\/schema\/person\/60b5372d60aaa0a5171fb6488be9aee6"},"headline":"JUSTICIA | Piden 18 meses de prisi\u00f3n para 10 acusados en el caso Senasa","datePublished":"2025-12-10T01:10:44+00:00","dateModified":"2025-12-10T01:10:46+00:00","mainEntityOfPage":{"@id":"https:\/\/minutocerord.com\/?p=23812"},"wordCount":367,"commentCount":0,"publisher":{"@id":"https:\/\/minutocerord.com\/#\/schema\/person\/60b5372d60aaa0a5171fb6488be9aee6"},"image":{"@id":"https:\/\/minutocerord.com\/?p=23812#primaryimage"},"thumbnailUrl":"https:\/\/i0.wp.com\/minutocerord.com\/wp-content\/uploads\/2025\/12\/santiago-hazim-senasa-acude-a-la-procuraduria-general-de-la-republica-a3bd3523-focus-0.24-0.32-896-504-1.jpg?fit=693%2C504&ssl=1","articleSection":["Justicia"],"inLanguage":"es-DO","potentialAction":[{"@type":"CommentAction","name":"Comment","target":["https:\/\/minutocerord.com\/?p=23812#respond"]}]},{"@type":"WebPage","@id":"https:\/\/minutocerord.com\/?p=23812","url":"https:\/\/minutocerord.com\/?p=23812","name":"JUSTICIA | Piden 18 meses de prisi\u00f3n para 10 acusados en el caso Senasa - Minuto Cero RD","isPartOf":{"@id":"https:\/\/minutocerord.com\/#website"},"primaryImageOfPage":{"@id":"https:\/\/minutocerord.com\/?p=23812#primaryimage"},"image":{"@id":"https:\/\/minutocerord.com\/?p=23812#primaryimage"},"thumbnailUrl":"https:\/\/i0.wp.com\/minutocerord.com\/wp-content\/uploads\/2025\/12\/santiago-hazim-senasa-acude-a-la-procuraduria-general-de-la-republica-a3bd3523-focus-0.24-0.32-896-504-1.jpg?fit=693%2C504&ssl=1","datePublished":"2025-12-10T01:10:44+00:00","dateModified":"2025-12-10T01:10:46+00:00","breadcrumb":{"@id":"https:\/\/minutocerord.com\/?p=23812#breadcrumb"},"inLanguage":"es-DO","potentialAction":[{"@type":"ReadAction","target":["https:\/\/minutocerord.com\/?p=23812"]}]},{"@type":"ImageObject","inLanguage":"es-DO","@id":"https:\/\/minutocerord.com\/?p=23812#primaryimage","url":"https:\/\/i0.wp.com\/minutocerord.com\/wp-content\/uploads\/2025\/12\/santiago-hazim-senasa-acude-a-la-procuraduria-general-de-la-republica-a3bd3523-focus-0.24-0.32-896-504-1.jpg?fit=693%2C504&ssl=1","contentUrl":"https:\/\/i0.wp.com\/minutocerord.com\/wp-content\/uploads\/2025\/12\/santiago-hazim-senasa-acude-a-la-procuraduria-general-de-la-republica-a3bd3523-focus-0.24-0.32-896-504-1.jpg?fit=693%2C504&ssl=1","width":693,"height":504,"caption":"Santiago Hazim, junto a su abogado Miguel Valerio."},{"@type":"BreadcrumbList","@id":"https:\/\/minutocerord.com\/?p=23812#breadcrumb","itemListElement":[{"@type":"ListItem","position":1,"name":"Home","item":"https:\/\/minutocerord.com\/"},{"@type":"ListItem","position":2,"name":"JUSTICIA | Piden 18 meses de prisi\u00f3n para 10 acusados en el caso Senasa"}]},{"@type":"WebSite","@id":"https:\/\/minutocerord.com\/#website","url":"https:\/\/minutocerord.com\/","name":"Minuto Cero RD","description":"Periodismo serio y veraz","publisher":{"@id":"https:\/\/minutocerord.com\/#\/schema\/person\/60b5372d60aaa0a5171fb6488be9aee6"},"potentialAction":[{"@type":"SearchAction","target":{"@type":"EntryPoint","urlTemplate":"https:\/\/minutocerord.com\/?s={search_term_string}"},"query-input":{"@type":"PropertyValueSpecification","valueRequired":true,"valueName":"search_term_string"}}],"inLanguage":"es-DO"},{"@type":["Person","Organization"],"@id":"https:\/\/minutocerord.com\/#\/schema\/person\/60b5372d60aaa0a5171fb6488be9aee6","name":"Genof\u00f3ntes Urb\u00e1ez","image":{"@type":"ImageObject","inLanguage":"es-DO","@id":"https:\/\/secure.gravatar.com\/avatar\/a49ef3186a692098ac3e8a1612261e3ad70cf9e44553dff2929e67939a0ecb9d?s=96&d=identicon&r=g","url":"https:\/\/secure.gravatar.com\/avatar\/a49ef3186a692098ac3e8a1612261e3ad70cf9e44553dff2929e67939a0ecb9d?s=96&d=identicon&r=g","contentUrl":"https:\/\/secure.gravatar.com\/avatar\/a49ef3186a692098ac3e8a1612261e3ad70cf9e44553dff2929e67939a0ecb9d?s=96&d=identicon&r=g","caption":"Genof\u00f3ntes Urb\u00e1ez"},"logo":{"@id":"https:\/\/secure.gravatar.com\/avatar\/a49ef3186a692098ac3e8a1612261e3ad70cf9e44553dff2929e67939a0ecb9d?s=96&d=identicon&r=g"},"description":"Periodista \/ Locutor","sameAs":["https:\/\/www.facebook.com\/Genofnotes","https:\/\/www.instagram.com\/genofnotes\/"]}]}},"jetpack_publicize_connections":[],"jetpack_featured_media_url":"https:\/\/i0.wp.com\/minutocerord.com\/wp-content\/uploads\/2025\/12\/santiago-hazim-senasa-acude-a-la-procuraduria-general-de-la-republica-a3bd3523-focus-0.24-0.32-896-504-1.jpg?fit=693%2C504&ssl=1","jetpack-related-posts":[],"jetpack_sharing_enabled":true,"_links":{"self":[{"href":"https:\/\/minutocerord.com\/index.php?rest_route=\/wp\/v2\/posts\/23812","targetHints":{"allow":["GET"]}}],"collection":[{"href":"https:\/\/minutocerord.com\/index.php?rest_route=\/wp\/v2\/posts"}],"about":[{"href":"https:\/\/minutocerord.com\/index.php?rest_route=\/wp\/v2\/types\/post"}],"author":[{"embeddable":true,"href":"https:\/\/minutocerord.com\/index.php?rest_route=\/wp\/v2\/users\/1"}],"replies":[{"embeddable":true,"href":"https:\/\/minutocerord.com\/index.php?rest_route=%2Fwp%2Fv2%2Fcomments&post=23812"}],"version-history":[{"count":1,"href":"https:\/\/minutocerord.com\/index.php?rest_route=\/wp\/v2\/posts\/23812\/revisions"}],"predecessor-version":[{"id":23815,"href":"https:\/\/minutocerord.com\/index.php?rest_route=\/wp\/v2\/posts\/23812\/revisions\/23815"}],"wp:featuredmedia":[{"embeddable":true,"href":"https:\/\/minutocerord.com\/index.php?rest_route=\/wp\/v2\/media\/23814"}],"wp:attachment":[{"href":"https:\/\/minutocerord.com\/index.php?rest_route=%2Fwp%2Fv2%2Fmedia&parent=23812"}],"wp:term":[{"taxonomy":"category","embeddable":true,"href":"https:\/\/minutocerord.com\/index.php?rest_route=%2Fwp%2Fv2%2Fcategories&post=23812"},{"taxonomy":"post_tag","embeddable":true,"href":"https:\/\/minutocerord.com\/index.php?rest_route=%2Fwp%2Fv2%2Ftags&post=23812"}],"curies":[{"name":"wp","href":"https:\/\/api.w.org\/{rel}","templated":true}]}}