{"id":23822,"date":"2025-12-09T22:11:58","date_gmt":"2025-12-10T02:11:58","guid":{"rendered":"https:\/\/minutocerord.com\/?p=23822"},"modified":"2025-12-09T22:12:01","modified_gmt":"2025-12-10T02:12:01","slug":"educacion-calendario-escolar-2025-2026-navidad-y-ano-nuevo","status":"publish","type":"post","link":"https:\/\/minutocerord.com\/?p=23822","title":{"rendered":"EDUCACION | Calendario escolar 2025-2026 Navidad y A\u00f1o Nuevo"},"content":{"rendered":"\n<p class=\"\"><strong>Santo Domingo, RD.-<\/strong> El cierre de la docencia por motivo de las festividades de Navidad y del Nuevo A\u00f1o 2026 est\u00e1 pautado desde el 19 de diciembre hasta el 6 de enero de 2026, por lo que los estudiantes de escuelas p\u00fablicas y privadas deber\u00e1n reintegrarse a clases el mi\u00e9rcoles 7.<\/p>\n\n\n\n<p class=\"\">As\u00ed lo estableci\u00f3 el Ministerio de Educaci\u00f3n, al informar que el primer per\u00edodo de docencia del A\u00f1o Escolar 2025-2026 concluye el d\u00eda 19.<\/p>\n\n\n\n<p class=\"\">En su calendario escolar, la instituci\u00f3n tambi\u00e9n recuerda la celebraci\u00f3n del D\u00eda del Ni\u00f1o y la Ni\u00f1a en los centros educativos.<\/p>\n\n\n\n<p class=\"\">A diferencia del sector p\u00fablico, numerosos colegios tienen previsto finalizar este primer per\u00edodo de clases entre el 17 y el 18 de diciembre, de acuerdo con sus programaciones internas, como acostumbran tambi\u00e9n en los recesos de Semana Santa y verano.<\/p>\n\n\n\n<p class=\"\">El \u00f3rgano rector en materia educativa precis\u00f3 que la docencia ser\u00e1 reanudada el martes 7 de enero de 2026 en todos los centros educativos del pa\u00eds, conforme a lo establecido en el calendario escolar.<a><\/a><\/p>\n\n\n\n<p class=\"\">Asimismo, exhort\u00f3 a padres, madres y tutores a velar por la asistencia y puntualidad de sus hijos durante el cierre del per\u00edodo escolar y en el reinicio de las clases, dada la importancia de su rol activo en la formaci\u00f3n educativa y en la promoci\u00f3n de h\u00e1bitos que favorezcan el aprendizaje.<\/p>\n\n\n\n<p class=\"\">La entidad record\u00f3 a la comunidad educativa que el cumplimiento de cada hora de clases constituye un compromiso ineludible con la educaci\u00f3n y el desarrollo del pa\u00eds.<\/p>\n","protected":false},"excerpt":{"rendered":"<p>Santo Domingo, RD.- El cierre de la docencia por motivo de las festividades de Navidad y del Nuevo A\u00f1o 2026 est\u00e1 pautado desde el 19 de diciembre hasta el 6 de enero de 2026, por lo que los estudiantes de escuelas p\u00fablicas y privadas deber\u00e1n reintegrarse a clases el mi\u00e9rcoles 7. As\u00ed lo estableci\u00f3 el [&hellip;]<\/p>\n","protected":false},"author":1,"featured_media":23824,"comment_status":"open","ping_status":"open","sticky":false,"template":"","format":"standard","meta":{"nf_dc_page":"","jetpack_post_was_ever_published":false,"_jetpack_newsletter_access":"","_jetpack_dont_email_post_to_subs":false,"_jetpack_newsletter_tier_id":0,"_jetpack_memberships_contains_paywalled_content":false,"_jetpack_memberships_contains_paid_content":false,"footnotes":"","jetpack_publicize_message":"","jetpack_publicize_feature_enabled":true,"jetpack_social_post_already_shared":true,"jetpack_social_options":{"image_generator_settings":{"template":"highway","default_image_id":0,"font":"","enabled":false},"version":2}},"categories":[108],"tags":[],"class_list":["post-23822","post","type-post","status-publish","format-standard","has-post-thumbnail","hentry","category-educacion"],"yoast_head":"<!-- This site is optimized with the Yoast SEO plugin v27.5 - https:\/\/yoast.com\/product\/yoast-seo-wordpress\/ -->\n<title>EDUCACION | Calendario escolar 2025-2026 Navidad y A\u00f1o Nuevo - Minuto Cero RD<\/title>\n<meta name=\"robots\" content=\"index, follow, max-snippet:-1, max-image-preview:large, max-video-preview:-1\" \/>\n<link rel=\"canonical\" href=\"https:\/\/minutocerord.com\/?p=23822\" \/>\n<meta property=\"og:locale\" content=\"es_ES\" \/>\n<meta property=\"og:type\" content=\"article\" \/>\n<meta property=\"og:title\" content=\"EDUCACION | Calendario escolar 2025-2026 Navidad y A\u00f1o Nuevo - Minuto Cero RD\" \/>\n<meta property=\"og:description\" content=\"Santo Domingo, RD.- El cierre de la docencia por motivo de las festividades de Navidad y del Nuevo A\u00f1o 2026 est\u00e1 pautado desde el 19 de diciembre hasta el 6 de enero de 2026, por lo que los estudiantes de escuelas p\u00fablicas y privadas deber\u00e1n reintegrarse a clases el mi\u00e9rcoles 7. As\u00ed lo estableci\u00f3 el [&hellip;]\" \/>\n<meta property=\"og:url\" content=\"https:\/\/minutocerord.com\/?p=23822\" \/>\n<meta property=\"og:site_name\" content=\"Minuto Cero RD\" \/>\n<meta property=\"article:publisher\" content=\"https:\/\/www.facebook.com\/Genofnotes\" \/>\n<meta property=\"article:author\" content=\"https:\/\/www.facebook.com\/Genofnotes\" \/>\n<meta property=\"article:published_time\" content=\"2025-12-10T02:11:58+00:00\" \/>\n<meta property=\"article:modified_time\" content=\"2025-12-10T02:12:01+00:00\" \/>\n<meta property=\"og:image\" content=\"https:\/\/i0.wp.com\/minutocerord.com\/wp-content\/uploads\/2025\/12\/6_Nacionales_26_-01p01-1024x565-1.jpg?fit=1024%2C565&ssl=1\" \/>\n\t<meta property=\"og:image:width\" content=\"1024\" \/>\n\t<meta property=\"og:image:height\" content=\"565\" \/>\n\t<meta property=\"og:image:type\" content=\"image\/jpeg\" \/>\n<meta name=\"author\" content=\"Genof\u00f3ntes Urb\u00e1ez\" \/>\n<meta name=\"twitter:card\" content=\"summary_large_image\" \/>\n<meta name=\"twitter:label1\" content=\"Written by\" \/>\n\t<meta name=\"twitter:data1\" content=\"Genof\u00f3ntes Urb\u00e1ez\" \/>\n\t<meta name=\"twitter:label2\" content=\"Est. reading time\" \/>\n\t<meta name=\"twitter:data2\" content=\"2 minutos\" \/>\n<script type=\"application\/ld+json\" class=\"yoast-schema-graph\">{\"@context\":\"https:\\\/\\\/schema.org\",\"@graph\":[{\"@type\":\"Article\",\"@id\":\"https:\\\/\\\/minutocerord.com\\\/?p=23822#article\",\"isPartOf\":{\"@id\":\"https:\\\/\\\/minutocerord.com\\\/?p=23822\"},\"author\":{\"name\":\"Genof\u00f3ntes Urb\u00e1ez\",\"@id\":\"https:\\\/\\\/minutocerord.com\\\/#\\\/schema\\\/person\\\/60b5372d60aaa0a5171fb6488be9aee6\"},\"headline\":\"EDUCACION | Calendario escolar 2025-2026 Navidad y A\u00f1o Nuevo\",\"datePublished\":\"2025-12-10T02:11:58+00:00\",\"dateModified\":\"2025-12-10T02:12:01+00:00\",\"mainEntityOfPage\":{\"@id\":\"https:\\\/\\\/minutocerord.com\\\/?p=23822\"},\"wordCount\":271,\"commentCount\":0,\"publisher\":{\"@id\":\"https:\\\/\\\/minutocerord.com\\\/#\\\/schema\\\/person\\\/60b5372d60aaa0a5171fb6488be9aee6\"},\"image\":{\"@id\":\"https:\\\/\\\/minutocerord.com\\\/?p=23822#primaryimage\"},\"thumbnailUrl\":\"https:\\\/\\\/i0.wp.com\\\/minutocerord.com\\\/wp-content\\\/uploads\\\/2025\\\/12\\\/6_Nacionales_26_-01p01-1024x565-1.jpg?fit=1024%2C565&ssl=1\",\"articleSection\":[\"Educaci\u00f3n\"],\"inLanguage\":\"es-DO\",\"potentialAction\":[{\"@type\":\"CommentAction\",\"name\":\"Comment\",\"target\":[\"https:\\\/\\\/minutocerord.com\\\/?p=23822#respond\"]}]},{\"@type\":\"WebPage\",\"@id\":\"https:\\\/\\\/minutocerord.com\\\/?p=23822\",\"url\":\"https:\\\/\\\/minutocerord.com\\\/?p=23822\",\"name\":\"EDUCACION | Calendario escolar 2025-2026 Navidad y A\u00f1o Nuevo - Minuto Cero RD\",\"isPartOf\":{\"@id\":\"https:\\\/\\\/minutocerord.com\\\/#website\"},\"primaryImageOfPage\":{\"@id\":\"https:\\\/\\\/minutocerord.com\\\/?p=23822#primaryimage\"},\"image\":{\"@id\":\"https:\\\/\\\/minutocerord.com\\\/?p=23822#primaryimage\"},\"thumbnailUrl\":\"https:\\\/\\\/i0.wp.com\\\/minutocerord.com\\\/wp-content\\\/uploads\\\/2025\\\/12\\\/6_Nacionales_26_-01p01-1024x565-1.jpg?fit=1024%2C565&ssl=1\",\"datePublished\":\"2025-12-10T02:11:58+00:00\",\"dateModified\":\"2025-12-10T02:12:01+00:00\",\"breadcrumb\":{\"@id\":\"https:\\\/\\\/minutocerord.com\\\/?p=23822#breadcrumb\"},\"inLanguage\":\"es-DO\",\"potentialAction\":[{\"@type\":\"ReadAction\",\"target\":[\"https:\\\/\\\/minutocerord.com\\\/?p=23822\"]}]},{\"@type\":\"ImageObject\",\"inLanguage\":\"es-DO\",\"@id\":\"https:\\\/\\\/minutocerord.com\\\/?p=23822#primaryimage\",\"url\":\"https:\\\/\\\/i0.wp.com\\\/minutocerord.com\\\/wp-content\\\/uploads\\\/2025\\\/12\\\/6_Nacionales_26_-01p01-1024x565-1.jpg?fit=1024%2C565&ssl=1\",\"contentUrl\":\"https:\\\/\\\/i0.wp.com\\\/minutocerord.com\\\/wp-content\\\/uploads\\\/2025\\\/12\\\/6_Nacionales_26_-01p01-1024x565-1.jpg?fit=1024%2C565&ssl=1\",\"width\":1024,\"height\":565},{\"@type\":\"BreadcrumbList\",\"@id\":\"https:\\\/\\\/minutocerord.com\\\/?p=23822#breadcrumb\",\"itemListElement\":[{\"@type\":\"ListItem\",\"position\":1,\"name\":\"Home\",\"item\":\"https:\\\/\\\/minutocerord.com\\\/\"},{\"@type\":\"ListItem\",\"position\":2,\"name\":\"EDUCACION | Calendario escolar 2025-2026 Navidad y A\u00f1o Nuevo\"}]},{\"@type\":\"WebSite\",\"@id\":\"https:\\\/\\\/minutocerord.com\\\/#website\",\"url\":\"https:\\\/\\\/minutocerord.com\\\/\",\"name\":\"Minuto Cero RD\",\"description\":\"Periodismo serio y veraz\",\"publisher\":{\"@id\":\"https:\\\/\\\/minutocerord.com\\\/#\\\/schema\\\/person\\\/60b5372d60aaa0a5171fb6488be9aee6\"},\"potentialAction\":[{\"@type\":\"SearchAction\",\"target\":{\"@type\":\"EntryPoint\",\"urlTemplate\":\"https:\\\/\\\/minutocerord.com\\\/?s={search_term_string}\"},\"query-input\":{\"@type\":\"PropertyValueSpecification\",\"valueRequired\":true,\"valueName\":\"search_term_string\"}}],\"inLanguage\":\"es-DO\"},{\"@type\":[\"Person\",\"Organization\"],\"@id\":\"https:\\\/\\\/minutocerord.com\\\/#\\\/schema\\\/person\\\/60b5372d60aaa0a5171fb6488be9aee6\",\"name\":\"Genof\u00f3ntes Urb\u00e1ez\",\"image\":{\"@type\":\"ImageObject\",\"inLanguage\":\"es-DO\",\"@id\":\"https:\\\/\\\/secure.gravatar.com\\\/avatar\\\/a49ef3186a692098ac3e8a1612261e3ad70cf9e44553dff2929e67939a0ecb9d?s=96&d=identicon&r=g\",\"url\":\"https:\\\/\\\/secure.gravatar.com\\\/avatar\\\/a49ef3186a692098ac3e8a1612261e3ad70cf9e44553dff2929e67939a0ecb9d?s=96&d=identicon&r=g\",\"contentUrl\":\"https:\\\/\\\/secure.gravatar.com\\\/avatar\\\/a49ef3186a692098ac3e8a1612261e3ad70cf9e44553dff2929e67939a0ecb9d?s=96&d=identicon&r=g\",\"caption\":\"Genof\u00f3ntes Urb\u00e1ez\"},\"logo\":{\"@id\":\"https:\\\/\\\/secure.gravatar.com\\\/avatar\\\/a49ef3186a692098ac3e8a1612261e3ad70cf9e44553dff2929e67939a0ecb9d?s=96&d=identicon&r=g\"},\"description\":\"Periodista \\\/ Locutor\",\"sameAs\":[\"https:\\\/\\\/www.facebook.com\\\/Genofnotes\",\"https:\\\/\\\/www.instagram.com\\\/genofnotes\\\/\"]}]}<\/script>\n<!-- \/ Yoast SEO plugin. -->","yoast_head_json":{"title":"EDUCACION | Calendario escolar 2025-2026 Navidad y A\u00f1o Nuevo - Minuto Cero RD","robots":{"index":"index","follow":"follow","max-snippet":"max-snippet:-1","max-image-preview":"max-image-preview:large","max-video-preview":"max-video-preview:-1"},"canonical":"https:\/\/minutocerord.com\/?p=23822","og_locale":"es_ES","og_type":"article","og_title":"EDUCACION | Calendario escolar 2025-2026 Navidad y A\u00f1o Nuevo - Minuto Cero RD","og_description":"Santo Domingo, RD.- El cierre de la docencia por motivo de las festividades de Navidad y del Nuevo A\u00f1o 2026 est\u00e1 pautado desde el 19 de diciembre hasta el 6 de enero de 2026, por lo que los estudiantes de escuelas p\u00fablicas y privadas deber\u00e1n reintegrarse a clases el mi\u00e9rcoles 7. As\u00ed lo estableci\u00f3 el [&hellip;]","og_url":"https:\/\/minutocerord.com\/?p=23822","og_site_name":"Minuto Cero RD","article_publisher":"https:\/\/www.facebook.com\/Genofnotes","article_author":"https:\/\/www.facebook.com\/Genofnotes","article_published_time":"2025-12-10T02:11:58+00:00","article_modified_time":"2025-12-10T02:12:01+00:00","og_image":[{"width":1024,"height":565,"url":"https:\/\/i0.wp.com\/minutocerord.com\/wp-content\/uploads\/2025\/12\/6_Nacionales_26_-01p01-1024x565-1.jpg?fit=1024%2C565&ssl=1","type":"image\/jpeg"}],"author":"Genof\u00f3ntes Urb\u00e1ez","twitter_card":"summary_large_image","twitter_misc":{"Written by":"Genof\u00f3ntes Urb\u00e1ez","Est. reading time":"2 minutos"},"schema":{"@context":"https:\/\/schema.org","@graph":[{"@type":"Article","@id":"https:\/\/minutocerord.com\/?p=23822#article","isPartOf":{"@id":"https:\/\/minutocerord.com\/?p=23822"},"author":{"name":"Genof\u00f3ntes Urb\u00e1ez","@id":"https:\/\/minutocerord.com\/#\/schema\/person\/60b5372d60aaa0a5171fb6488be9aee6"},"headline":"EDUCACION | Calendario escolar 2025-2026 Navidad y A\u00f1o Nuevo","datePublished":"2025-12-10T02:11:58+00:00","dateModified":"2025-12-10T02:12:01+00:00","mainEntityOfPage":{"@id":"https:\/\/minutocerord.com\/?p=23822"},"wordCount":271,"commentCount":0,"publisher":{"@id":"https:\/\/minutocerord.com\/#\/schema\/person\/60b5372d60aaa0a5171fb6488be9aee6"},"image":{"@id":"https:\/\/minutocerord.com\/?p=23822#primaryimage"},"thumbnailUrl":"https:\/\/i0.wp.com\/minutocerord.com\/wp-content\/uploads\/2025\/12\/6_Nacionales_26_-01p01-1024x565-1.jpg?fit=1024%2C565&ssl=1","articleSection":["Educaci\u00f3n"],"inLanguage":"es-DO","potentialAction":[{"@type":"CommentAction","name":"Comment","target":["https:\/\/minutocerord.com\/?p=23822#respond"]}]},{"@type":"WebPage","@id":"https:\/\/minutocerord.com\/?p=23822","url":"https:\/\/minutocerord.com\/?p=23822","name":"EDUCACION | Calendario escolar 2025-2026 Navidad y A\u00f1o Nuevo - Minuto Cero RD","isPartOf":{"@id":"https:\/\/minutocerord.com\/#website"},"primaryImageOfPage":{"@id":"https:\/\/minutocerord.com\/?p=23822#primaryimage"},"image":{"@id":"https:\/\/minutocerord.com\/?p=23822#primaryimage"},"thumbnailUrl":"https:\/\/i0.wp.com\/minutocerord.com\/wp-content\/uploads\/2025\/12\/6_Nacionales_26_-01p01-1024x565-1.jpg?fit=1024%2C565&ssl=1","datePublished":"2025-12-10T02:11:58+00:00","dateModified":"2025-12-10T02:12:01+00:00","breadcrumb":{"@id":"https:\/\/minutocerord.com\/?p=23822#breadcrumb"},"inLanguage":"es-DO","potentialAction":[{"@type":"ReadAction","target":["https:\/\/minutocerord.com\/?p=23822"]}]},{"@type":"ImageObject","inLanguage":"es-DO","@id":"https:\/\/minutocerord.com\/?p=23822#primaryimage","url":"https:\/\/i0.wp.com\/minutocerord.com\/wp-content\/uploads\/2025\/12\/6_Nacionales_26_-01p01-1024x565-1.jpg?fit=1024%2C565&ssl=1","contentUrl":"https:\/\/i0.wp.com\/minutocerord.com\/wp-content\/uploads\/2025\/12\/6_Nacionales_26_-01p01-1024x565-1.jpg?fit=1024%2C565&ssl=1","width":1024,"height":565},{"@type":"BreadcrumbList","@id":"https:\/\/minutocerord.com\/?p=23822#breadcrumb","itemListElement":[{"@type":"ListItem","position":1,"name":"Home","item":"https:\/\/minutocerord.com\/"},{"@type":"ListItem","position":2,"name":"EDUCACION | Calendario escolar 2025-2026 Navidad y A\u00f1o Nuevo"}]},{"@type":"WebSite","@id":"https:\/\/minutocerord.com\/#website","url":"https:\/\/minutocerord.com\/","name":"Minuto Cero RD","description":"Periodismo serio y veraz","publisher":{"@id":"https:\/\/minutocerord.com\/#\/schema\/person\/60b5372d60aaa0a5171fb6488be9aee6"},"potentialAction":[{"@type":"SearchAction","target":{"@type":"EntryPoint","urlTemplate":"https:\/\/minutocerord.com\/?s={search_term_string}"},"query-input":{"@type":"PropertyValueSpecification","valueRequired":true,"valueName":"search_term_string"}}],"inLanguage":"es-DO"},{"@type":["Person","Organization"],"@id":"https:\/\/minutocerord.com\/#\/schema\/person\/60b5372d60aaa0a5171fb6488be9aee6","name":"Genof\u00f3ntes Urb\u00e1ez","image":{"@type":"ImageObject","inLanguage":"es-DO","@id":"https:\/\/secure.gravatar.com\/avatar\/a49ef3186a692098ac3e8a1612261e3ad70cf9e44553dff2929e67939a0ecb9d?s=96&d=identicon&r=g","url":"https:\/\/secure.gravatar.com\/avatar\/a49ef3186a692098ac3e8a1612261e3ad70cf9e44553dff2929e67939a0ecb9d?s=96&d=identicon&r=g","contentUrl":"https:\/\/secure.gravatar.com\/avatar\/a49ef3186a692098ac3e8a1612261e3ad70cf9e44553dff2929e67939a0ecb9d?s=96&d=identicon&r=g","caption":"Genof\u00f3ntes Urb\u00e1ez"},"logo":{"@id":"https:\/\/secure.gravatar.com\/avatar\/a49ef3186a692098ac3e8a1612261e3ad70cf9e44553dff2929e67939a0ecb9d?s=96&d=identicon&r=g"},"description":"Periodista \/ Locutor","sameAs":["https:\/\/www.facebook.com\/Genofnotes","https:\/\/www.instagram.com\/genofnotes\/"]}]}},"jetpack_publicize_connections":[],"jetpack_featured_media_url":"https:\/\/i0.wp.com\/minutocerord.com\/wp-content\/uploads\/2025\/12\/6_Nacionales_26_-01p01-1024x565-1.jpg?fit=1024%2C565&ssl=1","jetpack-related-posts":[],"jetpack_sharing_enabled":true,"_links":{"self":[{"href":"https:\/\/minutocerord.com\/index.php?rest_route=\/wp\/v2\/posts\/23822","targetHints":{"allow":["GET"]}}],"collection":[{"href":"https:\/\/minutocerord.com\/index.php?rest_route=\/wp\/v2\/posts"}],"about":[{"href":"https:\/\/minutocerord.com\/index.php?rest_route=\/wp\/v2\/types\/post"}],"author":[{"embeddable":true,"href":"https:\/\/minutocerord.com\/index.php?rest_route=\/wp\/v2\/users\/1"}],"replies":[{"embeddable":true,"href":"https:\/\/minutocerord.com\/index.php?rest_route=%2Fwp%2Fv2%2Fcomments&post=23822"}],"version-history":[{"count":1,"href":"https:\/\/minutocerord.com\/index.php?rest_route=\/wp\/v2\/posts\/23822\/revisions"}],"predecessor-version":[{"id":23825,"href":"https:\/\/minutocerord.com\/index.php?rest_route=\/wp\/v2\/posts\/23822\/revisions\/23825"}],"wp:featuredmedia":[{"embeddable":true,"href":"https:\/\/minutocerord.com\/index.php?rest_route=\/wp\/v2\/media\/23824"}],"wp:attachment":[{"href":"https:\/\/minutocerord.com\/index.php?rest_route=%2Fwp%2Fv2%2Fmedia&parent=23822"}],"wp:term":[{"taxonomy":"category","embeddable":true,"href":"https:\/\/minutocerord.com\/index.php?rest_route=%2Fwp%2Fv2%2Fcategories&post=23822"},{"taxonomy":"post_tag","embeddable":true,"href":"https:\/\/minutocerord.com\/index.php?rest_route=%2Fwp%2Fv2%2Ftags&post=23822"}],"curies":[{"name":"wp","href":"https:\/\/api.w.org\/{rel}","templated":true}]}}