{"id":23832,"date":"2025-12-09T22:29:51","date_gmt":"2025-12-10T02:29:51","guid":{"rendered":"https:\/\/minutocerord.com\/?p=23832"},"modified":"2025-12-09T22:29:53","modified_gmt":"2025-12-10T02:29:53","slug":"inacif-stephora-joseph-murio-por-asfixia-mecanica-de-acuerdo-a-la-autopsia","status":"publish","type":"post","link":"https:\/\/minutocerord.com\/?p=23832","title":{"rendered":"INACIF | Stephora Joseph muri\u00f3 por asfixia mec\u00e1nica de acuerdo a la autopsia"},"content":{"rendered":"\n<p class=\"\"><strong>SANTO DOMINGO, RD.-<\/strong> Veinticinco d\u00edas pasaron para que se diera a conocer la presunta causa de la muerte de Stephora Ann-Merci Joseph. De acuerdo al informe 552-2025 del Instituto Nacional de Ciencias Forenses fechado el 19 de noviembre, la ni\u00f1a muri\u00f3 por \u201casfixia mec\u00e1nica por ahogamiento, es una muerte violenta\u201d.\u00a0<\/p>\n\n\n\n<p class=\"\">De etiolog\u00eda m\u00e9dico legal indeterminada, el mecanismo de la muerte fue \u201cinsuficiencia respiratoria, la forma de producirse la muerte fue r\u00e1pida\u201d.<\/p>\n\n\n\n<p class=\"\">En el documento no se establece la hora de la muerte, ya que aunque en el relato f\u00e1ctico del Ministerio P\u00fablico se establece que los hechos comenzaron a las 9:45 de la ma\u00f1ana, el levantamiento del cad\u00e1ver se produjo a las 2:05 de la tarde.<\/p>\n\n\n\n<p class=\"\"><strong>Los hechos<\/strong><\/p>\n\n\n\n<p class=\"\">Seg\u00fan el Ministerio P\u00fablico, \u201ca las 9:44 de la ma\u00f1ana, la v\u00edctima se adentra a la piscina, caminando confiada&#8221;. La piscina se encontraba sin ning\u00fan tipo de se\u00f1alizaci\u00f3n y al momento en que llega a la mitad de la misma, la menor &#8220;se percat\u00f3 de que el nivel de agua era diferente y de inmediato empez\u00f3 a hundirse y a hacer se\u00f1as de auxilio con los brazos muestra de que se estaba ahogando&#8221;.<\/p>\n\n\n\n<p class=\"\">El escrito del \u00f3rgano acusador contin\u00faa explicando &#8220;que a las 9:45 (de la ma\u00f1ana) la menor de edad realiz\u00f3 esto se desesperaci\u00f3n, luchando por tomar aire, por mantenerse a flote, por sobrevivir&#8221;.<\/p>\n\n\n\n<p class=\"\">En la solicitud de medida de coerci\u00f3n se establece que &#8220;mientras se estaba ahogando, la imputada Francisca Josefina Tav\u00e1rez V\u00e9lez, camina por el borde de la piscina, justo al lado de la v\u00edctima y se desplaza sin siquiera voltear la cara, en cambio se dirige a la parte de la piscina donde est\u00e1 el jacuzzi y habla con unos ni\u00f1os que est\u00e1n ah\u00ed, regresando a la parte del gazebo, volviendo a pasar al lado de la v\u00edctima, sin que nada le llame la atenci\u00f3n. Esta es una muestra extrema de la falta de cuidado y de la forma negligente e irresponsable en la que las imputadas realizaron la supervisi\u00f3n del \u00e1rea de la piscina&#8221;.<\/p>\n","protected":false},"excerpt":{"rendered":"<p>SANTO DOMINGO, RD.- Veinticinco d\u00edas pasaron para que se diera a conocer la presunta causa de la muerte de Stephora Ann-Merci Joseph. De acuerdo al informe 552-2025 del Instituto Nacional de Ciencias Forenses fechado el 19 de noviembre, la ni\u00f1a muri\u00f3 por \u201casfixia mec\u00e1nica por ahogamiento, es una muerte violenta\u201d.\u00a0 De etiolog\u00eda m\u00e9dico legal indeterminada, [&hellip;]<\/p>\n","protected":false},"author":1,"featured_media":23834,"comment_status":"open","ping_status":"open","sticky":false,"template":"","format":"standard","meta":{"nf_dc_page":"","jetpack_post_was_ever_published":false,"_jetpack_newsletter_access":"","_jetpack_dont_email_post_to_subs":false,"_jetpack_newsletter_tier_id":0,"_jetpack_memberships_contains_paywalled_content":false,"_jetpack_memberships_contains_paid_content":false,"footnotes":"","jetpack_publicize_message":"","jetpack_publicize_feature_enabled":true,"jetpack_social_post_already_shared":true,"jetpack_social_options":{"image_generator_settings":{"template":"highway","default_image_id":0,"font":"","enabled":false},"version":2}},"categories":[65],"tags":[],"class_list":["post-23832","post","type-post","status-publish","format-standard","has-post-thumbnail","hentry","category-nacionales"],"yoast_head":"<!-- This site is optimized with the Yoast SEO plugin v27.5 - https:\/\/yoast.com\/product\/yoast-seo-wordpress\/ -->\n<title>INACIF | Stephora Joseph muri\u00f3 por asfixia mec\u00e1nica de acuerdo a la autopsia - Minuto Cero RD<\/title>\n<meta name=\"robots\" content=\"index, follow, max-snippet:-1, max-image-preview:large, max-video-preview:-1\" \/>\n<link rel=\"canonical\" href=\"http:\/\/minutocerord.com\/?p=23832\" \/>\n<meta property=\"og:locale\" content=\"es_ES\" \/>\n<meta property=\"og:type\" content=\"article\" \/>\n<meta property=\"og:title\" content=\"INACIF | Stephora Joseph muri\u00f3 por asfixia mec\u00e1nica de acuerdo a la autopsia - Minuto Cero RD\" \/>\n<meta property=\"og:description\" content=\"SANTO DOMINGO, RD.- Veinticinco d\u00edas pasaron para que se diera a conocer la presunta causa de la muerte de Stephora Ann-Merci Joseph. De acuerdo al informe 552-2025 del Instituto Nacional de Ciencias Forenses fechado el 19 de noviembre, la ni\u00f1a muri\u00f3 por \u201casfixia mec\u00e1nica por ahogamiento, es una muerte violenta\u201d.\u00a0 De etiolog\u00eda m\u00e9dico legal indeterminada, [&hellip;]\" \/>\n<meta property=\"og:url\" content=\"http:\/\/minutocerord.com\/?p=23832\" \/>\n<meta property=\"og:site_name\" content=\"Minuto Cero RD\" \/>\n<meta property=\"article:publisher\" content=\"https:\/\/www.facebook.com\/Genofnotes\" \/>\n<meta property=\"article:author\" content=\"https:\/\/www.facebook.com\/Genofnotes\" \/>\n<meta property=\"article:published_time\" content=\"2025-12-10T02:29:51+00:00\" \/>\n<meta property=\"article:modified_time\" content=\"2025-12-10T02:29:53+00:00\" \/>\n<meta property=\"og:image\" content=\"https:\/\/i0.wp.com\/minutocerord.com\/wp-content\/uploads\/2025\/12\/289-stephora-joseph-20-dias-port-cdn-2621-1.jpg?fit=1366%2C768\" \/>\n\t<meta property=\"og:image:width\" content=\"1366\" \/>\n\t<meta property=\"og:image:height\" content=\"768\" \/>\n\t<meta property=\"og:image:type\" content=\"image\/jpeg\" \/>\n<meta name=\"author\" content=\"Genof\u00f3ntes Urb\u00e1ez\" \/>\n<meta name=\"twitter:card\" content=\"summary_large_image\" \/>\n<meta name=\"twitter:label1\" content=\"Written by\" \/>\n\t<meta name=\"twitter:data1\" content=\"Genof\u00f3ntes Urb\u00e1ez\" \/>\n\t<meta name=\"twitter:label2\" content=\"Est. reading time\" \/>\n\t<meta name=\"twitter:data2\" content=\"2 minutos\" \/>\n<script type=\"application\/ld+json\" class=\"yoast-schema-graph\">{\"@context\":\"https:\\\/\\\/schema.org\",\"@graph\":[{\"@type\":\"Article\",\"@id\":\"http:\\\/\\\/minutocerord.com\\\/?p=23832#article\",\"isPartOf\":{\"@id\":\"http:\\\/\\\/minutocerord.com\\\/?p=23832\"},\"author\":{\"name\":\"Genof\u00f3ntes Urb\u00e1ez\",\"@id\":\"https:\\\/\\\/minutocerord.com\\\/#\\\/schema\\\/person\\\/60b5372d60aaa0a5171fb6488be9aee6\"},\"headline\":\"INACIF | Stephora Joseph muri\u00f3 por asfixia mec\u00e1nica de acuerdo a la autopsia\",\"datePublished\":\"2025-12-10T02:29:51+00:00\",\"dateModified\":\"2025-12-10T02:29:53+00:00\",\"mainEntityOfPage\":{\"@id\":\"http:\\\/\\\/minutocerord.com\\\/?p=23832\"},\"wordCount\":376,\"commentCount\":0,\"publisher\":{\"@id\":\"https:\\\/\\\/minutocerord.com\\\/#\\\/schema\\\/person\\\/60b5372d60aaa0a5171fb6488be9aee6\"},\"image\":{\"@id\":\"http:\\\/\\\/minutocerord.com\\\/?p=23832#primaryimage\"},\"thumbnailUrl\":\"https:\\\/\\\/i0.wp.com\\\/minutocerord.com\\\/wp-content\\\/uploads\\\/2025\\\/12\\\/289-stephora-joseph-20-dias-port-cdn-2621-1.jpg?fit=1366%2C768&ssl=1\",\"articleSection\":[\"Nacionales\"],\"inLanguage\":\"es-DO\",\"potentialAction\":[{\"@type\":\"CommentAction\",\"name\":\"Comment\",\"target\":[\"http:\\\/\\\/minutocerord.com\\\/?p=23832#respond\"]}]},{\"@type\":\"WebPage\",\"@id\":\"http:\\\/\\\/minutocerord.com\\\/?p=23832\",\"url\":\"http:\\\/\\\/minutocerord.com\\\/?p=23832\",\"name\":\"INACIF | Stephora Joseph muri\u00f3 por asfixia mec\u00e1nica de acuerdo a la autopsia - Minuto Cero RD\",\"isPartOf\":{\"@id\":\"https:\\\/\\\/minutocerord.com\\\/#website\"},\"primaryImageOfPage\":{\"@id\":\"http:\\\/\\\/minutocerord.com\\\/?p=23832#primaryimage\"},\"image\":{\"@id\":\"http:\\\/\\\/minutocerord.com\\\/?p=23832#primaryimage\"},\"thumbnailUrl\":\"https:\\\/\\\/i0.wp.com\\\/minutocerord.com\\\/wp-content\\\/uploads\\\/2025\\\/12\\\/289-stephora-joseph-20-dias-port-cdn-2621-1.jpg?fit=1366%2C768&ssl=1\",\"datePublished\":\"2025-12-10T02:29:51+00:00\",\"dateModified\":\"2025-12-10T02:29:53+00:00\",\"breadcrumb\":{\"@id\":\"http:\\\/\\\/minutocerord.com\\\/?p=23832#breadcrumb\"},\"inLanguage\":\"es-DO\",\"potentialAction\":[{\"@type\":\"ReadAction\",\"target\":[\"http:\\\/\\\/minutocerord.com\\\/?p=23832\"]}]},{\"@type\":\"ImageObject\",\"inLanguage\":\"es-DO\",\"@id\":\"http:\\\/\\\/minutocerord.com\\\/?p=23832#primaryimage\",\"url\":\"https:\\\/\\\/i0.wp.com\\\/minutocerord.com\\\/wp-content\\\/uploads\\\/2025\\\/12\\\/289-stephora-joseph-20-dias-port-cdn-2621-1.jpg?fit=1366%2C768&ssl=1\",\"contentUrl\":\"https:\\\/\\\/i0.wp.com\\\/minutocerord.com\\\/wp-content\\\/uploads\\\/2025\\\/12\\\/289-stephora-joseph-20-dias-port-cdn-2621-1.jpg?fit=1366%2C768&ssl=1\",\"width\":1366,\"height\":768,\"caption\":\"Stephora Joseph\"},{\"@type\":\"BreadcrumbList\",\"@id\":\"http:\\\/\\\/minutocerord.com\\\/?p=23832#breadcrumb\",\"itemListElement\":[{\"@type\":\"ListItem\",\"position\":1,\"name\":\"Home\",\"item\":\"https:\\\/\\\/minutocerord.com\\\/\"},{\"@type\":\"ListItem\",\"position\":2,\"name\":\"INACIF | Stephora Joseph muri\u00f3 por asfixia mec\u00e1nica de acuerdo a la autopsia\"}]},{\"@type\":\"WebSite\",\"@id\":\"https:\\\/\\\/minutocerord.com\\\/#website\",\"url\":\"https:\\\/\\\/minutocerord.com\\\/\",\"name\":\"Minuto Cero RD\",\"description\":\"Periodismo serio y veraz\",\"publisher\":{\"@id\":\"https:\\\/\\\/minutocerord.com\\\/#\\\/schema\\\/person\\\/60b5372d60aaa0a5171fb6488be9aee6\"},\"potentialAction\":[{\"@type\":\"SearchAction\",\"target\":{\"@type\":\"EntryPoint\",\"urlTemplate\":\"https:\\\/\\\/minutocerord.com\\\/?s={search_term_string}\"},\"query-input\":{\"@type\":\"PropertyValueSpecification\",\"valueRequired\":true,\"valueName\":\"search_term_string\"}}],\"inLanguage\":\"es-DO\"},{\"@type\":[\"Person\",\"Organization\"],\"@id\":\"https:\\\/\\\/minutocerord.com\\\/#\\\/schema\\\/person\\\/60b5372d60aaa0a5171fb6488be9aee6\",\"name\":\"Genof\u00f3ntes Urb\u00e1ez\",\"image\":{\"@type\":\"ImageObject\",\"inLanguage\":\"es-DO\",\"@id\":\"https:\\\/\\\/secure.gravatar.com\\\/avatar\\\/a49ef3186a692098ac3e8a1612261e3ad70cf9e44553dff2929e67939a0ecb9d?s=96&d=identicon&r=g\",\"url\":\"https:\\\/\\\/secure.gravatar.com\\\/avatar\\\/a49ef3186a692098ac3e8a1612261e3ad70cf9e44553dff2929e67939a0ecb9d?s=96&d=identicon&r=g\",\"contentUrl\":\"https:\\\/\\\/secure.gravatar.com\\\/avatar\\\/a49ef3186a692098ac3e8a1612261e3ad70cf9e44553dff2929e67939a0ecb9d?s=96&d=identicon&r=g\",\"caption\":\"Genof\u00f3ntes Urb\u00e1ez\"},\"logo\":{\"@id\":\"https:\\\/\\\/secure.gravatar.com\\\/avatar\\\/a49ef3186a692098ac3e8a1612261e3ad70cf9e44553dff2929e67939a0ecb9d?s=96&d=identicon&r=g\"},\"description\":\"Periodista \\\/ Locutor\",\"sameAs\":[\"https:\\\/\\\/www.facebook.com\\\/Genofnotes\",\"https:\\\/\\\/www.instagram.com\\\/genofnotes\\\/\"]}]}<\/script>\n<!-- \/ Yoast SEO plugin. -->","yoast_head_json":{"title":"INACIF | Stephora Joseph muri\u00f3 por asfixia mec\u00e1nica de acuerdo a la autopsia - Minuto Cero RD","robots":{"index":"index","follow":"follow","max-snippet":"max-snippet:-1","max-image-preview":"max-image-preview:large","max-video-preview":"max-video-preview:-1"},"canonical":"http:\/\/minutocerord.com\/?p=23832","og_locale":"es_ES","og_type":"article","og_title":"INACIF | Stephora Joseph muri\u00f3 por asfixia mec\u00e1nica de acuerdo a la autopsia - Minuto Cero RD","og_description":"SANTO DOMINGO, RD.- Veinticinco d\u00edas pasaron para que se diera a conocer la presunta causa de la muerte de Stephora Ann-Merci Joseph. De acuerdo al informe 552-2025 del Instituto Nacional de Ciencias Forenses fechado el 19 de noviembre, la ni\u00f1a muri\u00f3 por \u201casfixia mec\u00e1nica por ahogamiento, es una muerte violenta\u201d.\u00a0 De etiolog\u00eda m\u00e9dico legal indeterminada, [&hellip;]","og_url":"http:\/\/minutocerord.com\/?p=23832","og_site_name":"Minuto Cero RD","article_publisher":"https:\/\/www.facebook.com\/Genofnotes","article_author":"https:\/\/www.facebook.com\/Genofnotes","article_published_time":"2025-12-10T02:29:51+00:00","article_modified_time":"2025-12-10T02:29:53+00:00","og_image":[{"width":1366,"height":768,"url":"https:\/\/i0.wp.com\/minutocerord.com\/wp-content\/uploads\/2025\/12\/289-stephora-joseph-20-dias-port-cdn-2621-1.jpg?fit=1366%2C768","type":"image\/jpeg"}],"author":"Genof\u00f3ntes Urb\u00e1ez","twitter_card":"summary_large_image","twitter_misc":{"Written by":"Genof\u00f3ntes Urb\u00e1ez","Est. reading time":"2 minutos"},"schema":{"@context":"https:\/\/schema.org","@graph":[{"@type":"Article","@id":"http:\/\/minutocerord.com\/?p=23832#article","isPartOf":{"@id":"http:\/\/minutocerord.com\/?p=23832"},"author":{"name":"Genof\u00f3ntes Urb\u00e1ez","@id":"https:\/\/minutocerord.com\/#\/schema\/person\/60b5372d60aaa0a5171fb6488be9aee6"},"headline":"INACIF | Stephora Joseph muri\u00f3 por asfixia mec\u00e1nica de acuerdo a la autopsia","datePublished":"2025-12-10T02:29:51+00:00","dateModified":"2025-12-10T02:29:53+00:00","mainEntityOfPage":{"@id":"http:\/\/minutocerord.com\/?p=23832"},"wordCount":376,"commentCount":0,"publisher":{"@id":"https:\/\/minutocerord.com\/#\/schema\/person\/60b5372d60aaa0a5171fb6488be9aee6"},"image":{"@id":"http:\/\/minutocerord.com\/?p=23832#primaryimage"},"thumbnailUrl":"https:\/\/i0.wp.com\/minutocerord.com\/wp-content\/uploads\/2025\/12\/289-stephora-joseph-20-dias-port-cdn-2621-1.jpg?fit=1366%2C768&ssl=1","articleSection":["Nacionales"],"inLanguage":"es-DO","potentialAction":[{"@type":"CommentAction","name":"Comment","target":["http:\/\/minutocerord.com\/?p=23832#respond"]}]},{"@type":"WebPage","@id":"http:\/\/minutocerord.com\/?p=23832","url":"http:\/\/minutocerord.com\/?p=23832","name":"INACIF | Stephora Joseph muri\u00f3 por asfixia mec\u00e1nica de acuerdo a la autopsia - Minuto Cero RD","isPartOf":{"@id":"https:\/\/minutocerord.com\/#website"},"primaryImageOfPage":{"@id":"http:\/\/minutocerord.com\/?p=23832#primaryimage"},"image":{"@id":"http:\/\/minutocerord.com\/?p=23832#primaryimage"},"thumbnailUrl":"https:\/\/i0.wp.com\/minutocerord.com\/wp-content\/uploads\/2025\/12\/289-stephora-joseph-20-dias-port-cdn-2621-1.jpg?fit=1366%2C768&ssl=1","datePublished":"2025-12-10T02:29:51+00:00","dateModified":"2025-12-10T02:29:53+00:00","breadcrumb":{"@id":"http:\/\/minutocerord.com\/?p=23832#breadcrumb"},"inLanguage":"es-DO","potentialAction":[{"@type":"ReadAction","target":["http:\/\/minutocerord.com\/?p=23832"]}]},{"@type":"ImageObject","inLanguage":"es-DO","@id":"http:\/\/minutocerord.com\/?p=23832#primaryimage","url":"https:\/\/i0.wp.com\/minutocerord.com\/wp-content\/uploads\/2025\/12\/289-stephora-joseph-20-dias-port-cdn-2621-1.jpg?fit=1366%2C768&ssl=1","contentUrl":"https:\/\/i0.wp.com\/minutocerord.com\/wp-content\/uploads\/2025\/12\/289-stephora-joseph-20-dias-port-cdn-2621-1.jpg?fit=1366%2C768&ssl=1","width":1366,"height":768,"caption":"Stephora Joseph"},{"@type":"BreadcrumbList","@id":"http:\/\/minutocerord.com\/?p=23832#breadcrumb","itemListElement":[{"@type":"ListItem","position":1,"name":"Home","item":"https:\/\/minutocerord.com\/"},{"@type":"ListItem","position":2,"name":"INACIF | Stephora Joseph muri\u00f3 por asfixia mec\u00e1nica de acuerdo a la autopsia"}]},{"@type":"WebSite","@id":"https:\/\/minutocerord.com\/#website","url":"https:\/\/minutocerord.com\/","name":"Minuto Cero RD","description":"Periodismo serio y veraz","publisher":{"@id":"https:\/\/minutocerord.com\/#\/schema\/person\/60b5372d60aaa0a5171fb6488be9aee6"},"potentialAction":[{"@type":"SearchAction","target":{"@type":"EntryPoint","urlTemplate":"https:\/\/minutocerord.com\/?s={search_term_string}"},"query-input":{"@type":"PropertyValueSpecification","valueRequired":true,"valueName":"search_term_string"}}],"inLanguage":"es-DO"},{"@type":["Person","Organization"],"@id":"https:\/\/minutocerord.com\/#\/schema\/person\/60b5372d60aaa0a5171fb6488be9aee6","name":"Genof\u00f3ntes Urb\u00e1ez","image":{"@type":"ImageObject","inLanguage":"es-DO","@id":"https:\/\/secure.gravatar.com\/avatar\/a49ef3186a692098ac3e8a1612261e3ad70cf9e44553dff2929e67939a0ecb9d?s=96&d=identicon&r=g","url":"https:\/\/secure.gravatar.com\/avatar\/a49ef3186a692098ac3e8a1612261e3ad70cf9e44553dff2929e67939a0ecb9d?s=96&d=identicon&r=g","contentUrl":"https:\/\/secure.gravatar.com\/avatar\/a49ef3186a692098ac3e8a1612261e3ad70cf9e44553dff2929e67939a0ecb9d?s=96&d=identicon&r=g","caption":"Genof\u00f3ntes Urb\u00e1ez"},"logo":{"@id":"https:\/\/secure.gravatar.com\/avatar\/a49ef3186a692098ac3e8a1612261e3ad70cf9e44553dff2929e67939a0ecb9d?s=96&d=identicon&r=g"},"description":"Periodista \/ Locutor","sameAs":["https:\/\/www.facebook.com\/Genofnotes","https:\/\/www.instagram.com\/genofnotes\/"]}]}},"jetpack_publicize_connections":[],"jetpack_featured_media_url":"https:\/\/i0.wp.com\/minutocerord.com\/wp-content\/uploads\/2025\/12\/289-stephora-joseph-20-dias-port-cdn-2621-1.jpg?fit=1366%2C768&ssl=1","jetpack-related-posts":[],"jetpack_sharing_enabled":true,"_links":{"self":[{"href":"https:\/\/minutocerord.com\/index.php?rest_route=\/wp\/v2\/posts\/23832","targetHints":{"allow":["GET"]}}],"collection":[{"href":"https:\/\/minutocerord.com\/index.php?rest_route=\/wp\/v2\/posts"}],"about":[{"href":"https:\/\/minutocerord.com\/index.php?rest_route=\/wp\/v2\/types\/post"}],"author":[{"embeddable":true,"href":"https:\/\/minutocerord.com\/index.php?rest_route=\/wp\/v2\/users\/1"}],"replies":[{"embeddable":true,"href":"https:\/\/minutocerord.com\/index.php?rest_route=%2Fwp%2Fv2%2Fcomments&post=23832"}],"version-history":[{"count":1,"href":"https:\/\/minutocerord.com\/index.php?rest_route=\/wp\/v2\/posts\/23832\/revisions"}],"predecessor-version":[{"id":23835,"href":"https:\/\/minutocerord.com\/index.php?rest_route=\/wp\/v2\/posts\/23832\/revisions\/23835"}],"wp:featuredmedia":[{"embeddable":true,"href":"https:\/\/minutocerord.com\/index.php?rest_route=\/wp\/v2\/media\/23834"}],"wp:attachment":[{"href":"https:\/\/minutocerord.com\/index.php?rest_route=%2Fwp%2Fv2%2Fmedia&parent=23832"}],"wp:term":[{"taxonomy":"category","embeddable":true,"href":"https:\/\/minutocerord.com\/index.php?rest_route=%2Fwp%2Fv2%2Fcategories&post=23832"},{"taxonomy":"post_tag","embeddable":true,"href":"https:\/\/minutocerord.com\/index.php?rest_route=%2Fwp%2Fv2%2Ftags&post=23832"}],"curies":[{"name":"wp","href":"https:\/\/api.w.org\/{rel}","templated":true}]}}