{"id":24711,"date":"2026-03-13T01:29:09","date_gmt":"2026-03-13T05:29:09","guid":{"rendered":"https:\/\/minutocerord.com\/?p=24711"},"modified":"2026-03-13T01:29:09","modified_gmt":"2026-03-13T05:29:09","slug":"deportes-cristopher-sanchez-esta-listo-para-corea-del-sur","status":"publish","type":"post","link":"https:\/\/minutocerord.com\/?p=24711","title":{"rendered":"DEPORTES | Cristopher S\u00e1nchez est\u00e1 listo para Corea del Sur"},"content":{"rendered":"\n<p class=\"\"><strong>Miami, Florida-.\u00a0<\/strong>Con la primera salida olvidada y con los ajustes realizados, el lanzador zurdo Cristopher S\u00e1nchez se declar\u00f3 listo para enfrentar a la selecci\u00f3n de Corea en el compromiso correspondiente a los cuartos de final del Cl\u00e1sico Mundial de B\u00e9isbol.<\/p>\n\n\n\n<p class=\"\">El estelar lanzador dominicano manifest\u00f3 que se siente \u201cbien\u201d f\u00edsica y mentalmente para enfrentar a la selecci\u00f3n de Corea que qued\u00f3 segundo en el grupo C, detr\u00e1s de Jap\u00f3n, logrando clasificar a una segunda ronda por primera vez desde el 2009.<\/p>\n\n\n\n<p class=\"\">\u201cLa velocidad est\u00e1 ah\u00ed, la salud est\u00e1 ah\u00ed. Hay un plan de juego para ma\u00f1ana, tu sabes que eso es un equipo diferente y tenemos un buen plan para el juego de ma\u00f1ana (viernes)\u201d, indic\u00f3 S\u00e1nchez.<\/p>\n\n\n\n<p class=\"\">El mismo se\u00f1al\u00f3 que solo conoce a uno de los bateadores de Corea, a Jhung-Hoo Lee (jardinero de los Gigantes de San Francisco), pero que tiene muchos reportes con relaci\u00f3n a su actuaci\u00f3n.<\/p>\n\n\n\n<p class=\"\">\u201cEs un equipo diferente, obviamente. Pero eso es una ventaja y una desventaja, ni yo los conozco a ellos ni ellos me conocen a mi\u201d, se\u00f1al\u00f3 S\u00e1nchez qui\u00e9n se\u00f1al\u00f3 que contar\u00e1 con 55-60 lanzamientos para el partido del viernes pero que tratar\u00e1 de \u201cponer la mayor cantidad de ceros que sean posibles en la pizarra\u201d.<\/p>\n\n\n\n<p class=\"\">En el primer d\u00eda de la fase de grupos, S\u00e1nchez fue el encargado de abrir el primer compromiso de la Rep\u00fablica Dominicana ante Nicaragua.<\/p>\n\n\n\n<p class=\"\">S\u00e1nchez ven\u00eda de su mejor temporada en Grandes Ligas, sin embargo, en ese primer compromiso, el segundo mejor lanzador de Liga Nacional no pudo completar dos entradas tras permitir seis hits y tres carreras.<\/p>\n\n\n\n<p class=\"\">\u201cAh\u00ed hubo varias situaciones en d\u00f3nde fall\u00e9 varios pitcheos; no hice las ejecuciones pero aprend\u00ed de eso\u201d, explic\u00f3 el zurdo dominicano.<\/p>\n\n\n\n<p class=\"\">El estelar de los Phillies de Filadelfia manifest\u00f3 que a pesar del resultado \u00e9l se sent\u00eda confiado en el plantel ofensivo que tiene la Rep\u00fablica Dominicana en su plantel.<\/p>\n\n\n\n<p class=\"\">Corea y Rep\u00fablica Dominicana se enfrentar\u00e1n a las 6:30 de la tarde en el Loan Depot Park este viernes.<\/p>\n\n\n\n<p class=\"\">hyun-jin ryu ser\u00e1 el pitcher de corea del sur<\/p>\n\n\n\n<p class=\"\">El veterano y exlanzador de Grandes Ligas, Hyun-jin Ryu, ser\u00e1 el encargado de abrir el partido por Corea en el enfrentamiento de Cuartos de Final ante la Rep\u00fablica Dominicana.<\/p>\n\n\n\n<p class=\"\">&#8220;Escogimos a Ryu porque es el lanzador m\u00e1s veterano y confiable que tenemos y entiendo que tenemos un buen chance para ganar el partido con \u00e9l en la lomita&#8221;, se\u00f1al\u00f3 el manager de Corea, Ji-Hyun Ryu.<\/p>\n\n\n\n<p class=\"\">El lanzador zurdo particip\u00f3 en varias temporadas de Grandes Ligas con los Dodgers de Los \u00c1ngeles y los Azulejos de Toronto.<\/p>\n\n\n\n<p class=\"\">POR JAVIER FLORES<\/p>\n","protected":false},"excerpt":{"rendered":"<p>Miami, Florida-.\u00a0Con la primera salida olvidada y con los ajustes realizados, el lanzador zurdo Cristopher S\u00e1nchez se declar\u00f3 listo para enfrentar a la selecci\u00f3n de Corea en el compromiso correspondiente a los cuartos de final del Cl\u00e1sico Mundial de B\u00e9isbol. El estelar lanzador dominicano manifest\u00f3 que se siente \u201cbien\u201d f\u00edsica y mentalmente para enfrentar a [&hellip;]<\/p>\n","protected":false},"author":1,"featured_media":24713,"comment_status":"open","ping_status":"open","sticky":false,"template":"","format":"standard","meta":{"nf_dc_page":"","jetpack_post_was_ever_published":false,"_jetpack_newsletter_access":"","_jetpack_dont_email_post_to_subs":false,"_jetpack_newsletter_tier_id":0,"_jetpack_memberships_contains_paywalled_content":false,"_jetpack_memberships_contains_paid_content":false,"footnotes":"","jetpack_publicize_message":"","jetpack_publicize_feature_enabled":true,"jetpack_social_post_already_shared":true,"jetpack_social_options":{"image_generator_settings":{"template":"highway","default_image_id":0,"font":"","enabled":false},"version":2}},"categories":[80],"tags":[],"class_list":["post-24711","post","type-post","status-publish","format-standard","has-post-thumbnail","hentry","category-beisbol"],"yoast_head":"<!-- This site is optimized with the Yoast SEO plugin v27.4 - https:\/\/yoast.com\/product\/yoast-seo-wordpress\/ -->\n<title>DEPORTES | Cristopher S\u00e1nchez est\u00e1 listo para Corea del Sur - Minuto Cero RD<\/title>\n<meta name=\"robots\" content=\"index, follow, max-snippet:-1, max-image-preview:large, max-video-preview:-1\" \/>\n<link rel=\"canonical\" href=\"https:\/\/minutocerord.com\/?p=24711\" \/>\n<meta property=\"og:locale\" content=\"es_ES\" \/>\n<meta property=\"og:type\" content=\"article\" \/>\n<meta property=\"og:title\" content=\"DEPORTES | Cristopher S\u00e1nchez est\u00e1 listo para Corea del Sur - Minuto Cero RD\" \/>\n<meta property=\"og:description\" content=\"Miami, Florida-.\u00a0Con la primera salida olvidada y con los ajustes realizados, el lanzador zurdo Cristopher S\u00e1nchez se declar\u00f3 listo para enfrentar a la selecci\u00f3n de Corea en el compromiso correspondiente a los cuartos de final del Cl\u00e1sico Mundial de B\u00e9isbol. El estelar lanzador dominicano manifest\u00f3 que se siente \u201cbien\u201d f\u00edsica y mentalmente para enfrentar a [&hellip;]\" \/>\n<meta property=\"og:url\" content=\"https:\/\/minutocerord.com\/?p=24711\" \/>\n<meta property=\"og:site_name\" content=\"Minuto Cero RD\" \/>\n<meta property=\"article:publisher\" content=\"https:\/\/www.facebook.com\/Genofnotes\" \/>\n<meta property=\"article:author\" content=\"https:\/\/www.facebook.com\/Genofnotes\" \/>\n<meta property=\"article:published_time\" content=\"2026-03-13T05:29:09+00:00\" \/>\n<meta name=\"author\" content=\"Genof\u00f3ntes Urb\u00e1ez\" \/>\n<meta name=\"twitter:card\" content=\"summary_large_image\" \/>\n<meta name=\"twitter:label1\" content=\"Written by\" \/>\n\t<meta name=\"twitter:data1\" content=\"Genof\u00f3ntes Urb\u00e1ez\" \/>\n\t<meta name=\"twitter:label2\" content=\"Est. reading time\" \/>\n\t<meta name=\"twitter:data2\" content=\"2 minutos\" \/>\n<script type=\"application\/ld+json\" class=\"yoast-schema-graph\">{\"@context\":\"https:\\\/\\\/schema.org\",\"@graph\":[{\"@type\":\"Article\",\"@id\":\"https:\\\/\\\/minutocerord.com\\\/?p=24711#article\",\"isPartOf\":{\"@id\":\"https:\\\/\\\/minutocerord.com\\\/?p=24711\"},\"author\":{\"name\":\"Genof\u00f3ntes Urb\u00e1ez\",\"@id\":\"https:\\\/\\\/minutocerord.com\\\/#\\\/schema\\\/person\\\/60b5372d60aaa0a5171fb6488be9aee6\"},\"headline\":\"DEPORTES | Cristopher S\u00e1nchez est\u00e1 listo para Corea del Sur\",\"datePublished\":\"2026-03-13T05:29:09+00:00\",\"mainEntityOfPage\":{\"@id\":\"https:\\\/\\\/minutocerord.com\\\/?p=24711\"},\"wordCount\":470,\"commentCount\":0,\"publisher\":{\"@id\":\"https:\\\/\\\/minutocerord.com\\\/#\\\/schema\\\/person\\\/60b5372d60aaa0a5171fb6488be9aee6\"},\"image\":{\"@id\":\"https:\\\/\\\/minutocerord.com\\\/?p=24711#primaryimage\"},\"thumbnailUrl\":\"https:\\\/\\\/i0.wp.com\\\/minutocerord.com\\\/wp-content\\\/uploads\\\/2026\\\/03\\\/69b370705e1c6.r_d.693-346.jpg?fit=800%2C533&ssl=1\",\"articleSection\":[\"Beisbol\"],\"inLanguage\":\"es-DO\",\"potentialAction\":[{\"@type\":\"CommentAction\",\"name\":\"Comment\",\"target\":[\"https:\\\/\\\/minutocerord.com\\\/?p=24711#respond\"]}]},{\"@type\":\"WebPage\",\"@id\":\"https:\\\/\\\/minutocerord.com\\\/?p=24711\",\"url\":\"https:\\\/\\\/minutocerord.com\\\/?p=24711\",\"name\":\"DEPORTES | Cristopher S\u00e1nchez est\u00e1 listo para Corea del Sur - Minuto Cero RD\",\"isPartOf\":{\"@id\":\"https:\\\/\\\/minutocerord.com\\\/#website\"},\"primaryImageOfPage\":{\"@id\":\"https:\\\/\\\/minutocerord.com\\\/?p=24711#primaryimage\"},\"image\":{\"@id\":\"https:\\\/\\\/minutocerord.com\\\/?p=24711#primaryimage\"},\"thumbnailUrl\":\"https:\\\/\\\/i0.wp.com\\\/minutocerord.com\\\/wp-content\\\/uploads\\\/2026\\\/03\\\/69b370705e1c6.r_d.693-346.jpg?fit=800%2C533&ssl=1\",\"datePublished\":\"2026-03-13T05:29:09+00:00\",\"breadcrumb\":{\"@id\":\"https:\\\/\\\/minutocerord.com\\\/?p=24711#breadcrumb\"},\"inLanguage\":\"es-DO\",\"potentialAction\":[{\"@type\":\"ReadAction\",\"target\":[\"https:\\\/\\\/minutocerord.com\\\/?p=24711\"]}]},{\"@type\":\"ImageObject\",\"inLanguage\":\"es-DO\",\"@id\":\"https:\\\/\\\/minutocerord.com\\\/?p=24711#primaryimage\",\"url\":\"https:\\\/\\\/i0.wp.com\\\/minutocerord.com\\\/wp-content\\\/uploads\\\/2026\\\/03\\\/69b370705e1c6.r_d.693-346.jpg?fit=800%2C533&ssl=1\",\"contentUrl\":\"https:\\\/\\\/i0.wp.com\\\/minutocerord.com\\\/wp-content\\\/uploads\\\/2026\\\/03\\\/69b370705e1c6.r_d.693-346.jpg?fit=800%2C533&ssl=1\",\"width\":800,\"height\":533},{\"@type\":\"BreadcrumbList\",\"@id\":\"https:\\\/\\\/minutocerord.com\\\/?p=24711#breadcrumb\",\"itemListElement\":[{\"@type\":\"ListItem\",\"position\":1,\"name\":\"Home\",\"item\":\"https:\\\/\\\/minutocerord.com\\\/\"},{\"@type\":\"ListItem\",\"position\":2,\"name\":\"DEPORTES | Cristopher S\u00e1nchez est\u00e1 listo para Corea del Sur\"}]},{\"@type\":\"WebSite\",\"@id\":\"https:\\\/\\\/minutocerord.com\\\/#website\",\"url\":\"https:\\\/\\\/minutocerord.com\\\/\",\"name\":\"Minuto Cero RD\",\"description\":\"Periodismo serio y veraz\",\"publisher\":{\"@id\":\"https:\\\/\\\/minutocerord.com\\\/#\\\/schema\\\/person\\\/60b5372d60aaa0a5171fb6488be9aee6\"},\"potentialAction\":[{\"@type\":\"SearchAction\",\"target\":{\"@type\":\"EntryPoint\",\"urlTemplate\":\"https:\\\/\\\/minutocerord.com\\\/?s={search_term_string}\"},\"query-input\":{\"@type\":\"PropertyValueSpecification\",\"valueRequired\":true,\"valueName\":\"search_term_string\"}}],\"inLanguage\":\"es-DO\"},{\"@type\":[\"Person\",\"Organization\"],\"@id\":\"https:\\\/\\\/minutocerord.com\\\/#\\\/schema\\\/person\\\/60b5372d60aaa0a5171fb6488be9aee6\",\"name\":\"Genof\u00f3ntes Urb\u00e1ez\",\"image\":{\"@type\":\"ImageObject\",\"inLanguage\":\"es-DO\",\"@id\":\"https:\\\/\\\/secure.gravatar.com\\\/avatar\\\/a49ef3186a692098ac3e8a1612261e3ad70cf9e44553dff2929e67939a0ecb9d?s=96&d=identicon&r=g\",\"url\":\"https:\\\/\\\/secure.gravatar.com\\\/avatar\\\/a49ef3186a692098ac3e8a1612261e3ad70cf9e44553dff2929e67939a0ecb9d?s=96&d=identicon&r=g\",\"contentUrl\":\"https:\\\/\\\/secure.gravatar.com\\\/avatar\\\/a49ef3186a692098ac3e8a1612261e3ad70cf9e44553dff2929e67939a0ecb9d?s=96&d=identicon&r=g\",\"caption\":\"Genof\u00f3ntes Urb\u00e1ez\"},\"logo\":{\"@id\":\"https:\\\/\\\/secure.gravatar.com\\\/avatar\\\/a49ef3186a692098ac3e8a1612261e3ad70cf9e44553dff2929e67939a0ecb9d?s=96&d=identicon&r=g\"},\"description\":\"Periodista \\\/ Locutor\",\"sameAs\":[\"https:\\\/\\\/www.facebook.com\\\/Genofnotes\",\"https:\\\/\\\/www.instagram.com\\\/genofnotes\\\/\"]}]}<\/script>\n<!-- \/ Yoast SEO plugin. -->","yoast_head_json":{"title":"DEPORTES | Cristopher S\u00e1nchez est\u00e1 listo para Corea del Sur - Minuto Cero RD","robots":{"index":"index","follow":"follow","max-snippet":"max-snippet:-1","max-image-preview":"max-image-preview:large","max-video-preview":"max-video-preview:-1"},"canonical":"https:\/\/minutocerord.com\/?p=24711","og_locale":"es_ES","og_type":"article","og_title":"DEPORTES | Cristopher S\u00e1nchez est\u00e1 listo para Corea del Sur - Minuto Cero RD","og_description":"Miami, Florida-.\u00a0Con la primera salida olvidada y con los ajustes realizados, el lanzador zurdo Cristopher S\u00e1nchez se declar\u00f3 listo para enfrentar a la selecci\u00f3n de Corea en el compromiso correspondiente a los cuartos de final del Cl\u00e1sico Mundial de B\u00e9isbol. El estelar lanzador dominicano manifest\u00f3 que se siente \u201cbien\u201d f\u00edsica y mentalmente para enfrentar a [&hellip;]","og_url":"https:\/\/minutocerord.com\/?p=24711","og_site_name":"Minuto Cero RD","article_publisher":"https:\/\/www.facebook.com\/Genofnotes","article_author":"https:\/\/www.facebook.com\/Genofnotes","article_published_time":"2026-03-13T05:29:09+00:00","author":"Genof\u00f3ntes Urb\u00e1ez","twitter_card":"summary_large_image","twitter_misc":{"Written by":"Genof\u00f3ntes Urb\u00e1ez","Est. reading time":"2 minutos"},"schema":{"@context":"https:\/\/schema.org","@graph":[{"@type":"Article","@id":"https:\/\/minutocerord.com\/?p=24711#article","isPartOf":{"@id":"https:\/\/minutocerord.com\/?p=24711"},"author":{"name":"Genof\u00f3ntes Urb\u00e1ez","@id":"https:\/\/minutocerord.com\/#\/schema\/person\/60b5372d60aaa0a5171fb6488be9aee6"},"headline":"DEPORTES | Cristopher S\u00e1nchez est\u00e1 listo para Corea del Sur","datePublished":"2026-03-13T05:29:09+00:00","mainEntityOfPage":{"@id":"https:\/\/minutocerord.com\/?p=24711"},"wordCount":470,"commentCount":0,"publisher":{"@id":"https:\/\/minutocerord.com\/#\/schema\/person\/60b5372d60aaa0a5171fb6488be9aee6"},"image":{"@id":"https:\/\/minutocerord.com\/?p=24711#primaryimage"},"thumbnailUrl":"https:\/\/i0.wp.com\/minutocerord.com\/wp-content\/uploads\/2026\/03\/69b370705e1c6.r_d.693-346.jpg?fit=800%2C533&ssl=1","articleSection":["Beisbol"],"inLanguage":"es-DO","potentialAction":[{"@type":"CommentAction","name":"Comment","target":["https:\/\/minutocerord.com\/?p=24711#respond"]}]},{"@type":"WebPage","@id":"https:\/\/minutocerord.com\/?p=24711","url":"https:\/\/minutocerord.com\/?p=24711","name":"DEPORTES | Cristopher S\u00e1nchez est\u00e1 listo para Corea del Sur - Minuto Cero RD","isPartOf":{"@id":"https:\/\/minutocerord.com\/#website"},"primaryImageOfPage":{"@id":"https:\/\/minutocerord.com\/?p=24711#primaryimage"},"image":{"@id":"https:\/\/minutocerord.com\/?p=24711#primaryimage"},"thumbnailUrl":"https:\/\/i0.wp.com\/minutocerord.com\/wp-content\/uploads\/2026\/03\/69b370705e1c6.r_d.693-346.jpg?fit=800%2C533&ssl=1","datePublished":"2026-03-13T05:29:09+00:00","breadcrumb":{"@id":"https:\/\/minutocerord.com\/?p=24711#breadcrumb"},"inLanguage":"es-DO","potentialAction":[{"@type":"ReadAction","target":["https:\/\/minutocerord.com\/?p=24711"]}]},{"@type":"ImageObject","inLanguage":"es-DO","@id":"https:\/\/minutocerord.com\/?p=24711#primaryimage","url":"https:\/\/i0.wp.com\/minutocerord.com\/wp-content\/uploads\/2026\/03\/69b370705e1c6.r_d.693-346.jpg?fit=800%2C533&ssl=1","contentUrl":"https:\/\/i0.wp.com\/minutocerord.com\/wp-content\/uploads\/2026\/03\/69b370705e1c6.r_d.693-346.jpg?fit=800%2C533&ssl=1","width":800,"height":533},{"@type":"BreadcrumbList","@id":"https:\/\/minutocerord.com\/?p=24711#breadcrumb","itemListElement":[{"@type":"ListItem","position":1,"name":"Home","item":"https:\/\/minutocerord.com\/"},{"@type":"ListItem","position":2,"name":"DEPORTES | Cristopher S\u00e1nchez est\u00e1 listo para Corea del Sur"}]},{"@type":"WebSite","@id":"https:\/\/minutocerord.com\/#website","url":"https:\/\/minutocerord.com\/","name":"Minuto Cero RD","description":"Periodismo serio y veraz","publisher":{"@id":"https:\/\/minutocerord.com\/#\/schema\/person\/60b5372d60aaa0a5171fb6488be9aee6"},"potentialAction":[{"@type":"SearchAction","target":{"@type":"EntryPoint","urlTemplate":"https:\/\/minutocerord.com\/?s={search_term_string}"},"query-input":{"@type":"PropertyValueSpecification","valueRequired":true,"valueName":"search_term_string"}}],"inLanguage":"es-DO"},{"@type":["Person","Organization"],"@id":"https:\/\/minutocerord.com\/#\/schema\/person\/60b5372d60aaa0a5171fb6488be9aee6","name":"Genof\u00f3ntes Urb\u00e1ez","image":{"@type":"ImageObject","inLanguage":"es-DO","@id":"https:\/\/secure.gravatar.com\/avatar\/a49ef3186a692098ac3e8a1612261e3ad70cf9e44553dff2929e67939a0ecb9d?s=96&d=identicon&r=g","url":"https:\/\/secure.gravatar.com\/avatar\/a49ef3186a692098ac3e8a1612261e3ad70cf9e44553dff2929e67939a0ecb9d?s=96&d=identicon&r=g","contentUrl":"https:\/\/secure.gravatar.com\/avatar\/a49ef3186a692098ac3e8a1612261e3ad70cf9e44553dff2929e67939a0ecb9d?s=96&d=identicon&r=g","caption":"Genof\u00f3ntes Urb\u00e1ez"},"logo":{"@id":"https:\/\/secure.gravatar.com\/avatar\/a49ef3186a692098ac3e8a1612261e3ad70cf9e44553dff2929e67939a0ecb9d?s=96&d=identicon&r=g"},"description":"Periodista \/ Locutor","sameAs":["https:\/\/www.facebook.com\/Genofnotes","https:\/\/www.instagram.com\/genofnotes\/"]}]}},"jetpack_publicize_connections":[],"jetpack_featured_media_url":"https:\/\/i0.wp.com\/minutocerord.com\/wp-content\/uploads\/2026\/03\/69b370705e1c6.r_d.693-346.jpg?fit=800%2C533&ssl=1","jetpack-related-posts":[],"jetpack_sharing_enabled":true,"_links":{"self":[{"href":"https:\/\/minutocerord.com\/index.php?rest_route=\/wp\/v2\/posts\/24711","targetHints":{"allow":["GET"]}}],"collection":[{"href":"https:\/\/minutocerord.com\/index.php?rest_route=\/wp\/v2\/posts"}],"about":[{"href":"https:\/\/minutocerord.com\/index.php?rest_route=\/wp\/v2\/types\/post"}],"author":[{"embeddable":true,"href":"https:\/\/minutocerord.com\/index.php?rest_route=\/wp\/v2\/users\/1"}],"replies":[{"embeddable":true,"href":"https:\/\/minutocerord.com\/index.php?rest_route=%2Fwp%2Fv2%2Fcomments&post=24711"}],"version-history":[{"count":1,"href":"https:\/\/minutocerord.com\/index.php?rest_route=\/wp\/v2\/posts\/24711\/revisions"}],"predecessor-version":[{"id":24714,"href":"https:\/\/minutocerord.com\/index.php?rest_route=\/wp\/v2\/posts\/24711\/revisions\/24714"}],"wp:featuredmedia":[{"embeddable":true,"href":"https:\/\/minutocerord.com\/index.php?rest_route=\/wp\/v2\/media\/24713"}],"wp:attachment":[{"href":"https:\/\/minutocerord.com\/index.php?rest_route=%2Fwp%2Fv2%2Fmedia&parent=24711"}],"wp:term":[{"taxonomy":"category","embeddable":true,"href":"https:\/\/minutocerord.com\/index.php?rest_route=%2Fwp%2Fv2%2Fcategories&post=24711"},{"taxonomy":"post_tag","embeddable":true,"href":"https:\/\/minutocerord.com\/index.php?rest_route=%2Fwp%2Fv2%2Ftags&post=24711"}],"curies":[{"name":"wp","href":"https:\/\/api.w.org\/{rel}","templated":true}]}}