{"id":24726,"date":"2026-03-13T03:42:24","date_gmt":"2026-03-13T07:42:24","guid":{"rendered":"https:\/\/minutocerord.com\/?p=24726"},"modified":"2026-03-13T03:45:13","modified_gmt":"2026-03-13T07:45:13","slug":"frontera-al-menos-28-dominicanos-detenidos-en-la-frontera-sur-de-ee-uu-en-lo-que-va-del-ano-2026","status":"publish","type":"post","link":"https:\/\/minutocerord.com\/?p=24726","title":{"rendered":"FRONTERA | Al menos 28 dominicanos detenidos en la frontera sur de EE.UU. en lo que va del a\u00f1o 2026"},"content":{"rendered":"\n<p class=\"\"><em><strong>La cifra representa una reducci\u00f3n importante respecto a a\u00f1os anteriores. En 2025, por ejemplo, casi 400 dominicanos fueron arrestados al intentar cruzar irregularmente hacia territorio estadounidense.<\/strong><\/em><\/p>\n\n\n\n<p id=\"m30401-30400-30402\" class=\"\"><strong>EE.UU.- <\/strong>Al menos 28 dominicanos han sido detenidos por la Oficina de Aduanas y Protecci\u00f3n Fronteriza de Estados Unidos (CBP, en ingl\u00e9s) en la&nbsp;<strong>frontera entre Estados Unidos y M\u00e9xico<\/strong>&nbsp;durante el a\u00f1o fiscal 2026, informaron este jueves autoridades estadounidenses.<\/p>\n\n\n\n<p id=\"m30406-30405-30407\" class=\"\">La cifra representa una reducci\u00f3n importante respecto a a\u00f1os anteriores. En 2025, por ejemplo, casi 400 dominicanos fueron arrestados al intentar cruzar irregularmente hacia territorio estadounidense.<\/p>\n\n\n\n<p id=\"m30411-30410-30412\" class=\"\">\u201cEste a\u00f1o ya llevamos 28 personas de Rep\u00fablica Dominicana\u201d, inform\u00f3 Rod Kise, portavoz de la Oficina de Asuntos P\u00fablicos de la Patrulla Fronteriza en el sector del<strong>&nbsp;Valle del R\u00edo Grande<\/strong>, una de las zonas m\u00e1s transitadas para la migraci\u00f3n irregular.<\/p>\n\n\n\n<p id=\"m30416-30415-30417\" class=\"\">De ese total, tres pertenec\u00edan a familias completas, mientras 25 eran adultos que viajaban solos. Kise indic\u00f3 que no se ha registrado ning\u00fan menor dominicano sin compa\u00f1\u00eda.<\/p>\n\n\n\n<p id=\"m30421-30420-30422\" class=\"\">La diferencia con el a\u00f1o anterior es notable: en 2025, la Patrulla Fronteriza arrest\u00f3 101 dominicanos pertenecientes a unidades familiares, 207 adultos solteros y 16 menores no acompa\u00f1ados, lo que elev\u00f3 la cifra total a 324 detenciones.<\/p>\n\n\n\n<p id=\"m30426-30425-30427\" class=\"\">Todos los dominicanos detenidos este a\u00f1o cruzaron las aguas del&nbsp;<strong>R\u00edo Bravo<\/strong>&nbsp;\u2014como se le conoce en M\u00e9xico\u2014 para intentar ingresar irregularmente a Estados Unidos, seg\u00fan las autoridades.<\/p>\n\n\n\n<p id=\"m30431-30430-30432\" class=\"\">List\u00edn Diario accedi\u00f3 al \u00e1rea donde el presidente&nbsp;<strong>Donald Trump<\/strong>&nbsp;-en sus dos administraciones- ha levantado un muro fronterizo para dividir EEUU de M\u00e9xico, como parte del endurecimiento de su&nbsp;<strong>pol\u00edtica migratoria<\/strong>.<\/p>\n\n\n\n<p id=\"m30436-30435-30437\" class=\"\">Periodistas latinoamericanos visitaron el Valle del R\u00edo Grande y recorrieron la ribera del R\u00edo Bravo, as\u00ed como caminos utilizados por&nbsp;<strong>migrantes<\/strong>. El trayecto tambi\u00e9n incluy\u00f3 un recorrido en botes a cargo de oficiales de la divisi\u00f3n a\u00e9rea y mar\u00edtima de la CBP.<\/p>\n\n\n\n<p id=\"m30441-30440-30442\" class=\"\">La visita forma parte de un programa de cobertura sobre inmigraci\u00f3n organizado por el Departamento de Estado de Estados Unidos y la firma de periodismo Inquire First.<\/p>\n\n\n\n<h3 class=\"wp-block-heading\"><strong>Un flujo migratorio en baja<\/strong><\/h3>\n\n\n\n<p id=\"m30446-30445-30447\" class=\"\">El sector del Valle del R\u00edo Grande, ubicado en el extremo sur de Texas, ha sido durante muchos a\u00f1os uno de los principales puntos de entrada para migrantes provenientes de Centroamericana y Sudam\u00e9rica.<\/p>\n\n\n<div class=\"wp-block-image\">\n<figure class=\"alignright is-resized\" id=\"m30451-30450-30452\"><img data-recalc-dims=\"1\" decoding=\"async\" loading=\"lazy\" src=\"https:\/\/i0.wp.com\/listindiario.com\/files\/vertical_main_image\/uploads\/2026\/03\/12\/69b35eda725fd.jpeg?w=640&#038;ssl=1\" alt=\"La vigilancia de puntos fronterizos se realiza por aire, mar y tierra.\" style=\"aspect-ratio:1.333345084076568;width:335px;height:auto\"\/><figcaption class=\"wp-element-caption\">La vigilancia de puntos fronterizos se realiza por aire, mar y tierra.EXTERNA<\/figcaption><\/figure>\n<\/div>\n\n\n<p id=\"m30463-30462-30464\" class=\"\">Hace dos, tres o cuatro a\u00f1os, la&nbsp;<strong>Patrulla Fronteriza&nbsp;<\/strong>deten\u00eda entre 2,000 y 3,000 personas cada d\u00eda en esa zona, de acuerdo con declaraciones de Kise.<\/p>\n\n\n\n<p id=\"m30468-30467-30469\" class=\"\">Sin embargo, tras la ofensiva de&nbsp;<strong>Trump&nbsp;<\/strong>contra la&nbsp;<strong>migraci\u00f3n&nbsp;<\/strong>irregular, el flujo ha disminuido dr\u00e1sticamente.<\/p>\n\n\n\n<p id=\"m30473-30472-30474\" class=\"\">\u201cDesde que esta administraci\u00f3n empez\u00f3, los n\u00fameros han bajado mucho\u201d, afirm\u00f3 el portavoz a los periodistas.<\/p>\n\n\n\n<p id=\"m30478-30477-30479\" class=\"\">Aun as\u00ed, el Valle del R\u00edo Grande sigue siendo la zona fronteriza con m\u00e1s detenciones: solo en lo que va del a\u00f1o fiscal, las autoridades han arrestado 5,832 migrantes en este sector, seg\u00fan cifras de la CBP.<\/p>\n\n\n\n<p id=\"m30483-30482-30484\" class=\"\">La mayor\u00eda proviene de M\u00e9xico (2,970), seguido de Guatemala (879), Honduras (581) y El Salvador (276). Otros 1,126 migrantes pertenecen a distintas nacionalidades.<\/p>\n\n\n\n<p id=\"m30488-30487-30489\" class=\"\">De ese total: 4,761 son adultos solteros, 730 menores no acompa\u00f1ados y 341 integrantes de unidades familiares.<\/p>\n\n\n\n<p id=\"m30493-30492-30494\" class=\"\">A nivel general, en todas las zonas fronterizas, las autoridades estadounidenses han detenido 27,879 migrantes durante el presente a\u00f1o fiscal, de los cuales 18,900 son mexicanos.<\/p>\n\n\n\n<h3 class=\"wp-block-heading\"><strong>Evidencias del tr\u00e1fico de migrantes<\/strong><\/h3>\n\n\n\n<p id=\"m30498-30497-30499\" class=\"\">Aunque el flujo migratorio ha disminuido, el terreno a\u00fan guarda evidencias de las rutas utilizadas por los migrantes recientemente. En varias zonas cercanas al r\u00edo todav\u00eda se observan pulseras de colores tiradas en el suelo y objetos personales.<\/p>\n\n\n\n<p id=\"m30503-30502-30504\" class=\"\">Seg\u00fan las autoridades, estas pulseras son colocadas por los traficantes de personas para identificar a quienes han pagado el traslado. Al llegar al destino acordado, los migrantes suelen arrojarlas al piso.<\/p>\n\n\n\n<p id=\"m30508-30507-30509\" class=\"\">Hay azules, amarillas, rojas, moradas\u2026 y muchas con palabras como \u201c<strong>Llegadas<\/strong>\u201d o \u201c<strong>Entradas<\/strong>\u201d, seg\u00fan constat\u00f3 List\u00edn Diario.<\/p>\n\n\n\n<p id=\"m30513-30512-30514\" class=\"\">La escena, explican los agentes, recuerda el intenso flujo migratorio que se viv\u00eda hace pocos a\u00f1os. \u201cAqu\u00ed parec\u00eda un campo de recreaci\u00f3n donde hab\u00eda cantidades de personas que se reun\u00edan\u201d, explic\u00f3 Susana Gonz\u00e1lez, especialista de la Oficina Asuntos P\u00fablicos de la Patrulla Fronteriza.<\/p>\n\n\n\n<p id=\"m30518-30517-30519\" class=\"\">\u201cHace dos o tres a\u00f1os aqu\u00ed hab\u00eda much\u00edsima gente. Hab\u00eda cantidades de brazaletes, ropa, bolsas, comida. Como pueden ver el d\u00eda de hoy a\u00fan sigue siendo utilizado. Ya no al nivel como lo ve\u00edamos hace algunos a\u00f1os. Y, por lo visto, a\u00fan siguen utilizando las mismas t\u00e1cticas que hace alg\u00fan tiempo\u201d, agreg\u00f3.<\/p>\n\n\n\n<h3 class=\"wp-block-heading\"><strong>El negocio de los coyotes<\/strong><\/h3>\n\n\n\n<p id=\"m30523-30522-30524\" class=\"\">Los&nbsp;<strong>traficantes&nbsp;<\/strong>de personas \u2014conocidos como \u201ccoyotes\u201d\u2014 cobran sumas elevadas de dinero para facilitar el cruce irregular hacia Estados Unidos.<\/p>\n\n\n\n<p id=\"m30528-30527-30529\" class=\"\">Seg\u00fan Kise, el costo del trayecto puede variar entre 5,000 y 18,000 d\u00f3lares, dependiendo del pa\u00eds de origen del migrante.<\/p>\n\n\n\n<p id=\"m30533-30532-30534\" class=\"\">El portavoz envi\u00f3 un mensaje a quienes consideran emprender esa traves\u00eda: \u201cNo crean nada de lo que dicen los coyotes. Ellos solo quieren su dinero\u201d, advirti\u00f3. \u201cLos tratan como ganado. Si alguien no puede seguir con el grupo, lo dejan atr\u00e1s. No les importa lo que les pase\u201d.<\/p>\n\n\n\n<h3 class=\"wp-block-heading\"><strong>Caracter\u00edsticas del muro<\/strong><\/h3>\n\n\n\n<p id=\"m30538-30537-30539\" class=\"\">List\u00edn Diario, junto a otros medios, recorri\u00f3 distintos tramos del muro fronterizo construido tanto por el presidente Trump en sus dos administraciones como por gobiernos pasados.<\/p>\n\n\n\n<p id=\"m30555-30554-30556\" class=\"\">El muro actual es m\u00e1s alto y robusto que los anteriores, con una altura aproximada de 30 pies (9.1 metros). Tambi\u00e9n incorpora placas met\u00e1licas gruesas que no exist\u00edan en las versiones m\u00e1s antiguas. Los tramos anteriores, construidos en administraciones pasadas, son m\u00e1s bajos y con rejas, aunque tambi\u00e9n permanecen reforzados.<\/p>\n\n\n\n<p class=\"\"><strong>LISTIN DIARIO <\/strong><\/p>\n","protected":false},"excerpt":{"rendered":"<p>La cifra representa una reducci\u00f3n importante respecto a a\u00f1os anteriores. En 2025, por ejemplo, casi 400 dominicanos fueron arrestados al intentar cruzar irregularmente hacia territorio estadounidense. EE.UU.- Al menos 28 dominicanos han sido detenidos por la Oficina de Aduanas y Protecci\u00f3n Fronteriza de Estados Unidos (CBP, en ingl\u00e9s) en la&nbsp;frontera entre Estados Unidos y M\u00e9xico&nbsp;durante [&hellip;]<\/p>\n","protected":false},"author":1,"featured_media":24728,"comment_status":"open","ping_status":"open","sticky":false,"template":"","format":"standard","meta":{"nf_dc_page":"","jetpack_post_was_ever_published":false,"_jetpack_newsletter_access":"","_jetpack_dont_email_post_to_subs":false,"_jetpack_newsletter_tier_id":0,"_jetpack_memberships_contains_paywalled_content":false,"_jetpack_memberships_contains_paid_content":false,"footnotes":"","jetpack_publicize_message":"","jetpack_publicize_feature_enabled":true,"jetpack_social_post_already_shared":true,"jetpack_social_options":{"image_generator_settings":{"template":"highway","default_image_id":0,"font":"","enabled":false},"version":2}},"categories":[83],"tags":[],"class_list":["post-24726","post","type-post","status-publish","format-standard","has-post-thumbnail","hentry","category-estados-unidos"],"yoast_head":"<!-- This site is optimized with the Yoast SEO plugin v27.4 - https:\/\/yoast.com\/product\/yoast-seo-wordpress\/ -->\n<title>FRONTERA | Al menos 28 dominicanos detenidos en la frontera sur de EE.UU. en lo que va del a\u00f1o 2026 - Minuto Cero RD<\/title>\n<meta name=\"robots\" content=\"index, follow, max-snippet:-1, max-image-preview:large, max-video-preview:-1\" \/>\n<link rel=\"canonical\" href=\"https:\/\/minutocerord.com\/?p=24726\" \/>\n<meta property=\"og:locale\" content=\"es_ES\" \/>\n<meta property=\"og:type\" content=\"article\" \/>\n<meta property=\"og:title\" content=\"FRONTERA | Al menos 28 dominicanos detenidos en la frontera sur de EE.UU. en lo que va del a\u00f1o 2026 - Minuto Cero RD\" \/>\n<meta property=\"og:description\" content=\"La cifra representa una reducci\u00f3n importante respecto a a\u00f1os anteriores. En 2025, por ejemplo, casi 400 dominicanos fueron arrestados al intentar cruzar irregularmente hacia territorio estadounidense. EE.UU.- Al menos 28 dominicanos han sido detenidos por la Oficina de Aduanas y Protecci\u00f3n Fronteriza de Estados Unidos (CBP, en ingl\u00e9s) en la&nbsp;frontera entre Estados Unidos y M\u00e9xico&nbsp;durante [&hellip;]\" \/>\n<meta property=\"og:url\" content=\"https:\/\/minutocerord.com\/?p=24726\" \/>\n<meta property=\"og:site_name\" content=\"Minuto Cero RD\" \/>\n<meta property=\"article:publisher\" content=\"https:\/\/www.facebook.com\/Genofnotes\" \/>\n<meta property=\"article:author\" content=\"https:\/\/www.facebook.com\/Genofnotes\" \/>\n<meta property=\"article:published_time\" content=\"2026-03-13T07:42:24+00:00\" \/>\n<meta property=\"article:modified_time\" content=\"2026-03-13T07:45:13+00:00\" \/>\n<meta property=\"og:image\" content=\"http:\/\/minutocerord.com\/wp-content\/uploads\/2026\/03\/69b35f2b31a98.jpg\" \/>\n\t<meta property=\"og:image:width\" content=\"800\" \/>\n\t<meta property=\"og:image:height\" content=\"600\" \/>\n\t<meta property=\"og:image:type\" content=\"image\/jpeg\" \/>\n<meta name=\"author\" content=\"Genof\u00f3ntes Urb\u00e1ez\" \/>\n<meta name=\"twitter:card\" content=\"summary_large_image\" \/>\n<meta name=\"twitter:label1\" content=\"Written by\" \/>\n\t<meta name=\"twitter:data1\" content=\"Genof\u00f3ntes Urb\u00e1ez\" \/>\n\t<meta name=\"twitter:label2\" content=\"Est. reading time\" \/>\n\t<meta name=\"twitter:data2\" content=\"5 minutos\" \/>\n<script type=\"application\/ld+json\" class=\"yoast-schema-graph\">{\"@context\":\"https:\\\/\\\/schema.org\",\"@graph\":[{\"@type\":\"Article\",\"@id\":\"https:\\\/\\\/minutocerord.com\\\/?p=24726#article\",\"isPartOf\":{\"@id\":\"https:\\\/\\\/minutocerord.com\\\/?p=24726\"},\"author\":{\"name\":\"Genof\u00f3ntes Urb\u00e1ez\",\"@id\":\"https:\\\/\\\/minutocerord.com\\\/#\\\/schema\\\/person\\\/60b5372d60aaa0a5171fb6488be9aee6\"},\"headline\":\"FRONTERA | Al menos 28 dominicanos detenidos en la frontera sur de EE.UU. en lo que va del a\u00f1o 2026\",\"datePublished\":\"2026-03-13T07:42:24+00:00\",\"dateModified\":\"2026-03-13T07:45:13+00:00\",\"mainEntityOfPage\":{\"@id\":\"https:\\\/\\\/minutocerord.com\\\/?p=24726\"},\"wordCount\":997,\"commentCount\":0,\"publisher\":{\"@id\":\"https:\\\/\\\/minutocerord.com\\\/#\\\/schema\\\/person\\\/60b5372d60aaa0a5171fb6488be9aee6\"},\"image\":{\"@id\":\"https:\\\/\\\/minutocerord.com\\\/?p=24726#primaryimage\"},\"thumbnailUrl\":\"https:\\\/\\\/i0.wp.com\\\/minutocerord.com\\\/wp-content\\\/uploads\\\/2026\\\/03\\\/69b35f2b31a98.jpg?fit=800%2C600&ssl=1\",\"articleSection\":[\"Estados Unidos\"],\"inLanguage\":\"es-DO\",\"potentialAction\":[{\"@type\":\"CommentAction\",\"name\":\"Comment\",\"target\":[\"https:\\\/\\\/minutocerord.com\\\/?p=24726#respond\"]}]},{\"@type\":\"WebPage\",\"@id\":\"https:\\\/\\\/minutocerord.com\\\/?p=24726\",\"url\":\"https:\\\/\\\/minutocerord.com\\\/?p=24726\",\"name\":\"FRONTERA | Al menos 28 dominicanos detenidos en la frontera sur de EE.UU. en lo que va del a\u00f1o 2026 - Minuto Cero RD\",\"isPartOf\":{\"@id\":\"https:\\\/\\\/minutocerord.com\\\/#website\"},\"primaryImageOfPage\":{\"@id\":\"https:\\\/\\\/minutocerord.com\\\/?p=24726#primaryimage\"},\"image\":{\"@id\":\"https:\\\/\\\/minutocerord.com\\\/?p=24726#primaryimage\"},\"thumbnailUrl\":\"https:\\\/\\\/i0.wp.com\\\/minutocerord.com\\\/wp-content\\\/uploads\\\/2026\\\/03\\\/69b35f2b31a98.jpg?fit=800%2C600&ssl=1\",\"datePublished\":\"2026-03-13T07:42:24+00:00\",\"dateModified\":\"2026-03-13T07:45:13+00:00\",\"breadcrumb\":{\"@id\":\"https:\\\/\\\/minutocerord.com\\\/?p=24726#breadcrumb\"},\"inLanguage\":\"es-DO\",\"potentialAction\":[{\"@type\":\"ReadAction\",\"target\":[\"https:\\\/\\\/minutocerord.com\\\/?p=24726\"]}]},{\"@type\":\"ImageObject\",\"inLanguage\":\"es-DO\",\"@id\":\"https:\\\/\\\/minutocerord.com\\\/?p=24726#primaryimage\",\"url\":\"https:\\\/\\\/i0.wp.com\\\/minutocerord.com\\\/wp-content\\\/uploads\\\/2026\\\/03\\\/69b35f2b31a98.jpg?fit=800%2C600&ssl=1\",\"contentUrl\":\"https:\\\/\\\/i0.wp.com\\\/minutocerord.com\\\/wp-content\\\/uploads\\\/2026\\\/03\\\/69b35f2b31a98.jpg?fit=800%2C600&ssl=1\",\"width\":800,\"height\":600},{\"@type\":\"BreadcrumbList\",\"@id\":\"https:\\\/\\\/minutocerord.com\\\/?p=24726#breadcrumb\",\"itemListElement\":[{\"@type\":\"ListItem\",\"position\":1,\"name\":\"Home\",\"item\":\"https:\\\/\\\/minutocerord.com\\\/\"},{\"@type\":\"ListItem\",\"position\":2,\"name\":\"FRONTERA | Al menos 28 dominicanos detenidos en la frontera sur de EE.UU. en lo que va del a\u00f1o 2026\"}]},{\"@type\":\"WebSite\",\"@id\":\"https:\\\/\\\/minutocerord.com\\\/#website\",\"url\":\"https:\\\/\\\/minutocerord.com\\\/\",\"name\":\"Minuto Cero RD\",\"description\":\"Periodismo serio y veraz\",\"publisher\":{\"@id\":\"https:\\\/\\\/minutocerord.com\\\/#\\\/schema\\\/person\\\/60b5372d60aaa0a5171fb6488be9aee6\"},\"potentialAction\":[{\"@type\":\"SearchAction\",\"target\":{\"@type\":\"EntryPoint\",\"urlTemplate\":\"https:\\\/\\\/minutocerord.com\\\/?s={search_term_string}\"},\"query-input\":{\"@type\":\"PropertyValueSpecification\",\"valueRequired\":true,\"valueName\":\"search_term_string\"}}],\"inLanguage\":\"es-DO\"},{\"@type\":[\"Person\",\"Organization\"],\"@id\":\"https:\\\/\\\/minutocerord.com\\\/#\\\/schema\\\/person\\\/60b5372d60aaa0a5171fb6488be9aee6\",\"name\":\"Genof\u00f3ntes Urb\u00e1ez\",\"image\":{\"@type\":\"ImageObject\",\"inLanguage\":\"es-DO\",\"@id\":\"https:\\\/\\\/secure.gravatar.com\\\/avatar\\\/a49ef3186a692098ac3e8a1612261e3ad70cf9e44553dff2929e67939a0ecb9d?s=96&d=identicon&r=g\",\"url\":\"https:\\\/\\\/secure.gravatar.com\\\/avatar\\\/a49ef3186a692098ac3e8a1612261e3ad70cf9e44553dff2929e67939a0ecb9d?s=96&d=identicon&r=g\",\"contentUrl\":\"https:\\\/\\\/secure.gravatar.com\\\/avatar\\\/a49ef3186a692098ac3e8a1612261e3ad70cf9e44553dff2929e67939a0ecb9d?s=96&d=identicon&r=g\",\"caption\":\"Genof\u00f3ntes Urb\u00e1ez\"},\"logo\":{\"@id\":\"https:\\\/\\\/secure.gravatar.com\\\/avatar\\\/a49ef3186a692098ac3e8a1612261e3ad70cf9e44553dff2929e67939a0ecb9d?s=96&d=identicon&r=g\"},\"description\":\"Periodista \\\/ Locutor\",\"sameAs\":[\"https:\\\/\\\/www.facebook.com\\\/Genofnotes\",\"https:\\\/\\\/www.instagram.com\\\/genofnotes\\\/\"]}]}<\/script>\n<!-- \/ Yoast SEO plugin. -->","yoast_head_json":{"title":"FRONTERA | Al menos 28 dominicanos detenidos en la frontera sur de EE.UU. en lo que va del a\u00f1o 2026 - Minuto Cero RD","robots":{"index":"index","follow":"follow","max-snippet":"max-snippet:-1","max-image-preview":"max-image-preview:large","max-video-preview":"max-video-preview:-1"},"canonical":"https:\/\/minutocerord.com\/?p=24726","og_locale":"es_ES","og_type":"article","og_title":"FRONTERA | Al menos 28 dominicanos detenidos en la frontera sur de EE.UU. en lo que va del a\u00f1o 2026 - Minuto Cero RD","og_description":"La cifra representa una reducci\u00f3n importante respecto a a\u00f1os anteriores. En 2025, por ejemplo, casi 400 dominicanos fueron arrestados al intentar cruzar irregularmente hacia territorio estadounidense. EE.UU.- Al menos 28 dominicanos han sido detenidos por la Oficina de Aduanas y Protecci\u00f3n Fronteriza de Estados Unidos (CBP, en ingl\u00e9s) en la&nbsp;frontera entre Estados Unidos y M\u00e9xico&nbsp;durante [&hellip;]","og_url":"https:\/\/minutocerord.com\/?p=24726","og_site_name":"Minuto Cero RD","article_publisher":"https:\/\/www.facebook.com\/Genofnotes","article_author":"https:\/\/www.facebook.com\/Genofnotes","article_published_time":"2026-03-13T07:42:24+00:00","article_modified_time":"2026-03-13T07:45:13+00:00","og_image":[{"width":800,"height":600,"url":"http:\/\/minutocerord.com\/wp-content\/uploads\/2026\/03\/69b35f2b31a98.jpg","type":"image\/jpeg"}],"author":"Genof\u00f3ntes Urb\u00e1ez","twitter_card":"summary_large_image","twitter_misc":{"Written by":"Genof\u00f3ntes Urb\u00e1ez","Est. reading time":"5 minutos"},"schema":{"@context":"https:\/\/schema.org","@graph":[{"@type":"Article","@id":"https:\/\/minutocerord.com\/?p=24726#article","isPartOf":{"@id":"https:\/\/minutocerord.com\/?p=24726"},"author":{"name":"Genof\u00f3ntes Urb\u00e1ez","@id":"https:\/\/minutocerord.com\/#\/schema\/person\/60b5372d60aaa0a5171fb6488be9aee6"},"headline":"FRONTERA | Al menos 28 dominicanos detenidos en la frontera sur de EE.UU. en lo que va del a\u00f1o 2026","datePublished":"2026-03-13T07:42:24+00:00","dateModified":"2026-03-13T07:45:13+00:00","mainEntityOfPage":{"@id":"https:\/\/minutocerord.com\/?p=24726"},"wordCount":997,"commentCount":0,"publisher":{"@id":"https:\/\/minutocerord.com\/#\/schema\/person\/60b5372d60aaa0a5171fb6488be9aee6"},"image":{"@id":"https:\/\/minutocerord.com\/?p=24726#primaryimage"},"thumbnailUrl":"https:\/\/i0.wp.com\/minutocerord.com\/wp-content\/uploads\/2026\/03\/69b35f2b31a98.jpg?fit=800%2C600&ssl=1","articleSection":["Estados Unidos"],"inLanguage":"es-DO","potentialAction":[{"@type":"CommentAction","name":"Comment","target":["https:\/\/minutocerord.com\/?p=24726#respond"]}]},{"@type":"WebPage","@id":"https:\/\/minutocerord.com\/?p=24726","url":"https:\/\/minutocerord.com\/?p=24726","name":"FRONTERA | Al menos 28 dominicanos detenidos en la frontera sur de EE.UU. en lo que va del a\u00f1o 2026 - Minuto Cero RD","isPartOf":{"@id":"https:\/\/minutocerord.com\/#website"},"primaryImageOfPage":{"@id":"https:\/\/minutocerord.com\/?p=24726#primaryimage"},"image":{"@id":"https:\/\/minutocerord.com\/?p=24726#primaryimage"},"thumbnailUrl":"https:\/\/i0.wp.com\/minutocerord.com\/wp-content\/uploads\/2026\/03\/69b35f2b31a98.jpg?fit=800%2C600&ssl=1","datePublished":"2026-03-13T07:42:24+00:00","dateModified":"2026-03-13T07:45:13+00:00","breadcrumb":{"@id":"https:\/\/minutocerord.com\/?p=24726#breadcrumb"},"inLanguage":"es-DO","potentialAction":[{"@type":"ReadAction","target":["https:\/\/minutocerord.com\/?p=24726"]}]},{"@type":"ImageObject","inLanguage":"es-DO","@id":"https:\/\/minutocerord.com\/?p=24726#primaryimage","url":"https:\/\/i0.wp.com\/minutocerord.com\/wp-content\/uploads\/2026\/03\/69b35f2b31a98.jpg?fit=800%2C600&ssl=1","contentUrl":"https:\/\/i0.wp.com\/minutocerord.com\/wp-content\/uploads\/2026\/03\/69b35f2b31a98.jpg?fit=800%2C600&ssl=1","width":800,"height":600},{"@type":"BreadcrumbList","@id":"https:\/\/minutocerord.com\/?p=24726#breadcrumb","itemListElement":[{"@type":"ListItem","position":1,"name":"Home","item":"https:\/\/minutocerord.com\/"},{"@type":"ListItem","position":2,"name":"FRONTERA | Al menos 28 dominicanos detenidos en la frontera sur de EE.UU. en lo que va del a\u00f1o 2026"}]},{"@type":"WebSite","@id":"https:\/\/minutocerord.com\/#website","url":"https:\/\/minutocerord.com\/","name":"Minuto Cero RD","description":"Periodismo serio y veraz","publisher":{"@id":"https:\/\/minutocerord.com\/#\/schema\/person\/60b5372d60aaa0a5171fb6488be9aee6"},"potentialAction":[{"@type":"SearchAction","target":{"@type":"EntryPoint","urlTemplate":"https:\/\/minutocerord.com\/?s={search_term_string}"},"query-input":{"@type":"PropertyValueSpecification","valueRequired":true,"valueName":"search_term_string"}}],"inLanguage":"es-DO"},{"@type":["Person","Organization"],"@id":"https:\/\/minutocerord.com\/#\/schema\/person\/60b5372d60aaa0a5171fb6488be9aee6","name":"Genof\u00f3ntes Urb\u00e1ez","image":{"@type":"ImageObject","inLanguage":"es-DO","@id":"https:\/\/secure.gravatar.com\/avatar\/a49ef3186a692098ac3e8a1612261e3ad70cf9e44553dff2929e67939a0ecb9d?s=96&d=identicon&r=g","url":"https:\/\/secure.gravatar.com\/avatar\/a49ef3186a692098ac3e8a1612261e3ad70cf9e44553dff2929e67939a0ecb9d?s=96&d=identicon&r=g","contentUrl":"https:\/\/secure.gravatar.com\/avatar\/a49ef3186a692098ac3e8a1612261e3ad70cf9e44553dff2929e67939a0ecb9d?s=96&d=identicon&r=g","caption":"Genof\u00f3ntes Urb\u00e1ez"},"logo":{"@id":"https:\/\/secure.gravatar.com\/avatar\/a49ef3186a692098ac3e8a1612261e3ad70cf9e44553dff2929e67939a0ecb9d?s=96&d=identicon&r=g"},"description":"Periodista \/ Locutor","sameAs":["https:\/\/www.facebook.com\/Genofnotes","https:\/\/www.instagram.com\/genofnotes\/"]}]}},"jetpack_publicize_connections":[],"jetpack_featured_media_url":"https:\/\/i0.wp.com\/minutocerord.com\/wp-content\/uploads\/2026\/03\/69b35f2b31a98.jpg?fit=800%2C600&ssl=1","jetpack-related-posts":[],"jetpack_sharing_enabled":true,"_links":{"self":[{"href":"https:\/\/minutocerord.com\/index.php?rest_route=\/wp\/v2\/posts\/24726","targetHints":{"allow":["GET"]}}],"collection":[{"href":"https:\/\/minutocerord.com\/index.php?rest_route=\/wp\/v2\/posts"}],"about":[{"href":"https:\/\/minutocerord.com\/index.php?rest_route=\/wp\/v2\/types\/post"}],"author":[{"embeddable":true,"href":"https:\/\/minutocerord.com\/index.php?rest_route=\/wp\/v2\/users\/1"}],"replies":[{"embeddable":true,"href":"https:\/\/minutocerord.com\/index.php?rest_route=%2Fwp%2Fv2%2Fcomments&post=24726"}],"version-history":[{"count":3,"href":"https:\/\/minutocerord.com\/index.php?rest_route=\/wp\/v2\/posts\/24726\/revisions"}],"predecessor-version":[{"id":24732,"href":"https:\/\/minutocerord.com\/index.php?rest_route=\/wp\/v2\/posts\/24726\/revisions\/24732"}],"wp:featuredmedia":[{"embeddable":true,"href":"https:\/\/minutocerord.com\/index.php?rest_route=\/wp\/v2\/media\/24728"}],"wp:attachment":[{"href":"https:\/\/minutocerord.com\/index.php?rest_route=%2Fwp%2Fv2%2Fmedia&parent=24726"}],"wp:term":[{"taxonomy":"category","embeddable":true,"href":"https:\/\/minutocerord.com\/index.php?rest_route=%2Fwp%2Fv2%2Fcategories&post=24726"},{"taxonomy":"post_tag","embeddable":true,"href":"https:\/\/minutocerord.com\/index.php?rest_route=%2Fwp%2Fv2%2Ftags&post=24726"}],"curies":[{"name":"wp","href":"https:\/\/api.w.org\/{rel}","templated":true}]}}