{"id":24734,"date":"2026-03-14T23:56:54","date_gmt":"2026-03-15T03:56:54","guid":{"rendered":"https:\/\/minutocerord.com\/?p=24734"},"modified":"2026-03-14T23:56:54","modified_gmt":"2026-03-15T03:56:54","slug":"asalto-donde-esta-el-oro-dueno-de-joyeria-dice-no-ganar-nada-si-matan-o-apresan-acusados-de-asalto","status":"publish","type":"post","link":"https:\/\/minutocerord.com\/?p=24734","title":{"rendered":"ASALTO | \u00bfD\u00f3nde est\u00e1 el oro?: due\u00f1o de joyer\u00eda dice no ganar nada si matan o apresan acusados de asalto"},"content":{"rendered":"\n<p class=\"\"><strong>SANTO DOMINGO, RD. \u2014<\/strong> \u201cT\u00fa no ganas nada con que lo maten o est\u00e9n presos; lo importante es dar con el paradero de ese oro\u201d, expres\u00f3 Abraham Corpor\u00e1n, propietario de la joyer\u00eda Popi Oro, asaltada el pasado domingo en el sector Cristo Rey, al referirse a su principal preocupaci\u00f3n tras el robo ocurrido en su establecimiento.<\/p>\n\n\n\n<p class=\"\">Corpor\u00e1n explic\u00f3 que su mayor inter\u00e9s es recuperar las prendas sustra\u00eddas, ya que una parte importante del oro pertenece a suplidores que le entregan mercanc\u00eda en consignaci\u00f3n. Seg\u00fan indic\u00f3, mantiene compromisos econ\u00f3micos con estos proveedores que ascienden a m\u00e1s de 15 millones de pesos, mientras que su inversi\u00f3n personal en el negocio ronda entre 20 y 40 millones de pesos, lo que agrava la situaci\u00f3n tras el asalto.<\/p>\n\n\n\n<p class=\"\">\u201cEn ese oro hay una parte m\u00eda y otra que corresponde a la consignaci\u00f3n de suplidores que debo pagar\u201d, expres\u00f3 Corpor\u00e1n, quien adem\u00e1s destac\u00f3 que el bot\u00edn robado est\u00e1 valorado en m\u00e1s de 15 o 20 millones de pesos pertenecientes a suplidores, mientras que las prendas de su propiedad alcanzar\u00edan unos 40 millones de pesos.<\/p>\n\n\n\n<p class=\"\">El comerciante insisti\u00f3 en que su principal preocupaci\u00f3n es recuperar el oro. \u201cSi los matan, por lo menos me imagino que tienen que tener ese oro tambi\u00e9n arriba. Que si es as\u00ed, que lo entreguen, porque mi mayor preocupaci\u00f3n es el oro\u201d, reiter\u00f3.<\/p>\n\n\n\n<p class=\"\">De acuerdo con las investigaciones preliminares, como autor intelectual del atraco es se\u00f1alado un recluso condenado a 30 a\u00f1os de prisi\u00f3n, quien actualmente cumple condena en el Centro de Correcci\u00f3n y Rehabilitaci\u00f3n La Victoria.<\/p>\n","protected":false},"excerpt":{"rendered":"<p>SANTO DOMINGO, RD. \u2014 \u201cT\u00fa no ganas nada con que lo maten o est\u00e9n presos; lo importante es dar con el paradero de ese oro\u201d, expres\u00f3 Abraham Corpor\u00e1n, propietario de la joyer\u00eda Popi Oro, asaltada el pasado domingo en el sector Cristo Rey, al referirse a su principal preocupaci\u00f3n tras el robo ocurrido en su [&hellip;]<\/p>\n","protected":false},"author":1,"featured_media":24736,"comment_status":"open","ping_status":"open","sticky":false,"template":"","format":"standard","meta":{"nf_dc_page":"","jetpack_post_was_ever_published":false,"_jetpack_newsletter_access":"","_jetpack_dont_email_post_to_subs":false,"_jetpack_newsletter_tier_id":0,"_jetpack_memberships_contains_paywalled_content":false,"_jetpack_memberships_contains_paid_content":false,"footnotes":"","jetpack_publicize_message":"","jetpack_publicize_feature_enabled":true,"jetpack_social_post_already_shared":true,"jetpack_social_options":{"image_generator_settings":{"template":"highway","default_image_id":0,"font":"","enabled":false},"version":2}},"categories":[102],"tags":[],"class_list":["post-24734","post","type-post","status-publish","format-standard","has-post-thumbnail","hentry","category-santo-domingo"],"yoast_head":"<!-- This site is optimized with the Yoast SEO plugin v27.4 - https:\/\/yoast.com\/product\/yoast-seo-wordpress\/ -->\n<title>ASALTO | \u00bfD\u00f3nde est\u00e1 el oro?: due\u00f1o de joyer\u00eda dice no ganar nada si matan o apresan acusados de asalto - Minuto Cero RD<\/title>\n<meta name=\"robots\" content=\"index, follow, max-snippet:-1, max-image-preview:large, max-video-preview:-1\" \/>\n<link rel=\"canonical\" href=\"https:\/\/minutocerord.com\/?p=24734\" \/>\n<meta property=\"og:locale\" content=\"es_ES\" \/>\n<meta property=\"og:type\" content=\"article\" \/>\n<meta property=\"og:title\" content=\"ASALTO | \u00bfD\u00f3nde est\u00e1 el oro?: due\u00f1o de joyer\u00eda dice no ganar nada si matan o apresan acusados de asalto - Minuto Cero RD\" \/>\n<meta property=\"og:description\" content=\"SANTO DOMINGO, RD. \u2014 \u201cT\u00fa no ganas nada con que lo maten o est\u00e9n presos; lo importante es dar con el paradero de ese oro\u201d, expres\u00f3 Abraham Corpor\u00e1n, propietario de la joyer\u00eda Popi Oro, asaltada el pasado domingo en el sector Cristo Rey, al referirse a su principal preocupaci\u00f3n tras el robo ocurrido en su [&hellip;]\" \/>\n<meta property=\"og:url\" content=\"https:\/\/minutocerord.com\/?p=24734\" \/>\n<meta property=\"og:site_name\" content=\"Minuto Cero RD\" \/>\n<meta property=\"article:publisher\" content=\"https:\/\/www.facebook.com\/Genofnotes\" \/>\n<meta property=\"article:author\" content=\"https:\/\/www.facebook.com\/Genofnotes\" \/>\n<meta property=\"article:published_time\" content=\"2026-03-15T03:56:54+00:00\" \/>\n<meta name=\"author\" content=\"Genof\u00f3ntes Urb\u00e1ez\" \/>\n<meta name=\"twitter:card\" content=\"summary_large_image\" \/>\n<meta name=\"twitter:label1\" content=\"Written by\" \/>\n\t<meta name=\"twitter:data1\" content=\"Genof\u00f3ntes Urb\u00e1ez\" \/>\n\t<meta name=\"twitter:label2\" content=\"Est. reading time\" \/>\n\t<meta name=\"twitter:data2\" content=\"1 minuto\" \/>\n<script type=\"application\/ld+json\" class=\"yoast-schema-graph\">{\"@context\":\"https:\\\/\\\/schema.org\",\"@graph\":[{\"@type\":\"Article\",\"@id\":\"https:\\\/\\\/minutocerord.com\\\/?p=24734#article\",\"isPartOf\":{\"@id\":\"https:\\\/\\\/minutocerord.com\\\/?p=24734\"},\"author\":{\"name\":\"Genof\u00f3ntes Urb\u00e1ez\",\"@id\":\"https:\\\/\\\/minutocerord.com\\\/#\\\/schema\\\/person\\\/60b5372d60aaa0a5171fb6488be9aee6\"},\"headline\":\"ASALTO | \u00bfD\u00f3nde est\u00e1 el oro?: due\u00f1o de joyer\u00eda dice no ganar nada si matan o apresan acusados de asalto\",\"datePublished\":\"2026-03-15T03:56:54+00:00\",\"mainEntityOfPage\":{\"@id\":\"https:\\\/\\\/minutocerord.com\\\/?p=24734\"},\"wordCount\":299,\"commentCount\":0,\"publisher\":{\"@id\":\"https:\\\/\\\/minutocerord.com\\\/#\\\/schema\\\/person\\\/60b5372d60aaa0a5171fb6488be9aee6\"},\"image\":{\"@id\":\"https:\\\/\\\/minutocerord.com\\\/?p=24734#primaryimage\"},\"thumbnailUrl\":\"https:\\\/\\\/i0.wp.com\\\/minutocerord.com\\\/wp-content\\\/uploads\\\/2026\\\/03\\\/Screenshot-2026-03-15-0733162222222222222222222222222222222222222222.jpg?fit=1655%2C841&ssl=1\",\"articleSection\":[\"Santo Domingo\"],\"inLanguage\":\"es-DO\",\"potentialAction\":[{\"@type\":\"CommentAction\",\"name\":\"Comment\",\"target\":[\"https:\\\/\\\/minutocerord.com\\\/?p=24734#respond\"]}]},{\"@type\":\"WebPage\",\"@id\":\"https:\\\/\\\/minutocerord.com\\\/?p=24734\",\"url\":\"https:\\\/\\\/minutocerord.com\\\/?p=24734\",\"name\":\"ASALTO | \u00bfD\u00f3nde est\u00e1 el oro?: due\u00f1o de joyer\u00eda dice no ganar nada si matan o apresan acusados de asalto - Minuto Cero RD\",\"isPartOf\":{\"@id\":\"https:\\\/\\\/minutocerord.com\\\/#website\"},\"primaryImageOfPage\":{\"@id\":\"https:\\\/\\\/minutocerord.com\\\/?p=24734#primaryimage\"},\"image\":{\"@id\":\"https:\\\/\\\/minutocerord.com\\\/?p=24734#primaryimage\"},\"thumbnailUrl\":\"https:\\\/\\\/i0.wp.com\\\/minutocerord.com\\\/wp-content\\\/uploads\\\/2026\\\/03\\\/Screenshot-2026-03-15-0733162222222222222222222222222222222222222222.jpg?fit=1655%2C841&ssl=1\",\"datePublished\":\"2026-03-15T03:56:54+00:00\",\"breadcrumb\":{\"@id\":\"https:\\\/\\\/minutocerord.com\\\/?p=24734#breadcrumb\"},\"inLanguage\":\"es-DO\",\"potentialAction\":[{\"@type\":\"ReadAction\",\"target\":[\"https:\\\/\\\/minutocerord.com\\\/?p=24734\"]}]},{\"@type\":\"ImageObject\",\"inLanguage\":\"es-DO\",\"@id\":\"https:\\\/\\\/minutocerord.com\\\/?p=24734#primaryimage\",\"url\":\"https:\\\/\\\/i0.wp.com\\\/minutocerord.com\\\/wp-content\\\/uploads\\\/2026\\\/03\\\/Screenshot-2026-03-15-0733162222222222222222222222222222222222222222.jpg?fit=1655%2C841&ssl=1\",\"contentUrl\":\"https:\\\/\\\/i0.wp.com\\\/minutocerord.com\\\/wp-content\\\/uploads\\\/2026\\\/03\\\/Screenshot-2026-03-15-0733162222222222222222222222222222222222222222.jpg?fit=1655%2C841&ssl=1\",\"width\":1655,\"height\":841},{\"@type\":\"BreadcrumbList\",\"@id\":\"https:\\\/\\\/minutocerord.com\\\/?p=24734#breadcrumb\",\"itemListElement\":[{\"@type\":\"ListItem\",\"position\":1,\"name\":\"Home\",\"item\":\"https:\\\/\\\/minutocerord.com\\\/\"},{\"@type\":\"ListItem\",\"position\":2,\"name\":\"ASALTO | \u00bfD\u00f3nde est\u00e1 el oro?: due\u00f1o de joyer\u00eda dice no ganar nada si matan o apresan acusados de asalto\"}]},{\"@type\":\"WebSite\",\"@id\":\"https:\\\/\\\/minutocerord.com\\\/#website\",\"url\":\"https:\\\/\\\/minutocerord.com\\\/\",\"name\":\"Minuto Cero RD\",\"description\":\"Periodismo serio y veraz\",\"publisher\":{\"@id\":\"https:\\\/\\\/minutocerord.com\\\/#\\\/schema\\\/person\\\/60b5372d60aaa0a5171fb6488be9aee6\"},\"potentialAction\":[{\"@type\":\"SearchAction\",\"target\":{\"@type\":\"EntryPoint\",\"urlTemplate\":\"https:\\\/\\\/minutocerord.com\\\/?s={search_term_string}\"},\"query-input\":{\"@type\":\"PropertyValueSpecification\",\"valueRequired\":true,\"valueName\":\"search_term_string\"}}],\"inLanguage\":\"es-DO\"},{\"@type\":[\"Person\",\"Organization\"],\"@id\":\"https:\\\/\\\/minutocerord.com\\\/#\\\/schema\\\/person\\\/60b5372d60aaa0a5171fb6488be9aee6\",\"name\":\"Genof\u00f3ntes Urb\u00e1ez\",\"image\":{\"@type\":\"ImageObject\",\"inLanguage\":\"es-DO\",\"@id\":\"https:\\\/\\\/secure.gravatar.com\\\/avatar\\\/a49ef3186a692098ac3e8a1612261e3ad70cf9e44553dff2929e67939a0ecb9d?s=96&d=identicon&r=g\",\"url\":\"https:\\\/\\\/secure.gravatar.com\\\/avatar\\\/a49ef3186a692098ac3e8a1612261e3ad70cf9e44553dff2929e67939a0ecb9d?s=96&d=identicon&r=g\",\"contentUrl\":\"https:\\\/\\\/secure.gravatar.com\\\/avatar\\\/a49ef3186a692098ac3e8a1612261e3ad70cf9e44553dff2929e67939a0ecb9d?s=96&d=identicon&r=g\",\"caption\":\"Genof\u00f3ntes Urb\u00e1ez\"},\"logo\":{\"@id\":\"https:\\\/\\\/secure.gravatar.com\\\/avatar\\\/a49ef3186a692098ac3e8a1612261e3ad70cf9e44553dff2929e67939a0ecb9d?s=96&d=identicon&r=g\"},\"description\":\"Periodista \\\/ Locutor\",\"sameAs\":[\"https:\\\/\\\/www.facebook.com\\\/Genofnotes\",\"https:\\\/\\\/www.instagram.com\\\/genofnotes\\\/\"]}]}<\/script>\n<!-- \/ Yoast SEO plugin. -->","yoast_head_json":{"title":"ASALTO | \u00bfD\u00f3nde est\u00e1 el oro?: due\u00f1o de joyer\u00eda dice no ganar nada si matan o apresan acusados de asalto - Minuto Cero RD","robots":{"index":"index","follow":"follow","max-snippet":"max-snippet:-1","max-image-preview":"max-image-preview:large","max-video-preview":"max-video-preview:-1"},"canonical":"https:\/\/minutocerord.com\/?p=24734","og_locale":"es_ES","og_type":"article","og_title":"ASALTO | \u00bfD\u00f3nde est\u00e1 el oro?: due\u00f1o de joyer\u00eda dice no ganar nada si matan o apresan acusados de asalto - Minuto Cero RD","og_description":"SANTO DOMINGO, RD. \u2014 \u201cT\u00fa no ganas nada con que lo maten o est\u00e9n presos; lo importante es dar con el paradero de ese oro\u201d, expres\u00f3 Abraham Corpor\u00e1n, propietario de la joyer\u00eda Popi Oro, asaltada el pasado domingo en el sector Cristo Rey, al referirse a su principal preocupaci\u00f3n tras el robo ocurrido en su [&hellip;]","og_url":"https:\/\/minutocerord.com\/?p=24734","og_site_name":"Minuto Cero RD","article_publisher":"https:\/\/www.facebook.com\/Genofnotes","article_author":"https:\/\/www.facebook.com\/Genofnotes","article_published_time":"2026-03-15T03:56:54+00:00","author":"Genof\u00f3ntes Urb\u00e1ez","twitter_card":"summary_large_image","twitter_misc":{"Written by":"Genof\u00f3ntes Urb\u00e1ez","Est. reading time":"1 minuto"},"schema":{"@context":"https:\/\/schema.org","@graph":[{"@type":"Article","@id":"https:\/\/minutocerord.com\/?p=24734#article","isPartOf":{"@id":"https:\/\/minutocerord.com\/?p=24734"},"author":{"name":"Genof\u00f3ntes Urb\u00e1ez","@id":"https:\/\/minutocerord.com\/#\/schema\/person\/60b5372d60aaa0a5171fb6488be9aee6"},"headline":"ASALTO | \u00bfD\u00f3nde est\u00e1 el oro?: due\u00f1o de joyer\u00eda dice no ganar nada si matan o apresan acusados de asalto","datePublished":"2026-03-15T03:56:54+00:00","mainEntityOfPage":{"@id":"https:\/\/minutocerord.com\/?p=24734"},"wordCount":299,"commentCount":0,"publisher":{"@id":"https:\/\/minutocerord.com\/#\/schema\/person\/60b5372d60aaa0a5171fb6488be9aee6"},"image":{"@id":"https:\/\/minutocerord.com\/?p=24734#primaryimage"},"thumbnailUrl":"https:\/\/i0.wp.com\/minutocerord.com\/wp-content\/uploads\/2026\/03\/Screenshot-2026-03-15-0733162222222222222222222222222222222222222222.jpg?fit=1655%2C841&ssl=1","articleSection":["Santo Domingo"],"inLanguage":"es-DO","potentialAction":[{"@type":"CommentAction","name":"Comment","target":["https:\/\/minutocerord.com\/?p=24734#respond"]}]},{"@type":"WebPage","@id":"https:\/\/minutocerord.com\/?p=24734","url":"https:\/\/minutocerord.com\/?p=24734","name":"ASALTO | \u00bfD\u00f3nde est\u00e1 el oro?: due\u00f1o de joyer\u00eda dice no ganar nada si matan o apresan acusados de asalto - Minuto Cero RD","isPartOf":{"@id":"https:\/\/minutocerord.com\/#website"},"primaryImageOfPage":{"@id":"https:\/\/minutocerord.com\/?p=24734#primaryimage"},"image":{"@id":"https:\/\/minutocerord.com\/?p=24734#primaryimage"},"thumbnailUrl":"https:\/\/i0.wp.com\/minutocerord.com\/wp-content\/uploads\/2026\/03\/Screenshot-2026-03-15-0733162222222222222222222222222222222222222222.jpg?fit=1655%2C841&ssl=1","datePublished":"2026-03-15T03:56:54+00:00","breadcrumb":{"@id":"https:\/\/minutocerord.com\/?p=24734#breadcrumb"},"inLanguage":"es-DO","potentialAction":[{"@type":"ReadAction","target":["https:\/\/minutocerord.com\/?p=24734"]}]},{"@type":"ImageObject","inLanguage":"es-DO","@id":"https:\/\/minutocerord.com\/?p=24734#primaryimage","url":"https:\/\/i0.wp.com\/minutocerord.com\/wp-content\/uploads\/2026\/03\/Screenshot-2026-03-15-0733162222222222222222222222222222222222222222.jpg?fit=1655%2C841&ssl=1","contentUrl":"https:\/\/i0.wp.com\/minutocerord.com\/wp-content\/uploads\/2026\/03\/Screenshot-2026-03-15-0733162222222222222222222222222222222222222222.jpg?fit=1655%2C841&ssl=1","width":1655,"height":841},{"@type":"BreadcrumbList","@id":"https:\/\/minutocerord.com\/?p=24734#breadcrumb","itemListElement":[{"@type":"ListItem","position":1,"name":"Home","item":"https:\/\/minutocerord.com\/"},{"@type":"ListItem","position":2,"name":"ASALTO | \u00bfD\u00f3nde est\u00e1 el oro?: due\u00f1o de joyer\u00eda dice no ganar nada si matan o apresan acusados de asalto"}]},{"@type":"WebSite","@id":"https:\/\/minutocerord.com\/#website","url":"https:\/\/minutocerord.com\/","name":"Minuto Cero RD","description":"Periodismo serio y veraz","publisher":{"@id":"https:\/\/minutocerord.com\/#\/schema\/person\/60b5372d60aaa0a5171fb6488be9aee6"},"potentialAction":[{"@type":"SearchAction","target":{"@type":"EntryPoint","urlTemplate":"https:\/\/minutocerord.com\/?s={search_term_string}"},"query-input":{"@type":"PropertyValueSpecification","valueRequired":true,"valueName":"search_term_string"}}],"inLanguage":"es-DO"},{"@type":["Person","Organization"],"@id":"https:\/\/minutocerord.com\/#\/schema\/person\/60b5372d60aaa0a5171fb6488be9aee6","name":"Genof\u00f3ntes Urb\u00e1ez","image":{"@type":"ImageObject","inLanguage":"es-DO","@id":"https:\/\/secure.gravatar.com\/avatar\/a49ef3186a692098ac3e8a1612261e3ad70cf9e44553dff2929e67939a0ecb9d?s=96&d=identicon&r=g","url":"https:\/\/secure.gravatar.com\/avatar\/a49ef3186a692098ac3e8a1612261e3ad70cf9e44553dff2929e67939a0ecb9d?s=96&d=identicon&r=g","contentUrl":"https:\/\/secure.gravatar.com\/avatar\/a49ef3186a692098ac3e8a1612261e3ad70cf9e44553dff2929e67939a0ecb9d?s=96&d=identicon&r=g","caption":"Genof\u00f3ntes Urb\u00e1ez"},"logo":{"@id":"https:\/\/secure.gravatar.com\/avatar\/a49ef3186a692098ac3e8a1612261e3ad70cf9e44553dff2929e67939a0ecb9d?s=96&d=identicon&r=g"},"description":"Periodista \/ Locutor","sameAs":["https:\/\/www.facebook.com\/Genofnotes","https:\/\/www.instagram.com\/genofnotes\/"]}]}},"jetpack_publicize_connections":[],"jetpack_featured_media_url":"https:\/\/i0.wp.com\/minutocerord.com\/wp-content\/uploads\/2026\/03\/Screenshot-2026-03-15-0733162222222222222222222222222222222222222222.jpg?fit=1655%2C841&ssl=1","jetpack-related-posts":[],"jetpack_sharing_enabled":true,"_links":{"self":[{"href":"https:\/\/minutocerord.com\/index.php?rest_route=\/wp\/v2\/posts\/24734","targetHints":{"allow":["GET"]}}],"collection":[{"href":"https:\/\/minutocerord.com\/index.php?rest_route=\/wp\/v2\/posts"}],"about":[{"href":"https:\/\/minutocerord.com\/index.php?rest_route=\/wp\/v2\/types\/post"}],"author":[{"embeddable":true,"href":"https:\/\/minutocerord.com\/index.php?rest_route=\/wp\/v2\/users\/1"}],"replies":[{"embeddable":true,"href":"https:\/\/minutocerord.com\/index.php?rest_route=%2Fwp%2Fv2%2Fcomments&post=24734"}],"version-history":[{"count":1,"href":"https:\/\/minutocerord.com\/index.php?rest_route=\/wp\/v2\/posts\/24734\/revisions"}],"predecessor-version":[{"id":24737,"href":"https:\/\/minutocerord.com\/index.php?rest_route=\/wp\/v2\/posts\/24734\/revisions\/24737"}],"wp:featuredmedia":[{"embeddable":true,"href":"https:\/\/minutocerord.com\/index.php?rest_route=\/wp\/v2\/media\/24736"}],"wp:attachment":[{"href":"https:\/\/minutocerord.com\/index.php?rest_route=%2Fwp%2Fv2%2Fmedia&parent=24734"}],"wp:term":[{"taxonomy":"category","embeddable":true,"href":"https:\/\/minutocerord.com\/index.php?rest_route=%2Fwp%2Fv2%2Fcategories&post=24734"},{"taxonomy":"post_tag","embeddable":true,"href":"https:\/\/minutocerord.com\/index.php?rest_route=%2Fwp%2Fv2%2Ftags&post=24734"}],"curies":[{"name":"wp","href":"https:\/\/api.w.org\/{rel}","templated":true}]}}