{"id":24755,"date":"2026-03-15T23:08:04","date_gmt":"2026-03-16T03:08:04","guid":{"rendered":"https:\/\/minutocerord.com\/?p=24755"},"modified":"2026-03-15T23:08:04","modified_gmt":"2026-03-16T03:08:04","slug":"mirex-video-agradece-libertad-de-piloto-dominicano-apresado-en-guinea","status":"publish","type":"post","link":"https:\/\/minutocerord.com\/?p=24755","title":{"rendered":"MIREX | Video: Agradece libertad de piloto dominicano apresado en Guinea"},"content":{"rendered":"\n<figure class=\"wp-embed-aspect-16-9 wp-has-aspect-ratio wp-block-embed is-type-video is-provider-youtube wp-block-embed-youtube\"><div class=\"wp-block-embed__wrapper\">\n<iframe loading=\"lazy\" title=\"Canciller\u00eda saluda la puesta en libertad condicional del piloto dominicano prisionero en Guinea\" width=\"640\" height=\"360\" src=\"https:\/\/www.youtube.com\/embed\/PyJiG-q6oWU?feature=oembed\" frameborder=\"0\" allow=\"accelerometer; autoplay; clipboard-write; encrypted-media; gyroscope; picture-in-picture; web-share\" referrerpolicy=\"strict-origin-when-cross-origin\" allowfullscreen><\/iframe>\n<\/div><\/figure>\n\n\n\n<p class=\"\"><a href=\"https:\/\/almomento.net\/wp-content\/uploads\/2026\/03\/Untitled-7.jpg\"><\/a><strong>Santo Domingo, RD (EFE).- <\/strong>El Ministerio de Relaciones Exteriores salud\u00f3 la puesta en libertad condicional el viernes, por parte de las autoridades judiciales de Guinea, del piloto dominicano-estadounidense Fabio Espinal N\u00fa\u00f1ez y su colega estadounidense Bradkley Scott, que estaban en prisi\u00f3n en Conakri, capital de Guinea, desde el 28 de diciembre de 2025.<\/p>\n\n\n\n<p class=\"\">Desde su detenci\u00f3n, el Ministerio de Relaciones Exteriores estuvo en contacto con el piloto dominicano, sus familiares m\u00e1s cercanos, especialmente su padre, y sus abogados en Guinea y Rep\u00fablica Dominicana, dijo la Canciller\u00eda en una escueta nota.<\/p>\n\n\n\n<p class=\"\">\u00abAsimismo, se realizaron gestiones diplom\u00e1ticas a trav\u00e9s de varias embajadas dominicanas, con miras a ofrecerle la debida asistencia consular, el respeto al debido proceso y la protecci\u00f3n de sus derechos fundamentales\u00bb, a\u00f1adi\u00f3 el organismo.<\/p>\n\n\n\n<p class=\"\">Espinal N\u00fa\u00f1ez y Scott Schlenke estuvieron recluidos tras ser acusados de violar el espacio a\u00e9reo de Guinea durante una parada t\u00e9cnica para reabastecer combustible.<\/p>\n\n\n\n<p class=\"\">Ambos pilotaban un jet privado que transportaba a una familia brasile\u00f1a de cinco miembros, incluidos dos ni\u00f1os, en un vuelo desde Surinam a Dub\u00e1i.EFE<\/p>\n","protected":false},"excerpt":{"rendered":"<p>Santo Domingo, RD (EFE).- El Ministerio de Relaciones Exteriores salud\u00f3 la puesta en libertad condicional el viernes, por parte de las autoridades judiciales de Guinea, del piloto dominicano-estadounidense Fabio Espinal N\u00fa\u00f1ez y su colega estadounidense Bradkley Scott, que estaban en prisi\u00f3n en Conakri, capital de Guinea, desde el 28 de diciembre de 2025. Desde su [&hellip;]<\/p>\n","protected":false},"author":1,"featured_media":24757,"comment_status":"open","ping_status":"open","sticky":false,"template":"","format":"standard","meta":{"nf_dc_page":"","jetpack_post_was_ever_published":false,"_jetpack_newsletter_access":"","_jetpack_dont_email_post_to_subs":false,"_jetpack_newsletter_tier_id":0,"_jetpack_memberships_contains_paywalled_content":false,"_jetpack_memberships_contains_paid_content":false,"footnotes":"","jetpack_publicize_message":"","jetpack_publicize_feature_enabled":true,"jetpack_social_post_already_shared":true,"jetpack_social_options":{"image_generator_settings":{"template":"highway","default_image_id":0,"font":"","enabled":false},"version":2}},"categories":[65],"tags":[],"class_list":["post-24755","post","type-post","status-publish","format-standard","has-post-thumbnail","hentry","category-nacionales"],"yoast_head":"<!-- This site is optimized with the Yoast SEO plugin v27.5 - https:\/\/yoast.com\/product\/yoast-seo-wordpress\/ -->\n<title>MIREX | Video: Agradece libertad de piloto dominicano apresado en Guinea - Minuto Cero RD<\/title>\n<meta name=\"robots\" content=\"index, follow, max-snippet:-1, max-image-preview:large, max-video-preview:-1\" \/>\n<link rel=\"canonical\" href=\"https:\/\/minutocerord.com\/?p=24755\" \/>\n<meta property=\"og:locale\" content=\"es_ES\" \/>\n<meta property=\"og:type\" content=\"article\" \/>\n<meta property=\"og:title\" content=\"MIREX | Video: Agradece libertad de piloto dominicano apresado en Guinea - Minuto Cero RD\" \/>\n<meta property=\"og:description\" content=\"Santo Domingo, RD (EFE).- El Ministerio de Relaciones Exteriores salud\u00f3 la puesta en libertad condicional el viernes, por parte de las autoridades judiciales de Guinea, del piloto dominicano-estadounidense Fabio Espinal N\u00fa\u00f1ez y su colega estadounidense Bradkley Scott, que estaban en prisi\u00f3n en Conakri, capital de Guinea, desde el 28 de diciembre de 2025. Desde su [&hellip;]\" \/>\n<meta property=\"og:url\" content=\"https:\/\/minutocerord.com\/?p=24755\" \/>\n<meta property=\"og:site_name\" content=\"Minuto Cero RD\" \/>\n<meta property=\"article:publisher\" content=\"https:\/\/www.facebook.com\/Genofnotes\" \/>\n<meta property=\"article:author\" content=\"https:\/\/www.facebook.com\/Genofnotes\" \/>\n<meta property=\"article:published_time\" content=\"2026-03-16T03:08:04+00:00\" \/>\n<meta name=\"author\" content=\"Genof\u00f3ntes Urb\u00e1ez\" \/>\n<meta name=\"twitter:card\" content=\"summary_large_image\" \/>\n<meta name=\"twitter:label1\" content=\"Written by\" \/>\n\t<meta name=\"twitter:data1\" content=\"Genof\u00f3ntes Urb\u00e1ez\" \/>\n\t<meta name=\"twitter:label2\" content=\"Est. reading time\" \/>\n\t<meta name=\"twitter:data2\" content=\"1 minuto\" \/>\n<script type=\"application\/ld+json\" class=\"yoast-schema-graph\">{\"@context\":\"https:\\\/\\\/schema.org\",\"@graph\":[{\"@type\":\"Article\",\"@id\":\"https:\\\/\\\/minutocerord.com\\\/?p=24755#article\",\"isPartOf\":{\"@id\":\"https:\\\/\\\/minutocerord.com\\\/?p=24755\"},\"author\":{\"name\":\"Genof\u00f3ntes Urb\u00e1ez\",\"@id\":\"https:\\\/\\\/minutocerord.com\\\/#\\\/schema\\\/person\\\/60b5372d60aaa0a5171fb6488be9aee6\"},\"headline\":\"MIREX | Video: Agradece libertad de piloto dominicano apresado en Guinea\",\"datePublished\":\"2026-03-16T03:08:04+00:00\",\"mainEntityOfPage\":{\"@id\":\"https:\\\/\\\/minutocerord.com\\\/?p=24755\"},\"wordCount\":203,\"commentCount\":0,\"publisher\":{\"@id\":\"https:\\\/\\\/minutocerord.com\\\/#\\\/schema\\\/person\\\/60b5372d60aaa0a5171fb6488be9aee6\"},\"image\":{\"@id\":\"https:\\\/\\\/minutocerord.com\\\/?p=24755#primaryimage\"},\"thumbnailUrl\":\"https:\\\/\\\/i0.wp.com\\\/minutocerord.com\\\/wp-content\\\/uploads\\\/2026\\\/03\\\/Untitled-7-1.jpg?fit=854%2C594&ssl=1\",\"articleSection\":[\"Nacionales\"],\"inLanguage\":\"es-DO\",\"potentialAction\":[{\"@type\":\"CommentAction\",\"name\":\"Comment\",\"target\":[\"https:\\\/\\\/minutocerord.com\\\/?p=24755#respond\"]}]},{\"@type\":\"WebPage\",\"@id\":\"https:\\\/\\\/minutocerord.com\\\/?p=24755\",\"url\":\"https:\\\/\\\/minutocerord.com\\\/?p=24755\",\"name\":\"MIREX | Video: Agradece libertad de piloto dominicano apresado en Guinea - Minuto Cero RD\",\"isPartOf\":{\"@id\":\"https:\\\/\\\/minutocerord.com\\\/#website\"},\"primaryImageOfPage\":{\"@id\":\"https:\\\/\\\/minutocerord.com\\\/?p=24755#primaryimage\"},\"image\":{\"@id\":\"https:\\\/\\\/minutocerord.com\\\/?p=24755#primaryimage\"},\"thumbnailUrl\":\"https:\\\/\\\/i0.wp.com\\\/minutocerord.com\\\/wp-content\\\/uploads\\\/2026\\\/03\\\/Untitled-7-1.jpg?fit=854%2C594&ssl=1\",\"datePublished\":\"2026-03-16T03:08:04+00:00\",\"breadcrumb\":{\"@id\":\"https:\\\/\\\/minutocerord.com\\\/?p=24755#breadcrumb\"},\"inLanguage\":\"es-DO\",\"potentialAction\":[{\"@type\":\"ReadAction\",\"target\":[\"https:\\\/\\\/minutocerord.com\\\/?p=24755\"]}]},{\"@type\":\"ImageObject\",\"inLanguage\":\"es-DO\",\"@id\":\"https:\\\/\\\/minutocerord.com\\\/?p=24755#primaryimage\",\"url\":\"https:\\\/\\\/i0.wp.com\\\/minutocerord.com\\\/wp-content\\\/uploads\\\/2026\\\/03\\\/Untitled-7-1.jpg?fit=854%2C594&ssl=1\",\"contentUrl\":\"https:\\\/\\\/i0.wp.com\\\/minutocerord.com\\\/wp-content\\\/uploads\\\/2026\\\/03\\\/Untitled-7-1.jpg?fit=854%2C594&ssl=1\",\"width\":854,\"height\":594,\"caption\":\"Fabio Nicol\u00e1s Espinal N\u00fa\u00f1ez\"},{\"@type\":\"BreadcrumbList\",\"@id\":\"https:\\\/\\\/minutocerord.com\\\/?p=24755#breadcrumb\",\"itemListElement\":[{\"@type\":\"ListItem\",\"position\":1,\"name\":\"Home\",\"item\":\"https:\\\/\\\/minutocerord.com\\\/\"},{\"@type\":\"ListItem\",\"position\":2,\"name\":\"MIREX | Video: Agradece libertad de piloto dominicano apresado en Guinea\"}]},{\"@type\":\"WebSite\",\"@id\":\"https:\\\/\\\/minutocerord.com\\\/#website\",\"url\":\"https:\\\/\\\/minutocerord.com\\\/\",\"name\":\"Minuto Cero RD\",\"description\":\"Periodismo serio y veraz\",\"publisher\":{\"@id\":\"https:\\\/\\\/minutocerord.com\\\/#\\\/schema\\\/person\\\/60b5372d60aaa0a5171fb6488be9aee6\"},\"potentialAction\":[{\"@type\":\"SearchAction\",\"target\":{\"@type\":\"EntryPoint\",\"urlTemplate\":\"https:\\\/\\\/minutocerord.com\\\/?s={search_term_string}\"},\"query-input\":{\"@type\":\"PropertyValueSpecification\",\"valueRequired\":true,\"valueName\":\"search_term_string\"}}],\"inLanguage\":\"es-DO\"},{\"@type\":[\"Person\",\"Organization\"],\"@id\":\"https:\\\/\\\/minutocerord.com\\\/#\\\/schema\\\/person\\\/60b5372d60aaa0a5171fb6488be9aee6\",\"name\":\"Genof\u00f3ntes Urb\u00e1ez\",\"image\":{\"@type\":\"ImageObject\",\"inLanguage\":\"es-DO\",\"@id\":\"https:\\\/\\\/secure.gravatar.com\\\/avatar\\\/a49ef3186a692098ac3e8a1612261e3ad70cf9e44553dff2929e67939a0ecb9d?s=96&d=identicon&r=g\",\"url\":\"https:\\\/\\\/secure.gravatar.com\\\/avatar\\\/a49ef3186a692098ac3e8a1612261e3ad70cf9e44553dff2929e67939a0ecb9d?s=96&d=identicon&r=g\",\"contentUrl\":\"https:\\\/\\\/secure.gravatar.com\\\/avatar\\\/a49ef3186a692098ac3e8a1612261e3ad70cf9e44553dff2929e67939a0ecb9d?s=96&d=identicon&r=g\",\"caption\":\"Genof\u00f3ntes Urb\u00e1ez\"},\"logo\":{\"@id\":\"https:\\\/\\\/secure.gravatar.com\\\/avatar\\\/a49ef3186a692098ac3e8a1612261e3ad70cf9e44553dff2929e67939a0ecb9d?s=96&d=identicon&r=g\"},\"description\":\"Periodista \\\/ Locutor\",\"sameAs\":[\"https:\\\/\\\/www.facebook.com\\\/Genofnotes\",\"https:\\\/\\\/www.instagram.com\\\/genofnotes\\\/\"]}]}<\/script>\n<!-- \/ Yoast SEO plugin. -->","yoast_head_json":{"title":"MIREX | Video: Agradece libertad de piloto dominicano apresado en Guinea - Minuto Cero RD","robots":{"index":"index","follow":"follow","max-snippet":"max-snippet:-1","max-image-preview":"max-image-preview:large","max-video-preview":"max-video-preview:-1"},"canonical":"https:\/\/minutocerord.com\/?p=24755","og_locale":"es_ES","og_type":"article","og_title":"MIREX | Video: Agradece libertad de piloto dominicano apresado en Guinea - Minuto Cero RD","og_description":"Santo Domingo, RD (EFE).- El Ministerio de Relaciones Exteriores salud\u00f3 la puesta en libertad condicional el viernes, por parte de las autoridades judiciales de Guinea, del piloto dominicano-estadounidense Fabio Espinal N\u00fa\u00f1ez y su colega estadounidense Bradkley Scott, que estaban en prisi\u00f3n en Conakri, capital de Guinea, desde el 28 de diciembre de 2025. Desde su [&hellip;]","og_url":"https:\/\/minutocerord.com\/?p=24755","og_site_name":"Minuto Cero RD","article_publisher":"https:\/\/www.facebook.com\/Genofnotes","article_author":"https:\/\/www.facebook.com\/Genofnotes","article_published_time":"2026-03-16T03:08:04+00:00","author":"Genof\u00f3ntes Urb\u00e1ez","twitter_card":"summary_large_image","twitter_misc":{"Written by":"Genof\u00f3ntes Urb\u00e1ez","Est. reading time":"1 minuto"},"schema":{"@context":"https:\/\/schema.org","@graph":[{"@type":"Article","@id":"https:\/\/minutocerord.com\/?p=24755#article","isPartOf":{"@id":"https:\/\/minutocerord.com\/?p=24755"},"author":{"name":"Genof\u00f3ntes Urb\u00e1ez","@id":"https:\/\/minutocerord.com\/#\/schema\/person\/60b5372d60aaa0a5171fb6488be9aee6"},"headline":"MIREX | Video: Agradece libertad de piloto dominicano apresado en Guinea","datePublished":"2026-03-16T03:08:04+00:00","mainEntityOfPage":{"@id":"https:\/\/minutocerord.com\/?p=24755"},"wordCount":203,"commentCount":0,"publisher":{"@id":"https:\/\/minutocerord.com\/#\/schema\/person\/60b5372d60aaa0a5171fb6488be9aee6"},"image":{"@id":"https:\/\/minutocerord.com\/?p=24755#primaryimage"},"thumbnailUrl":"https:\/\/i0.wp.com\/minutocerord.com\/wp-content\/uploads\/2026\/03\/Untitled-7-1.jpg?fit=854%2C594&ssl=1","articleSection":["Nacionales"],"inLanguage":"es-DO","potentialAction":[{"@type":"CommentAction","name":"Comment","target":["https:\/\/minutocerord.com\/?p=24755#respond"]}]},{"@type":"WebPage","@id":"https:\/\/minutocerord.com\/?p=24755","url":"https:\/\/minutocerord.com\/?p=24755","name":"MIREX | Video: Agradece libertad de piloto dominicano apresado en Guinea - Minuto Cero RD","isPartOf":{"@id":"https:\/\/minutocerord.com\/#website"},"primaryImageOfPage":{"@id":"https:\/\/minutocerord.com\/?p=24755#primaryimage"},"image":{"@id":"https:\/\/minutocerord.com\/?p=24755#primaryimage"},"thumbnailUrl":"https:\/\/i0.wp.com\/minutocerord.com\/wp-content\/uploads\/2026\/03\/Untitled-7-1.jpg?fit=854%2C594&ssl=1","datePublished":"2026-03-16T03:08:04+00:00","breadcrumb":{"@id":"https:\/\/minutocerord.com\/?p=24755#breadcrumb"},"inLanguage":"es-DO","potentialAction":[{"@type":"ReadAction","target":["https:\/\/minutocerord.com\/?p=24755"]}]},{"@type":"ImageObject","inLanguage":"es-DO","@id":"https:\/\/minutocerord.com\/?p=24755#primaryimage","url":"https:\/\/i0.wp.com\/minutocerord.com\/wp-content\/uploads\/2026\/03\/Untitled-7-1.jpg?fit=854%2C594&ssl=1","contentUrl":"https:\/\/i0.wp.com\/minutocerord.com\/wp-content\/uploads\/2026\/03\/Untitled-7-1.jpg?fit=854%2C594&ssl=1","width":854,"height":594,"caption":"Fabio Nicol\u00e1s Espinal N\u00fa\u00f1ez"},{"@type":"BreadcrumbList","@id":"https:\/\/minutocerord.com\/?p=24755#breadcrumb","itemListElement":[{"@type":"ListItem","position":1,"name":"Home","item":"https:\/\/minutocerord.com\/"},{"@type":"ListItem","position":2,"name":"MIREX | Video: Agradece libertad de piloto dominicano apresado en Guinea"}]},{"@type":"WebSite","@id":"https:\/\/minutocerord.com\/#website","url":"https:\/\/minutocerord.com\/","name":"Minuto Cero RD","description":"Periodismo serio y veraz","publisher":{"@id":"https:\/\/minutocerord.com\/#\/schema\/person\/60b5372d60aaa0a5171fb6488be9aee6"},"potentialAction":[{"@type":"SearchAction","target":{"@type":"EntryPoint","urlTemplate":"https:\/\/minutocerord.com\/?s={search_term_string}"},"query-input":{"@type":"PropertyValueSpecification","valueRequired":true,"valueName":"search_term_string"}}],"inLanguage":"es-DO"},{"@type":["Person","Organization"],"@id":"https:\/\/minutocerord.com\/#\/schema\/person\/60b5372d60aaa0a5171fb6488be9aee6","name":"Genof\u00f3ntes Urb\u00e1ez","image":{"@type":"ImageObject","inLanguage":"es-DO","@id":"https:\/\/secure.gravatar.com\/avatar\/a49ef3186a692098ac3e8a1612261e3ad70cf9e44553dff2929e67939a0ecb9d?s=96&d=identicon&r=g","url":"https:\/\/secure.gravatar.com\/avatar\/a49ef3186a692098ac3e8a1612261e3ad70cf9e44553dff2929e67939a0ecb9d?s=96&d=identicon&r=g","contentUrl":"https:\/\/secure.gravatar.com\/avatar\/a49ef3186a692098ac3e8a1612261e3ad70cf9e44553dff2929e67939a0ecb9d?s=96&d=identicon&r=g","caption":"Genof\u00f3ntes Urb\u00e1ez"},"logo":{"@id":"https:\/\/secure.gravatar.com\/avatar\/a49ef3186a692098ac3e8a1612261e3ad70cf9e44553dff2929e67939a0ecb9d?s=96&d=identicon&r=g"},"description":"Periodista \/ Locutor","sameAs":["https:\/\/www.facebook.com\/Genofnotes","https:\/\/www.instagram.com\/genofnotes\/"]}]}},"jetpack_publicize_connections":[],"jetpack_featured_media_url":"https:\/\/i0.wp.com\/minutocerord.com\/wp-content\/uploads\/2026\/03\/Untitled-7-1.jpg?fit=854%2C594&ssl=1","jetpack-related-posts":[],"jetpack_sharing_enabled":true,"_links":{"self":[{"href":"https:\/\/minutocerord.com\/index.php?rest_route=\/wp\/v2\/posts\/24755","targetHints":{"allow":["GET"]}}],"collection":[{"href":"https:\/\/minutocerord.com\/index.php?rest_route=\/wp\/v2\/posts"}],"about":[{"href":"https:\/\/minutocerord.com\/index.php?rest_route=\/wp\/v2\/types\/post"}],"author":[{"embeddable":true,"href":"https:\/\/minutocerord.com\/index.php?rest_route=\/wp\/v2\/users\/1"}],"replies":[{"embeddable":true,"href":"https:\/\/minutocerord.com\/index.php?rest_route=%2Fwp%2Fv2%2Fcomments&post=24755"}],"version-history":[{"count":1,"href":"https:\/\/minutocerord.com\/index.php?rest_route=\/wp\/v2\/posts\/24755\/revisions"}],"predecessor-version":[{"id":24758,"href":"https:\/\/minutocerord.com\/index.php?rest_route=\/wp\/v2\/posts\/24755\/revisions\/24758"}],"wp:featuredmedia":[{"embeddable":true,"href":"https:\/\/minutocerord.com\/index.php?rest_route=\/wp\/v2\/media\/24757"}],"wp:attachment":[{"href":"https:\/\/minutocerord.com\/index.php?rest_route=%2Fwp%2Fv2%2Fmedia&parent=24755"}],"wp:term":[{"taxonomy":"category","embeddable":true,"href":"https:\/\/minutocerord.com\/index.php?rest_route=%2Fwp%2Fv2%2Fcategories&post=24755"},{"taxonomy":"post_tag","embeddable":true,"href":"https:\/\/minutocerord.com\/index.php?rest_route=%2Fwp%2Fv2%2Ftags&post=24755"}],"curies":[{"name":"wp","href":"https:\/\/api.w.org\/{rel}","templated":true}]}}