{"id":24765,"date":"2026-03-18T00:14:05","date_gmt":"2026-03-18T04:14:05","guid":{"rendered":"https:\/\/minutocerord.com\/?p=24765"},"modified":"2026-03-18T00:14:05","modified_gmt":"2026-03-18T04:14:05","slug":"transporte-cerraran-9-dias-teleferico-sd-y-santiago-por-mantenimiento","status":"publish","type":"post","link":"https:\/\/minutocerord.com\/?p=24765","title":{"rendered":"TRANSPORTE | Cerrar\u00e1n 9 d\u00edas Telef\u00e9rico SD y Santiago por mantenimiento"},"content":{"rendered":"\n<p class=\"\"><strong>SANTO DOMINGO, RD.- <\/strong>Ser\u00e1n suspendidos de forma temporal el servicio de la L\u00ednea 1 del Telef\u00e9rico en Santo Domingo y Santiago durante nueve d\u00edas, inform\u00f3 la Empresa Metropolitana de Transporte (EMT).<\/p>\n\n\n\n<p class=\"\">Dijo que la medida corresponde al mantenimiento anual programado, con el objetivo de garantizar la seguridad y eficiencia del sistema.<\/p>\n\n\n\n<p class=\"\">En una nota de prensa, dijo&nbsp; que Santo Domingo, la suspensi\u00f3n ser\u00e1 desde el 27 de marzo hasta el 5 de abril y el servicio se reanudar\u00e1 en su horario regular el seis.<\/p>\n\n\n\n<p class=\"\">La instituci\u00f3n indic\u00f3 que, durante el per\u00edodo de cierre, se habilitar\u00e1 una ruta alterna de autobuses de la Oficina Metropolitana de Servicios de Autobuses (OMSA) para facilitar el traslado de los usuarios.<\/p>\n\n\n\n<p class=\"\"><strong>HORARIOS Y RUTAS ALTERNAS EN SANTIAGO<\/strong><\/p>\n\n\n\n<p class=\"\">El documento indica que en Santiago ser\u00e1 suspendido el servicio del 6 al 15 de abril y sus operaciones se restablecer\u00e1n el 16 de abril.<\/p>\n\n\n\n<p class=\"\">Tambi\u00e9n dispondr\u00e1n rutas alternas de la OMSA que conectar\u00e1n la Terminal Central con las estaciones Emiliano Tardif y Ren\u00e9e Klang de Guzm\u00e1n.<\/p>\n\n\n\n<p class=\"\">\u00abPedimos comprensi\u00f3n a los usuarios durante la ejecuci\u00f3n de estos trabajos y recomendamos planificar sus desplazamientos con anticipaci\u00f3n para evitar contratiempos\u00bb, se\u00f1al\u00f3.<\/p>\n","protected":false},"excerpt":{"rendered":"<p>SANTO DOMINGO, RD.- Ser\u00e1n suspendidos de forma temporal el servicio de la L\u00ednea 1 del Telef\u00e9rico en Santo Domingo y Santiago durante nueve d\u00edas, inform\u00f3 la Empresa Metropolitana de Transporte (EMT). Dijo que la medida corresponde al mantenimiento anual programado, con el objetivo de garantizar la seguridad y eficiencia del sistema. En una nota de [&hellip;]<\/p>\n","protected":false},"author":1,"featured_media":24767,"comment_status":"open","ping_status":"open","sticky":false,"template":"","format":"standard","meta":{"nf_dc_page":"","jetpack_post_was_ever_published":false,"_jetpack_newsletter_access":"","_jetpack_dont_email_post_to_subs":false,"_jetpack_newsletter_tier_id":0,"_jetpack_memberships_contains_paywalled_content":false,"_jetpack_memberships_contains_paid_content":false,"footnotes":"","jetpack_publicize_message":"","jetpack_publicize_feature_enabled":true,"jetpack_social_post_already_shared":true,"jetpack_social_options":{"image_generator_settings":{"template":"highway","default_image_id":0,"font":"","enabled":false},"version":2}},"categories":[101],"tags":[],"class_list":["post-24765","post","type-post","status-publish","format-standard","has-post-thumbnail","hentry","category-transporte"],"yoast_head":"<!-- This site is optimized with the Yoast SEO plugin v27.5 - https:\/\/yoast.com\/product\/yoast-seo-wordpress\/ -->\n<title>TRANSPORTE | Cerrar\u00e1n 9 d\u00edas Telef\u00e9rico SD y Santiago por mantenimiento - Minuto Cero RD<\/title>\n<meta name=\"robots\" content=\"index, follow, max-snippet:-1, max-image-preview:large, max-video-preview:-1\" \/>\n<link rel=\"canonical\" href=\"https:\/\/minutocerord.com\/?p=24765\" \/>\n<meta property=\"og:locale\" content=\"es_ES\" \/>\n<meta property=\"og:type\" content=\"article\" \/>\n<meta property=\"og:title\" content=\"TRANSPORTE | Cerrar\u00e1n 9 d\u00edas Telef\u00e9rico SD y Santiago por mantenimiento - Minuto Cero RD\" \/>\n<meta property=\"og:description\" content=\"SANTO DOMINGO, RD.- Ser\u00e1n suspendidos de forma temporal el servicio de la L\u00ednea 1 del Telef\u00e9rico en Santo Domingo y Santiago durante nueve d\u00edas, inform\u00f3 la Empresa Metropolitana de Transporte (EMT). Dijo que la medida corresponde al mantenimiento anual programado, con el objetivo de garantizar la seguridad y eficiencia del sistema. En una nota de [&hellip;]\" \/>\n<meta property=\"og:url\" content=\"https:\/\/minutocerord.com\/?p=24765\" \/>\n<meta property=\"og:site_name\" content=\"Minuto Cero RD\" \/>\n<meta property=\"article:publisher\" content=\"https:\/\/www.facebook.com\/Genofnotes\" \/>\n<meta property=\"article:author\" content=\"https:\/\/www.facebook.com\/Genofnotes\" \/>\n<meta property=\"article:published_time\" content=\"2026-03-18T04:14:05+00:00\" \/>\n<meta name=\"author\" content=\"Genof\u00f3ntes Urb\u00e1ez\" \/>\n<meta name=\"twitter:card\" content=\"summary_large_image\" \/>\n<meta name=\"twitter:label1\" content=\"Written by\" \/>\n\t<meta name=\"twitter:data1\" content=\"Genof\u00f3ntes Urb\u00e1ez\" \/>\n\t<meta name=\"twitter:label2\" content=\"Est. reading time\" \/>\n\t<meta name=\"twitter:data2\" content=\"1 minuto\" \/>\n<script type=\"application\/ld+json\" class=\"yoast-schema-graph\">{\"@context\":\"https:\\\/\\\/schema.org\",\"@graph\":[{\"@type\":\"Article\",\"@id\":\"https:\\\/\\\/minutocerord.com\\\/?p=24765#article\",\"isPartOf\":{\"@id\":\"https:\\\/\\\/minutocerord.com\\\/?p=24765\"},\"author\":{\"name\":\"Genof\u00f3ntes Urb\u00e1ez\",\"@id\":\"https:\\\/\\\/minutocerord.com\\\/#\\\/schema\\\/person\\\/60b5372d60aaa0a5171fb6488be9aee6\"},\"headline\":\"TRANSPORTE | Cerrar\u00e1n 9 d\u00edas Telef\u00e9rico SD y Santiago por mantenimiento\",\"datePublished\":\"2026-03-18T04:14:05+00:00\",\"mainEntityOfPage\":{\"@id\":\"https:\\\/\\\/minutocerord.com\\\/?p=24765\"},\"wordCount\":216,\"commentCount\":0,\"publisher\":{\"@id\":\"https:\\\/\\\/minutocerord.com\\\/#\\\/schema\\\/person\\\/60b5372d60aaa0a5171fb6488be9aee6\"},\"image\":{\"@id\":\"https:\\\/\\\/minutocerord.com\\\/?p=24765#primaryimage\"},\"thumbnailUrl\":\"https:\\\/\\\/i0.wp.com\\\/minutocerord.com\\\/wp-content\\\/uploads\\\/2026\\\/03\\\/e43b26c4-teleferico-y-del-metro-dp-e1773771385159-1.jpg?fit=885%2C600&ssl=1\",\"articleSection\":[\"Transporte\"],\"inLanguage\":\"es-DO\",\"potentialAction\":[{\"@type\":\"CommentAction\",\"name\":\"Comment\",\"target\":[\"https:\\\/\\\/minutocerord.com\\\/?p=24765#respond\"]}]},{\"@type\":\"WebPage\",\"@id\":\"https:\\\/\\\/minutocerord.com\\\/?p=24765\",\"url\":\"https:\\\/\\\/minutocerord.com\\\/?p=24765\",\"name\":\"TRANSPORTE | Cerrar\u00e1n 9 d\u00edas Telef\u00e9rico SD y Santiago por mantenimiento - Minuto Cero RD\",\"isPartOf\":{\"@id\":\"https:\\\/\\\/minutocerord.com\\\/#website\"},\"primaryImageOfPage\":{\"@id\":\"https:\\\/\\\/minutocerord.com\\\/?p=24765#primaryimage\"},\"image\":{\"@id\":\"https:\\\/\\\/minutocerord.com\\\/?p=24765#primaryimage\"},\"thumbnailUrl\":\"https:\\\/\\\/i0.wp.com\\\/minutocerord.com\\\/wp-content\\\/uploads\\\/2026\\\/03\\\/e43b26c4-teleferico-y-del-metro-dp-e1773771385159-1.jpg?fit=885%2C600&ssl=1\",\"datePublished\":\"2026-03-18T04:14:05+00:00\",\"breadcrumb\":{\"@id\":\"https:\\\/\\\/minutocerord.com\\\/?p=24765#breadcrumb\"},\"inLanguage\":\"es-DO\",\"potentialAction\":[{\"@type\":\"ReadAction\",\"target\":[\"https:\\\/\\\/minutocerord.com\\\/?p=24765\"]}]},{\"@type\":\"ImageObject\",\"inLanguage\":\"es-DO\",\"@id\":\"https:\\\/\\\/minutocerord.com\\\/?p=24765#primaryimage\",\"url\":\"https:\\\/\\\/i0.wp.com\\\/minutocerord.com\\\/wp-content\\\/uploads\\\/2026\\\/03\\\/e43b26c4-teleferico-y-del-metro-dp-e1773771385159-1.jpg?fit=885%2C600&ssl=1\",\"contentUrl\":\"https:\\\/\\\/i0.wp.com\\\/minutocerord.com\\\/wp-content\\\/uploads\\\/2026\\\/03\\\/e43b26c4-teleferico-y-del-metro-dp-e1773771385159-1.jpg?fit=885%2C600&ssl=1\",\"width\":885,\"height\":600},{\"@type\":\"BreadcrumbList\",\"@id\":\"https:\\\/\\\/minutocerord.com\\\/?p=24765#breadcrumb\",\"itemListElement\":[{\"@type\":\"ListItem\",\"position\":1,\"name\":\"Home\",\"item\":\"https:\\\/\\\/minutocerord.com\\\/\"},{\"@type\":\"ListItem\",\"position\":2,\"name\":\"TRANSPORTE | Cerrar\u00e1n 9 d\u00edas Telef\u00e9rico SD y Santiago por mantenimiento\"}]},{\"@type\":\"WebSite\",\"@id\":\"https:\\\/\\\/minutocerord.com\\\/#website\",\"url\":\"https:\\\/\\\/minutocerord.com\\\/\",\"name\":\"Minuto Cero RD\",\"description\":\"Periodismo serio y veraz\",\"publisher\":{\"@id\":\"https:\\\/\\\/minutocerord.com\\\/#\\\/schema\\\/person\\\/60b5372d60aaa0a5171fb6488be9aee6\"},\"potentialAction\":[{\"@type\":\"SearchAction\",\"target\":{\"@type\":\"EntryPoint\",\"urlTemplate\":\"https:\\\/\\\/minutocerord.com\\\/?s={search_term_string}\"},\"query-input\":{\"@type\":\"PropertyValueSpecification\",\"valueRequired\":true,\"valueName\":\"search_term_string\"}}],\"inLanguage\":\"es-DO\"},{\"@type\":[\"Person\",\"Organization\"],\"@id\":\"https:\\\/\\\/minutocerord.com\\\/#\\\/schema\\\/person\\\/60b5372d60aaa0a5171fb6488be9aee6\",\"name\":\"Genof\u00f3ntes Urb\u00e1ez\",\"image\":{\"@type\":\"ImageObject\",\"inLanguage\":\"es-DO\",\"@id\":\"https:\\\/\\\/secure.gravatar.com\\\/avatar\\\/a49ef3186a692098ac3e8a1612261e3ad70cf9e44553dff2929e67939a0ecb9d?s=96&d=identicon&r=g\",\"url\":\"https:\\\/\\\/secure.gravatar.com\\\/avatar\\\/a49ef3186a692098ac3e8a1612261e3ad70cf9e44553dff2929e67939a0ecb9d?s=96&d=identicon&r=g\",\"contentUrl\":\"https:\\\/\\\/secure.gravatar.com\\\/avatar\\\/a49ef3186a692098ac3e8a1612261e3ad70cf9e44553dff2929e67939a0ecb9d?s=96&d=identicon&r=g\",\"caption\":\"Genof\u00f3ntes Urb\u00e1ez\"},\"logo\":{\"@id\":\"https:\\\/\\\/secure.gravatar.com\\\/avatar\\\/a49ef3186a692098ac3e8a1612261e3ad70cf9e44553dff2929e67939a0ecb9d?s=96&d=identicon&r=g\"},\"description\":\"Periodista \\\/ Locutor\",\"sameAs\":[\"https:\\\/\\\/www.facebook.com\\\/Genofnotes\",\"https:\\\/\\\/www.instagram.com\\\/genofnotes\\\/\"]}]}<\/script>\n<!-- \/ Yoast SEO plugin. -->","yoast_head_json":{"title":"TRANSPORTE | Cerrar\u00e1n 9 d\u00edas Telef\u00e9rico SD y Santiago por mantenimiento - Minuto Cero RD","robots":{"index":"index","follow":"follow","max-snippet":"max-snippet:-1","max-image-preview":"max-image-preview:large","max-video-preview":"max-video-preview:-1"},"canonical":"https:\/\/minutocerord.com\/?p=24765","og_locale":"es_ES","og_type":"article","og_title":"TRANSPORTE | Cerrar\u00e1n 9 d\u00edas Telef\u00e9rico SD y Santiago por mantenimiento - Minuto Cero RD","og_description":"SANTO DOMINGO, RD.- Ser\u00e1n suspendidos de forma temporal el servicio de la L\u00ednea 1 del Telef\u00e9rico en Santo Domingo y Santiago durante nueve d\u00edas, inform\u00f3 la Empresa Metropolitana de Transporte (EMT). Dijo que la medida corresponde al mantenimiento anual programado, con el objetivo de garantizar la seguridad y eficiencia del sistema. En una nota de [&hellip;]","og_url":"https:\/\/minutocerord.com\/?p=24765","og_site_name":"Minuto Cero RD","article_publisher":"https:\/\/www.facebook.com\/Genofnotes","article_author":"https:\/\/www.facebook.com\/Genofnotes","article_published_time":"2026-03-18T04:14:05+00:00","author":"Genof\u00f3ntes Urb\u00e1ez","twitter_card":"summary_large_image","twitter_misc":{"Written by":"Genof\u00f3ntes Urb\u00e1ez","Est. reading time":"1 minuto"},"schema":{"@context":"https:\/\/schema.org","@graph":[{"@type":"Article","@id":"https:\/\/minutocerord.com\/?p=24765#article","isPartOf":{"@id":"https:\/\/minutocerord.com\/?p=24765"},"author":{"name":"Genof\u00f3ntes Urb\u00e1ez","@id":"https:\/\/minutocerord.com\/#\/schema\/person\/60b5372d60aaa0a5171fb6488be9aee6"},"headline":"TRANSPORTE | Cerrar\u00e1n 9 d\u00edas Telef\u00e9rico SD y Santiago por mantenimiento","datePublished":"2026-03-18T04:14:05+00:00","mainEntityOfPage":{"@id":"https:\/\/minutocerord.com\/?p=24765"},"wordCount":216,"commentCount":0,"publisher":{"@id":"https:\/\/minutocerord.com\/#\/schema\/person\/60b5372d60aaa0a5171fb6488be9aee6"},"image":{"@id":"https:\/\/minutocerord.com\/?p=24765#primaryimage"},"thumbnailUrl":"https:\/\/i0.wp.com\/minutocerord.com\/wp-content\/uploads\/2026\/03\/e43b26c4-teleferico-y-del-metro-dp-e1773771385159-1.jpg?fit=885%2C600&ssl=1","articleSection":["Transporte"],"inLanguage":"es-DO","potentialAction":[{"@type":"CommentAction","name":"Comment","target":["https:\/\/minutocerord.com\/?p=24765#respond"]}]},{"@type":"WebPage","@id":"https:\/\/minutocerord.com\/?p=24765","url":"https:\/\/minutocerord.com\/?p=24765","name":"TRANSPORTE | Cerrar\u00e1n 9 d\u00edas Telef\u00e9rico SD y Santiago por mantenimiento - Minuto Cero RD","isPartOf":{"@id":"https:\/\/minutocerord.com\/#website"},"primaryImageOfPage":{"@id":"https:\/\/minutocerord.com\/?p=24765#primaryimage"},"image":{"@id":"https:\/\/minutocerord.com\/?p=24765#primaryimage"},"thumbnailUrl":"https:\/\/i0.wp.com\/minutocerord.com\/wp-content\/uploads\/2026\/03\/e43b26c4-teleferico-y-del-metro-dp-e1773771385159-1.jpg?fit=885%2C600&ssl=1","datePublished":"2026-03-18T04:14:05+00:00","breadcrumb":{"@id":"https:\/\/minutocerord.com\/?p=24765#breadcrumb"},"inLanguage":"es-DO","potentialAction":[{"@type":"ReadAction","target":["https:\/\/minutocerord.com\/?p=24765"]}]},{"@type":"ImageObject","inLanguage":"es-DO","@id":"https:\/\/minutocerord.com\/?p=24765#primaryimage","url":"https:\/\/i0.wp.com\/minutocerord.com\/wp-content\/uploads\/2026\/03\/e43b26c4-teleferico-y-del-metro-dp-e1773771385159-1.jpg?fit=885%2C600&ssl=1","contentUrl":"https:\/\/i0.wp.com\/minutocerord.com\/wp-content\/uploads\/2026\/03\/e43b26c4-teleferico-y-del-metro-dp-e1773771385159-1.jpg?fit=885%2C600&ssl=1","width":885,"height":600},{"@type":"BreadcrumbList","@id":"https:\/\/minutocerord.com\/?p=24765#breadcrumb","itemListElement":[{"@type":"ListItem","position":1,"name":"Home","item":"https:\/\/minutocerord.com\/"},{"@type":"ListItem","position":2,"name":"TRANSPORTE | Cerrar\u00e1n 9 d\u00edas Telef\u00e9rico SD y Santiago por mantenimiento"}]},{"@type":"WebSite","@id":"https:\/\/minutocerord.com\/#website","url":"https:\/\/minutocerord.com\/","name":"Minuto Cero RD","description":"Periodismo serio y veraz","publisher":{"@id":"https:\/\/minutocerord.com\/#\/schema\/person\/60b5372d60aaa0a5171fb6488be9aee6"},"potentialAction":[{"@type":"SearchAction","target":{"@type":"EntryPoint","urlTemplate":"https:\/\/minutocerord.com\/?s={search_term_string}"},"query-input":{"@type":"PropertyValueSpecification","valueRequired":true,"valueName":"search_term_string"}}],"inLanguage":"es-DO"},{"@type":["Person","Organization"],"@id":"https:\/\/minutocerord.com\/#\/schema\/person\/60b5372d60aaa0a5171fb6488be9aee6","name":"Genof\u00f3ntes Urb\u00e1ez","image":{"@type":"ImageObject","inLanguage":"es-DO","@id":"https:\/\/secure.gravatar.com\/avatar\/a49ef3186a692098ac3e8a1612261e3ad70cf9e44553dff2929e67939a0ecb9d?s=96&d=identicon&r=g","url":"https:\/\/secure.gravatar.com\/avatar\/a49ef3186a692098ac3e8a1612261e3ad70cf9e44553dff2929e67939a0ecb9d?s=96&d=identicon&r=g","contentUrl":"https:\/\/secure.gravatar.com\/avatar\/a49ef3186a692098ac3e8a1612261e3ad70cf9e44553dff2929e67939a0ecb9d?s=96&d=identicon&r=g","caption":"Genof\u00f3ntes Urb\u00e1ez"},"logo":{"@id":"https:\/\/secure.gravatar.com\/avatar\/a49ef3186a692098ac3e8a1612261e3ad70cf9e44553dff2929e67939a0ecb9d?s=96&d=identicon&r=g"},"description":"Periodista \/ Locutor","sameAs":["https:\/\/www.facebook.com\/Genofnotes","https:\/\/www.instagram.com\/genofnotes\/"]}]}},"jetpack_publicize_connections":[],"jetpack_featured_media_url":"https:\/\/i0.wp.com\/minutocerord.com\/wp-content\/uploads\/2026\/03\/e43b26c4-teleferico-y-del-metro-dp-e1773771385159-1.jpg?fit=885%2C600&ssl=1","jetpack-related-posts":[],"jetpack_sharing_enabled":true,"_links":{"self":[{"href":"https:\/\/minutocerord.com\/index.php?rest_route=\/wp\/v2\/posts\/24765","targetHints":{"allow":["GET"]}}],"collection":[{"href":"https:\/\/minutocerord.com\/index.php?rest_route=\/wp\/v2\/posts"}],"about":[{"href":"https:\/\/minutocerord.com\/index.php?rest_route=\/wp\/v2\/types\/post"}],"author":[{"embeddable":true,"href":"https:\/\/minutocerord.com\/index.php?rest_route=\/wp\/v2\/users\/1"}],"replies":[{"embeddable":true,"href":"https:\/\/minutocerord.com\/index.php?rest_route=%2Fwp%2Fv2%2Fcomments&post=24765"}],"version-history":[{"count":1,"href":"https:\/\/minutocerord.com\/index.php?rest_route=\/wp\/v2\/posts\/24765\/revisions"}],"predecessor-version":[{"id":24768,"href":"https:\/\/minutocerord.com\/index.php?rest_route=\/wp\/v2\/posts\/24765\/revisions\/24768"}],"wp:featuredmedia":[{"embeddable":true,"href":"https:\/\/minutocerord.com\/index.php?rest_route=\/wp\/v2\/media\/24767"}],"wp:attachment":[{"href":"https:\/\/minutocerord.com\/index.php?rest_route=%2Fwp%2Fv2%2Fmedia&parent=24765"}],"wp:term":[{"taxonomy":"category","embeddable":true,"href":"https:\/\/minutocerord.com\/index.php?rest_route=%2Fwp%2Fv2%2Fcategories&post=24765"},{"taxonomy":"post_tag","embeddable":true,"href":"https:\/\/minutocerord.com\/index.php?rest_route=%2Fwp%2Fv2%2Ftags&post=24765"}],"curies":[{"name":"wp","href":"https:\/\/api.w.org\/{rel}","templated":true}]}}