{"id":24872,"date":"2026-04-25T01:06:59","date_gmt":"2026-04-25T05:06:59","guid":{"rendered":"https:\/\/minutocerord.com\/?p=24872"},"modified":"2026-04-25T01:20:45","modified_gmt":"2026-04-25T05:20:45","slug":"el-clima-esta-es-la-lista-oficial-de-nombres-para-los-huracanes-del-2026","status":"publish","type":"post","link":"https:\/\/minutocerord.com\/?p=24872","title":{"rendered":"EL CLIMA | Esta es la lista oficial de nombres para los huracanes del 2026"},"content":{"rendered":"\n<p class=\"\"><strong>Por Juan Calca\u00f1o<\/strong><\/p>\n\n\n\n<p class=\"\"><strong>SANTO DOMINGO, RD .-<\/strong> La temporada de huracanes del oc\u00e9ano Atl\u00e1ntico para el a\u00f1o 2026 iniciar\u00e1 oficialmente el&nbsp;<strong>1 de junio y se extender\u00e1 hasta el 30 de noviembre<\/strong>, per\u00edodo en el que hist\u00f3ricamente se concentra la formaci\u00f3n de ciclones tropicales en la regi\u00f3n.<\/p>\n\n\n\n<p class=\"\">De cara a este ciclo, el Centro Nacional de Huracanes dio a conocer la lista oficial de nombres que recibir\u00e1n las tormentas tropicales y huracanes que se desarrollen durante la temporada, siguiendo el sistema rotativo establecido por la Organizaci\u00f3n Meteorol\u00f3gica Mundial.<\/p>\n\n\n\n<h3 class=\"wp-block-heading\"><strong>Lista de nombres para 2026<\/strong><\/h3>\n\n\n\n<p class=\"\"><strong>Los 21 nombres asignados, en orden alfab\u00e9tico, son:<\/strong><\/p>\n\n\n\n<ul class=\"wp-block-list\">\n<li class=\"\">Arthur<\/li>\n\n\n\n<li class=\"\">Bertha<\/li>\n\n\n\n<li class=\"\">Crist\u00f3bal<\/li>\n\n\n\n<li class=\"\">Dolly<\/li>\n\n\n\n<li class=\"\">\u00c9douard<\/li>\n\n\n\n<li class=\"\">Fay<\/li>\n\n\n\n<li class=\"\">Gonzalo<\/li>\n\n\n\n<li class=\"\">Hanna<\/li>\n\n\n\n<li class=\"\">Isa\u00edas<\/li>\n\n\n\n<li class=\"\">Josephine<\/li>\n\n\n\n<li class=\"\">Kyle<\/li>\n\n\n\n<li class=\"\">Leah<\/li>\n\n\n\n<li class=\"\">Marco<\/li>\n\n\n\n<li class=\"\">Nana<\/li>\n\n\n\n<li class=\"\">Omar<\/li>\n\n\n\n<li class=\"\">Paulette<\/li>\n\n\n\n<li class=\"\">Ren\u00e9<\/li>\n\n\n\n<li class=\"\">Sally<\/li>\n\n\n\n<li class=\"\">Teddy<\/li>\n\n\n\n<li class=\"\">Vicky<\/li>\n\n\n\n<li class=\"\">Wilfred<\/li>\n<\/ul>\n\n\n\n<p class=\"\">Estos nombres se asignan a medida que se forman los sistemas tropicales, facilitando la comunicaci\u00f3n de alertas y el seguimiento por parte de autoridades y ciudadanos.<\/p>\n\n\n\n<h3 class=\"wp-block-heading\"><strong>\u00bfC\u00f3mo se eligen los nombres?<\/strong><\/h3>\n\n\n\n<p class=\"\">Las listas de nombres se reutilizan cada seis a\u00f1os, aunque pueden modificarse si alg\u00fan hurac\u00e1n causa da\u00f1os significativos; en esos casos, el nombre es retirado permanentemente por respeto a las v\u00edctimas y para evitar confusiones futuras.<\/p>\n\n\n\n<p class=\"\">Adem\u00e1s, si se superan los 21 sistemas con nombre durante la temporada, se utiliza una lista suplementaria previamente aprobada por organismos internacionales.<\/p>\n\n\n\n<h3 class=\"wp-block-heading\"><strong>Pron\u00f3stico y contexto<\/strong><\/h3>\n\n\n\n<p class=\"\">Expertos anticipan que la temporada 2026 podr\u00eda presentar una actividad cercana o ligeramente por debajo del promedio, aunque advierten que&nbsp;<strong>basta un solo hurac\u00e1n de gran intensidad para provocar impactos severos<\/strong>&nbsp;en el Caribe, Centroam\u00e9rica y la costa este de Estados Unidos.<\/p>\n\n\n\n<p class=\"\">En ese sentido, autoridades meteorol\u00f3gicas insisten en la importancia de la preparaci\u00f3n temprana, especialmente en regiones vulnerables como la Rep\u00fablica Dominicana, donde hist\u00f3ricamente estos fen\u00f3menos generan lluvias intensas, inundaciones y da\u00f1os a infraestructuras.<\/p>\n\n\n\n<p class=\"\"><a href=\"https:\/\/popularenlinea.com\/biz\" target=\"_blank\" rel=\"noreferrer noopener\"><\/a><\/p>\n\n\n\n<p class=\"\"><a href=\"https:\/\/api.whatsapp.com\/send\/?phone=18492580765&amp;text&amp;app_absent=0\" target=\"_blank\" rel=\"noreferrer noopener\"><\/a><\/p>\n","protected":false},"excerpt":{"rendered":"<p>Por Juan Calca\u00f1o SANTO DOMINGO, RD .- La temporada de huracanes del oc\u00e9ano Atl\u00e1ntico para el a\u00f1o 2026 iniciar\u00e1 oficialmente el&nbsp;1 de junio y se extender\u00e1 hasta el 30 de noviembre, per\u00edodo en el que hist\u00f3ricamente se concentra la formaci\u00f3n de ciclones tropicales en la regi\u00f3n. De cara a este ciclo, el Centro Nacional de [&hellip;]<\/p>\n","protected":false},"author":1,"featured_media":24876,"comment_status":"open","ping_status":"open","sticky":false,"template":"","format":"standard","meta":{"nf_dc_page":"","jetpack_post_was_ever_published":false,"_jetpack_newsletter_access":"","_jetpack_dont_email_post_to_subs":false,"_jetpack_newsletter_tier_id":0,"_jetpack_memberships_contains_paywalled_content":false,"_jetpack_memberships_contains_paid_content":false,"footnotes":"","jetpack_publicize_message":"","jetpack_publicize_feature_enabled":true,"jetpack_social_post_already_shared":true,"jetpack_social_options":{"image_generator_settings":{"template":"highway","default_image_id":0,"font":"","enabled":false},"version":2}},"categories":[87],"tags":[],"class_list":["post-24872","post","type-post","status-publish","format-standard","has-post-thumbnail","hentry","category-el-clima"],"yoast_head":"<!-- This site is optimized with the Yoast SEO plugin v27.4 - https:\/\/yoast.com\/product\/yoast-seo-wordpress\/ -->\n<title>EL CLIMA | Esta es la lista oficial de nombres para los huracanes del 2026 - Minuto Cero RD<\/title>\n<meta name=\"robots\" content=\"index, follow, max-snippet:-1, max-image-preview:large, max-video-preview:-1\" \/>\n<link rel=\"canonical\" href=\"https:\/\/minutocerord.com\/?p=24872\" \/>\n<meta property=\"og:locale\" content=\"es_ES\" \/>\n<meta property=\"og:type\" content=\"article\" \/>\n<meta property=\"og:title\" content=\"EL CLIMA | Esta es la lista oficial de nombres para los huracanes del 2026 - Minuto Cero RD\" \/>\n<meta property=\"og:description\" content=\"Por Juan Calca\u00f1o SANTO DOMINGO, RD .- La temporada de huracanes del oc\u00e9ano Atl\u00e1ntico para el a\u00f1o 2026 iniciar\u00e1 oficialmente el&nbsp;1 de junio y se extender\u00e1 hasta el 30 de noviembre, per\u00edodo en el que hist\u00f3ricamente se concentra la formaci\u00f3n de ciclones tropicales en la regi\u00f3n. De cara a este ciclo, el Centro Nacional de [&hellip;]\" \/>\n<meta property=\"og:url\" content=\"https:\/\/minutocerord.com\/?p=24872\" \/>\n<meta property=\"og:site_name\" content=\"Minuto Cero RD\" \/>\n<meta property=\"article:publisher\" content=\"https:\/\/www.facebook.com\/Genofnotes\" \/>\n<meta property=\"article:author\" content=\"https:\/\/www.facebook.com\/Genofnotes\" \/>\n<meta property=\"article:published_time\" content=\"2026-04-25T05:06:59+00:00\" \/>\n<meta property=\"article:modified_time\" content=\"2026-04-25T05:20:45+00:00\" \/>\n<meta property=\"og:image\" content=\"http:\/\/minutocerord.com\/wp-content\/uploads\/2026\/04\/GettyImages-1040975032201-1024x576.jpg\" \/>\n\t<meta property=\"og:image:width\" content=\"1024\" \/>\n\t<meta property=\"og:image:height\" content=\"576\" \/>\n\t<meta property=\"og:image:type\" content=\"image\/jpeg\" \/>\n<meta name=\"author\" content=\"Genof\u00f3ntes Urb\u00e1ez\" \/>\n<meta name=\"twitter:card\" content=\"summary_large_image\" \/>\n<meta name=\"twitter:label1\" content=\"Written by\" \/>\n\t<meta name=\"twitter:data1\" content=\"Genof\u00f3ntes Urb\u00e1ez\" \/>\n\t<meta name=\"twitter:label2\" content=\"Est. reading time\" \/>\n\t<meta name=\"twitter:data2\" content=\"2 minutos\" \/>\n<script type=\"application\/ld+json\" class=\"yoast-schema-graph\">{\"@context\":\"https:\\\/\\\/schema.org\",\"@graph\":[{\"@type\":\"Article\",\"@id\":\"https:\\\/\\\/minutocerord.com\\\/?p=24872#article\",\"isPartOf\":{\"@id\":\"https:\\\/\\\/minutocerord.com\\\/?p=24872\"},\"author\":{\"name\":\"Genof\u00f3ntes Urb\u00e1ez\",\"@id\":\"https:\\\/\\\/minutocerord.com\\\/#\\\/schema\\\/person\\\/60b5372d60aaa0a5171fb6488be9aee6\"},\"headline\":\"EL CLIMA | Esta es la lista oficial de nombres para los huracanes del 2026\",\"datePublished\":\"2026-04-25T05:06:59+00:00\",\"dateModified\":\"2026-04-25T05:20:45+00:00\",\"mainEntityOfPage\":{\"@id\":\"https:\\\/\\\/minutocerord.com\\\/?p=24872\"},\"wordCount\":330,\"commentCount\":0,\"publisher\":{\"@id\":\"https:\\\/\\\/minutocerord.com\\\/#\\\/schema\\\/person\\\/60b5372d60aaa0a5171fb6488be9aee6\"},\"image\":{\"@id\":\"https:\\\/\\\/minutocerord.com\\\/?p=24872#primaryimage\"},\"thumbnailUrl\":\"https:\\\/\\\/i0.wp.com\\\/minutocerord.com\\\/wp-content\\\/uploads\\\/2026\\\/04\\\/GettyImages-1040975032201.jpg?fit=2560%2C1440&ssl=1\",\"articleSection\":[\"El clima\"],\"inLanguage\":\"es-DO\",\"potentialAction\":[{\"@type\":\"CommentAction\",\"name\":\"Comment\",\"target\":[\"https:\\\/\\\/minutocerord.com\\\/?p=24872#respond\"]}]},{\"@type\":\"WebPage\",\"@id\":\"https:\\\/\\\/minutocerord.com\\\/?p=24872\",\"url\":\"https:\\\/\\\/minutocerord.com\\\/?p=24872\",\"name\":\"EL CLIMA | Esta es la lista oficial de nombres para los huracanes del 2026 - Minuto Cero RD\",\"isPartOf\":{\"@id\":\"https:\\\/\\\/minutocerord.com\\\/#website\"},\"primaryImageOfPage\":{\"@id\":\"https:\\\/\\\/minutocerord.com\\\/?p=24872#primaryimage\"},\"image\":{\"@id\":\"https:\\\/\\\/minutocerord.com\\\/?p=24872#primaryimage\"},\"thumbnailUrl\":\"https:\\\/\\\/i0.wp.com\\\/minutocerord.com\\\/wp-content\\\/uploads\\\/2026\\\/04\\\/GettyImages-1040975032201.jpg?fit=2560%2C1440&ssl=1\",\"datePublished\":\"2026-04-25T05:06:59+00:00\",\"dateModified\":\"2026-04-25T05:20:45+00:00\",\"breadcrumb\":{\"@id\":\"https:\\\/\\\/minutocerord.com\\\/?p=24872#breadcrumb\"},\"inLanguage\":\"es-DO\",\"potentialAction\":[{\"@type\":\"ReadAction\",\"target\":[\"https:\\\/\\\/minutocerord.com\\\/?p=24872\"]}]},{\"@type\":\"ImageObject\",\"inLanguage\":\"es-DO\",\"@id\":\"https:\\\/\\\/minutocerord.com\\\/?p=24872#primaryimage\",\"url\":\"https:\\\/\\\/i0.wp.com\\\/minutocerord.com\\\/wp-content\\\/uploads\\\/2026\\\/04\\\/GettyImages-1040975032201.jpg?fit=2560%2C1440&ssl=1\",\"contentUrl\":\"https:\\\/\\\/i0.wp.com\\\/minutocerord.com\\\/wp-content\\\/uploads\\\/2026\\\/04\\\/GettyImages-1040975032201.jpg?fit=2560%2C1440&ssl=1\",\"width\":2560,\"height\":1440},{\"@type\":\"BreadcrumbList\",\"@id\":\"https:\\\/\\\/minutocerord.com\\\/?p=24872#breadcrumb\",\"itemListElement\":[{\"@type\":\"ListItem\",\"position\":1,\"name\":\"Home\",\"item\":\"https:\\\/\\\/minutocerord.com\\\/\"},{\"@type\":\"ListItem\",\"position\":2,\"name\":\"EL CLIMA | Esta es la lista oficial de nombres para los huracanes del 2026\"}]},{\"@type\":\"WebSite\",\"@id\":\"https:\\\/\\\/minutocerord.com\\\/#website\",\"url\":\"https:\\\/\\\/minutocerord.com\\\/\",\"name\":\"Minuto Cero RD\",\"description\":\"Periodismo serio y veraz\",\"publisher\":{\"@id\":\"https:\\\/\\\/minutocerord.com\\\/#\\\/schema\\\/person\\\/60b5372d60aaa0a5171fb6488be9aee6\"},\"potentialAction\":[{\"@type\":\"SearchAction\",\"target\":{\"@type\":\"EntryPoint\",\"urlTemplate\":\"https:\\\/\\\/minutocerord.com\\\/?s={search_term_string}\"},\"query-input\":{\"@type\":\"PropertyValueSpecification\",\"valueRequired\":true,\"valueName\":\"search_term_string\"}}],\"inLanguage\":\"es-DO\"},{\"@type\":[\"Person\",\"Organization\"],\"@id\":\"https:\\\/\\\/minutocerord.com\\\/#\\\/schema\\\/person\\\/60b5372d60aaa0a5171fb6488be9aee6\",\"name\":\"Genof\u00f3ntes Urb\u00e1ez\",\"image\":{\"@type\":\"ImageObject\",\"inLanguage\":\"es-DO\",\"@id\":\"https:\\\/\\\/secure.gravatar.com\\\/avatar\\\/a49ef3186a692098ac3e8a1612261e3ad70cf9e44553dff2929e67939a0ecb9d?s=96&d=identicon&r=g\",\"url\":\"https:\\\/\\\/secure.gravatar.com\\\/avatar\\\/a49ef3186a692098ac3e8a1612261e3ad70cf9e44553dff2929e67939a0ecb9d?s=96&d=identicon&r=g\",\"contentUrl\":\"https:\\\/\\\/secure.gravatar.com\\\/avatar\\\/a49ef3186a692098ac3e8a1612261e3ad70cf9e44553dff2929e67939a0ecb9d?s=96&d=identicon&r=g\",\"caption\":\"Genof\u00f3ntes Urb\u00e1ez\"},\"logo\":{\"@id\":\"https:\\\/\\\/secure.gravatar.com\\\/avatar\\\/a49ef3186a692098ac3e8a1612261e3ad70cf9e44553dff2929e67939a0ecb9d?s=96&d=identicon&r=g\"},\"description\":\"Periodista \\\/ Locutor\",\"sameAs\":[\"https:\\\/\\\/www.facebook.com\\\/Genofnotes\",\"https:\\\/\\\/www.instagram.com\\\/genofnotes\\\/\"]}]}<\/script>\n<!-- \/ Yoast SEO plugin. -->","yoast_head_json":{"title":"EL CLIMA | Esta es la lista oficial de nombres para los huracanes del 2026 - Minuto Cero RD","robots":{"index":"index","follow":"follow","max-snippet":"max-snippet:-1","max-image-preview":"max-image-preview:large","max-video-preview":"max-video-preview:-1"},"canonical":"https:\/\/minutocerord.com\/?p=24872","og_locale":"es_ES","og_type":"article","og_title":"EL CLIMA | Esta es la lista oficial de nombres para los huracanes del 2026 - Minuto Cero RD","og_description":"Por Juan Calca\u00f1o SANTO DOMINGO, RD .- La temporada de huracanes del oc\u00e9ano Atl\u00e1ntico para el a\u00f1o 2026 iniciar\u00e1 oficialmente el&nbsp;1 de junio y se extender\u00e1 hasta el 30 de noviembre, per\u00edodo en el que hist\u00f3ricamente se concentra la formaci\u00f3n de ciclones tropicales en la regi\u00f3n. De cara a este ciclo, el Centro Nacional de [&hellip;]","og_url":"https:\/\/minutocerord.com\/?p=24872","og_site_name":"Minuto Cero RD","article_publisher":"https:\/\/www.facebook.com\/Genofnotes","article_author":"https:\/\/www.facebook.com\/Genofnotes","article_published_time":"2026-04-25T05:06:59+00:00","article_modified_time":"2026-04-25T05:20:45+00:00","og_image":[{"width":1024,"height":576,"url":"http:\/\/minutocerord.com\/wp-content\/uploads\/2026\/04\/GettyImages-1040975032201-1024x576.jpg","type":"image\/jpeg"}],"author":"Genof\u00f3ntes Urb\u00e1ez","twitter_card":"summary_large_image","twitter_misc":{"Written by":"Genof\u00f3ntes Urb\u00e1ez","Est. reading time":"2 minutos"},"schema":{"@context":"https:\/\/schema.org","@graph":[{"@type":"Article","@id":"https:\/\/minutocerord.com\/?p=24872#article","isPartOf":{"@id":"https:\/\/minutocerord.com\/?p=24872"},"author":{"name":"Genof\u00f3ntes Urb\u00e1ez","@id":"https:\/\/minutocerord.com\/#\/schema\/person\/60b5372d60aaa0a5171fb6488be9aee6"},"headline":"EL CLIMA | Esta es la lista oficial de nombres para los huracanes del 2026","datePublished":"2026-04-25T05:06:59+00:00","dateModified":"2026-04-25T05:20:45+00:00","mainEntityOfPage":{"@id":"https:\/\/minutocerord.com\/?p=24872"},"wordCount":330,"commentCount":0,"publisher":{"@id":"https:\/\/minutocerord.com\/#\/schema\/person\/60b5372d60aaa0a5171fb6488be9aee6"},"image":{"@id":"https:\/\/minutocerord.com\/?p=24872#primaryimage"},"thumbnailUrl":"https:\/\/i0.wp.com\/minutocerord.com\/wp-content\/uploads\/2026\/04\/GettyImages-1040975032201.jpg?fit=2560%2C1440&ssl=1","articleSection":["El clima"],"inLanguage":"es-DO","potentialAction":[{"@type":"CommentAction","name":"Comment","target":["https:\/\/minutocerord.com\/?p=24872#respond"]}]},{"@type":"WebPage","@id":"https:\/\/minutocerord.com\/?p=24872","url":"https:\/\/minutocerord.com\/?p=24872","name":"EL CLIMA | Esta es la lista oficial de nombres para los huracanes del 2026 - Minuto Cero RD","isPartOf":{"@id":"https:\/\/minutocerord.com\/#website"},"primaryImageOfPage":{"@id":"https:\/\/minutocerord.com\/?p=24872#primaryimage"},"image":{"@id":"https:\/\/minutocerord.com\/?p=24872#primaryimage"},"thumbnailUrl":"https:\/\/i0.wp.com\/minutocerord.com\/wp-content\/uploads\/2026\/04\/GettyImages-1040975032201.jpg?fit=2560%2C1440&ssl=1","datePublished":"2026-04-25T05:06:59+00:00","dateModified":"2026-04-25T05:20:45+00:00","breadcrumb":{"@id":"https:\/\/minutocerord.com\/?p=24872#breadcrumb"},"inLanguage":"es-DO","potentialAction":[{"@type":"ReadAction","target":["https:\/\/minutocerord.com\/?p=24872"]}]},{"@type":"ImageObject","inLanguage":"es-DO","@id":"https:\/\/minutocerord.com\/?p=24872#primaryimage","url":"https:\/\/i0.wp.com\/minutocerord.com\/wp-content\/uploads\/2026\/04\/GettyImages-1040975032201.jpg?fit=2560%2C1440&ssl=1","contentUrl":"https:\/\/i0.wp.com\/minutocerord.com\/wp-content\/uploads\/2026\/04\/GettyImages-1040975032201.jpg?fit=2560%2C1440&ssl=1","width":2560,"height":1440},{"@type":"BreadcrumbList","@id":"https:\/\/minutocerord.com\/?p=24872#breadcrumb","itemListElement":[{"@type":"ListItem","position":1,"name":"Home","item":"https:\/\/minutocerord.com\/"},{"@type":"ListItem","position":2,"name":"EL CLIMA | Esta es la lista oficial de nombres para los huracanes del 2026"}]},{"@type":"WebSite","@id":"https:\/\/minutocerord.com\/#website","url":"https:\/\/minutocerord.com\/","name":"Minuto Cero RD","description":"Periodismo serio y veraz","publisher":{"@id":"https:\/\/minutocerord.com\/#\/schema\/person\/60b5372d60aaa0a5171fb6488be9aee6"},"potentialAction":[{"@type":"SearchAction","target":{"@type":"EntryPoint","urlTemplate":"https:\/\/minutocerord.com\/?s={search_term_string}"},"query-input":{"@type":"PropertyValueSpecification","valueRequired":true,"valueName":"search_term_string"}}],"inLanguage":"es-DO"},{"@type":["Person","Organization"],"@id":"https:\/\/minutocerord.com\/#\/schema\/person\/60b5372d60aaa0a5171fb6488be9aee6","name":"Genof\u00f3ntes Urb\u00e1ez","image":{"@type":"ImageObject","inLanguage":"es-DO","@id":"https:\/\/secure.gravatar.com\/avatar\/a49ef3186a692098ac3e8a1612261e3ad70cf9e44553dff2929e67939a0ecb9d?s=96&d=identicon&r=g","url":"https:\/\/secure.gravatar.com\/avatar\/a49ef3186a692098ac3e8a1612261e3ad70cf9e44553dff2929e67939a0ecb9d?s=96&d=identicon&r=g","contentUrl":"https:\/\/secure.gravatar.com\/avatar\/a49ef3186a692098ac3e8a1612261e3ad70cf9e44553dff2929e67939a0ecb9d?s=96&d=identicon&r=g","caption":"Genof\u00f3ntes Urb\u00e1ez"},"logo":{"@id":"https:\/\/secure.gravatar.com\/avatar\/a49ef3186a692098ac3e8a1612261e3ad70cf9e44553dff2929e67939a0ecb9d?s=96&d=identicon&r=g"},"description":"Periodista \/ Locutor","sameAs":["https:\/\/www.facebook.com\/Genofnotes","https:\/\/www.instagram.com\/genofnotes\/"]}]}},"jetpack_publicize_connections":[],"jetpack_featured_media_url":"https:\/\/i0.wp.com\/minutocerord.com\/wp-content\/uploads\/2026\/04\/GettyImages-1040975032201.jpg?fit=2560%2C1440&ssl=1","jetpack-related-posts":[],"jetpack_sharing_enabled":true,"_links":{"self":[{"href":"https:\/\/minutocerord.com\/index.php?rest_route=\/wp\/v2\/posts\/24872","targetHints":{"allow":["GET"]}}],"collection":[{"href":"https:\/\/minutocerord.com\/index.php?rest_route=\/wp\/v2\/posts"}],"about":[{"href":"https:\/\/minutocerord.com\/index.php?rest_route=\/wp\/v2\/types\/post"}],"author":[{"embeddable":true,"href":"https:\/\/minutocerord.com\/index.php?rest_route=\/wp\/v2\/users\/1"}],"replies":[{"embeddable":true,"href":"https:\/\/minutocerord.com\/index.php?rest_route=%2Fwp%2Fv2%2Fcomments&post=24872"}],"version-history":[{"count":4,"href":"https:\/\/minutocerord.com\/index.php?rest_route=\/wp\/v2\/posts\/24872\/revisions"}],"predecessor-version":[{"id":24890,"href":"https:\/\/minutocerord.com\/index.php?rest_route=\/wp\/v2\/posts\/24872\/revisions\/24890"}],"wp:featuredmedia":[{"embeddable":true,"href":"https:\/\/minutocerord.com\/index.php?rest_route=\/wp\/v2\/media\/24876"}],"wp:attachment":[{"href":"https:\/\/minutocerord.com\/index.php?rest_route=%2Fwp%2Fv2%2Fmedia&parent=24872"}],"wp:term":[{"taxonomy":"category","embeddable":true,"href":"https:\/\/minutocerord.com\/index.php?rest_route=%2Fwp%2Fv2%2Fcategories&post=24872"},{"taxonomy":"post_tag","embeddable":true,"href":"https:\/\/minutocerord.com\/index.php?rest_route=%2Fwp%2Fv2%2Ftags&post=24872"}],"curies":[{"name":"wp","href":"https:\/\/api.w.org\/{rel}","templated":true}]}}