{"id":24892,"date":"2026-04-25T01:35:05","date_gmt":"2026-04-25T05:35:05","guid":{"rendered":"https:\/\/minutocerord.com\/?p=24892"},"modified":"2026-04-25T01:35:05","modified_gmt":"2026-04-25T05:35:05","slug":"nueva-york-arrestan-dominicano-por-asesinato-de-su-pareja-y-a-su-hijo-de-tres-anos-hace-33-anos","status":"publish","type":"post","link":"https:\/\/minutocerord.com\/?p=24892","title":{"rendered":"NUEVA YORK | Arrestan dominicano por asesinato de su pareja y a su hijo de tres a\u00f1os hace 33 a\u00f1os"},"content":{"rendered":"\n<p class=\"\"><a href=\"https:\/\/almomento.net\/wp-content\/uploads\/2026\/04\/Untitled-31.jpg\"><\/a><strong>NUEVA YORK. &#8211; <\/strong>Fue arrestado en Florida un dominicano acusado de ejecutar a una pareja de El Bronx frente a su hijo de tres a\u00f1os hace m\u00e1s de tres d\u00e9cadas fue arrestado en Florida.<\/p>\n\n\n\n<p class=\"\">William Antonio Solis, de 62 a\u00f1os, fue detenido en Tampa en conexi\u00f3n con los asesinatos del 21 de junio de 1993 de Luis Guerrero y su esposa Danis Sime dentro de su apartamento en El Bronx.<\/p>\n\n\n\n<p class=\"\">Solis, tambi\u00e9n conocido como \u201cVegano\u201d y \u201cLa Vega\u201d, est\u00e1 acusado de homicidio intencional mientras participaba en una conspiraci\u00f3n de narcotr\u00e1fico.<\/p>\n\n\n\n<p class=\"\">El cargo conlleva una pena m\u00ednima obligatoria de 20 a\u00f1os de prisi\u00f3n y un m\u00e1ximo de cadena perpetua o pena de muerte.<\/p>\n\n\n\n<p class=\"\">\u201cDurante m\u00e1s de 30 a\u00f1os, este doble asesinato en El Bronx ha atormentado a una familia y a la gente de Nueva York\u201d, dijo el fiscal federal Jay Clayton en un comunicado. \u201cEso termina hoy. Esta oficina siempre perseguir\u00e1 a los perpetradores de violencia, y el tiempo no es un obst\u00e1culo para nuestra investigaci\u00f3n\u201d.<\/p>\n\n\n\n<p class=\"\"><strong>DETALLES DEL CRIMEN<\/strong><\/p>\n\n\n\n<p class=\"\">Seg\u00fan la acusaci\u00f3n, Solis y dos presuntos c\u00f3mplices planearon robar a Guerrero, descrito por las autoridades como proveedor de narc\u00f3ticos, en su apartamento.<\/p>\n\n\n\n<p class=\"\">El grupo someti\u00f3 a Guerrero, tom\u00f3 sus drogas y luego atrajo a su esposa al apartamento, donde tambi\u00e9n fue dominada y atada. Solis luego dispar\u00f3 a ambas v\u00edctimas en la cabeza, mat\u00e1ndolas en presencia de su hijo peque\u00f1o, indic\u00f3 la fiscal\u00eda.<\/p>\n\n\n\n<p class=\"\">Los asesinatos fueron descritos en ese momento como ejecuciones, seg\u00fan reportes del New York Daily News de 1993 incluidos en el comunicado.<\/p>\n\n\n\n<p class=\"\">El medio report\u00f3 que el ni\u00f1o de tres a\u00f1os dijo a la polic\u00eda que un hombre apunt\u00f3 con un arma a su madre, le cubri\u00f3 la cabeza con una funda de almohada y \u201cse la llev\u00f3\u201d.<\/p>\n\n\n\n<p class=\"\">Vecinos encontraron al menor fuera de su casa gritando por sus padres.\u201cEstaba gritando, \u2018Papi, papi\u2019\u201d, dijo el vecino Chris Anton al Daily News. \u201cEstaba asustado\u201d.<\/p>\n\n\n\n<p class=\"\">Anton relat\u00f3 que el ni\u00f1o solo dec\u00eda que \u201cel otro se llev\u00f3 a su madre y le puso una funda en la cabeza\u201d.<\/p>\n\n\n\n<p class=\"\">La polic\u00eda investigaba en ese entonces una posible conexi\u00f3n con drogas, y narc\u00f3ticos fueron recuperados de lugares vinculados a las v\u00edctimas. Vecinos describieron a la pareja como \u201cpersonas tranquilas y agradables\u201d que \u201cnunca molestaban a nadie\u201d.<\/p>\n\n\n\n<p class=\"\"><strong>REACCIONES DE AUTORIDADES&nbsp;<\/strong><\/p>\n\n\n\n<p class=\"\">\u201cEl acusado en este caso supuestamente ejecut\u00f3 a dos neoyorquinos a sangre fr\u00eda hace m\u00e1s de 30 a\u00f1os, justo frente a su hijo de 3 a\u00f1os\u201d, dijo la comisionada del NYPD, Jessica S. Tisch. \u201cLa acusaci\u00f3n de hoy env\u00eda un mensaje claro: el NYPD siempre trabajar\u00e1 para asegurar que los criminales rindan cuentas, sin importar cu\u00e1nto tiempo tome\u201d, subray\u00f3.<\/p>\n\n\n\n<p class=\"\">\u201cComo se alega, William Solis pas\u00f3 d\u00e9cadas escondido a plena vista a m\u00e1s de mil millas de donde asesin\u00f3 brutalmente a los Guerrero frente a su hijo\u201d, dijo Michael Alfonso, agente especial interino de HSI.<\/p>\n\n\n\n<p class=\"\">Solis comparecer\u00e1 inicialmente en corte federal del Distrito Medio de Florida este mi\u00e9rcoles.<\/p>\n\n\n\n<p class=\"\">El caso fue asignado a la jueza Laura Taylor Swain en Nueva York.<\/p>\n","protected":false},"excerpt":{"rendered":"<p>NUEVA YORK. &#8211; Fue arrestado en Florida un dominicano acusado de ejecutar a una pareja de El Bronx frente a su hijo de tres a\u00f1os hace m\u00e1s de tres d\u00e9cadas fue arrestado en Florida. William Antonio Solis, de 62 a\u00f1os, fue detenido en Tampa en conexi\u00f3n con los asesinatos del 21 de junio de 1993 [&hellip;]<\/p>\n","protected":false},"author":1,"featured_media":24894,"comment_status":"open","ping_status":"open","sticky":false,"template":"","format":"standard","meta":{"nf_dc_page":"","jetpack_post_was_ever_published":false,"_jetpack_newsletter_access":"","_jetpack_dont_email_post_to_subs":false,"_jetpack_newsletter_tier_id":0,"_jetpack_memberships_contains_paywalled_content":false,"_jetpack_memberships_contains_paid_content":false,"footnotes":"","jetpack_publicize_message":"","jetpack_publicize_feature_enabled":true,"jetpack_social_post_already_shared":true,"jetpack_social_options":{"image_generator_settings":{"template":"highway","default_image_id":0,"font":"","enabled":false},"version":2}},"categories":[82],"tags":[],"class_list":["post-24892","post","type-post","status-publish","format-standard","has-post-thumbnail","hentry","category-new-york"],"yoast_head":"<!-- This site is optimized with the Yoast SEO plugin v27.4 - https:\/\/yoast.com\/product\/yoast-seo-wordpress\/ -->\n<title>NUEVA YORK | Arrestan dominicano por asesinato de su pareja y a su hijo de tres a\u00f1os hace 33 a\u00f1os - Minuto Cero RD<\/title>\n<meta name=\"robots\" content=\"index, follow, max-snippet:-1, max-image-preview:large, max-video-preview:-1\" \/>\n<link rel=\"canonical\" href=\"https:\/\/minutocerord.com\/?p=24892\" \/>\n<meta property=\"og:locale\" content=\"es_ES\" \/>\n<meta property=\"og:type\" content=\"article\" \/>\n<meta property=\"og:title\" content=\"NUEVA YORK | Arrestan dominicano por asesinato de su pareja y a su hijo de tres a\u00f1os hace 33 a\u00f1os - Minuto Cero RD\" \/>\n<meta property=\"og:description\" content=\"NUEVA YORK. &#8211; Fue arrestado en Florida un dominicano acusado de ejecutar a una pareja de El Bronx frente a su hijo de tres a\u00f1os hace m\u00e1s de tres d\u00e9cadas fue arrestado en Florida. William Antonio Solis, de 62 a\u00f1os, fue detenido en Tampa en conexi\u00f3n con los asesinatos del 21 de junio de 1993 [&hellip;]\" \/>\n<meta property=\"og:url\" content=\"https:\/\/minutocerord.com\/?p=24892\" \/>\n<meta property=\"og:site_name\" content=\"Minuto Cero RD\" \/>\n<meta property=\"article:publisher\" content=\"https:\/\/www.facebook.com\/Genofnotes\" \/>\n<meta property=\"article:author\" content=\"https:\/\/www.facebook.com\/Genofnotes\" \/>\n<meta property=\"article:published_time\" content=\"2026-04-25T05:35:05+00:00\" \/>\n<meta name=\"author\" content=\"Genof\u00f3ntes Urb\u00e1ez\" \/>\n<meta name=\"twitter:card\" content=\"summary_large_image\" \/>\n<meta name=\"twitter:label1\" content=\"Written by\" \/>\n\t<meta name=\"twitter:data1\" content=\"Genof\u00f3ntes Urb\u00e1ez\" \/>\n\t<meta name=\"twitter:label2\" content=\"Est. reading time\" \/>\n\t<meta name=\"twitter:data2\" content=\"3 minutos\" \/>\n<script type=\"application\/ld+json\" class=\"yoast-schema-graph\">{\"@context\":\"https:\\\/\\\/schema.org\",\"@graph\":[{\"@type\":\"Article\",\"@id\":\"https:\\\/\\\/minutocerord.com\\\/?p=24892#article\",\"isPartOf\":{\"@id\":\"https:\\\/\\\/minutocerord.com\\\/?p=24892\"},\"author\":{\"name\":\"Genof\u00f3ntes Urb\u00e1ez\",\"@id\":\"https:\\\/\\\/minutocerord.com\\\/#\\\/schema\\\/person\\\/60b5372d60aaa0a5171fb6488be9aee6\"},\"headline\":\"NUEVA YORK | Arrestan dominicano por asesinato de su pareja y a su hijo de tres a\u00f1os hace 33 a\u00f1os\",\"datePublished\":\"2026-04-25T05:35:05+00:00\",\"mainEntityOfPage\":{\"@id\":\"https:\\\/\\\/minutocerord.com\\\/?p=24892\"},\"wordCount\":557,\"commentCount\":0,\"publisher\":{\"@id\":\"https:\\\/\\\/minutocerord.com\\\/#\\\/schema\\\/person\\\/60b5372d60aaa0a5171fb6488be9aee6\"},\"image\":{\"@id\":\"https:\\\/\\\/minutocerord.com\\\/?p=24892#primaryimage\"},\"thumbnailUrl\":\"https:\\\/\\\/i0.wp.com\\\/minutocerord.com\\\/wp-content\\\/uploads\\\/2026\\\/04\\\/Untitled-31-1.jpg?fit=725%2C450&ssl=1\",\"articleSection\":[\"New York\"],\"inLanguage\":\"es-DO\",\"potentialAction\":[{\"@type\":\"CommentAction\",\"name\":\"Comment\",\"target\":[\"https:\\\/\\\/minutocerord.com\\\/?p=24892#respond\"]}]},{\"@type\":\"WebPage\",\"@id\":\"https:\\\/\\\/minutocerord.com\\\/?p=24892\",\"url\":\"https:\\\/\\\/minutocerord.com\\\/?p=24892\",\"name\":\"NUEVA YORK | Arrestan dominicano por asesinato de su pareja y a su hijo de tres a\u00f1os hace 33 a\u00f1os - Minuto Cero RD\",\"isPartOf\":{\"@id\":\"https:\\\/\\\/minutocerord.com\\\/#website\"},\"primaryImageOfPage\":{\"@id\":\"https:\\\/\\\/minutocerord.com\\\/?p=24892#primaryimage\"},\"image\":{\"@id\":\"https:\\\/\\\/minutocerord.com\\\/?p=24892#primaryimage\"},\"thumbnailUrl\":\"https:\\\/\\\/i0.wp.com\\\/minutocerord.com\\\/wp-content\\\/uploads\\\/2026\\\/04\\\/Untitled-31-1.jpg?fit=725%2C450&ssl=1\",\"datePublished\":\"2026-04-25T05:35:05+00:00\",\"breadcrumb\":{\"@id\":\"https:\\\/\\\/minutocerord.com\\\/?p=24892#breadcrumb\"},\"inLanguage\":\"es-DO\",\"potentialAction\":[{\"@type\":\"ReadAction\",\"target\":[\"https:\\\/\\\/minutocerord.com\\\/?p=24892\"]}]},{\"@type\":\"ImageObject\",\"inLanguage\":\"es-DO\",\"@id\":\"https:\\\/\\\/minutocerord.com\\\/?p=24892#primaryimage\",\"url\":\"https:\\\/\\\/i0.wp.com\\\/minutocerord.com\\\/wp-content\\\/uploads\\\/2026\\\/04\\\/Untitled-31-1.jpg?fit=725%2C450&ssl=1\",\"contentUrl\":\"https:\\\/\\\/i0.wp.com\\\/minutocerord.com\\\/wp-content\\\/uploads\\\/2026\\\/04\\\/Untitled-31-1.jpg?fit=725%2C450&ssl=1\",\"width\":725,\"height\":450},{\"@type\":\"BreadcrumbList\",\"@id\":\"https:\\\/\\\/minutocerord.com\\\/?p=24892#breadcrumb\",\"itemListElement\":[{\"@type\":\"ListItem\",\"position\":1,\"name\":\"Home\",\"item\":\"https:\\\/\\\/minutocerord.com\\\/\"},{\"@type\":\"ListItem\",\"position\":2,\"name\":\"NUEVA YORK | Arrestan dominicano por asesinato de su pareja y a su hijo de tres a\u00f1os hace 33 a\u00f1os\"}]},{\"@type\":\"WebSite\",\"@id\":\"https:\\\/\\\/minutocerord.com\\\/#website\",\"url\":\"https:\\\/\\\/minutocerord.com\\\/\",\"name\":\"Minuto Cero RD\",\"description\":\"Periodismo serio y veraz\",\"publisher\":{\"@id\":\"https:\\\/\\\/minutocerord.com\\\/#\\\/schema\\\/person\\\/60b5372d60aaa0a5171fb6488be9aee6\"},\"potentialAction\":[{\"@type\":\"SearchAction\",\"target\":{\"@type\":\"EntryPoint\",\"urlTemplate\":\"https:\\\/\\\/minutocerord.com\\\/?s={search_term_string}\"},\"query-input\":{\"@type\":\"PropertyValueSpecification\",\"valueRequired\":true,\"valueName\":\"search_term_string\"}}],\"inLanguage\":\"es-DO\"},{\"@type\":[\"Person\",\"Organization\"],\"@id\":\"https:\\\/\\\/minutocerord.com\\\/#\\\/schema\\\/person\\\/60b5372d60aaa0a5171fb6488be9aee6\",\"name\":\"Genof\u00f3ntes Urb\u00e1ez\",\"image\":{\"@type\":\"ImageObject\",\"inLanguage\":\"es-DO\",\"@id\":\"https:\\\/\\\/secure.gravatar.com\\\/avatar\\\/a49ef3186a692098ac3e8a1612261e3ad70cf9e44553dff2929e67939a0ecb9d?s=96&d=identicon&r=g\",\"url\":\"https:\\\/\\\/secure.gravatar.com\\\/avatar\\\/a49ef3186a692098ac3e8a1612261e3ad70cf9e44553dff2929e67939a0ecb9d?s=96&d=identicon&r=g\",\"contentUrl\":\"https:\\\/\\\/secure.gravatar.com\\\/avatar\\\/a49ef3186a692098ac3e8a1612261e3ad70cf9e44553dff2929e67939a0ecb9d?s=96&d=identicon&r=g\",\"caption\":\"Genof\u00f3ntes Urb\u00e1ez\"},\"logo\":{\"@id\":\"https:\\\/\\\/secure.gravatar.com\\\/avatar\\\/a49ef3186a692098ac3e8a1612261e3ad70cf9e44553dff2929e67939a0ecb9d?s=96&d=identicon&r=g\"},\"description\":\"Periodista \\\/ Locutor\",\"sameAs\":[\"https:\\\/\\\/www.facebook.com\\\/Genofnotes\",\"https:\\\/\\\/www.instagram.com\\\/genofnotes\\\/\"]}]}<\/script>\n<!-- \/ Yoast SEO plugin. -->","yoast_head_json":{"title":"NUEVA YORK | Arrestan dominicano por asesinato de su pareja y a su hijo de tres a\u00f1os hace 33 a\u00f1os - Minuto Cero RD","robots":{"index":"index","follow":"follow","max-snippet":"max-snippet:-1","max-image-preview":"max-image-preview:large","max-video-preview":"max-video-preview:-1"},"canonical":"https:\/\/minutocerord.com\/?p=24892","og_locale":"es_ES","og_type":"article","og_title":"NUEVA YORK | Arrestan dominicano por asesinato de su pareja y a su hijo de tres a\u00f1os hace 33 a\u00f1os - Minuto Cero RD","og_description":"NUEVA YORK. &#8211; Fue arrestado en Florida un dominicano acusado de ejecutar a una pareja de El Bronx frente a su hijo de tres a\u00f1os hace m\u00e1s de tres d\u00e9cadas fue arrestado en Florida. William Antonio Solis, de 62 a\u00f1os, fue detenido en Tampa en conexi\u00f3n con los asesinatos del 21 de junio de 1993 [&hellip;]","og_url":"https:\/\/minutocerord.com\/?p=24892","og_site_name":"Minuto Cero RD","article_publisher":"https:\/\/www.facebook.com\/Genofnotes","article_author":"https:\/\/www.facebook.com\/Genofnotes","article_published_time":"2026-04-25T05:35:05+00:00","author":"Genof\u00f3ntes Urb\u00e1ez","twitter_card":"summary_large_image","twitter_misc":{"Written by":"Genof\u00f3ntes Urb\u00e1ez","Est. reading time":"3 minutos"},"schema":{"@context":"https:\/\/schema.org","@graph":[{"@type":"Article","@id":"https:\/\/minutocerord.com\/?p=24892#article","isPartOf":{"@id":"https:\/\/minutocerord.com\/?p=24892"},"author":{"name":"Genof\u00f3ntes Urb\u00e1ez","@id":"https:\/\/minutocerord.com\/#\/schema\/person\/60b5372d60aaa0a5171fb6488be9aee6"},"headline":"NUEVA YORK | Arrestan dominicano por asesinato de su pareja y a su hijo de tres a\u00f1os hace 33 a\u00f1os","datePublished":"2026-04-25T05:35:05+00:00","mainEntityOfPage":{"@id":"https:\/\/minutocerord.com\/?p=24892"},"wordCount":557,"commentCount":0,"publisher":{"@id":"https:\/\/minutocerord.com\/#\/schema\/person\/60b5372d60aaa0a5171fb6488be9aee6"},"image":{"@id":"https:\/\/minutocerord.com\/?p=24892#primaryimage"},"thumbnailUrl":"https:\/\/i0.wp.com\/minutocerord.com\/wp-content\/uploads\/2026\/04\/Untitled-31-1.jpg?fit=725%2C450&ssl=1","articleSection":["New York"],"inLanguage":"es-DO","potentialAction":[{"@type":"CommentAction","name":"Comment","target":["https:\/\/minutocerord.com\/?p=24892#respond"]}]},{"@type":"WebPage","@id":"https:\/\/minutocerord.com\/?p=24892","url":"https:\/\/minutocerord.com\/?p=24892","name":"NUEVA YORK | Arrestan dominicano por asesinato de su pareja y a su hijo de tres a\u00f1os hace 33 a\u00f1os - Minuto Cero RD","isPartOf":{"@id":"https:\/\/minutocerord.com\/#website"},"primaryImageOfPage":{"@id":"https:\/\/minutocerord.com\/?p=24892#primaryimage"},"image":{"@id":"https:\/\/minutocerord.com\/?p=24892#primaryimage"},"thumbnailUrl":"https:\/\/i0.wp.com\/minutocerord.com\/wp-content\/uploads\/2026\/04\/Untitled-31-1.jpg?fit=725%2C450&ssl=1","datePublished":"2026-04-25T05:35:05+00:00","breadcrumb":{"@id":"https:\/\/minutocerord.com\/?p=24892#breadcrumb"},"inLanguage":"es-DO","potentialAction":[{"@type":"ReadAction","target":["https:\/\/minutocerord.com\/?p=24892"]}]},{"@type":"ImageObject","inLanguage":"es-DO","@id":"https:\/\/minutocerord.com\/?p=24892#primaryimage","url":"https:\/\/i0.wp.com\/minutocerord.com\/wp-content\/uploads\/2026\/04\/Untitled-31-1.jpg?fit=725%2C450&ssl=1","contentUrl":"https:\/\/i0.wp.com\/minutocerord.com\/wp-content\/uploads\/2026\/04\/Untitled-31-1.jpg?fit=725%2C450&ssl=1","width":725,"height":450},{"@type":"BreadcrumbList","@id":"https:\/\/minutocerord.com\/?p=24892#breadcrumb","itemListElement":[{"@type":"ListItem","position":1,"name":"Home","item":"https:\/\/minutocerord.com\/"},{"@type":"ListItem","position":2,"name":"NUEVA YORK | Arrestan dominicano por asesinato de su pareja y a su hijo de tres a\u00f1os hace 33 a\u00f1os"}]},{"@type":"WebSite","@id":"https:\/\/minutocerord.com\/#website","url":"https:\/\/minutocerord.com\/","name":"Minuto Cero RD","description":"Periodismo serio y veraz","publisher":{"@id":"https:\/\/minutocerord.com\/#\/schema\/person\/60b5372d60aaa0a5171fb6488be9aee6"},"potentialAction":[{"@type":"SearchAction","target":{"@type":"EntryPoint","urlTemplate":"https:\/\/minutocerord.com\/?s={search_term_string}"},"query-input":{"@type":"PropertyValueSpecification","valueRequired":true,"valueName":"search_term_string"}}],"inLanguage":"es-DO"},{"@type":["Person","Organization"],"@id":"https:\/\/minutocerord.com\/#\/schema\/person\/60b5372d60aaa0a5171fb6488be9aee6","name":"Genof\u00f3ntes Urb\u00e1ez","image":{"@type":"ImageObject","inLanguage":"es-DO","@id":"https:\/\/secure.gravatar.com\/avatar\/a49ef3186a692098ac3e8a1612261e3ad70cf9e44553dff2929e67939a0ecb9d?s=96&d=identicon&r=g","url":"https:\/\/secure.gravatar.com\/avatar\/a49ef3186a692098ac3e8a1612261e3ad70cf9e44553dff2929e67939a0ecb9d?s=96&d=identicon&r=g","contentUrl":"https:\/\/secure.gravatar.com\/avatar\/a49ef3186a692098ac3e8a1612261e3ad70cf9e44553dff2929e67939a0ecb9d?s=96&d=identicon&r=g","caption":"Genof\u00f3ntes Urb\u00e1ez"},"logo":{"@id":"https:\/\/secure.gravatar.com\/avatar\/a49ef3186a692098ac3e8a1612261e3ad70cf9e44553dff2929e67939a0ecb9d?s=96&d=identicon&r=g"},"description":"Periodista \/ Locutor","sameAs":["https:\/\/www.facebook.com\/Genofnotes","https:\/\/www.instagram.com\/genofnotes\/"]}]}},"jetpack_publicize_connections":[],"jetpack_featured_media_url":"https:\/\/i0.wp.com\/minutocerord.com\/wp-content\/uploads\/2026\/04\/Untitled-31-1.jpg?fit=725%2C450&ssl=1","jetpack-related-posts":[],"jetpack_sharing_enabled":true,"_links":{"self":[{"href":"https:\/\/minutocerord.com\/index.php?rest_route=\/wp\/v2\/posts\/24892","targetHints":{"allow":["GET"]}}],"collection":[{"href":"https:\/\/minutocerord.com\/index.php?rest_route=\/wp\/v2\/posts"}],"about":[{"href":"https:\/\/minutocerord.com\/index.php?rest_route=\/wp\/v2\/types\/post"}],"author":[{"embeddable":true,"href":"https:\/\/minutocerord.com\/index.php?rest_route=\/wp\/v2\/users\/1"}],"replies":[{"embeddable":true,"href":"https:\/\/minutocerord.com\/index.php?rest_route=%2Fwp%2Fv2%2Fcomments&post=24892"}],"version-history":[{"count":1,"href":"https:\/\/minutocerord.com\/index.php?rest_route=\/wp\/v2\/posts\/24892\/revisions"}],"predecessor-version":[{"id":24895,"href":"https:\/\/minutocerord.com\/index.php?rest_route=\/wp\/v2\/posts\/24892\/revisions\/24895"}],"wp:featuredmedia":[{"embeddable":true,"href":"https:\/\/minutocerord.com\/index.php?rest_route=\/wp\/v2\/media\/24894"}],"wp:attachment":[{"href":"https:\/\/minutocerord.com\/index.php?rest_route=%2Fwp%2Fv2%2Fmedia&parent=24892"}],"wp:term":[{"taxonomy":"category","embeddable":true,"href":"https:\/\/minutocerord.com\/index.php?rest_route=%2Fwp%2Fv2%2Fcategories&post=24892"},{"taxonomy":"post_tag","embeddable":true,"href":"https:\/\/minutocerord.com\/index.php?rest_route=%2Fwp%2Fv2%2Ftags&post=24892"}],"curies":[{"name":"wp","href":"https:\/\/api.w.org\/{rel}","templated":true}]}}