{"id":24897,"date":"2026-04-26T23:23:28","date_gmt":"2026-04-27T03:23:28","guid":{"rendered":"https:\/\/minutocerord.com\/?p=24897"},"modified":"2026-04-26T23:24:13","modified_gmt":"2026-04-27T03:24:13","slug":"japon-terremoto-de-magnitud-62-sacude-la-isla-de-hokkaido","status":"publish","type":"post","link":"https:\/\/minutocerord.com\/?p=24897","title":{"rendered":"JAPON | Terremoto de magnitud 6,2 sacude la isla de Hokkaido"},"content":{"rendered":"\n<p class=\"\"><strong>TOKYO, JAPON. &#8211;<\/strong>\u00a0Un terremoto de magnitud 6,2 en la escala de Richter ha sacudido a primera hora de este lunes la isla de Hokkaido, la segunda mayor del archipi\u00e9lago japon\u00e9s, si bien las autoridades han precisado que \u00abno existe riesgo de tsunami\u00bb.<\/p>\n\n\n\n<p class=\"\">El temblor ha tenido lugar a las 5.23 horas y a una profundidad de 83 kil\u00f3metros en la parte sur del distrito de Tokachi, seg\u00fan ha indicado la Agencia Meteorol\u00f3gica de Jap\u00f3n (JMA), que le ha atribuido una intensidad de 5+ seg\u00fan su escala \u2013que describe el grado de agitaci\u00f3n en un punto de la superficie terrestre, con un m\u00e1ximo de 7\u2013 en la ciudad de Urahoro, a escasos kil\u00f3metros de la costa oriental de Hokkaido.<\/p>\n\n\n\n<p class=\"\">Tras el terremoto inicial, \u00abno se han registrado m\u00e1s sismos con una intensidad s\u00edsmica de 1 o superior\u00bb, ha indicado la entidad en un comunicado en el que, pese a ello, s\u00ed ha recogido \u00abun movimiento del suelo de largo per\u00edodo de magnitud 1\u00bb en diferentes zonas de hasta seis distritos de la isla.<\/p>\n\n\n\n<p class=\"\">Asimismo, la JMA ha se\u00f1alado que \u00abno existe riesgo de tsunami a causa de este terremoto\u00bb, si bien ha querido advertir a la poblaci\u00f3n de que, \u00aben las zonas afectadas por fuertes temblores, el riesgo de desprendimientos de rocas y deslizamientos de tierra es alto, por lo que se recomienda prestar mucha atenci\u00f3n a la actividad s\u00edsmica futura y a las condiciones de lluvia\u00bb.<\/p>\n\n\n\n<p class=\"\">La agencia ha se\u00f1alado tambi\u00e9n, con base en ejemplos pasados, que \u00abentre el 10% y el 20% de los terremotos importantes van seguidos de sismos de magnitud similar\u00bb, por lo que ha recomendado \u00abestar alerta ante la posibilidad de sismos de magnitud 5 o superior durante aproximadamente una semana\u00bb en las zonas afectadas por fuertes temblores, particularmente \u00aben los pr\u00f3ximos dos o tres d\u00edas\u00bb.<\/p>\n","protected":false},"excerpt":{"rendered":"<p>TOKYO, JAPON. &#8211;\u00a0Un terremoto de magnitud 6,2 en la escala de Richter ha sacudido a primera hora de este lunes la isla de Hokkaido, la segunda mayor del archipi\u00e9lago japon\u00e9s, si bien las autoridades han precisado que \u00abno existe riesgo de tsunami\u00bb. El temblor ha tenido lugar a las 5.23 horas y a una profundidad [&hellip;]<\/p>\n","protected":false},"author":1,"featured_media":24899,"comment_status":"open","ping_status":"open","sticky":false,"template":"","format":"standard","meta":{"nf_dc_page":"","jetpack_post_was_ever_published":false,"_jetpack_newsletter_access":"","_jetpack_dont_email_post_to_subs":false,"_jetpack_newsletter_tier_id":0,"_jetpack_memberships_contains_paywalled_content":false,"_jetpack_memberships_contains_paid_content":false,"footnotes":"","jetpack_publicize_message":"","jetpack_publicize_feature_enabled":true,"jetpack_social_post_already_shared":true,"jetpack_social_options":{"image_generator_settings":{"template":"highway","default_image_id":0,"font":"","enabled":false},"version":2}},"categories":[116],"tags":[],"class_list":["post-24897","post","type-post","status-publish","format-standard","has-post-thumbnail","hentry","category-japon"],"yoast_head":"<!-- This site is optimized with the Yoast SEO plugin v27.4 - https:\/\/yoast.com\/product\/yoast-seo-wordpress\/ -->\n<title>JAPON | Terremoto de magnitud 6,2 sacude la isla de Hokkaido - Minuto Cero RD<\/title>\n<meta name=\"robots\" content=\"index, follow, max-snippet:-1, max-image-preview:large, max-video-preview:-1\" \/>\n<link rel=\"canonical\" href=\"https:\/\/minutocerord.com\/?p=24897\" \/>\n<meta property=\"og:locale\" content=\"es_ES\" \/>\n<meta property=\"og:type\" content=\"article\" \/>\n<meta property=\"og:title\" content=\"JAPON | Terremoto de magnitud 6,2 sacude la isla de Hokkaido - Minuto Cero RD\" \/>\n<meta property=\"og:description\" content=\"TOKYO, JAPON. &#8211;\u00a0Un terremoto de magnitud 6,2 en la escala de Richter ha sacudido a primera hora de este lunes la isla de Hokkaido, la segunda mayor del archipi\u00e9lago japon\u00e9s, si bien las autoridades han precisado que \u00abno existe riesgo de tsunami\u00bb. El temblor ha tenido lugar a las 5.23 horas y a una profundidad [&hellip;]\" \/>\n<meta property=\"og:url\" content=\"https:\/\/minutocerord.com\/?p=24897\" \/>\n<meta property=\"og:site_name\" content=\"Minuto Cero RD\" \/>\n<meta property=\"article:publisher\" content=\"https:\/\/www.facebook.com\/Genofnotes\" \/>\n<meta property=\"article:author\" content=\"https:\/\/www.facebook.com\/Genofnotes\" \/>\n<meta property=\"article:published_time\" content=\"2026-04-27T03:23:28+00:00\" \/>\n<meta property=\"article:modified_time\" content=\"2026-04-27T03:24:13+00:00\" \/>\n<meta property=\"og:image\" content=\"http:\/\/minutocerord.com\/wp-content\/uploads\/2026\/04\/terremoto-japon-1.jpg\" \/>\n\t<meta property=\"og:image:width\" content=\"960\" \/>\n\t<meta property=\"og:image:height\" content=\"540\" \/>\n\t<meta property=\"og:image:type\" content=\"image\/jpeg\" \/>\n<meta name=\"author\" content=\"Genof\u00f3ntes Urb\u00e1ez\" \/>\n<meta name=\"twitter:card\" content=\"summary_large_image\" \/>\n<meta name=\"twitter:label1\" content=\"Written by\" \/>\n\t<meta name=\"twitter:data1\" content=\"Genof\u00f3ntes Urb\u00e1ez\" \/>\n\t<meta name=\"twitter:label2\" content=\"Est. reading time\" \/>\n\t<meta name=\"twitter:data2\" content=\"2 minutos\" \/>\n<script type=\"application\/ld+json\" class=\"yoast-schema-graph\">{\"@context\":\"https:\\\/\\\/schema.org\",\"@graph\":[{\"@type\":\"Article\",\"@id\":\"https:\\\/\\\/minutocerord.com\\\/?p=24897#article\",\"isPartOf\":{\"@id\":\"https:\\\/\\\/minutocerord.com\\\/?p=24897\"},\"author\":{\"name\":\"Genof\u00f3ntes Urb\u00e1ez\",\"@id\":\"https:\\\/\\\/minutocerord.com\\\/#\\\/schema\\\/person\\\/60b5372d60aaa0a5171fb6488be9aee6\"},\"headline\":\"JAPON | Terremoto de magnitud 6,2 sacude la isla de Hokkaido\",\"datePublished\":\"2026-04-27T03:23:28+00:00\",\"dateModified\":\"2026-04-27T03:24:13+00:00\",\"mainEntityOfPage\":{\"@id\":\"https:\\\/\\\/minutocerord.com\\\/?p=24897\"},\"wordCount\":321,\"commentCount\":0,\"publisher\":{\"@id\":\"https:\\\/\\\/minutocerord.com\\\/#\\\/schema\\\/person\\\/60b5372d60aaa0a5171fb6488be9aee6\"},\"image\":{\"@id\":\"https:\\\/\\\/minutocerord.com\\\/?p=24897#primaryimage\"},\"thumbnailUrl\":\"https:\\\/\\\/i0.wp.com\\\/minutocerord.com\\\/wp-content\\\/uploads\\\/2026\\\/04\\\/terremoto-japon-1.jpg?fit=960%2C540&ssl=1\",\"articleSection\":[\"Jap\u00f3n\"],\"inLanguage\":\"es-DO\",\"potentialAction\":[{\"@type\":\"CommentAction\",\"name\":\"Comment\",\"target\":[\"https:\\\/\\\/minutocerord.com\\\/?p=24897#respond\"]}]},{\"@type\":\"WebPage\",\"@id\":\"https:\\\/\\\/minutocerord.com\\\/?p=24897\",\"url\":\"https:\\\/\\\/minutocerord.com\\\/?p=24897\",\"name\":\"JAPON | Terremoto de magnitud 6,2 sacude la isla de Hokkaido - Minuto Cero RD\",\"isPartOf\":{\"@id\":\"https:\\\/\\\/minutocerord.com\\\/#website\"},\"primaryImageOfPage\":{\"@id\":\"https:\\\/\\\/minutocerord.com\\\/?p=24897#primaryimage\"},\"image\":{\"@id\":\"https:\\\/\\\/minutocerord.com\\\/?p=24897#primaryimage\"},\"thumbnailUrl\":\"https:\\\/\\\/i0.wp.com\\\/minutocerord.com\\\/wp-content\\\/uploads\\\/2026\\\/04\\\/terremoto-japon-1.jpg?fit=960%2C540&ssl=1\",\"datePublished\":\"2026-04-27T03:23:28+00:00\",\"dateModified\":\"2026-04-27T03:24:13+00:00\",\"breadcrumb\":{\"@id\":\"https:\\\/\\\/minutocerord.com\\\/?p=24897#breadcrumb\"},\"inLanguage\":\"es-DO\",\"potentialAction\":[{\"@type\":\"ReadAction\",\"target\":[\"https:\\\/\\\/minutocerord.com\\\/?p=24897\"]}]},{\"@type\":\"ImageObject\",\"inLanguage\":\"es-DO\",\"@id\":\"https:\\\/\\\/minutocerord.com\\\/?p=24897#primaryimage\",\"url\":\"https:\\\/\\\/i0.wp.com\\\/minutocerord.com\\\/wp-content\\\/uploads\\\/2026\\\/04\\\/terremoto-japon-1.jpg?fit=960%2C540&ssl=1\",\"contentUrl\":\"https:\\\/\\\/i0.wp.com\\\/minutocerord.com\\\/wp-content\\\/uploads\\\/2026\\\/04\\\/terremoto-japon-1.jpg?fit=960%2C540&ssl=1\",\"width\":960,\"height\":540},{\"@type\":\"BreadcrumbList\",\"@id\":\"https:\\\/\\\/minutocerord.com\\\/?p=24897#breadcrumb\",\"itemListElement\":[{\"@type\":\"ListItem\",\"position\":1,\"name\":\"Home\",\"item\":\"https:\\\/\\\/minutocerord.com\\\/\"},{\"@type\":\"ListItem\",\"position\":2,\"name\":\"JAPON | Terremoto de magnitud 6,2 sacude la isla de Hokkaido\"}]},{\"@type\":\"WebSite\",\"@id\":\"https:\\\/\\\/minutocerord.com\\\/#website\",\"url\":\"https:\\\/\\\/minutocerord.com\\\/\",\"name\":\"Minuto Cero RD\",\"description\":\"Periodismo serio y veraz\",\"publisher\":{\"@id\":\"https:\\\/\\\/minutocerord.com\\\/#\\\/schema\\\/person\\\/60b5372d60aaa0a5171fb6488be9aee6\"},\"potentialAction\":[{\"@type\":\"SearchAction\",\"target\":{\"@type\":\"EntryPoint\",\"urlTemplate\":\"https:\\\/\\\/minutocerord.com\\\/?s={search_term_string}\"},\"query-input\":{\"@type\":\"PropertyValueSpecification\",\"valueRequired\":true,\"valueName\":\"search_term_string\"}}],\"inLanguage\":\"es-DO\"},{\"@type\":[\"Person\",\"Organization\"],\"@id\":\"https:\\\/\\\/minutocerord.com\\\/#\\\/schema\\\/person\\\/60b5372d60aaa0a5171fb6488be9aee6\",\"name\":\"Genof\u00f3ntes Urb\u00e1ez\",\"image\":{\"@type\":\"ImageObject\",\"inLanguage\":\"es-DO\",\"@id\":\"https:\\\/\\\/secure.gravatar.com\\\/avatar\\\/a49ef3186a692098ac3e8a1612261e3ad70cf9e44553dff2929e67939a0ecb9d?s=96&d=identicon&r=g\",\"url\":\"https:\\\/\\\/secure.gravatar.com\\\/avatar\\\/a49ef3186a692098ac3e8a1612261e3ad70cf9e44553dff2929e67939a0ecb9d?s=96&d=identicon&r=g\",\"contentUrl\":\"https:\\\/\\\/secure.gravatar.com\\\/avatar\\\/a49ef3186a692098ac3e8a1612261e3ad70cf9e44553dff2929e67939a0ecb9d?s=96&d=identicon&r=g\",\"caption\":\"Genof\u00f3ntes Urb\u00e1ez\"},\"logo\":{\"@id\":\"https:\\\/\\\/secure.gravatar.com\\\/avatar\\\/a49ef3186a692098ac3e8a1612261e3ad70cf9e44553dff2929e67939a0ecb9d?s=96&d=identicon&r=g\"},\"description\":\"Periodista \\\/ Locutor\",\"sameAs\":[\"https:\\\/\\\/www.facebook.com\\\/Genofnotes\",\"https:\\\/\\\/www.instagram.com\\\/genofnotes\\\/\"]}]}<\/script>\n<!-- \/ Yoast SEO plugin. -->","yoast_head_json":{"title":"JAPON | Terremoto de magnitud 6,2 sacude la isla de Hokkaido - Minuto Cero RD","robots":{"index":"index","follow":"follow","max-snippet":"max-snippet:-1","max-image-preview":"max-image-preview:large","max-video-preview":"max-video-preview:-1"},"canonical":"https:\/\/minutocerord.com\/?p=24897","og_locale":"es_ES","og_type":"article","og_title":"JAPON | Terremoto de magnitud 6,2 sacude la isla de Hokkaido - Minuto Cero RD","og_description":"TOKYO, JAPON. &#8211;\u00a0Un terremoto de magnitud 6,2 en la escala de Richter ha sacudido a primera hora de este lunes la isla de Hokkaido, la segunda mayor del archipi\u00e9lago japon\u00e9s, si bien las autoridades han precisado que \u00abno existe riesgo de tsunami\u00bb. El temblor ha tenido lugar a las 5.23 horas y a una profundidad [&hellip;]","og_url":"https:\/\/minutocerord.com\/?p=24897","og_site_name":"Minuto Cero RD","article_publisher":"https:\/\/www.facebook.com\/Genofnotes","article_author":"https:\/\/www.facebook.com\/Genofnotes","article_published_time":"2026-04-27T03:23:28+00:00","article_modified_time":"2026-04-27T03:24:13+00:00","og_image":[{"width":960,"height":540,"url":"http:\/\/minutocerord.com\/wp-content\/uploads\/2026\/04\/terremoto-japon-1.jpg","type":"image\/jpeg"}],"author":"Genof\u00f3ntes Urb\u00e1ez","twitter_card":"summary_large_image","twitter_misc":{"Written by":"Genof\u00f3ntes Urb\u00e1ez","Est. reading time":"2 minutos"},"schema":{"@context":"https:\/\/schema.org","@graph":[{"@type":"Article","@id":"https:\/\/minutocerord.com\/?p=24897#article","isPartOf":{"@id":"https:\/\/minutocerord.com\/?p=24897"},"author":{"name":"Genof\u00f3ntes Urb\u00e1ez","@id":"https:\/\/minutocerord.com\/#\/schema\/person\/60b5372d60aaa0a5171fb6488be9aee6"},"headline":"JAPON | Terremoto de magnitud 6,2 sacude la isla de Hokkaido","datePublished":"2026-04-27T03:23:28+00:00","dateModified":"2026-04-27T03:24:13+00:00","mainEntityOfPage":{"@id":"https:\/\/minutocerord.com\/?p=24897"},"wordCount":321,"commentCount":0,"publisher":{"@id":"https:\/\/minutocerord.com\/#\/schema\/person\/60b5372d60aaa0a5171fb6488be9aee6"},"image":{"@id":"https:\/\/minutocerord.com\/?p=24897#primaryimage"},"thumbnailUrl":"https:\/\/i0.wp.com\/minutocerord.com\/wp-content\/uploads\/2026\/04\/terremoto-japon-1.jpg?fit=960%2C540&ssl=1","articleSection":["Jap\u00f3n"],"inLanguage":"es-DO","potentialAction":[{"@type":"CommentAction","name":"Comment","target":["https:\/\/minutocerord.com\/?p=24897#respond"]}]},{"@type":"WebPage","@id":"https:\/\/minutocerord.com\/?p=24897","url":"https:\/\/minutocerord.com\/?p=24897","name":"JAPON | Terremoto de magnitud 6,2 sacude la isla de Hokkaido - Minuto Cero RD","isPartOf":{"@id":"https:\/\/minutocerord.com\/#website"},"primaryImageOfPage":{"@id":"https:\/\/minutocerord.com\/?p=24897#primaryimage"},"image":{"@id":"https:\/\/minutocerord.com\/?p=24897#primaryimage"},"thumbnailUrl":"https:\/\/i0.wp.com\/minutocerord.com\/wp-content\/uploads\/2026\/04\/terremoto-japon-1.jpg?fit=960%2C540&ssl=1","datePublished":"2026-04-27T03:23:28+00:00","dateModified":"2026-04-27T03:24:13+00:00","breadcrumb":{"@id":"https:\/\/minutocerord.com\/?p=24897#breadcrumb"},"inLanguage":"es-DO","potentialAction":[{"@type":"ReadAction","target":["https:\/\/minutocerord.com\/?p=24897"]}]},{"@type":"ImageObject","inLanguage":"es-DO","@id":"https:\/\/minutocerord.com\/?p=24897#primaryimage","url":"https:\/\/i0.wp.com\/minutocerord.com\/wp-content\/uploads\/2026\/04\/terremoto-japon-1.jpg?fit=960%2C540&ssl=1","contentUrl":"https:\/\/i0.wp.com\/minutocerord.com\/wp-content\/uploads\/2026\/04\/terremoto-japon-1.jpg?fit=960%2C540&ssl=1","width":960,"height":540},{"@type":"BreadcrumbList","@id":"https:\/\/minutocerord.com\/?p=24897#breadcrumb","itemListElement":[{"@type":"ListItem","position":1,"name":"Home","item":"https:\/\/minutocerord.com\/"},{"@type":"ListItem","position":2,"name":"JAPON | Terremoto de magnitud 6,2 sacude la isla de Hokkaido"}]},{"@type":"WebSite","@id":"https:\/\/minutocerord.com\/#website","url":"https:\/\/minutocerord.com\/","name":"Minuto Cero RD","description":"Periodismo serio y veraz","publisher":{"@id":"https:\/\/minutocerord.com\/#\/schema\/person\/60b5372d60aaa0a5171fb6488be9aee6"},"potentialAction":[{"@type":"SearchAction","target":{"@type":"EntryPoint","urlTemplate":"https:\/\/minutocerord.com\/?s={search_term_string}"},"query-input":{"@type":"PropertyValueSpecification","valueRequired":true,"valueName":"search_term_string"}}],"inLanguage":"es-DO"},{"@type":["Person","Organization"],"@id":"https:\/\/minutocerord.com\/#\/schema\/person\/60b5372d60aaa0a5171fb6488be9aee6","name":"Genof\u00f3ntes Urb\u00e1ez","image":{"@type":"ImageObject","inLanguage":"es-DO","@id":"https:\/\/secure.gravatar.com\/avatar\/a49ef3186a692098ac3e8a1612261e3ad70cf9e44553dff2929e67939a0ecb9d?s=96&d=identicon&r=g","url":"https:\/\/secure.gravatar.com\/avatar\/a49ef3186a692098ac3e8a1612261e3ad70cf9e44553dff2929e67939a0ecb9d?s=96&d=identicon&r=g","contentUrl":"https:\/\/secure.gravatar.com\/avatar\/a49ef3186a692098ac3e8a1612261e3ad70cf9e44553dff2929e67939a0ecb9d?s=96&d=identicon&r=g","caption":"Genof\u00f3ntes Urb\u00e1ez"},"logo":{"@id":"https:\/\/secure.gravatar.com\/avatar\/a49ef3186a692098ac3e8a1612261e3ad70cf9e44553dff2929e67939a0ecb9d?s=96&d=identicon&r=g"},"description":"Periodista \/ Locutor","sameAs":["https:\/\/www.facebook.com\/Genofnotes","https:\/\/www.instagram.com\/genofnotes\/"]}]}},"jetpack_publicize_connections":[],"jetpack_featured_media_url":"https:\/\/i0.wp.com\/minutocerord.com\/wp-content\/uploads\/2026\/04\/terremoto-japon-1.jpg?fit=960%2C540&ssl=1","jetpack-related-posts":[],"jetpack_sharing_enabled":true,"_links":{"self":[{"href":"https:\/\/minutocerord.com\/index.php?rest_route=\/wp\/v2\/posts\/24897","targetHints":{"allow":["GET"]}}],"collection":[{"href":"https:\/\/minutocerord.com\/index.php?rest_route=\/wp\/v2\/posts"}],"about":[{"href":"https:\/\/minutocerord.com\/index.php?rest_route=\/wp\/v2\/types\/post"}],"author":[{"embeddable":true,"href":"https:\/\/minutocerord.com\/index.php?rest_route=\/wp\/v2\/users\/1"}],"replies":[{"embeddable":true,"href":"https:\/\/minutocerord.com\/index.php?rest_route=%2Fwp%2Fv2%2Fcomments&post=24897"}],"version-history":[{"count":1,"href":"https:\/\/minutocerord.com\/index.php?rest_route=\/wp\/v2\/posts\/24897\/revisions"}],"predecessor-version":[{"id":24900,"href":"https:\/\/minutocerord.com\/index.php?rest_route=\/wp\/v2\/posts\/24897\/revisions\/24900"}],"wp:featuredmedia":[{"embeddable":true,"href":"https:\/\/minutocerord.com\/index.php?rest_route=\/wp\/v2\/media\/24899"}],"wp:attachment":[{"href":"https:\/\/minutocerord.com\/index.php?rest_route=%2Fwp%2Fv2%2Fmedia&parent=24897"}],"wp:term":[{"taxonomy":"category","embeddable":true,"href":"https:\/\/minutocerord.com\/index.php?rest_route=%2Fwp%2Fv2%2Fcategories&post=24897"},{"taxonomy":"post_tag","embeddable":true,"href":"https:\/\/minutocerord.com\/index.php?rest_route=%2Fwp%2Fv2%2Ftags&post=24897"}],"curies":[{"name":"wp","href":"https:\/\/api.w.org\/{rel}","templated":true}]}}