{"id":24903,"date":"2026-04-28T00:00:20","date_gmt":"2026-04-28T04:00:20","guid":{"rendered":"https:\/\/minutocerord.com\/?p=24903"},"modified":"2026-04-28T00:04:40","modified_gmt":"2026-04-28T04:04:40","slug":"sanjuan-de-la-maguana-paro-de-labores-en-rechazo-de-explotacion-minera","status":"publish","type":"post","link":"https:\/\/minutocerord.com\/?p=24903","title":{"rendered":"SJM | Paro de labores en rechazo de explotaci\u00f3n minera"},"content":{"rendered":"\n<p class=\"\"><strong>SAN JUAN DE LA MAGUANA. &#8211;<\/strong> Las actividades comerciales, educativas e industriales, as\u00ed como el transporte de esta provincia del suroeste de la Rep\u00fablica Dominicana fueron paralizadas este lunes 27 de marzo en m\u00e1s de un 90 por ciento acogiendo un llamado que en este sentido hizo el denominado \u00abMovimiento Unidos por el Agua y la Vida\u201d<\/p>\n\n\n\n<p class=\"\">La protesta fue convocada en rechazo a las pretensiones de la empresa&nbsp;GoldQuest Mining&nbsp;de explotar una mina de oro en la loma Los Romeros, donde nacen el r\u00edo San Juan y otras fuentes fluviales vitales para la producci\u00f3n agr\u00edcola del valle de San Juan.<\/p>\n\n\n\n<p class=\"\">El peri\u00f3dico LaLupadelSur.com inform\u00f3 que durante la jornada se han registrado quema de neum\u00e1ticos pero no se han&nbsp; reportado hechos graves ni situaciones que lamentar.<\/p>\n\n\n\n<p class=\"\">Indic\u00f3 que el paro ha contado con un amplio respaldo popular, en medio de un rechazo generalizado a la actividad minera por sus posibles impactos en los recursos h\u00eddricos y el medio ambiente.<\/p>\n\n\n\n<p class=\"\">La huelga fue pautada para concluir a las 6:00 de la ma\u00f1ana de este martes pero sus convocantes no&nbsp; descartan nuevas acciones si no son atendidas sus demandas.<\/p>\n\n\n\n<p class=\"\"><strong>La Lupa Del SUR<\/strong><\/p>\n","protected":false},"excerpt":{"rendered":"<p>SAN JUAN DE LA MAGUANA. &#8211; Las actividades comerciales, educativas e industriales, as\u00ed como el transporte de esta provincia del suroeste de la Rep\u00fablica Dominicana fueron paralizadas este lunes 27 de marzo en m\u00e1s de un 90 por ciento acogiendo un llamado que en este sentido hizo el denominado \u00abMovimiento Unidos por el Agua y [&hellip;]<\/p>\n","protected":false},"author":1,"featured_media":24905,"comment_status":"open","ping_status":"open","sticky":false,"template":"","format":"standard","meta":{"nf_dc_page":"","jetpack_post_was_ever_published":false,"_jetpack_newsletter_access":"","_jetpack_dont_email_post_to_subs":false,"_jetpack_newsletter_tier_id":0,"_jetpack_memberships_contains_paywalled_content":false,"_jetpack_memberships_contains_paid_content":false,"footnotes":"","jetpack_publicize_message":"","jetpack_publicize_feature_enabled":true,"jetpack_social_post_already_shared":true,"jetpack_social_options":{"image_generator_settings":{"template":"highway","default_image_id":0,"font":"","enabled":false},"version":2}},"categories":[65],"tags":[],"class_list":["post-24903","post","type-post","status-publish","format-standard","has-post-thumbnail","hentry","category-nacionales"],"yoast_head":"<!-- This site is optimized with the Yoast SEO plugin v27.4 - https:\/\/yoast.com\/product\/yoast-seo-wordpress\/ -->\n<title>SJM | Paro de labores en rechazo de explotaci\u00f3n minera - Minuto Cero RD<\/title>\n<meta name=\"robots\" content=\"index, follow, max-snippet:-1, max-image-preview:large, max-video-preview:-1\" \/>\n<link rel=\"canonical\" href=\"https:\/\/minutocerord.com\/?p=24903\" \/>\n<meta property=\"og:locale\" content=\"es_ES\" \/>\n<meta property=\"og:type\" content=\"article\" \/>\n<meta property=\"og:title\" content=\"SJM | Paro de labores en rechazo de explotaci\u00f3n minera - Minuto Cero RD\" \/>\n<meta property=\"og:description\" content=\"SAN JUAN DE LA MAGUANA. &#8211; Las actividades comerciales, educativas e industriales, as\u00ed como el transporte de esta provincia del suroeste de la Rep\u00fablica Dominicana fueron paralizadas este lunes 27 de marzo en m\u00e1s de un 90 por ciento acogiendo un llamado que en este sentido hizo el denominado \u00abMovimiento Unidos por el Agua y [&hellip;]\" \/>\n<meta property=\"og:url\" content=\"https:\/\/minutocerord.com\/?p=24903\" \/>\n<meta property=\"og:site_name\" content=\"Minuto Cero RD\" \/>\n<meta property=\"article:publisher\" content=\"https:\/\/www.facebook.com\/Genofnotes\" \/>\n<meta property=\"article:author\" content=\"https:\/\/www.facebook.com\/Genofnotes\" \/>\n<meta property=\"article:published_time\" content=\"2026-04-28T04:00:20+00:00\" \/>\n<meta property=\"article:modified_time\" content=\"2026-04-28T04:04:40+00:00\" \/>\n<meta property=\"og:image\" content=\"http:\/\/minutocerord.com\/wp-content\/uploads\/2026\/04\/San-Juan-de-la-Maguana-RD3-1.jpg\" \/>\n\t<meta property=\"og:image:width\" content=\"1150\" \/>\n\t<meta property=\"og:image:height\" content=\"450\" \/>\n\t<meta property=\"og:image:type\" content=\"image\/jpeg\" \/>\n<meta name=\"author\" content=\"Genof\u00f3ntes Urb\u00e1ez\" \/>\n<meta name=\"twitter:card\" content=\"summary_large_image\" \/>\n<meta name=\"twitter:label1\" content=\"Written by\" \/>\n\t<meta name=\"twitter:data1\" content=\"Genof\u00f3ntes Urb\u00e1ez\" \/>\n\t<meta name=\"twitter:label2\" content=\"Est. reading time\" \/>\n\t<meta name=\"twitter:data2\" content=\"2 minutos\" \/>\n<script type=\"application\/ld+json\" class=\"yoast-schema-graph\">{\"@context\":\"https:\\\/\\\/schema.org\",\"@graph\":[{\"@type\":\"Article\",\"@id\":\"https:\\\/\\\/minutocerord.com\\\/?p=24903#article\",\"isPartOf\":{\"@id\":\"https:\\\/\\\/minutocerord.com\\\/?p=24903\"},\"author\":{\"name\":\"Genof\u00f3ntes Urb\u00e1ez\",\"@id\":\"https:\\\/\\\/minutocerord.com\\\/#\\\/schema\\\/person\\\/60b5372d60aaa0a5171fb6488be9aee6\"},\"headline\":\"SJM | Paro de labores en rechazo de explotaci\u00f3n minera\",\"datePublished\":\"2026-04-28T04:00:20+00:00\",\"dateModified\":\"2026-04-28T04:04:40+00:00\",\"mainEntityOfPage\":{\"@id\":\"https:\\\/\\\/minutocerord.com\\\/?p=24903\"},\"wordCount\":213,\"commentCount\":0,\"publisher\":{\"@id\":\"https:\\\/\\\/minutocerord.com\\\/#\\\/schema\\\/person\\\/60b5372d60aaa0a5171fb6488be9aee6\"},\"image\":{\"@id\":\"https:\\\/\\\/minutocerord.com\\\/?p=24903#primaryimage\"},\"thumbnailUrl\":\"https:\\\/\\\/i0.wp.com\\\/minutocerord.com\\\/wp-content\\\/uploads\\\/2026\\\/04\\\/San-Juan-de-la-Maguana-RD3-1.jpg?fit=1150%2C450&ssl=1\",\"articleSection\":[\"Nacionales\"],\"inLanguage\":\"es-DO\",\"potentialAction\":[{\"@type\":\"CommentAction\",\"name\":\"Comment\",\"target\":[\"https:\\\/\\\/minutocerord.com\\\/?p=24903#respond\"]}]},{\"@type\":\"WebPage\",\"@id\":\"https:\\\/\\\/minutocerord.com\\\/?p=24903\",\"url\":\"https:\\\/\\\/minutocerord.com\\\/?p=24903\",\"name\":\"SJM | Paro de labores en rechazo de explotaci\u00f3n minera - Minuto Cero RD\",\"isPartOf\":{\"@id\":\"https:\\\/\\\/minutocerord.com\\\/#website\"},\"primaryImageOfPage\":{\"@id\":\"https:\\\/\\\/minutocerord.com\\\/?p=24903#primaryimage\"},\"image\":{\"@id\":\"https:\\\/\\\/minutocerord.com\\\/?p=24903#primaryimage\"},\"thumbnailUrl\":\"https:\\\/\\\/i0.wp.com\\\/minutocerord.com\\\/wp-content\\\/uploads\\\/2026\\\/04\\\/San-Juan-de-la-Maguana-RD3-1.jpg?fit=1150%2C450&ssl=1\",\"datePublished\":\"2026-04-28T04:00:20+00:00\",\"dateModified\":\"2026-04-28T04:04:40+00:00\",\"breadcrumb\":{\"@id\":\"https:\\\/\\\/minutocerord.com\\\/?p=24903#breadcrumb\"},\"inLanguage\":\"es-DO\",\"potentialAction\":[{\"@type\":\"ReadAction\",\"target\":[\"https:\\\/\\\/minutocerord.com\\\/?p=24903\"]}]},{\"@type\":\"ImageObject\",\"inLanguage\":\"es-DO\",\"@id\":\"https:\\\/\\\/minutocerord.com\\\/?p=24903#primaryimage\",\"url\":\"https:\\\/\\\/i0.wp.com\\\/minutocerord.com\\\/wp-content\\\/uploads\\\/2026\\\/04\\\/San-Juan-de-la-Maguana-RD3-1.jpg?fit=1150%2C450&ssl=1\",\"contentUrl\":\"https:\\\/\\\/i0.wp.com\\\/minutocerord.com\\\/wp-content\\\/uploads\\\/2026\\\/04\\\/San-Juan-de-la-Maguana-RD3-1.jpg?fit=1150%2C450&ssl=1\",\"width\":1150,\"height\":450},{\"@type\":\"BreadcrumbList\",\"@id\":\"https:\\\/\\\/minutocerord.com\\\/?p=24903#breadcrumb\",\"itemListElement\":[{\"@type\":\"ListItem\",\"position\":1,\"name\":\"Home\",\"item\":\"https:\\\/\\\/minutocerord.com\\\/\"},{\"@type\":\"ListItem\",\"position\":2,\"name\":\"SJM | Paro de labores en rechazo de explotaci\u00f3n minera\"}]},{\"@type\":\"WebSite\",\"@id\":\"https:\\\/\\\/minutocerord.com\\\/#website\",\"url\":\"https:\\\/\\\/minutocerord.com\\\/\",\"name\":\"Minuto Cero RD\",\"description\":\"Periodismo serio y veraz\",\"publisher\":{\"@id\":\"https:\\\/\\\/minutocerord.com\\\/#\\\/schema\\\/person\\\/60b5372d60aaa0a5171fb6488be9aee6\"},\"potentialAction\":[{\"@type\":\"SearchAction\",\"target\":{\"@type\":\"EntryPoint\",\"urlTemplate\":\"https:\\\/\\\/minutocerord.com\\\/?s={search_term_string}\"},\"query-input\":{\"@type\":\"PropertyValueSpecification\",\"valueRequired\":true,\"valueName\":\"search_term_string\"}}],\"inLanguage\":\"es-DO\"},{\"@type\":[\"Person\",\"Organization\"],\"@id\":\"https:\\\/\\\/minutocerord.com\\\/#\\\/schema\\\/person\\\/60b5372d60aaa0a5171fb6488be9aee6\",\"name\":\"Genof\u00f3ntes Urb\u00e1ez\",\"image\":{\"@type\":\"ImageObject\",\"inLanguage\":\"es-DO\",\"@id\":\"https:\\\/\\\/secure.gravatar.com\\\/avatar\\\/a49ef3186a692098ac3e8a1612261e3ad70cf9e44553dff2929e67939a0ecb9d?s=96&d=identicon&r=g\",\"url\":\"https:\\\/\\\/secure.gravatar.com\\\/avatar\\\/a49ef3186a692098ac3e8a1612261e3ad70cf9e44553dff2929e67939a0ecb9d?s=96&d=identicon&r=g\",\"contentUrl\":\"https:\\\/\\\/secure.gravatar.com\\\/avatar\\\/a49ef3186a692098ac3e8a1612261e3ad70cf9e44553dff2929e67939a0ecb9d?s=96&d=identicon&r=g\",\"caption\":\"Genof\u00f3ntes Urb\u00e1ez\"},\"logo\":{\"@id\":\"https:\\\/\\\/secure.gravatar.com\\\/avatar\\\/a49ef3186a692098ac3e8a1612261e3ad70cf9e44553dff2929e67939a0ecb9d?s=96&d=identicon&r=g\"},\"description\":\"Periodista \\\/ Locutor\",\"sameAs\":[\"https:\\\/\\\/www.facebook.com\\\/Genofnotes\",\"https:\\\/\\\/www.instagram.com\\\/genofnotes\\\/\"]}]}<\/script>\n<!-- \/ Yoast SEO plugin. -->","yoast_head_json":{"title":"SJM | Paro de labores en rechazo de explotaci\u00f3n minera - Minuto Cero RD","robots":{"index":"index","follow":"follow","max-snippet":"max-snippet:-1","max-image-preview":"max-image-preview:large","max-video-preview":"max-video-preview:-1"},"canonical":"https:\/\/minutocerord.com\/?p=24903","og_locale":"es_ES","og_type":"article","og_title":"SJM | Paro de labores en rechazo de explotaci\u00f3n minera - Minuto Cero RD","og_description":"SAN JUAN DE LA MAGUANA. &#8211; Las actividades comerciales, educativas e industriales, as\u00ed como el transporte de esta provincia del suroeste de la Rep\u00fablica Dominicana fueron paralizadas este lunes 27 de marzo en m\u00e1s de un 90 por ciento acogiendo un llamado que en este sentido hizo el denominado \u00abMovimiento Unidos por el Agua y [&hellip;]","og_url":"https:\/\/minutocerord.com\/?p=24903","og_site_name":"Minuto Cero RD","article_publisher":"https:\/\/www.facebook.com\/Genofnotes","article_author":"https:\/\/www.facebook.com\/Genofnotes","article_published_time":"2026-04-28T04:00:20+00:00","article_modified_time":"2026-04-28T04:04:40+00:00","og_image":[{"width":1150,"height":450,"url":"http:\/\/minutocerord.com\/wp-content\/uploads\/2026\/04\/San-Juan-de-la-Maguana-RD3-1.jpg","type":"image\/jpeg"}],"author":"Genof\u00f3ntes Urb\u00e1ez","twitter_card":"summary_large_image","twitter_misc":{"Written by":"Genof\u00f3ntes Urb\u00e1ez","Est. reading time":"2 minutos"},"schema":{"@context":"https:\/\/schema.org","@graph":[{"@type":"Article","@id":"https:\/\/minutocerord.com\/?p=24903#article","isPartOf":{"@id":"https:\/\/minutocerord.com\/?p=24903"},"author":{"name":"Genof\u00f3ntes Urb\u00e1ez","@id":"https:\/\/minutocerord.com\/#\/schema\/person\/60b5372d60aaa0a5171fb6488be9aee6"},"headline":"SJM | Paro de labores en rechazo de explotaci\u00f3n minera","datePublished":"2026-04-28T04:00:20+00:00","dateModified":"2026-04-28T04:04:40+00:00","mainEntityOfPage":{"@id":"https:\/\/minutocerord.com\/?p=24903"},"wordCount":213,"commentCount":0,"publisher":{"@id":"https:\/\/minutocerord.com\/#\/schema\/person\/60b5372d60aaa0a5171fb6488be9aee6"},"image":{"@id":"https:\/\/minutocerord.com\/?p=24903#primaryimage"},"thumbnailUrl":"https:\/\/i0.wp.com\/minutocerord.com\/wp-content\/uploads\/2026\/04\/San-Juan-de-la-Maguana-RD3-1.jpg?fit=1150%2C450&ssl=1","articleSection":["Nacionales"],"inLanguage":"es-DO","potentialAction":[{"@type":"CommentAction","name":"Comment","target":["https:\/\/minutocerord.com\/?p=24903#respond"]}]},{"@type":"WebPage","@id":"https:\/\/minutocerord.com\/?p=24903","url":"https:\/\/minutocerord.com\/?p=24903","name":"SJM | Paro de labores en rechazo de explotaci\u00f3n minera - Minuto Cero RD","isPartOf":{"@id":"https:\/\/minutocerord.com\/#website"},"primaryImageOfPage":{"@id":"https:\/\/minutocerord.com\/?p=24903#primaryimage"},"image":{"@id":"https:\/\/minutocerord.com\/?p=24903#primaryimage"},"thumbnailUrl":"https:\/\/i0.wp.com\/minutocerord.com\/wp-content\/uploads\/2026\/04\/San-Juan-de-la-Maguana-RD3-1.jpg?fit=1150%2C450&ssl=1","datePublished":"2026-04-28T04:00:20+00:00","dateModified":"2026-04-28T04:04:40+00:00","breadcrumb":{"@id":"https:\/\/minutocerord.com\/?p=24903#breadcrumb"},"inLanguage":"es-DO","potentialAction":[{"@type":"ReadAction","target":["https:\/\/minutocerord.com\/?p=24903"]}]},{"@type":"ImageObject","inLanguage":"es-DO","@id":"https:\/\/minutocerord.com\/?p=24903#primaryimage","url":"https:\/\/i0.wp.com\/minutocerord.com\/wp-content\/uploads\/2026\/04\/San-Juan-de-la-Maguana-RD3-1.jpg?fit=1150%2C450&ssl=1","contentUrl":"https:\/\/i0.wp.com\/minutocerord.com\/wp-content\/uploads\/2026\/04\/San-Juan-de-la-Maguana-RD3-1.jpg?fit=1150%2C450&ssl=1","width":1150,"height":450},{"@type":"BreadcrumbList","@id":"https:\/\/minutocerord.com\/?p=24903#breadcrumb","itemListElement":[{"@type":"ListItem","position":1,"name":"Home","item":"https:\/\/minutocerord.com\/"},{"@type":"ListItem","position":2,"name":"SJM | Paro de labores en rechazo de explotaci\u00f3n minera"}]},{"@type":"WebSite","@id":"https:\/\/minutocerord.com\/#website","url":"https:\/\/minutocerord.com\/","name":"Minuto Cero RD","description":"Periodismo serio y veraz","publisher":{"@id":"https:\/\/minutocerord.com\/#\/schema\/person\/60b5372d60aaa0a5171fb6488be9aee6"},"potentialAction":[{"@type":"SearchAction","target":{"@type":"EntryPoint","urlTemplate":"https:\/\/minutocerord.com\/?s={search_term_string}"},"query-input":{"@type":"PropertyValueSpecification","valueRequired":true,"valueName":"search_term_string"}}],"inLanguage":"es-DO"},{"@type":["Person","Organization"],"@id":"https:\/\/minutocerord.com\/#\/schema\/person\/60b5372d60aaa0a5171fb6488be9aee6","name":"Genof\u00f3ntes Urb\u00e1ez","image":{"@type":"ImageObject","inLanguage":"es-DO","@id":"https:\/\/secure.gravatar.com\/avatar\/a49ef3186a692098ac3e8a1612261e3ad70cf9e44553dff2929e67939a0ecb9d?s=96&d=identicon&r=g","url":"https:\/\/secure.gravatar.com\/avatar\/a49ef3186a692098ac3e8a1612261e3ad70cf9e44553dff2929e67939a0ecb9d?s=96&d=identicon&r=g","contentUrl":"https:\/\/secure.gravatar.com\/avatar\/a49ef3186a692098ac3e8a1612261e3ad70cf9e44553dff2929e67939a0ecb9d?s=96&d=identicon&r=g","caption":"Genof\u00f3ntes Urb\u00e1ez"},"logo":{"@id":"https:\/\/secure.gravatar.com\/avatar\/a49ef3186a692098ac3e8a1612261e3ad70cf9e44553dff2929e67939a0ecb9d?s=96&d=identicon&r=g"},"description":"Periodista \/ Locutor","sameAs":["https:\/\/www.facebook.com\/Genofnotes","https:\/\/www.instagram.com\/genofnotes\/"]}]}},"jetpack_publicize_connections":[],"jetpack_featured_media_url":"https:\/\/i0.wp.com\/minutocerord.com\/wp-content\/uploads\/2026\/04\/San-Juan-de-la-Maguana-RD3-1.jpg?fit=1150%2C450&ssl=1","jetpack-related-posts":[],"jetpack_sharing_enabled":true,"_links":{"self":[{"href":"https:\/\/minutocerord.com\/index.php?rest_route=\/wp\/v2\/posts\/24903","targetHints":{"allow":["GET"]}}],"collection":[{"href":"https:\/\/minutocerord.com\/index.php?rest_route=\/wp\/v2\/posts"}],"about":[{"href":"https:\/\/minutocerord.com\/index.php?rest_route=\/wp\/v2\/types\/post"}],"author":[{"embeddable":true,"href":"https:\/\/minutocerord.com\/index.php?rest_route=\/wp\/v2\/users\/1"}],"replies":[{"embeddable":true,"href":"https:\/\/minutocerord.com\/index.php?rest_route=%2Fwp%2Fv2%2Fcomments&post=24903"}],"version-history":[{"count":2,"href":"https:\/\/minutocerord.com\/index.php?rest_route=\/wp\/v2\/posts\/24903\/revisions"}],"predecessor-version":[{"id":24907,"href":"https:\/\/minutocerord.com\/index.php?rest_route=\/wp\/v2\/posts\/24903\/revisions\/24907"}],"wp:featuredmedia":[{"embeddable":true,"href":"https:\/\/minutocerord.com\/index.php?rest_route=\/wp\/v2\/media\/24905"}],"wp:attachment":[{"href":"https:\/\/minutocerord.com\/index.php?rest_route=%2Fwp%2Fv2%2Fmedia&parent=24903"}],"wp:term":[{"taxonomy":"category","embeddable":true,"href":"https:\/\/minutocerord.com\/index.php?rest_route=%2Fwp%2Fv2%2Fcategories&post=24903"},{"taxonomy":"post_tag","embeddable":true,"href":"https:\/\/minutocerord.com\/index.php?rest_route=%2Fwp%2Fv2%2Ftags&post=24903"}],"curies":[{"name":"wp","href":"https:\/\/api.w.org\/{rel}","templated":true}]}}