{"id":24910,"date":"2026-04-28T00:49:51","date_gmt":"2026-04-28T04:49:51","guid":{"rendered":"https:\/\/minutocerord.com\/?p=24910"},"modified":"2026-04-28T01:30:13","modified_gmt":"2026-04-28T05:30:13","slug":"caso-jet-set-eso-no-debio-pasar-ahi-no-debio-morir-una-sola-persona-el-duro-testimonio-de-gregory-adames","status":"publish","type":"post","link":"https:\/\/minutocerord.com\/?p=24910","title":{"rendered":"CASO JET SET | Video: &#8220;Eso no debi\u00f3 pasar, ah\u00ed no debi\u00f3 morir una sola persona&#8221;: El duro testimonio de Gregory Adames"},"content":{"rendered":"\n<p class=\"\"><strong>SANTO DOMINGO, RD.-<\/strong> Gregory Adames, v\u00edctima de la tragedia ocurrida en la discoteca Jet Set, ofreci\u00f3 su testimonio en el que expuso presuntas negligencias y la &#8220;insensibilidad&#8221; de la administraci\u00f3n del establecimiento antes del colapso que cobr\u00f3 la vida de 236 personas y m\u00e1s de 180 personas heridas.<\/p>\n\n\n\n<figure class=\"wp-block-video\"><video height=\"640\" style=\"aspect-ratio: 360 \/ 640;\" width=\"360\" controls src=\"https:\/\/minutocerord.com\/wp-content\/uploads\/2026\/04\/AQNBxsmTEXBTwrTtIoLHo_pXOZHObIxM-Oe-q_YIHv7Qi7363IrWEbinEHJZFFaWT-43DeAmQs7Mk545dWSnVSdaWg58Oof_yencuhFwNw.mp4\"><\/video><\/figure>\n\n\n\n<p class=\"\">Adames, quien era empleado del establecimiento comercial, dijo ante el juez del Primer Juzgado de la Instrucci\u00f3n del Distrito Nacional que la tragedia fue una &#8220;muerte anunciada&#8221; y que la ambici\u00f3n econ\u00f3mica se antepuso a la seguridad de los clientes y empleados.<\/p>\n\n\n\n<p class=\"\">Seg\u00fan el relato de Adames, los problemas estructurales y el\u00e9ctricos no eran nuevos y que los propietarios del Jet Set, Antonio y Maribel Espaillat, ten\u00edan conocimiento de esa situaci\u00f3n.<\/p>\n\n\n\n<p class=\"\">Dijo que tras un incendio previo en el \u00e1rea de la planta el\u00e9ctrica, se instalaron cables provisionales que, seg\u00fan t\u00e9cnicos consultados, no eran aptos para la operaci\u00f3n continua.<\/p>\n\n\n\n<p class=\"\">&#8220;Desde 2023 hab\u00eda cables provisionales. Los t\u00e9cnicos dec\u00edan que no se pod\u00eda abrir, pero \u00e9l (Antonio) dec\u00eda que esa semana se abr\u00eda porque se abr\u00eda. Prefer\u00eda resolver con intercambios que invertir en lo que realmente se necesitaba&#8221;, denunci\u00f3 Adames.<\/p>\n\n\n\n<p class=\"\"><strong>Lonas para recoger el agua<\/strong><\/p>\n\n\n\n<p class=\"\">El testimonio detall\u00f3 una falta de mantenimiento en el techo del local. Adames describi\u00f3 c\u00f3mo, ante las constantes filtraciones y el desprendimiento de plafones, la soluci\u00f3n de la gerencia fue colocar lonas pl\u00e1sticas sobre el techo falso para acumular el agua y vaciarla antes de cada evento, en lugar de reparar la estructura de concreto que ya se estaba desmoronando.<\/p>\n\n\n\n<p class=\"\">&#8220;Yo mismo sub\u00eda a las escaleras a tumbar los pedazos de concreto que estaban flojos para que no le cayeran a los clientes. Les mandaba fotos, les mandaba videos. Ellos ten\u00edan conocimiento constante&#8221;, asegur\u00f3 Adames.<\/p>\n\n\n\n<p class=\"\">El relato alcanz\u00f3 su punto m\u00e1s cr\u00edtico al describir las horas previas al colapso. Adames narr\u00f3 que, tras un incidente con un cliente al que casi le cae un pedazo de techo a las 11:00 p.m., le suplic\u00f3 a la se\u00f1ora Maribel Espaillat suspender la actividad.<\/p>\n\n\n\n<p class=\"\">&#8220;Do\u00f1a, usted est\u00e1 pensando en la fiesta que viene, pero lo que nos est\u00e1n advirtiendo puede ser peor&#8221; y la respuesta de la propietaria fue que la fecha era &#8220;demasiado buena&#8221; para cerrar&#8221;, se\u00f1al\u00f3 en sus palabras.<\/p>\n\n\n\n<p class=\"\"><strong>Un clamor por justicia<\/strong><\/p>\n\n\n\n<p class=\"\">Gregory Adames rechaz\u00f3 que sus declaraciones se deban a envidia o rencor personal, insistiendo en que su motivaci\u00f3n es la verdad y el respeto a la memoria de las v\u00edctimas, incluidos siete de sus compa\u00f1eros de trabajo que perdieron la vida.<\/p>\n\n\n\n<p class=\"\">&#8220;Lo que yo escuch\u00e9 ah\u00ed dentro no lo vio nadie. Personas llamando, golpeando bajo los escombros&#8230; esto no es por envidia, es por la verdad. Aqu\u00ed hay un pueblo herido porque murieron 230 y pico de personas que pudieron ser cualquiera&#8221;, concluy\u00f3 ante el juez en un turno en el que las v\u00edctimas tuvieron derecho a la palabra.<\/p>\n","protected":false},"excerpt":{"rendered":"<p>SANTO DOMINGO, RD.- Gregory Adames, v\u00edctima de la tragedia ocurrida en la discoteca Jet Set, ofreci\u00f3 su testimonio en el que expuso presuntas negligencias y la &#8220;insensibilidad&#8221; de la administraci\u00f3n del establecimiento antes del colapso que cobr\u00f3 la vida de 236 personas y m\u00e1s de 180 personas heridas. Adames, quien era empleado del establecimiento comercial, [&hellip;]<\/p>\n","protected":false},"author":1,"featured_media":24912,"comment_status":"open","ping_status":"open","sticky":false,"template":"","format":"standard","meta":{"nf_dc_page":"","jetpack_post_was_ever_published":false,"_jetpack_newsletter_access":"","_jetpack_dont_email_post_to_subs":false,"_jetpack_newsletter_tier_id":0,"_jetpack_memberships_contains_paywalled_content":false,"_jetpack_memberships_contains_paid_content":false,"footnotes":"","jetpack_publicize_message":"","jetpack_publicize_feature_enabled":true,"jetpack_social_post_already_shared":true,"jetpack_social_options":{"image_generator_settings":{"template":"highway","default_image_id":0,"font":"","enabled":false},"version":2}},"categories":[93],"tags":[],"class_list":["post-24910","post","type-post","status-publish","format-standard","has-post-thumbnail","hentry","category-justicia"],"yoast_head":"<!-- This site is optimized with the Yoast SEO plugin v27.4 - https:\/\/yoast.com\/product\/yoast-seo-wordpress\/ -->\n<title>CASO JET SET | Video: &quot;Eso no debi\u00f3 pasar, ah\u00ed no debi\u00f3 morir una sola persona&quot;: El duro testimonio de Gregory Adames - Minuto Cero RD<\/title>\n<meta name=\"robots\" content=\"index, follow, max-snippet:-1, max-image-preview:large, max-video-preview:-1\" \/>\n<link rel=\"canonical\" href=\"https:\/\/minutocerord.com\/?p=24910\" \/>\n<meta property=\"og:locale\" content=\"es_ES\" \/>\n<meta property=\"og:type\" content=\"article\" \/>\n<meta property=\"og:title\" content=\"CASO JET SET | Video: &quot;Eso no debi\u00f3 pasar, ah\u00ed no debi\u00f3 morir una sola persona&quot;: El duro testimonio de Gregory Adames - Minuto Cero RD\" \/>\n<meta property=\"og:description\" content=\"SANTO DOMINGO, RD.- Gregory Adames, v\u00edctima de la tragedia ocurrida en la discoteca Jet Set, ofreci\u00f3 su testimonio en el que expuso presuntas negligencias y la &#8220;insensibilidad&#8221; de la administraci\u00f3n del establecimiento antes del colapso que cobr\u00f3 la vida de 236 personas y m\u00e1s de 180 personas heridas. Adames, quien era empleado del establecimiento comercial, [&hellip;]\" \/>\n<meta property=\"og:url\" content=\"https:\/\/minutocerord.com\/?p=24910\" \/>\n<meta property=\"og:site_name\" content=\"Minuto Cero RD\" \/>\n<meta property=\"article:publisher\" content=\"https:\/\/www.facebook.com\/Genofnotes\" \/>\n<meta property=\"article:author\" content=\"https:\/\/www.facebook.com\/Genofnotes\" \/>\n<meta property=\"article:published_time\" content=\"2026-04-28T04:49:51+00:00\" \/>\n<meta property=\"article:modified_time\" content=\"2026-04-28T05:30:13+00:00\" \/>\n<meta property=\"og:image\" content=\"http:\/\/minutocerord.com\/wp-content\/uploads\/2026\/04\/86b22297-7405-472e-91cb-68f3808a50b8.jpg\" \/>\n\t<meta property=\"og:image:width\" content=\"1402\" \/>\n\t<meta property=\"og:image:height\" content=\"1122\" \/>\n\t<meta property=\"og:image:type\" content=\"image\/jpeg\" \/>\n<meta name=\"author\" content=\"Genof\u00f3ntes Urb\u00e1ez\" \/>\n<meta name=\"twitter:card\" content=\"summary_large_image\" \/>\n<meta name=\"twitter:label1\" content=\"Written by\" \/>\n\t<meta name=\"twitter:data1\" content=\"Genof\u00f3ntes Urb\u00e1ez\" \/>\n\t<meta name=\"twitter:label2\" content=\"Est. reading time\" \/>\n\t<meta name=\"twitter:data2\" content=\"3 minutos\" \/>\n<script type=\"application\/ld+json\" class=\"yoast-schema-graph\">{\"@context\":\"https:\\\/\\\/schema.org\",\"@graph\":[{\"@type\":\"Article\",\"@id\":\"https:\\\/\\\/minutocerord.com\\\/?p=24910#article\",\"isPartOf\":{\"@id\":\"https:\\\/\\\/minutocerord.com\\\/?p=24910\"},\"author\":{\"name\":\"Genof\u00f3ntes Urb\u00e1ez\",\"@id\":\"https:\\\/\\\/minutocerord.com\\\/#\\\/schema\\\/person\\\/60b5372d60aaa0a5171fb6488be9aee6\"},\"headline\":\"CASO JET SET | Video: &#8220;Eso no debi\u00f3 pasar, ah\u00ed no debi\u00f3 morir una sola persona&#8221;: El duro testimonio de Gregory Adames\",\"datePublished\":\"2026-04-28T04:49:51+00:00\",\"dateModified\":\"2026-04-28T05:30:13+00:00\",\"mainEntityOfPage\":{\"@id\":\"https:\\\/\\\/minutocerord.com\\\/?p=24910\"},\"wordCount\":527,\"commentCount\":0,\"publisher\":{\"@id\":\"https:\\\/\\\/minutocerord.com\\\/#\\\/schema\\\/person\\\/60b5372d60aaa0a5171fb6488be9aee6\"},\"image\":{\"@id\":\"https:\\\/\\\/minutocerord.com\\\/?p=24910#primaryimage\"},\"thumbnailUrl\":\"https:\\\/\\\/i0.wp.com\\\/minutocerord.com\\\/wp-content\\\/uploads\\\/2026\\\/04\\\/86b22297-7405-472e-91cb-68f3808a50b8.jpg?fit=1402%2C1122&ssl=1\",\"articleSection\":[\"Justicia\"],\"inLanguage\":\"es-DO\",\"potentialAction\":[{\"@type\":\"CommentAction\",\"name\":\"Comment\",\"target\":[\"https:\\\/\\\/minutocerord.com\\\/?p=24910#respond\"]}]},{\"@type\":\"WebPage\",\"@id\":\"https:\\\/\\\/minutocerord.com\\\/?p=24910\",\"url\":\"https:\\\/\\\/minutocerord.com\\\/?p=24910\",\"name\":\"CASO JET SET | Video: \\\"Eso no debi\u00f3 pasar, ah\u00ed no debi\u00f3 morir una sola persona\\\": El duro testimonio de Gregory Adames - Minuto Cero RD\",\"isPartOf\":{\"@id\":\"https:\\\/\\\/minutocerord.com\\\/#website\"},\"primaryImageOfPage\":{\"@id\":\"https:\\\/\\\/minutocerord.com\\\/?p=24910#primaryimage\"},\"image\":{\"@id\":\"https:\\\/\\\/minutocerord.com\\\/?p=24910#primaryimage\"},\"thumbnailUrl\":\"https:\\\/\\\/i0.wp.com\\\/minutocerord.com\\\/wp-content\\\/uploads\\\/2026\\\/04\\\/86b22297-7405-472e-91cb-68f3808a50b8.jpg?fit=1402%2C1122&ssl=1\",\"datePublished\":\"2026-04-28T04:49:51+00:00\",\"dateModified\":\"2026-04-28T05:30:13+00:00\",\"breadcrumb\":{\"@id\":\"https:\\\/\\\/minutocerord.com\\\/?p=24910#breadcrumb\"},\"inLanguage\":\"es-DO\",\"potentialAction\":[{\"@type\":\"ReadAction\",\"target\":[\"https:\\\/\\\/minutocerord.com\\\/?p=24910\"]}]},{\"@type\":\"ImageObject\",\"inLanguage\":\"es-DO\",\"@id\":\"https:\\\/\\\/minutocerord.com\\\/?p=24910#primaryimage\",\"url\":\"https:\\\/\\\/i0.wp.com\\\/minutocerord.com\\\/wp-content\\\/uploads\\\/2026\\\/04\\\/86b22297-7405-472e-91cb-68f3808a50b8.jpg?fit=1402%2C1122&ssl=1\",\"contentUrl\":\"https:\\\/\\\/i0.wp.com\\\/minutocerord.com\\\/wp-content\\\/uploads\\\/2026\\\/04\\\/86b22297-7405-472e-91cb-68f3808a50b8.jpg?fit=1402%2C1122&ssl=1\",\"width\":1402,\"height\":1122},{\"@type\":\"BreadcrumbList\",\"@id\":\"https:\\\/\\\/minutocerord.com\\\/?p=24910#breadcrumb\",\"itemListElement\":[{\"@type\":\"ListItem\",\"position\":1,\"name\":\"Home\",\"item\":\"https:\\\/\\\/minutocerord.com\\\/\"},{\"@type\":\"ListItem\",\"position\":2,\"name\":\"CASO JET SET | Video: &#8220;Eso no debi\u00f3 pasar, ah\u00ed no debi\u00f3 morir una sola persona&#8221;: El duro testimonio de Gregory Adames\"}]},{\"@type\":\"WebSite\",\"@id\":\"https:\\\/\\\/minutocerord.com\\\/#website\",\"url\":\"https:\\\/\\\/minutocerord.com\\\/\",\"name\":\"Minuto Cero RD\",\"description\":\"Periodismo serio y veraz\",\"publisher\":{\"@id\":\"https:\\\/\\\/minutocerord.com\\\/#\\\/schema\\\/person\\\/60b5372d60aaa0a5171fb6488be9aee6\"},\"potentialAction\":[{\"@type\":\"SearchAction\",\"target\":{\"@type\":\"EntryPoint\",\"urlTemplate\":\"https:\\\/\\\/minutocerord.com\\\/?s={search_term_string}\"},\"query-input\":{\"@type\":\"PropertyValueSpecification\",\"valueRequired\":true,\"valueName\":\"search_term_string\"}}],\"inLanguage\":\"es-DO\"},{\"@type\":[\"Person\",\"Organization\"],\"@id\":\"https:\\\/\\\/minutocerord.com\\\/#\\\/schema\\\/person\\\/60b5372d60aaa0a5171fb6488be9aee6\",\"name\":\"Genof\u00f3ntes Urb\u00e1ez\",\"image\":{\"@type\":\"ImageObject\",\"inLanguage\":\"es-DO\",\"@id\":\"https:\\\/\\\/secure.gravatar.com\\\/avatar\\\/a49ef3186a692098ac3e8a1612261e3ad70cf9e44553dff2929e67939a0ecb9d?s=96&d=identicon&r=g\",\"url\":\"https:\\\/\\\/secure.gravatar.com\\\/avatar\\\/a49ef3186a692098ac3e8a1612261e3ad70cf9e44553dff2929e67939a0ecb9d?s=96&d=identicon&r=g\",\"contentUrl\":\"https:\\\/\\\/secure.gravatar.com\\\/avatar\\\/a49ef3186a692098ac3e8a1612261e3ad70cf9e44553dff2929e67939a0ecb9d?s=96&d=identicon&r=g\",\"caption\":\"Genof\u00f3ntes Urb\u00e1ez\"},\"logo\":{\"@id\":\"https:\\\/\\\/secure.gravatar.com\\\/avatar\\\/a49ef3186a692098ac3e8a1612261e3ad70cf9e44553dff2929e67939a0ecb9d?s=96&d=identicon&r=g\"},\"description\":\"Periodista \\\/ Locutor\",\"sameAs\":[\"https:\\\/\\\/www.facebook.com\\\/Genofnotes\",\"https:\\\/\\\/www.instagram.com\\\/genofnotes\\\/\"]}]}<\/script>\n<!-- \/ Yoast SEO plugin. -->","yoast_head_json":{"title":"CASO JET SET | Video: \"Eso no debi\u00f3 pasar, ah\u00ed no debi\u00f3 morir una sola persona\": El duro testimonio de Gregory Adames - Minuto Cero RD","robots":{"index":"index","follow":"follow","max-snippet":"max-snippet:-1","max-image-preview":"max-image-preview:large","max-video-preview":"max-video-preview:-1"},"canonical":"https:\/\/minutocerord.com\/?p=24910","og_locale":"es_ES","og_type":"article","og_title":"CASO JET SET | Video: \"Eso no debi\u00f3 pasar, ah\u00ed no debi\u00f3 morir una sola persona\": El duro testimonio de Gregory Adames - Minuto Cero RD","og_description":"SANTO DOMINGO, RD.- Gregory Adames, v\u00edctima de la tragedia ocurrida en la discoteca Jet Set, ofreci\u00f3 su testimonio en el que expuso presuntas negligencias y la &#8220;insensibilidad&#8221; de la administraci\u00f3n del establecimiento antes del colapso que cobr\u00f3 la vida de 236 personas y m\u00e1s de 180 personas heridas. Adames, quien era empleado del establecimiento comercial, [&hellip;]","og_url":"https:\/\/minutocerord.com\/?p=24910","og_site_name":"Minuto Cero RD","article_publisher":"https:\/\/www.facebook.com\/Genofnotes","article_author":"https:\/\/www.facebook.com\/Genofnotes","article_published_time":"2026-04-28T04:49:51+00:00","article_modified_time":"2026-04-28T05:30:13+00:00","og_image":[{"width":1402,"height":1122,"url":"http:\/\/minutocerord.com\/wp-content\/uploads\/2026\/04\/86b22297-7405-472e-91cb-68f3808a50b8.jpg","type":"image\/jpeg"}],"author":"Genof\u00f3ntes Urb\u00e1ez","twitter_card":"summary_large_image","twitter_misc":{"Written by":"Genof\u00f3ntes Urb\u00e1ez","Est. reading time":"3 minutos"},"schema":{"@context":"https:\/\/schema.org","@graph":[{"@type":"Article","@id":"https:\/\/minutocerord.com\/?p=24910#article","isPartOf":{"@id":"https:\/\/minutocerord.com\/?p=24910"},"author":{"name":"Genof\u00f3ntes Urb\u00e1ez","@id":"https:\/\/minutocerord.com\/#\/schema\/person\/60b5372d60aaa0a5171fb6488be9aee6"},"headline":"CASO JET SET | Video: &#8220;Eso no debi\u00f3 pasar, ah\u00ed no debi\u00f3 morir una sola persona&#8221;: El duro testimonio de Gregory Adames","datePublished":"2026-04-28T04:49:51+00:00","dateModified":"2026-04-28T05:30:13+00:00","mainEntityOfPage":{"@id":"https:\/\/minutocerord.com\/?p=24910"},"wordCount":527,"commentCount":0,"publisher":{"@id":"https:\/\/minutocerord.com\/#\/schema\/person\/60b5372d60aaa0a5171fb6488be9aee6"},"image":{"@id":"https:\/\/minutocerord.com\/?p=24910#primaryimage"},"thumbnailUrl":"https:\/\/i0.wp.com\/minutocerord.com\/wp-content\/uploads\/2026\/04\/86b22297-7405-472e-91cb-68f3808a50b8.jpg?fit=1402%2C1122&ssl=1","articleSection":["Justicia"],"inLanguage":"es-DO","potentialAction":[{"@type":"CommentAction","name":"Comment","target":["https:\/\/minutocerord.com\/?p=24910#respond"]}]},{"@type":"WebPage","@id":"https:\/\/minutocerord.com\/?p=24910","url":"https:\/\/minutocerord.com\/?p=24910","name":"CASO JET SET | Video: \"Eso no debi\u00f3 pasar, ah\u00ed no debi\u00f3 morir una sola persona\": El duro testimonio de Gregory Adames - Minuto Cero RD","isPartOf":{"@id":"https:\/\/minutocerord.com\/#website"},"primaryImageOfPage":{"@id":"https:\/\/minutocerord.com\/?p=24910#primaryimage"},"image":{"@id":"https:\/\/minutocerord.com\/?p=24910#primaryimage"},"thumbnailUrl":"https:\/\/i0.wp.com\/minutocerord.com\/wp-content\/uploads\/2026\/04\/86b22297-7405-472e-91cb-68f3808a50b8.jpg?fit=1402%2C1122&ssl=1","datePublished":"2026-04-28T04:49:51+00:00","dateModified":"2026-04-28T05:30:13+00:00","breadcrumb":{"@id":"https:\/\/minutocerord.com\/?p=24910#breadcrumb"},"inLanguage":"es-DO","potentialAction":[{"@type":"ReadAction","target":["https:\/\/minutocerord.com\/?p=24910"]}]},{"@type":"ImageObject","inLanguage":"es-DO","@id":"https:\/\/minutocerord.com\/?p=24910#primaryimage","url":"https:\/\/i0.wp.com\/minutocerord.com\/wp-content\/uploads\/2026\/04\/86b22297-7405-472e-91cb-68f3808a50b8.jpg?fit=1402%2C1122&ssl=1","contentUrl":"https:\/\/i0.wp.com\/minutocerord.com\/wp-content\/uploads\/2026\/04\/86b22297-7405-472e-91cb-68f3808a50b8.jpg?fit=1402%2C1122&ssl=1","width":1402,"height":1122},{"@type":"BreadcrumbList","@id":"https:\/\/minutocerord.com\/?p=24910#breadcrumb","itemListElement":[{"@type":"ListItem","position":1,"name":"Home","item":"https:\/\/minutocerord.com\/"},{"@type":"ListItem","position":2,"name":"CASO JET SET | Video: &#8220;Eso no debi\u00f3 pasar, ah\u00ed no debi\u00f3 morir una sola persona&#8221;: El duro testimonio de Gregory Adames"}]},{"@type":"WebSite","@id":"https:\/\/minutocerord.com\/#website","url":"https:\/\/minutocerord.com\/","name":"Minuto Cero RD","description":"Periodismo serio y veraz","publisher":{"@id":"https:\/\/minutocerord.com\/#\/schema\/person\/60b5372d60aaa0a5171fb6488be9aee6"},"potentialAction":[{"@type":"SearchAction","target":{"@type":"EntryPoint","urlTemplate":"https:\/\/minutocerord.com\/?s={search_term_string}"},"query-input":{"@type":"PropertyValueSpecification","valueRequired":true,"valueName":"search_term_string"}}],"inLanguage":"es-DO"},{"@type":["Person","Organization"],"@id":"https:\/\/minutocerord.com\/#\/schema\/person\/60b5372d60aaa0a5171fb6488be9aee6","name":"Genof\u00f3ntes Urb\u00e1ez","image":{"@type":"ImageObject","inLanguage":"es-DO","@id":"https:\/\/secure.gravatar.com\/avatar\/a49ef3186a692098ac3e8a1612261e3ad70cf9e44553dff2929e67939a0ecb9d?s=96&d=identicon&r=g","url":"https:\/\/secure.gravatar.com\/avatar\/a49ef3186a692098ac3e8a1612261e3ad70cf9e44553dff2929e67939a0ecb9d?s=96&d=identicon&r=g","contentUrl":"https:\/\/secure.gravatar.com\/avatar\/a49ef3186a692098ac3e8a1612261e3ad70cf9e44553dff2929e67939a0ecb9d?s=96&d=identicon&r=g","caption":"Genof\u00f3ntes Urb\u00e1ez"},"logo":{"@id":"https:\/\/secure.gravatar.com\/avatar\/a49ef3186a692098ac3e8a1612261e3ad70cf9e44553dff2929e67939a0ecb9d?s=96&d=identicon&r=g"},"description":"Periodista \/ Locutor","sameAs":["https:\/\/www.facebook.com\/Genofnotes","https:\/\/www.instagram.com\/genofnotes\/"]}]}},"jetpack_publicize_connections":[],"jetpack_featured_media_url":"https:\/\/i0.wp.com\/minutocerord.com\/wp-content\/uploads\/2026\/04\/86b22297-7405-472e-91cb-68f3808a50b8.jpg?fit=1402%2C1122&ssl=1","jetpack-related-posts":[],"jetpack_sharing_enabled":true,"_links":{"self":[{"href":"https:\/\/minutocerord.com\/index.php?rest_route=\/wp\/v2\/posts\/24910","targetHints":{"allow":["GET"]}}],"collection":[{"href":"https:\/\/minutocerord.com\/index.php?rest_route=\/wp\/v2\/posts"}],"about":[{"href":"https:\/\/minutocerord.com\/index.php?rest_route=\/wp\/v2\/types\/post"}],"author":[{"embeddable":true,"href":"https:\/\/minutocerord.com\/index.php?rest_route=\/wp\/v2\/users\/1"}],"replies":[{"embeddable":true,"href":"https:\/\/minutocerord.com\/index.php?rest_route=%2Fwp%2Fv2%2Fcomments&post=24910"}],"version-history":[{"count":3,"href":"https:\/\/minutocerord.com\/index.php?rest_route=\/wp\/v2\/posts\/24910\/revisions"}],"predecessor-version":[{"id":24924,"href":"https:\/\/minutocerord.com\/index.php?rest_route=\/wp\/v2\/posts\/24910\/revisions\/24924"}],"wp:featuredmedia":[{"embeddable":true,"href":"https:\/\/minutocerord.com\/index.php?rest_route=\/wp\/v2\/media\/24912"}],"wp:attachment":[{"href":"https:\/\/minutocerord.com\/index.php?rest_route=%2Fwp%2Fv2%2Fmedia&parent=24910"}],"wp:term":[{"taxonomy":"category","embeddable":true,"href":"https:\/\/minutocerord.com\/index.php?rest_route=%2Fwp%2Fv2%2Fcategories&post=24910"},{"taxonomy":"post_tag","embeddable":true,"href":"https:\/\/minutocerord.com\/index.php?rest_route=%2Fwp%2Fv2%2Ftags&post=24910"}],"curies":[{"name":"wp","href":"https:\/\/api.w.org\/{rel}","templated":true}]}}