{"id":24918,"date":"2026-04-28T01:21:39","date_gmt":"2026-04-28T05:21:39","guid":{"rendered":"https:\/\/minutocerord.com\/?p=24918"},"modified":"2026-04-28T01:25:02","modified_gmt":"2026-04-28T05:25:02","slug":"salud-entre-el-humo-y-el-aire-los-pulmones-dominicanos-frente-al-temido-vapeo","status":"publish","type":"post","link":"https:\/\/minutocerord.com\/?p=24918","title":{"rendered":"SALUD | Entre el humo y el aire: los pulmones dominicanos frente al temido vapeo"},"content":{"rendered":"\n<p class=\"\"><strong>SANTO DOMINGO, RD.-<\/strong> En Rep\u00fablica Dominicana, cada d\u00eda se hace m\u00e1s com\u00fan ver a j\u00f3venes y adultos con dispositivos electr\u00f3nicos en la mano, exhalando nubes que parecen ligeras, casi inocentes. El vapeo, que surgi\u00f3 hace poco m\u00e1s de una d\u00e9cada como alternativa al cigarrillo tradicional, se ha transformado en una costumbre que respira entre el humo y el aire limpio que todos necesitamos para vivir.<\/p>\n\n\n\n<p class=\"\">Vanessa Alifonso, neum\u00f3loga internista de los Centros de Diagn\u00f3stico y Medicina Avanzada y de Conferencias M\u00e9dicas y Telemedicina (Cedimat), explica que, a primera vista, estos dispositivos peque\u00f1os, coloridos, con sabores que recuerdan frutas o caramel parecen inofensivos.<\/p>\n\n\n\n<p class=\"\">La galena dijo que muchas personas creen que \u201cvapear\u201d es menos da\u00f1ino que fumar tabaco porque no genera humo ni alquitr\u00e1n. Sin embargo, la evidencia cient\u00edfica reciente nos pide mirar con cautela. Explica que el aerosol que producen los cigarrillos electr\u00f3nicos no es \u2018vapor de agua\u2019. Adem\u00e1s de nicotina, puede arrastrar part\u00edculas muy finas, metales (como n\u00edquel, esta\u00f1o o plomo) y sustancias irritantes que se generan al calentar los l\u00edquidos (por ejemplo, formaldeh\u00eddo y acrole\u00edna).<\/p>\n\n\n\n<p class=\"\">Tambi\u00e9n incluye aromas y saborizantes que, aunque se usan en alimentos, no est\u00e1n pensados para entrar repetidamente en los pulmones, son da\u00f1inas tanto para usuarios como para quienes inhalan el aerosol de segunda mano.<\/p>\n\n\n\n<p class=\"\">Desde el punto de vista respiratorio, el debate no es s\u00f3lo \u201csi tiene o no alquitr\u00e1n\u201d, sino qu\u00e9 ocurre cuando sustancias irritantes entran repetidamente en una v\u00eda a\u00e9rea dise\u00f1ada para respirar aire, no para filtrar aerosoles qu\u00edmicos. Sostiene que \u201crevisiones recientes describen mecanismos preocupantes: da\u00f1o directo a c\u00e9lulas epiteliales, alteraci\u00f3n de las uniones estrechas (la barrera que protege la v\u00eda a\u00e9rea), y efectos sobre la funci\u00f3n ciliar y el aclaramiento mucociliar (el sistema que barre part\u00edculas y microorganismos fuera de los bronquios). En modelos experimentales tambi\u00e9n se ha observado inflamaci\u00f3n y aumento de la permeabilidad de la barrera epitelial tras exposici\u00f3n al aerosol de cigarrillos electr\u00f3nicos. En t\u00e9rminos simples: los pulmones pueden quedar m\u00e1s \u201cirritables\u201d, m\u00e1s inflamados y menos eficientes para defenderse\u201d.<\/p>\n\n\n\n<p class=\"\">Un dato local<\/p>\n\n\n\n<p class=\"\"><a><\/a>Refiere que a veces el fen\u00f3meno se subestima porque parece moderno, \u201cde moda\u201d, y por eso se le quita gravedad. Pero en nuestro contexto caribe\u00f1o la evidencia escolar ya ha mostrado que el vapeo existe y no es marginal. En la ficha pa\u00eds de la Global Youth Tobacco Survey (GYTS) 2016 para Rep\u00fablica Dominicana (estudiantes de 13 a 15 a\u00f1os), se report\u00f3 7.7 % de uso actual de cigarrillos electr\u00f3nicos (uso en los \u00faltimos 30 d\u00edas). Ese dato, aun cuando es de algunos a\u00f1os atr\u00e1s, sirve como se\u00f1al: el tema tiene base real y merece conversaci\u00f3n p\u00fablica seria.<\/p>\n\n\n\n<p class=\"\">Alifonso advierte que el riesgo no es s\u00f3lo pulmonar. La OMS advierte que la nicotina es altamente adictiva y, adem\u00e1s, que estudios epidemiol\u00f3gicos de alta calidad muestran que el uso de cigarrillos electr\u00f3nicos aumenta la probabilidad de que j\u00f3venes no fumadores pasen luego al cigarrillo convencional, con estimaciones cercanas a \u201ccasi tres veces\u201d en algunos an\u00e1lisis, agrega. \u201cEsto importa porque la adolescencia no es s\u00f3lo una etapa social: es una etapa biol\u00f3gica en la que se consolidan h\u00e1bitos, dependencia y patrones de consumo. En la adolescencia hay un detalle que a veces se nos escapa: el cerebro todav\u00eda est\u00e1 \u2018en construcci\u00f3n\u2019.<\/p>\n\n\n\n<p class=\"\">La especialista destaca que la nicotina act\u00faa justo sobre circuitos vinculados con atenci\u00f3n, aprendizaje, estado de \u00e1nimo y control de impulsos, y por eso se advierte que su consumo en ni\u00f1os y adolescentes puede tener efectos negativos en el desarrollo cerebral. Dicho de forma simple: no es s\u00f3lo un tema de pulmones; es tambi\u00e9n un tema de concentraci\u00f3n, autocontrol y bienestar emocional en una etapa sensible. Adem\u00e1s, el vapeo puede convertirse en una puerta de entrada por dos v\u00edas. La primera es la dependencia a la nicotina, que puede aparecer r\u00e1pido en algunos j\u00f3venes. Indica que la segunda es el patr\u00f3n conductual: distintos estudios y meta an\u00e1lisis han encontrado que quienes vapean en la adolescencia tienen mayor probabilidad de iniciar luego el consumo de cigarrillos convencionales.<\/p>\n\n\n\n<p class=\"\">Eso no significa que a todos les pasar\u00e1, pero s\u00ed que como sociedad estamos normalizando una conducta que puede empujar a m\u00e1s j\u00f3venes hacia otras formas de consumo y dependencia.<\/p>\n\n\n\n<p class=\"\">El problema cultural<\/p>\n\n\n\n<p class=\"\">La neum\u00f3loga asegura que el impacto social va m\u00e1s all\u00e1 de lo que muestran las cifras. En conversaciones cotidianas escuchamos frases como \u201ces s\u00f3lo vapor\u201d o \u201cal menos no huele mal\u201d. Esa banalizaci\u00f3n del riesgo es peligrosa, porque nos hace olvidar que los pulmones no distinguen entre lo que est\u00e1 de moda y lo que es saludable. El cuerpo no negocia con tendencias: responde con inflamaci\u00f3n, irritaci\u00f3n y, en algunas personas, con s\u00edntomas que se acumulan con el tiempo.<\/p>\n\n\n\n<p class=\"\">En el plano social, el auge del vapeo refleja tambi\u00e9n una transformaci\u00f3n cultural. En un pa\u00eds donde el cigarrillo perdi\u00f3 protagonismo en muchos espacios, el vapeo reaparece como s\u00edmbolo de modernidad, elegancia o rebeld\u00eda tecnol\u00f3gica. Las redes sociales, con su lenguaje visual inmediato, han ayudado a consolidar esta imagen, especialmente entre adolescentes y j\u00f3venes adultos.<\/p>\n\n\n\n<p class=\"\">EVALI: lecci\u00f3n sobre mercado informal<\/p>\n\n\n\n<p class=\"\">Desde el punto de vista m\u00e9dico, el da\u00f1o respiratorio por vapeo no siempre se manifiesta de inmediato. Se han reportado casos de EVALI (lesi\u00f3n pulmonar asociada al uso de productos de vapeo), un cuadro potencialmente grave.<\/p>\n\n\n\n<p class=\"\">La lecci\u00f3n m\u00e1s importante de EVALI es esta: el riesgo se dispara cuando entran en juego productos THC y mezclas adquiridas en fuentes informales.<\/p>\n\n\n\n<p class=\"\">ELDIA<\/p>\n","protected":false},"excerpt":{"rendered":"<p>SANTO DOMINGO, RD.- En Rep\u00fablica Dominicana, cada d\u00eda se hace m\u00e1s com\u00fan ver a j\u00f3venes y adultos con dispositivos electr\u00f3nicos en la mano, exhalando nubes que parecen ligeras, casi inocentes. El vapeo, que surgi\u00f3 hace poco m\u00e1s de una d\u00e9cada como alternativa al cigarrillo tradicional, se ha transformado en una costumbre que respira entre el [&hellip;]<\/p>\n","protected":false},"author":1,"featured_media":24920,"comment_status":"open","ping_status":"open","sticky":false,"template":"","format":"standard","meta":{"nf_dc_page":"","jetpack_post_was_ever_published":false,"_jetpack_newsletter_access":"","_jetpack_dont_email_post_to_subs":false,"_jetpack_newsletter_tier_id":0,"_jetpack_memberships_contains_paywalled_content":false,"_jetpack_memberships_contains_paid_content":false,"footnotes":"","jetpack_publicize_message":"","jetpack_publicize_feature_enabled":true,"jetpack_social_post_already_shared":true,"jetpack_social_options":{"image_generator_settings":{"template":"highway","default_image_id":0,"font":"","enabled":false},"version":2}},"categories":[67],"tags":[],"class_list":["post-24918","post","type-post","status-publish","format-standard","has-post-thumbnail","hentry","category-salud"],"yoast_head":"<!-- This site is optimized with the Yoast SEO plugin v27.4 - https:\/\/yoast.com\/product\/yoast-seo-wordpress\/ -->\n<title>SALUD | Entre el humo y el aire: los pulmones dominicanos frente al temido vapeo - Minuto Cero RD<\/title>\n<meta name=\"robots\" content=\"index, follow, max-snippet:-1, max-image-preview:large, max-video-preview:-1\" \/>\n<link rel=\"canonical\" href=\"https:\/\/minutocerord.com\/?p=24918\" \/>\n<meta property=\"og:locale\" content=\"es_ES\" \/>\n<meta property=\"og:type\" content=\"article\" \/>\n<meta property=\"og:title\" content=\"SALUD | Entre el humo y el aire: los pulmones dominicanos frente al temido vapeo - Minuto Cero RD\" \/>\n<meta property=\"og:description\" content=\"SANTO DOMINGO, RD.- En Rep\u00fablica Dominicana, cada d\u00eda se hace m\u00e1s com\u00fan ver a j\u00f3venes y adultos con dispositivos electr\u00f3nicos en la mano, exhalando nubes que parecen ligeras, casi inocentes. El vapeo, que surgi\u00f3 hace poco m\u00e1s de una d\u00e9cada como alternativa al cigarrillo tradicional, se ha transformado en una costumbre que respira entre el [&hellip;]\" \/>\n<meta property=\"og:url\" content=\"https:\/\/minutocerord.com\/?p=24918\" \/>\n<meta property=\"og:site_name\" content=\"Minuto Cero RD\" \/>\n<meta property=\"article:publisher\" content=\"https:\/\/www.facebook.com\/Genofnotes\" \/>\n<meta property=\"article:author\" content=\"https:\/\/www.facebook.com\/Genofnotes\" \/>\n<meta property=\"article:published_time\" content=\"2026-04-28T05:21:39+00:00\" \/>\n<meta property=\"article:modified_time\" content=\"2026-04-28T05:25:02+00:00\" \/>\n<meta property=\"og:image\" content=\"http:\/\/minutocerord.com\/wp-content\/uploads\/2026\/04\/Vapeadores-una-tendencia-que-afecta-el-corazon-de-los-jovenes-4.jpg\" \/>\n\t<meta property=\"og:image:width\" content=\"1440\" \/>\n\t<meta property=\"og:image:height\" content=\"810\" \/>\n\t<meta property=\"og:image:type\" content=\"image\/jpeg\" \/>\n<meta name=\"author\" content=\"Genof\u00f3ntes Urb\u00e1ez\" \/>\n<meta name=\"twitter:card\" content=\"summary_large_image\" \/>\n<meta name=\"twitter:label1\" content=\"Written by\" \/>\n\t<meta name=\"twitter:data1\" content=\"Genof\u00f3ntes Urb\u00e1ez\" \/>\n\t<meta name=\"twitter:label2\" content=\"Est. reading time\" \/>\n\t<meta name=\"twitter:data2\" content=\"5 minutos\" \/>\n<script type=\"application\/ld+json\" class=\"yoast-schema-graph\">{\"@context\":\"https:\\\/\\\/schema.org\",\"@graph\":[{\"@type\":\"Article\",\"@id\":\"https:\\\/\\\/minutocerord.com\\\/?p=24918#article\",\"isPartOf\":{\"@id\":\"https:\\\/\\\/minutocerord.com\\\/?p=24918\"},\"author\":{\"name\":\"Genof\u00f3ntes Urb\u00e1ez\",\"@id\":\"https:\\\/\\\/minutocerord.com\\\/#\\\/schema\\\/person\\\/60b5372d60aaa0a5171fb6488be9aee6\"},\"headline\":\"SALUD | Entre el humo y el aire: los pulmones dominicanos frente al temido vapeo\",\"datePublished\":\"2026-04-28T05:21:39+00:00\",\"dateModified\":\"2026-04-28T05:25:02+00:00\",\"mainEntityOfPage\":{\"@id\":\"https:\\\/\\\/minutocerord.com\\\/?p=24918\"},\"wordCount\":1006,\"commentCount\":0,\"publisher\":{\"@id\":\"https:\\\/\\\/minutocerord.com\\\/#\\\/schema\\\/person\\\/60b5372d60aaa0a5171fb6488be9aee6\"},\"image\":{\"@id\":\"https:\\\/\\\/minutocerord.com\\\/?p=24918#primaryimage\"},\"thumbnailUrl\":\"https:\\\/\\\/i0.wp.com\\\/minutocerord.com\\\/wp-content\\\/uploads\\\/2026\\\/04\\\/Vapeadores-una-tendencia-que-afecta-el-corazon-de-los-jovenes-4.jpg?fit=1440%2C810&ssl=1\",\"articleSection\":[\"Salud\"],\"inLanguage\":\"es-DO\",\"potentialAction\":[{\"@type\":\"CommentAction\",\"name\":\"Comment\",\"target\":[\"https:\\\/\\\/minutocerord.com\\\/?p=24918#respond\"]}]},{\"@type\":\"WebPage\",\"@id\":\"https:\\\/\\\/minutocerord.com\\\/?p=24918\",\"url\":\"https:\\\/\\\/minutocerord.com\\\/?p=24918\",\"name\":\"SALUD | Entre el humo y el aire: los pulmones dominicanos frente al temido vapeo - Minuto Cero RD\",\"isPartOf\":{\"@id\":\"https:\\\/\\\/minutocerord.com\\\/#website\"},\"primaryImageOfPage\":{\"@id\":\"https:\\\/\\\/minutocerord.com\\\/?p=24918#primaryimage\"},\"image\":{\"@id\":\"https:\\\/\\\/minutocerord.com\\\/?p=24918#primaryimage\"},\"thumbnailUrl\":\"https:\\\/\\\/i0.wp.com\\\/minutocerord.com\\\/wp-content\\\/uploads\\\/2026\\\/04\\\/Vapeadores-una-tendencia-que-afecta-el-corazon-de-los-jovenes-4.jpg?fit=1440%2C810&ssl=1\",\"datePublished\":\"2026-04-28T05:21:39+00:00\",\"dateModified\":\"2026-04-28T05:25:02+00:00\",\"breadcrumb\":{\"@id\":\"https:\\\/\\\/minutocerord.com\\\/?p=24918#breadcrumb\"},\"inLanguage\":\"es-DO\",\"potentialAction\":[{\"@type\":\"ReadAction\",\"target\":[\"https:\\\/\\\/minutocerord.com\\\/?p=24918\"]}]},{\"@type\":\"ImageObject\",\"inLanguage\":\"es-DO\",\"@id\":\"https:\\\/\\\/minutocerord.com\\\/?p=24918#primaryimage\",\"url\":\"https:\\\/\\\/i0.wp.com\\\/minutocerord.com\\\/wp-content\\\/uploads\\\/2026\\\/04\\\/Vapeadores-una-tendencia-que-afecta-el-corazon-de-los-jovenes-4.jpg?fit=1440%2C810&ssl=1\",\"contentUrl\":\"https:\\\/\\\/i0.wp.com\\\/minutocerord.com\\\/wp-content\\\/uploads\\\/2026\\\/04\\\/Vapeadores-una-tendencia-que-afecta-el-corazon-de-los-jovenes-4.jpg?fit=1440%2C810&ssl=1\",\"width\":1440,\"height\":810},{\"@type\":\"BreadcrumbList\",\"@id\":\"https:\\\/\\\/minutocerord.com\\\/?p=24918#breadcrumb\",\"itemListElement\":[{\"@type\":\"ListItem\",\"position\":1,\"name\":\"Home\",\"item\":\"https:\\\/\\\/minutocerord.com\\\/\"},{\"@type\":\"ListItem\",\"position\":2,\"name\":\"SALUD | Entre el humo y el aire: los pulmones dominicanos frente al temido vapeo\"}]},{\"@type\":\"WebSite\",\"@id\":\"https:\\\/\\\/minutocerord.com\\\/#website\",\"url\":\"https:\\\/\\\/minutocerord.com\\\/\",\"name\":\"Minuto Cero RD\",\"description\":\"Periodismo serio y veraz\",\"publisher\":{\"@id\":\"https:\\\/\\\/minutocerord.com\\\/#\\\/schema\\\/person\\\/60b5372d60aaa0a5171fb6488be9aee6\"},\"potentialAction\":[{\"@type\":\"SearchAction\",\"target\":{\"@type\":\"EntryPoint\",\"urlTemplate\":\"https:\\\/\\\/minutocerord.com\\\/?s={search_term_string}\"},\"query-input\":{\"@type\":\"PropertyValueSpecification\",\"valueRequired\":true,\"valueName\":\"search_term_string\"}}],\"inLanguage\":\"es-DO\"},{\"@type\":[\"Person\",\"Organization\"],\"@id\":\"https:\\\/\\\/minutocerord.com\\\/#\\\/schema\\\/person\\\/60b5372d60aaa0a5171fb6488be9aee6\",\"name\":\"Genof\u00f3ntes Urb\u00e1ez\",\"image\":{\"@type\":\"ImageObject\",\"inLanguage\":\"es-DO\",\"@id\":\"https:\\\/\\\/secure.gravatar.com\\\/avatar\\\/a49ef3186a692098ac3e8a1612261e3ad70cf9e44553dff2929e67939a0ecb9d?s=96&d=identicon&r=g\",\"url\":\"https:\\\/\\\/secure.gravatar.com\\\/avatar\\\/a49ef3186a692098ac3e8a1612261e3ad70cf9e44553dff2929e67939a0ecb9d?s=96&d=identicon&r=g\",\"contentUrl\":\"https:\\\/\\\/secure.gravatar.com\\\/avatar\\\/a49ef3186a692098ac3e8a1612261e3ad70cf9e44553dff2929e67939a0ecb9d?s=96&d=identicon&r=g\",\"caption\":\"Genof\u00f3ntes Urb\u00e1ez\"},\"logo\":{\"@id\":\"https:\\\/\\\/secure.gravatar.com\\\/avatar\\\/a49ef3186a692098ac3e8a1612261e3ad70cf9e44553dff2929e67939a0ecb9d?s=96&d=identicon&r=g\"},\"description\":\"Periodista \\\/ Locutor\",\"sameAs\":[\"https:\\\/\\\/www.facebook.com\\\/Genofnotes\",\"https:\\\/\\\/www.instagram.com\\\/genofnotes\\\/\"]}]}<\/script>\n<!-- \/ Yoast SEO plugin. -->","yoast_head_json":{"title":"SALUD | Entre el humo y el aire: los pulmones dominicanos frente al temido vapeo - Minuto Cero RD","robots":{"index":"index","follow":"follow","max-snippet":"max-snippet:-1","max-image-preview":"max-image-preview:large","max-video-preview":"max-video-preview:-1"},"canonical":"https:\/\/minutocerord.com\/?p=24918","og_locale":"es_ES","og_type":"article","og_title":"SALUD | Entre el humo y el aire: los pulmones dominicanos frente al temido vapeo - Minuto Cero RD","og_description":"SANTO DOMINGO, RD.- En Rep\u00fablica Dominicana, cada d\u00eda se hace m\u00e1s com\u00fan ver a j\u00f3venes y adultos con dispositivos electr\u00f3nicos en la mano, exhalando nubes que parecen ligeras, casi inocentes. El vapeo, que surgi\u00f3 hace poco m\u00e1s de una d\u00e9cada como alternativa al cigarrillo tradicional, se ha transformado en una costumbre que respira entre el [&hellip;]","og_url":"https:\/\/minutocerord.com\/?p=24918","og_site_name":"Minuto Cero RD","article_publisher":"https:\/\/www.facebook.com\/Genofnotes","article_author":"https:\/\/www.facebook.com\/Genofnotes","article_published_time":"2026-04-28T05:21:39+00:00","article_modified_time":"2026-04-28T05:25:02+00:00","og_image":[{"width":1440,"height":810,"url":"http:\/\/minutocerord.com\/wp-content\/uploads\/2026\/04\/Vapeadores-una-tendencia-que-afecta-el-corazon-de-los-jovenes-4.jpg","type":"image\/jpeg"}],"author":"Genof\u00f3ntes Urb\u00e1ez","twitter_card":"summary_large_image","twitter_misc":{"Written by":"Genof\u00f3ntes Urb\u00e1ez","Est. reading time":"5 minutos"},"schema":{"@context":"https:\/\/schema.org","@graph":[{"@type":"Article","@id":"https:\/\/minutocerord.com\/?p=24918#article","isPartOf":{"@id":"https:\/\/minutocerord.com\/?p=24918"},"author":{"name":"Genof\u00f3ntes Urb\u00e1ez","@id":"https:\/\/minutocerord.com\/#\/schema\/person\/60b5372d60aaa0a5171fb6488be9aee6"},"headline":"SALUD | Entre el humo y el aire: los pulmones dominicanos frente al temido vapeo","datePublished":"2026-04-28T05:21:39+00:00","dateModified":"2026-04-28T05:25:02+00:00","mainEntityOfPage":{"@id":"https:\/\/minutocerord.com\/?p=24918"},"wordCount":1006,"commentCount":0,"publisher":{"@id":"https:\/\/minutocerord.com\/#\/schema\/person\/60b5372d60aaa0a5171fb6488be9aee6"},"image":{"@id":"https:\/\/minutocerord.com\/?p=24918#primaryimage"},"thumbnailUrl":"https:\/\/i0.wp.com\/minutocerord.com\/wp-content\/uploads\/2026\/04\/Vapeadores-una-tendencia-que-afecta-el-corazon-de-los-jovenes-4.jpg?fit=1440%2C810&ssl=1","articleSection":["Salud"],"inLanguage":"es-DO","potentialAction":[{"@type":"CommentAction","name":"Comment","target":["https:\/\/minutocerord.com\/?p=24918#respond"]}]},{"@type":"WebPage","@id":"https:\/\/minutocerord.com\/?p=24918","url":"https:\/\/minutocerord.com\/?p=24918","name":"SALUD | Entre el humo y el aire: los pulmones dominicanos frente al temido vapeo - Minuto Cero RD","isPartOf":{"@id":"https:\/\/minutocerord.com\/#website"},"primaryImageOfPage":{"@id":"https:\/\/minutocerord.com\/?p=24918#primaryimage"},"image":{"@id":"https:\/\/minutocerord.com\/?p=24918#primaryimage"},"thumbnailUrl":"https:\/\/i0.wp.com\/minutocerord.com\/wp-content\/uploads\/2026\/04\/Vapeadores-una-tendencia-que-afecta-el-corazon-de-los-jovenes-4.jpg?fit=1440%2C810&ssl=1","datePublished":"2026-04-28T05:21:39+00:00","dateModified":"2026-04-28T05:25:02+00:00","breadcrumb":{"@id":"https:\/\/minutocerord.com\/?p=24918#breadcrumb"},"inLanguage":"es-DO","potentialAction":[{"@type":"ReadAction","target":["https:\/\/minutocerord.com\/?p=24918"]}]},{"@type":"ImageObject","inLanguage":"es-DO","@id":"https:\/\/minutocerord.com\/?p=24918#primaryimage","url":"https:\/\/i0.wp.com\/minutocerord.com\/wp-content\/uploads\/2026\/04\/Vapeadores-una-tendencia-que-afecta-el-corazon-de-los-jovenes-4.jpg?fit=1440%2C810&ssl=1","contentUrl":"https:\/\/i0.wp.com\/minutocerord.com\/wp-content\/uploads\/2026\/04\/Vapeadores-una-tendencia-que-afecta-el-corazon-de-los-jovenes-4.jpg?fit=1440%2C810&ssl=1","width":1440,"height":810},{"@type":"BreadcrumbList","@id":"https:\/\/minutocerord.com\/?p=24918#breadcrumb","itemListElement":[{"@type":"ListItem","position":1,"name":"Home","item":"https:\/\/minutocerord.com\/"},{"@type":"ListItem","position":2,"name":"SALUD | Entre el humo y el aire: los pulmones dominicanos frente al temido vapeo"}]},{"@type":"WebSite","@id":"https:\/\/minutocerord.com\/#website","url":"https:\/\/minutocerord.com\/","name":"Minuto Cero RD","description":"Periodismo serio y veraz","publisher":{"@id":"https:\/\/minutocerord.com\/#\/schema\/person\/60b5372d60aaa0a5171fb6488be9aee6"},"potentialAction":[{"@type":"SearchAction","target":{"@type":"EntryPoint","urlTemplate":"https:\/\/minutocerord.com\/?s={search_term_string}"},"query-input":{"@type":"PropertyValueSpecification","valueRequired":true,"valueName":"search_term_string"}}],"inLanguage":"es-DO"},{"@type":["Person","Organization"],"@id":"https:\/\/minutocerord.com\/#\/schema\/person\/60b5372d60aaa0a5171fb6488be9aee6","name":"Genof\u00f3ntes Urb\u00e1ez","image":{"@type":"ImageObject","inLanguage":"es-DO","@id":"https:\/\/secure.gravatar.com\/avatar\/a49ef3186a692098ac3e8a1612261e3ad70cf9e44553dff2929e67939a0ecb9d?s=96&d=identicon&r=g","url":"https:\/\/secure.gravatar.com\/avatar\/a49ef3186a692098ac3e8a1612261e3ad70cf9e44553dff2929e67939a0ecb9d?s=96&d=identicon&r=g","contentUrl":"https:\/\/secure.gravatar.com\/avatar\/a49ef3186a692098ac3e8a1612261e3ad70cf9e44553dff2929e67939a0ecb9d?s=96&d=identicon&r=g","caption":"Genof\u00f3ntes Urb\u00e1ez"},"logo":{"@id":"https:\/\/secure.gravatar.com\/avatar\/a49ef3186a692098ac3e8a1612261e3ad70cf9e44553dff2929e67939a0ecb9d?s=96&d=identicon&r=g"},"description":"Periodista \/ Locutor","sameAs":["https:\/\/www.facebook.com\/Genofnotes","https:\/\/www.instagram.com\/genofnotes\/"]}]}},"jetpack_publicize_connections":[],"jetpack_featured_media_url":"https:\/\/i0.wp.com\/minutocerord.com\/wp-content\/uploads\/2026\/04\/Vapeadores-una-tendencia-que-afecta-el-corazon-de-los-jovenes-4.jpg?fit=1440%2C810&ssl=1","jetpack-related-posts":[],"jetpack_sharing_enabled":true,"_links":{"self":[{"href":"https:\/\/minutocerord.com\/index.php?rest_route=\/wp\/v2\/posts\/24918","targetHints":{"allow":["GET"]}}],"collection":[{"href":"https:\/\/minutocerord.com\/index.php?rest_route=\/wp\/v2\/posts"}],"about":[{"href":"https:\/\/minutocerord.com\/index.php?rest_route=\/wp\/v2\/types\/post"}],"author":[{"embeddable":true,"href":"https:\/\/minutocerord.com\/index.php?rest_route=\/wp\/v2\/users\/1"}],"replies":[{"embeddable":true,"href":"https:\/\/minutocerord.com\/index.php?rest_route=%2Fwp%2Fv2%2Fcomments&post=24918"}],"version-history":[{"count":1,"href":"https:\/\/minutocerord.com\/index.php?rest_route=\/wp\/v2\/posts\/24918\/revisions"}],"predecessor-version":[{"id":24921,"href":"https:\/\/minutocerord.com\/index.php?rest_route=\/wp\/v2\/posts\/24918\/revisions\/24921"}],"wp:featuredmedia":[{"embeddable":true,"href":"https:\/\/minutocerord.com\/index.php?rest_route=\/wp\/v2\/media\/24920"}],"wp:attachment":[{"href":"https:\/\/minutocerord.com\/index.php?rest_route=%2Fwp%2Fv2%2Fmedia&parent=24918"}],"wp:term":[{"taxonomy":"category","embeddable":true,"href":"https:\/\/minutocerord.com\/index.php?rest_route=%2Fwp%2Fv2%2Fcategories&post=24918"},{"taxonomy":"post_tag","embeddable":true,"href":"https:\/\/minutocerord.com\/index.php?rest_route=%2Fwp%2Fv2%2Ftags&post=24918"}],"curies":[{"name":"wp","href":"https:\/\/api.w.org\/{rel}","templated":true}]}}