{"id":24939,"date":"2026-04-30T00:40:03","date_gmt":"2026-04-30T04:40:03","guid":{"rendered":"https:\/\/minutocerord.com\/?p=24939"},"modified":"2026-04-30T00:40:41","modified_gmt":"2026-04-30T04:40:41","slug":"justicia-hoy-se-revisara-medida-de-coercion-a-santiago-hazim-y-demas-vinculados-al-caso-senasa","status":"publish","type":"post","link":"https:\/\/minutocerord.com\/?p=24939","title":{"rendered":"JUSTICIA | Hoy se revisar\u00e1 medida de coerci\u00f3n a Santiago Hazim y dem\u00e1s vinculados al caso Senasa"},"content":{"rendered":"\n<p class=\"\"><strong><em>El grupo es procesado por su presunta participaci\u00f3n en un entramado de corrupci\u00f3n administrativa que habr\u00eda defraudado al Estado dominicano con m\u00e1s de 15,900 millones de pesos.<\/em><\/strong><\/p>\n\n\n\n<p id=\"m64372-64371-64373\" class=\"\"><strong>SANTO DOMINGO, RD.- <\/strong>El juez del S\u00e9ptimo Juzgado de la Instrucci\u00f3n del Distrito Nacional tiene previsto conocer este jueves la revisi\u00f3n obligatoria de la medida de coerci\u00f3n que pesa contra el ex director del Seguro Nacional de Salud (Senasa), Santiago Hazim, y otros seis imputados.<\/p>\n\n\n\n<p id=\"m64377-64376-64378\" class=\"\">El grupo es procesado por su presunta participaci\u00f3n en un entramado de corrupci\u00f3n administrativa que habr\u00eda defraudado al Estado dominicano con m\u00e1s de 15,900 millones de pesos.<\/p>\n\n\n\n<p id=\"m64382-64381-64383\" class=\"\">El magistrado Deiby Timoteo Peguero, quien tiene el control de las investigaciones, conocer\u00e1 la audiencia a partir de las 9:00 de la ma\u00f1ana, donde determinar\u00e1 si existen presupuestos suficientes para variar la prisi\u00f3n preventiva de 18 meses que actualmente cumplen los encartados en el Centro de Correcci\u00f3n y Rehabilitaci\u00f3n (CCR) Las Parras, en San Antonio de Guerra.<\/p>\n\n\n\n<p id=\"m64387-64386-64388\" class=\"\">El juez deber\u00e1 decidir la suerte procesal de los siguientes acusados que guardan prisi\u00f3n preventiva Santiago Hazim (exdirector de Senasa), Rafael Luis Mart\u00ednez Hazim, Gustavo Enrique Messina Cruz, Germ\u00e1n Rafael Robles Qui\u00f1ones, Francisco Iv\u00e1n Minaya P\u00e9rez, Ram\u00f3n Alan Speakler Mateo y&nbsp;Ada Ledesma Ubiera.<\/p>\n\n\n\n<p id=\"m64392-64391-64393\" class=\"\">Asimismo, se revisar\u00e1 la situaci\u00f3n de Cinty Acosta Senci\u00f3n, Heidi Mariela Pineda Perdomo y el empresario Eduardo Read Estrella, quienes actualmente cumplen arresto domiciliario, impedimento de salida y presentaci\u00f3n peri\u00f3dica.<\/p>\n\n\n\n<p id=\"m64397-64396-64398\" class=\"\">Cabe recordar que, el pasado 5 de febrero, la Segunda Sala Penal de la Corte de Apelaci\u00f3n del Distrito Nacional, ratific\u00f3 las medidas vigentes para todos los involucrados, tras rechazar los recursos de apelaci\u00f3n interpuestos tanto por la defensa como por la Fundaci\u00f3n Primero Justicia.<\/p>\n\n\n\n<p id=\"m64402-64401-64403\" class=\"\">Seg\u00fan las investigaciones del Ministerio P\u00fablico, la estructura criminal era presuntamente liderada por Santiago Marcelo Hazim Albainy.<\/p>\n\n\n\n<p id=\"m64407-64406-64408\" class=\"\">El esquema operaba mediante un &#8220;comit\u00e9 operativo&#8221; paralelo que centralizaba decisiones estrat\u00e9gicas fuera de los canales institucionales de Senasa.<\/p>\n\n\n\n<p id=\"m64412-64411-64413\" class=\"\">&#8220;Este comit\u00e9 permit\u00eda agilizar o bloquear procesos a cambio de beneficios econ\u00f3micos, vulnerando los requisitos legales del sistema p\u00fablico de salud&#8221;, detalla el expediente acusatorio.<\/p>\n\n\n\n<p id=\"m64417-64416-64418\" class=\"\">El \u00f3rgano persecutor sostiene que el fraude se articul\u00f3 a trav\u00e9s de adulteraci\u00f3n de documentos, introducci\u00f3n de reclamaciones falsas y autorizaci\u00f3n de pagos mediante facturaci\u00f3n simulada.<\/p>\n\n\n\n<p id=\"m64422-64421-64423\" class=\"\">Tambi\u00e9n negoci\u00f3 la habilitaci\u00f3n de prestadores de salud a cambio de pagos il\u00edcitos, uso de empresas de carpeta y triangulaci\u00f3n bancaria para ocultar el origen de los fondos desviados de las Reservas T\u00e9cnicas del asegurador estatal.<\/p>\n\n\n\n<p class=\"\">Por Ram\u00f3n Cruz Benz\u00e1n <\/p>\n\n\n\n<p class=\"\"><a href=\"https:\/\/listindiario.com\/la-republica\/justicia\/20260430\/juez-revisara-hoy-medida-coercion-santiago-hazim-vinculados-caso-senasa_903804.html#\">ramon.benzan@listindiario.com<\/a><\/p>\n","protected":false},"excerpt":{"rendered":"<p>El grupo es procesado por su presunta participaci\u00f3n en un entramado de corrupci\u00f3n administrativa que habr\u00eda defraudado al Estado dominicano con m\u00e1s de 15,900 millones de pesos. SANTO DOMINGO, RD.- El juez del S\u00e9ptimo Juzgado de la Instrucci\u00f3n del Distrito Nacional tiene previsto conocer este jueves la revisi\u00f3n obligatoria de la medida de coerci\u00f3n que [&hellip;]<\/p>\n","protected":false},"author":1,"featured_media":24941,"comment_status":"open","ping_status":"open","sticky":false,"template":"","format":"standard","meta":{"nf_dc_page":"","jetpack_post_was_ever_published":false,"_jetpack_newsletter_access":"","_jetpack_dont_email_post_to_subs":false,"_jetpack_newsletter_tier_id":0,"_jetpack_memberships_contains_paywalled_content":false,"_jetpack_memberships_contains_paid_content":false,"footnotes":"","jetpack_publicize_message":"","jetpack_publicize_feature_enabled":true,"jetpack_social_post_already_shared":true,"jetpack_social_options":{"image_generator_settings":{"template":"highway","default_image_id":0,"font":"","enabled":false},"version":2}},"categories":[93],"tags":[],"class_list":["post-24939","post","type-post","status-publish","format-standard","has-post-thumbnail","hentry","category-justicia"],"yoast_head":"<!-- This site is optimized with the Yoast SEO plugin v27.5 - https:\/\/yoast.com\/product\/yoast-seo-wordpress\/ -->\n<title>JUSTICIA | Hoy se revisar\u00e1 medida de coerci\u00f3n a Santiago Hazim y dem\u00e1s vinculados al caso Senasa - Minuto Cero RD<\/title>\n<meta name=\"robots\" content=\"index, follow, max-snippet:-1, max-image-preview:large, max-video-preview:-1\" \/>\n<link rel=\"canonical\" href=\"https:\/\/minutocerord.com\/?p=24939\" \/>\n<meta property=\"og:locale\" content=\"es_ES\" \/>\n<meta property=\"og:type\" content=\"article\" \/>\n<meta property=\"og:title\" content=\"JUSTICIA | Hoy se revisar\u00e1 medida de coerci\u00f3n a Santiago Hazim y dem\u00e1s vinculados al caso Senasa - Minuto Cero RD\" \/>\n<meta property=\"og:description\" content=\"El grupo es procesado por su presunta participaci\u00f3n en un entramado de corrupci\u00f3n administrativa que habr\u00eda defraudado al Estado dominicano con m\u00e1s de 15,900 millones de pesos. SANTO DOMINGO, RD.- El juez del S\u00e9ptimo Juzgado de la Instrucci\u00f3n del Distrito Nacional tiene previsto conocer este jueves la revisi\u00f3n obligatoria de la medida de coerci\u00f3n que [&hellip;]\" \/>\n<meta property=\"og:url\" content=\"https:\/\/minutocerord.com\/?p=24939\" \/>\n<meta property=\"og:site_name\" content=\"Minuto Cero RD\" \/>\n<meta property=\"article:publisher\" content=\"https:\/\/www.facebook.com\/Genofnotes\" \/>\n<meta property=\"article:author\" content=\"https:\/\/www.facebook.com\/Genofnotes\" \/>\n<meta property=\"article:published_time\" content=\"2026-04-30T04:40:03+00:00\" \/>\n<meta property=\"article:modified_time\" content=\"2026-04-30T04:40:41+00:00\" \/>\n<meta property=\"og:image\" content=\"http:\/\/minutocerord.com\/wp-content\/uploads\/2026\/04\/santiagod-1.jpg\" \/>\n\t<meta property=\"og:image:width\" content=\"1000\" \/>\n\t<meta property=\"og:image:height\" content=\"600\" \/>\n\t<meta property=\"og:image:type\" content=\"image\/jpeg\" \/>\n<meta name=\"author\" content=\"Genof\u00f3ntes Urb\u00e1ez\" \/>\n<meta name=\"twitter:card\" content=\"summary_large_image\" \/>\n<meta name=\"twitter:label1\" content=\"Written by\" \/>\n\t<meta name=\"twitter:data1\" content=\"Genof\u00f3ntes Urb\u00e1ez\" \/>\n\t<meta name=\"twitter:label2\" content=\"Est. reading time\" \/>\n\t<meta name=\"twitter:data2\" content=\"3 minutos\" \/>\n<script type=\"application\/ld+json\" class=\"yoast-schema-graph\">{\"@context\":\"https:\\\/\\\/schema.org\",\"@graph\":[{\"@type\":\"Article\",\"@id\":\"https:\\\/\\\/minutocerord.com\\\/?p=24939#article\",\"isPartOf\":{\"@id\":\"https:\\\/\\\/minutocerord.com\\\/?p=24939\"},\"author\":{\"name\":\"Genof\u00f3ntes Urb\u00e1ez\",\"@id\":\"https:\\\/\\\/minutocerord.com\\\/#\\\/schema\\\/person\\\/60b5372d60aaa0a5171fb6488be9aee6\"},\"headline\":\"JUSTICIA | Hoy se revisar\u00e1 medida de coerci\u00f3n a Santiago Hazim y dem\u00e1s vinculados al caso Senasa\",\"datePublished\":\"2026-04-30T04:40:03+00:00\",\"dateModified\":\"2026-04-30T04:40:41+00:00\",\"mainEntityOfPage\":{\"@id\":\"https:\\\/\\\/minutocerord.com\\\/?p=24939\"},\"wordCount\":469,\"commentCount\":0,\"publisher\":{\"@id\":\"https:\\\/\\\/minutocerord.com\\\/#\\\/schema\\\/person\\\/60b5372d60aaa0a5171fb6488be9aee6\"},\"image\":{\"@id\":\"https:\\\/\\\/minutocerord.com\\\/?p=24939#primaryimage\"},\"thumbnailUrl\":\"https:\\\/\\\/i0.wp.com\\\/minutocerord.com\\\/wp-content\\\/uploads\\\/2026\\\/04\\\/santiagod-1.jpg?fit=1000%2C600&ssl=1\",\"articleSection\":[\"Justicia\"],\"inLanguage\":\"es-DO\",\"potentialAction\":[{\"@type\":\"CommentAction\",\"name\":\"Comment\",\"target\":[\"https:\\\/\\\/minutocerord.com\\\/?p=24939#respond\"]}]},{\"@type\":\"WebPage\",\"@id\":\"https:\\\/\\\/minutocerord.com\\\/?p=24939\",\"url\":\"https:\\\/\\\/minutocerord.com\\\/?p=24939\",\"name\":\"JUSTICIA | Hoy se revisar\u00e1 medida de coerci\u00f3n a Santiago Hazim y dem\u00e1s vinculados al caso Senasa - Minuto Cero RD\",\"isPartOf\":{\"@id\":\"https:\\\/\\\/minutocerord.com\\\/#website\"},\"primaryImageOfPage\":{\"@id\":\"https:\\\/\\\/minutocerord.com\\\/?p=24939#primaryimage\"},\"image\":{\"@id\":\"https:\\\/\\\/minutocerord.com\\\/?p=24939#primaryimage\"},\"thumbnailUrl\":\"https:\\\/\\\/i0.wp.com\\\/minutocerord.com\\\/wp-content\\\/uploads\\\/2026\\\/04\\\/santiagod-1.jpg?fit=1000%2C600&ssl=1\",\"datePublished\":\"2026-04-30T04:40:03+00:00\",\"dateModified\":\"2026-04-30T04:40:41+00:00\",\"breadcrumb\":{\"@id\":\"https:\\\/\\\/minutocerord.com\\\/?p=24939#breadcrumb\"},\"inLanguage\":\"es-DO\",\"potentialAction\":[{\"@type\":\"ReadAction\",\"target\":[\"https:\\\/\\\/minutocerord.com\\\/?p=24939\"]}]},{\"@type\":\"ImageObject\",\"inLanguage\":\"es-DO\",\"@id\":\"https:\\\/\\\/minutocerord.com\\\/?p=24939#primaryimage\",\"url\":\"https:\\\/\\\/i0.wp.com\\\/minutocerord.com\\\/wp-content\\\/uploads\\\/2026\\\/04\\\/santiagod-1.jpg?fit=1000%2C600&ssl=1\",\"contentUrl\":\"https:\\\/\\\/i0.wp.com\\\/minutocerord.com\\\/wp-content\\\/uploads\\\/2026\\\/04\\\/santiagod-1.jpg?fit=1000%2C600&ssl=1\",\"width\":1000,\"height\":600,\"caption\":\"Santiago Hazim\"},{\"@type\":\"BreadcrumbList\",\"@id\":\"https:\\\/\\\/minutocerord.com\\\/?p=24939#breadcrumb\",\"itemListElement\":[{\"@type\":\"ListItem\",\"position\":1,\"name\":\"Home\",\"item\":\"https:\\\/\\\/minutocerord.com\\\/\"},{\"@type\":\"ListItem\",\"position\":2,\"name\":\"JUSTICIA | Hoy se revisar\u00e1 medida de coerci\u00f3n a Santiago Hazim y dem\u00e1s vinculados al caso Senasa\"}]},{\"@type\":\"WebSite\",\"@id\":\"https:\\\/\\\/minutocerord.com\\\/#website\",\"url\":\"https:\\\/\\\/minutocerord.com\\\/\",\"name\":\"Minuto Cero RD\",\"description\":\"Periodismo serio y veraz\",\"publisher\":{\"@id\":\"https:\\\/\\\/minutocerord.com\\\/#\\\/schema\\\/person\\\/60b5372d60aaa0a5171fb6488be9aee6\"},\"potentialAction\":[{\"@type\":\"SearchAction\",\"target\":{\"@type\":\"EntryPoint\",\"urlTemplate\":\"https:\\\/\\\/minutocerord.com\\\/?s={search_term_string}\"},\"query-input\":{\"@type\":\"PropertyValueSpecification\",\"valueRequired\":true,\"valueName\":\"search_term_string\"}}],\"inLanguage\":\"es-DO\"},{\"@type\":[\"Person\",\"Organization\"],\"@id\":\"https:\\\/\\\/minutocerord.com\\\/#\\\/schema\\\/person\\\/60b5372d60aaa0a5171fb6488be9aee6\",\"name\":\"Genof\u00f3ntes Urb\u00e1ez\",\"image\":{\"@type\":\"ImageObject\",\"inLanguage\":\"es-DO\",\"@id\":\"https:\\\/\\\/secure.gravatar.com\\\/avatar\\\/a49ef3186a692098ac3e8a1612261e3ad70cf9e44553dff2929e67939a0ecb9d?s=96&d=identicon&r=g\",\"url\":\"https:\\\/\\\/secure.gravatar.com\\\/avatar\\\/a49ef3186a692098ac3e8a1612261e3ad70cf9e44553dff2929e67939a0ecb9d?s=96&d=identicon&r=g\",\"contentUrl\":\"https:\\\/\\\/secure.gravatar.com\\\/avatar\\\/a49ef3186a692098ac3e8a1612261e3ad70cf9e44553dff2929e67939a0ecb9d?s=96&d=identicon&r=g\",\"caption\":\"Genof\u00f3ntes Urb\u00e1ez\"},\"logo\":{\"@id\":\"https:\\\/\\\/secure.gravatar.com\\\/avatar\\\/a49ef3186a692098ac3e8a1612261e3ad70cf9e44553dff2929e67939a0ecb9d?s=96&d=identicon&r=g\"},\"description\":\"Periodista \\\/ Locutor\",\"sameAs\":[\"https:\\\/\\\/www.facebook.com\\\/Genofnotes\",\"https:\\\/\\\/www.instagram.com\\\/genofnotes\\\/\"]}]}<\/script>\n<!-- \/ Yoast SEO plugin. -->","yoast_head_json":{"title":"JUSTICIA | Hoy se revisar\u00e1 medida de coerci\u00f3n a Santiago Hazim y dem\u00e1s vinculados al caso Senasa - Minuto Cero RD","robots":{"index":"index","follow":"follow","max-snippet":"max-snippet:-1","max-image-preview":"max-image-preview:large","max-video-preview":"max-video-preview:-1"},"canonical":"https:\/\/minutocerord.com\/?p=24939","og_locale":"es_ES","og_type":"article","og_title":"JUSTICIA | Hoy se revisar\u00e1 medida de coerci\u00f3n a Santiago Hazim y dem\u00e1s vinculados al caso Senasa - Minuto Cero RD","og_description":"El grupo es procesado por su presunta participaci\u00f3n en un entramado de corrupci\u00f3n administrativa que habr\u00eda defraudado al Estado dominicano con m\u00e1s de 15,900 millones de pesos. SANTO DOMINGO, RD.- El juez del S\u00e9ptimo Juzgado de la Instrucci\u00f3n del Distrito Nacional tiene previsto conocer este jueves la revisi\u00f3n obligatoria de la medida de coerci\u00f3n que [&hellip;]","og_url":"https:\/\/minutocerord.com\/?p=24939","og_site_name":"Minuto Cero RD","article_publisher":"https:\/\/www.facebook.com\/Genofnotes","article_author":"https:\/\/www.facebook.com\/Genofnotes","article_published_time":"2026-04-30T04:40:03+00:00","article_modified_time":"2026-04-30T04:40:41+00:00","og_image":[{"width":1000,"height":600,"url":"http:\/\/minutocerord.com\/wp-content\/uploads\/2026\/04\/santiagod-1.jpg","type":"image\/jpeg"}],"author":"Genof\u00f3ntes Urb\u00e1ez","twitter_card":"summary_large_image","twitter_misc":{"Written by":"Genof\u00f3ntes Urb\u00e1ez","Est. reading time":"3 minutos"},"schema":{"@context":"https:\/\/schema.org","@graph":[{"@type":"Article","@id":"https:\/\/minutocerord.com\/?p=24939#article","isPartOf":{"@id":"https:\/\/minutocerord.com\/?p=24939"},"author":{"name":"Genof\u00f3ntes Urb\u00e1ez","@id":"https:\/\/minutocerord.com\/#\/schema\/person\/60b5372d60aaa0a5171fb6488be9aee6"},"headline":"JUSTICIA | Hoy se revisar\u00e1 medida de coerci\u00f3n a Santiago Hazim y dem\u00e1s vinculados al caso Senasa","datePublished":"2026-04-30T04:40:03+00:00","dateModified":"2026-04-30T04:40:41+00:00","mainEntityOfPage":{"@id":"https:\/\/minutocerord.com\/?p=24939"},"wordCount":469,"commentCount":0,"publisher":{"@id":"https:\/\/minutocerord.com\/#\/schema\/person\/60b5372d60aaa0a5171fb6488be9aee6"},"image":{"@id":"https:\/\/minutocerord.com\/?p=24939#primaryimage"},"thumbnailUrl":"https:\/\/i0.wp.com\/minutocerord.com\/wp-content\/uploads\/2026\/04\/santiagod-1.jpg?fit=1000%2C600&ssl=1","articleSection":["Justicia"],"inLanguage":"es-DO","potentialAction":[{"@type":"CommentAction","name":"Comment","target":["https:\/\/minutocerord.com\/?p=24939#respond"]}]},{"@type":"WebPage","@id":"https:\/\/minutocerord.com\/?p=24939","url":"https:\/\/minutocerord.com\/?p=24939","name":"JUSTICIA | Hoy se revisar\u00e1 medida de coerci\u00f3n a Santiago Hazim y dem\u00e1s vinculados al caso Senasa - Minuto Cero RD","isPartOf":{"@id":"https:\/\/minutocerord.com\/#website"},"primaryImageOfPage":{"@id":"https:\/\/minutocerord.com\/?p=24939#primaryimage"},"image":{"@id":"https:\/\/minutocerord.com\/?p=24939#primaryimage"},"thumbnailUrl":"https:\/\/i0.wp.com\/minutocerord.com\/wp-content\/uploads\/2026\/04\/santiagod-1.jpg?fit=1000%2C600&ssl=1","datePublished":"2026-04-30T04:40:03+00:00","dateModified":"2026-04-30T04:40:41+00:00","breadcrumb":{"@id":"https:\/\/minutocerord.com\/?p=24939#breadcrumb"},"inLanguage":"es-DO","potentialAction":[{"@type":"ReadAction","target":["https:\/\/minutocerord.com\/?p=24939"]}]},{"@type":"ImageObject","inLanguage":"es-DO","@id":"https:\/\/minutocerord.com\/?p=24939#primaryimage","url":"https:\/\/i0.wp.com\/minutocerord.com\/wp-content\/uploads\/2026\/04\/santiagod-1.jpg?fit=1000%2C600&ssl=1","contentUrl":"https:\/\/i0.wp.com\/minutocerord.com\/wp-content\/uploads\/2026\/04\/santiagod-1.jpg?fit=1000%2C600&ssl=1","width":1000,"height":600,"caption":"Santiago Hazim"},{"@type":"BreadcrumbList","@id":"https:\/\/minutocerord.com\/?p=24939#breadcrumb","itemListElement":[{"@type":"ListItem","position":1,"name":"Home","item":"https:\/\/minutocerord.com\/"},{"@type":"ListItem","position":2,"name":"JUSTICIA | Hoy se revisar\u00e1 medida de coerci\u00f3n a Santiago Hazim y dem\u00e1s vinculados al caso Senasa"}]},{"@type":"WebSite","@id":"https:\/\/minutocerord.com\/#website","url":"https:\/\/minutocerord.com\/","name":"Minuto Cero RD","description":"Periodismo serio y veraz","publisher":{"@id":"https:\/\/minutocerord.com\/#\/schema\/person\/60b5372d60aaa0a5171fb6488be9aee6"},"potentialAction":[{"@type":"SearchAction","target":{"@type":"EntryPoint","urlTemplate":"https:\/\/minutocerord.com\/?s={search_term_string}"},"query-input":{"@type":"PropertyValueSpecification","valueRequired":true,"valueName":"search_term_string"}}],"inLanguage":"es-DO"},{"@type":["Person","Organization"],"@id":"https:\/\/minutocerord.com\/#\/schema\/person\/60b5372d60aaa0a5171fb6488be9aee6","name":"Genof\u00f3ntes Urb\u00e1ez","image":{"@type":"ImageObject","inLanguage":"es-DO","@id":"https:\/\/secure.gravatar.com\/avatar\/a49ef3186a692098ac3e8a1612261e3ad70cf9e44553dff2929e67939a0ecb9d?s=96&d=identicon&r=g","url":"https:\/\/secure.gravatar.com\/avatar\/a49ef3186a692098ac3e8a1612261e3ad70cf9e44553dff2929e67939a0ecb9d?s=96&d=identicon&r=g","contentUrl":"https:\/\/secure.gravatar.com\/avatar\/a49ef3186a692098ac3e8a1612261e3ad70cf9e44553dff2929e67939a0ecb9d?s=96&d=identicon&r=g","caption":"Genof\u00f3ntes Urb\u00e1ez"},"logo":{"@id":"https:\/\/secure.gravatar.com\/avatar\/a49ef3186a692098ac3e8a1612261e3ad70cf9e44553dff2929e67939a0ecb9d?s=96&d=identicon&r=g"},"description":"Periodista \/ Locutor","sameAs":["https:\/\/www.facebook.com\/Genofnotes","https:\/\/www.instagram.com\/genofnotes\/"]}]}},"jetpack_publicize_connections":[],"jetpack_featured_media_url":"https:\/\/i0.wp.com\/minutocerord.com\/wp-content\/uploads\/2026\/04\/santiagod-1.jpg?fit=1000%2C600&ssl=1","jetpack-related-posts":[],"jetpack_sharing_enabled":true,"_links":{"self":[{"href":"https:\/\/minutocerord.com\/index.php?rest_route=\/wp\/v2\/posts\/24939","targetHints":{"allow":["GET"]}}],"collection":[{"href":"https:\/\/minutocerord.com\/index.php?rest_route=\/wp\/v2\/posts"}],"about":[{"href":"https:\/\/minutocerord.com\/index.php?rest_route=\/wp\/v2\/types\/post"}],"author":[{"embeddable":true,"href":"https:\/\/minutocerord.com\/index.php?rest_route=\/wp\/v2\/users\/1"}],"replies":[{"embeddable":true,"href":"https:\/\/minutocerord.com\/index.php?rest_route=%2Fwp%2Fv2%2Fcomments&post=24939"}],"version-history":[{"count":1,"href":"https:\/\/minutocerord.com\/index.php?rest_route=\/wp\/v2\/posts\/24939\/revisions"}],"predecessor-version":[{"id":24942,"href":"https:\/\/minutocerord.com\/index.php?rest_route=\/wp\/v2\/posts\/24939\/revisions\/24942"}],"wp:featuredmedia":[{"embeddable":true,"href":"https:\/\/minutocerord.com\/index.php?rest_route=\/wp\/v2\/media\/24941"}],"wp:attachment":[{"href":"https:\/\/minutocerord.com\/index.php?rest_route=%2Fwp%2Fv2%2Fmedia&parent=24939"}],"wp:term":[{"taxonomy":"category","embeddable":true,"href":"https:\/\/minutocerord.com\/index.php?rest_route=%2Fwp%2Fv2%2Fcategories&post=24939"},{"taxonomy":"post_tag","embeddable":true,"href":"https:\/\/minutocerord.com\/index.php?rest_route=%2Fwp%2Fv2%2Ftags&post=24939"}],"curies":[{"name":"wp","href":"https:\/\/api.w.org\/{rel}","templated":true}]}}