{"id":24947,"date":"2026-04-30T18:08:55","date_gmt":"2026-04-30T22:08:55","guid":{"rendered":"https:\/\/minutocerord.com\/?p=24947"},"modified":"2026-04-30T18:09:48","modified_gmt":"2026-04-30T22:09:48","slug":"justicia-ratifican-prision-preventiva-contra-santiago-hazim-y-otros-seis-imputados-por-fraude-a-senasa","status":"publish","type":"post","link":"https:\/\/minutocerord.com\/?p=24947","title":{"rendered":"JUSTICIA | Ratifican prisi\u00f3n preventiva contra Santiago Hazim y otros seis imputados por fraude a Senasa"},"content":{"rendered":"\n<p class=\"\"><strong>SANTO DOMINGO, RD.- <\/strong>El exdirector del Seguro Nacional de Salud (Senasa), Santiago Hazim, y otros seis imputados en el fraude a esa ARS estatal continuar\u00e1n en la c\u00e1rcel porque, seg\u00fan el juez que revis\u00f3 esa medida de coerci\u00f3n, es la &#8220;m\u00e1s id\u00f3nea&#8221; por el peligro de fuga que representan los procesados en el caso de corrupci\u00f3n.<\/p>\n\n\n\n<p class=\"\">De los siete se\u00f1alados, el \u00fanico que no present\u00f3 nuevos presupuestos para buscar variar la medida fue Hazim debido a que, seg\u00fan su abogado, &#8220;era un ej\u00e9rcito sin ning\u00fan sentido&#8221;.<\/p>\n\n\n\n<p class=\"\">El juez del S\u00e9ptimo Juzgado de Instrucci\u00f3n, quien es juez control de la investigaci\u00f3n por el presunto fraude de casi 16 mil millones, Deiby Timoteo Peguero, sostuvo que los documentos que los dem\u00e1s imputados presentaron fueron insuficientes para cambiar la medida.<\/p>\n","protected":false},"excerpt":{"rendered":"<p>SANTO DOMINGO, RD.- El exdirector del Seguro Nacional de Salud (Senasa), Santiago Hazim, y otros seis imputados en el fraude a esa ARS estatal continuar\u00e1n en la c\u00e1rcel porque, seg\u00fan el juez que revis\u00f3 esa medida de coerci\u00f3n, es la &#8220;m\u00e1s id\u00f3nea&#8221; por el peligro de fuga que representan los procesados en el caso de [&hellip;]<\/p>\n","protected":false},"author":1,"featured_media":24949,"comment_status":"open","ping_status":"open","sticky":false,"template":"","format":"standard","meta":{"nf_dc_page":"","jetpack_post_was_ever_published":false,"_jetpack_newsletter_access":"","_jetpack_dont_email_post_to_subs":false,"_jetpack_newsletter_tier_id":0,"_jetpack_memberships_contains_paywalled_content":false,"_jetpack_memberships_contains_paid_content":false,"footnotes":"","jetpack_publicize_message":"","jetpack_publicize_feature_enabled":true,"jetpack_social_post_already_shared":true,"jetpack_social_options":{"image_generator_settings":{"template":"highway","default_image_id":0,"font":"","enabled":false},"version":2}},"categories":[93],"tags":[],"class_list":["post-24947","post","type-post","status-publish","format-standard","has-post-thumbnail","hentry","category-justicia"],"yoast_head":"<!-- This site is optimized with the Yoast SEO plugin v27.5 - https:\/\/yoast.com\/product\/yoast-seo-wordpress\/ -->\n<title>JUSTICIA | Ratifican prisi\u00f3n preventiva contra Santiago Hazim y otros seis imputados por fraude a Senasa - Minuto Cero RD<\/title>\n<meta name=\"robots\" content=\"index, follow, max-snippet:-1, max-image-preview:large, max-video-preview:-1\" \/>\n<link rel=\"canonical\" href=\"https:\/\/minutocerord.com\/?p=24947\" \/>\n<meta property=\"og:locale\" content=\"es_ES\" \/>\n<meta property=\"og:type\" content=\"article\" \/>\n<meta property=\"og:title\" content=\"JUSTICIA | Ratifican prisi\u00f3n preventiva contra Santiago Hazim y otros seis imputados por fraude a Senasa - Minuto Cero RD\" \/>\n<meta property=\"og:description\" content=\"SANTO DOMINGO, RD.- El exdirector del Seguro Nacional de Salud (Senasa), Santiago Hazim, y otros seis imputados en el fraude a esa ARS estatal continuar\u00e1n en la c\u00e1rcel porque, seg\u00fan el juez que revis\u00f3 esa medida de coerci\u00f3n, es la &#8220;m\u00e1s id\u00f3nea&#8221; por el peligro de fuga que representan los procesados en el caso de [&hellip;]\" \/>\n<meta property=\"og:url\" content=\"https:\/\/minutocerord.com\/?p=24947\" \/>\n<meta property=\"og:site_name\" content=\"Minuto Cero RD\" \/>\n<meta property=\"article:publisher\" content=\"https:\/\/www.facebook.com\/Genofnotes\" \/>\n<meta property=\"article:author\" content=\"https:\/\/www.facebook.com\/Genofnotes\" \/>\n<meta property=\"article:published_time\" content=\"2026-04-30T22:08:55+00:00\" \/>\n<meta property=\"article:modified_time\" content=\"2026-04-30T22:09:48+00:00\" \/>\n<meta property=\"og:image\" content=\"http:\/\/minutocerord.com\/wp-content\/uploads\/2026\/04\/11111111111111111111111111-1.jpg\" \/>\n\t<meta property=\"og:image:width\" content=\"977\" \/>\n\t<meta property=\"og:image:height\" content=\"620\" \/>\n\t<meta property=\"og:image:type\" content=\"image\/jpeg\" \/>\n<meta name=\"author\" content=\"Genof\u00f3ntes Urb\u00e1ez\" \/>\n<meta name=\"twitter:card\" content=\"summary_large_image\" \/>\n<meta name=\"twitter:label1\" content=\"Written by\" \/>\n\t<meta name=\"twitter:data1\" content=\"Genof\u00f3ntes Urb\u00e1ez\" \/>\n\t<meta name=\"twitter:label2\" content=\"Est. reading time\" \/>\n\t<meta name=\"twitter:data2\" content=\"1 minuto\" \/>\n<script type=\"application\/ld+json\" class=\"yoast-schema-graph\">{\"@context\":\"https:\\\/\\\/schema.org\",\"@graph\":[{\"@type\":\"Article\",\"@id\":\"https:\\\/\\\/minutocerord.com\\\/?p=24947#article\",\"isPartOf\":{\"@id\":\"https:\\\/\\\/minutocerord.com\\\/?p=24947\"},\"author\":{\"name\":\"Genof\u00f3ntes Urb\u00e1ez\",\"@id\":\"https:\\\/\\\/minutocerord.com\\\/#\\\/schema\\\/person\\\/60b5372d60aaa0a5171fb6488be9aee6\"},\"headline\":\"JUSTICIA | Ratifican prisi\u00f3n preventiva contra Santiago Hazim y otros seis imputados por fraude a Senasa\",\"datePublished\":\"2026-04-30T22:08:55+00:00\",\"dateModified\":\"2026-04-30T22:09:48+00:00\",\"mainEntityOfPage\":{\"@id\":\"https:\\\/\\\/minutocerord.com\\\/?p=24947\"},\"wordCount\":158,\"commentCount\":0,\"publisher\":{\"@id\":\"https:\\\/\\\/minutocerord.com\\\/#\\\/schema\\\/person\\\/60b5372d60aaa0a5171fb6488be9aee6\"},\"image\":{\"@id\":\"https:\\\/\\\/minutocerord.com\\\/?p=24947#primaryimage\"},\"thumbnailUrl\":\"https:\\\/\\\/i0.wp.com\\\/minutocerord.com\\\/wp-content\\\/uploads\\\/2026\\\/04\\\/11111111111111111111111111-1.jpg?fit=977%2C620&ssl=1\",\"articleSection\":[\"Justicia\"],\"inLanguage\":\"es-DO\",\"potentialAction\":[{\"@type\":\"CommentAction\",\"name\":\"Comment\",\"target\":[\"https:\\\/\\\/minutocerord.com\\\/?p=24947#respond\"]}]},{\"@type\":\"WebPage\",\"@id\":\"https:\\\/\\\/minutocerord.com\\\/?p=24947\",\"url\":\"https:\\\/\\\/minutocerord.com\\\/?p=24947\",\"name\":\"JUSTICIA | Ratifican prisi\u00f3n preventiva contra Santiago Hazim y otros seis imputados por fraude a Senasa - Minuto Cero RD\",\"isPartOf\":{\"@id\":\"https:\\\/\\\/minutocerord.com\\\/#website\"},\"primaryImageOfPage\":{\"@id\":\"https:\\\/\\\/minutocerord.com\\\/?p=24947#primaryimage\"},\"image\":{\"@id\":\"https:\\\/\\\/minutocerord.com\\\/?p=24947#primaryimage\"},\"thumbnailUrl\":\"https:\\\/\\\/i0.wp.com\\\/minutocerord.com\\\/wp-content\\\/uploads\\\/2026\\\/04\\\/11111111111111111111111111-1.jpg?fit=977%2C620&ssl=1\",\"datePublished\":\"2026-04-30T22:08:55+00:00\",\"dateModified\":\"2026-04-30T22:09:48+00:00\",\"breadcrumb\":{\"@id\":\"https:\\\/\\\/minutocerord.com\\\/?p=24947#breadcrumb\"},\"inLanguage\":\"es-DO\",\"potentialAction\":[{\"@type\":\"ReadAction\",\"target\":[\"https:\\\/\\\/minutocerord.com\\\/?p=24947\"]}]},{\"@type\":\"ImageObject\",\"inLanguage\":\"es-DO\",\"@id\":\"https:\\\/\\\/minutocerord.com\\\/?p=24947#primaryimage\",\"url\":\"https:\\\/\\\/i0.wp.com\\\/minutocerord.com\\\/wp-content\\\/uploads\\\/2026\\\/04\\\/11111111111111111111111111-1.jpg?fit=977%2C620&ssl=1\",\"contentUrl\":\"https:\\\/\\\/i0.wp.com\\\/minutocerord.com\\\/wp-content\\\/uploads\\\/2026\\\/04\\\/11111111111111111111111111-1.jpg?fit=977%2C620&ssl=1\",\"width\":977,\"height\":620},{\"@type\":\"BreadcrumbList\",\"@id\":\"https:\\\/\\\/minutocerord.com\\\/?p=24947#breadcrumb\",\"itemListElement\":[{\"@type\":\"ListItem\",\"position\":1,\"name\":\"Home\",\"item\":\"https:\\\/\\\/minutocerord.com\\\/\"},{\"@type\":\"ListItem\",\"position\":2,\"name\":\"JUSTICIA | Ratifican prisi\u00f3n preventiva contra Santiago Hazim y otros seis imputados por fraude a Senasa\"}]},{\"@type\":\"WebSite\",\"@id\":\"https:\\\/\\\/minutocerord.com\\\/#website\",\"url\":\"https:\\\/\\\/minutocerord.com\\\/\",\"name\":\"Minuto Cero RD\",\"description\":\"Periodismo serio y veraz\",\"publisher\":{\"@id\":\"https:\\\/\\\/minutocerord.com\\\/#\\\/schema\\\/person\\\/60b5372d60aaa0a5171fb6488be9aee6\"},\"potentialAction\":[{\"@type\":\"SearchAction\",\"target\":{\"@type\":\"EntryPoint\",\"urlTemplate\":\"https:\\\/\\\/minutocerord.com\\\/?s={search_term_string}\"},\"query-input\":{\"@type\":\"PropertyValueSpecification\",\"valueRequired\":true,\"valueName\":\"search_term_string\"}}],\"inLanguage\":\"es-DO\"},{\"@type\":[\"Person\",\"Organization\"],\"@id\":\"https:\\\/\\\/minutocerord.com\\\/#\\\/schema\\\/person\\\/60b5372d60aaa0a5171fb6488be9aee6\",\"name\":\"Genof\u00f3ntes Urb\u00e1ez\",\"image\":{\"@type\":\"ImageObject\",\"inLanguage\":\"es-DO\",\"@id\":\"https:\\\/\\\/secure.gravatar.com\\\/avatar\\\/a49ef3186a692098ac3e8a1612261e3ad70cf9e44553dff2929e67939a0ecb9d?s=96&d=identicon&r=g\",\"url\":\"https:\\\/\\\/secure.gravatar.com\\\/avatar\\\/a49ef3186a692098ac3e8a1612261e3ad70cf9e44553dff2929e67939a0ecb9d?s=96&d=identicon&r=g\",\"contentUrl\":\"https:\\\/\\\/secure.gravatar.com\\\/avatar\\\/a49ef3186a692098ac3e8a1612261e3ad70cf9e44553dff2929e67939a0ecb9d?s=96&d=identicon&r=g\",\"caption\":\"Genof\u00f3ntes Urb\u00e1ez\"},\"logo\":{\"@id\":\"https:\\\/\\\/secure.gravatar.com\\\/avatar\\\/a49ef3186a692098ac3e8a1612261e3ad70cf9e44553dff2929e67939a0ecb9d?s=96&d=identicon&r=g\"},\"description\":\"Periodista \\\/ Locutor\",\"sameAs\":[\"https:\\\/\\\/www.facebook.com\\\/Genofnotes\",\"https:\\\/\\\/www.instagram.com\\\/genofnotes\\\/\"]}]}<\/script>\n<!-- \/ Yoast SEO plugin. -->","yoast_head_json":{"title":"JUSTICIA | Ratifican prisi\u00f3n preventiva contra Santiago Hazim y otros seis imputados por fraude a Senasa - Minuto Cero RD","robots":{"index":"index","follow":"follow","max-snippet":"max-snippet:-1","max-image-preview":"max-image-preview:large","max-video-preview":"max-video-preview:-1"},"canonical":"https:\/\/minutocerord.com\/?p=24947","og_locale":"es_ES","og_type":"article","og_title":"JUSTICIA | Ratifican prisi\u00f3n preventiva contra Santiago Hazim y otros seis imputados por fraude a Senasa - Minuto Cero RD","og_description":"SANTO DOMINGO, RD.- El exdirector del Seguro Nacional de Salud (Senasa), Santiago Hazim, y otros seis imputados en el fraude a esa ARS estatal continuar\u00e1n en la c\u00e1rcel porque, seg\u00fan el juez que revis\u00f3 esa medida de coerci\u00f3n, es la &#8220;m\u00e1s id\u00f3nea&#8221; por el peligro de fuga que representan los procesados en el caso de [&hellip;]","og_url":"https:\/\/minutocerord.com\/?p=24947","og_site_name":"Minuto Cero RD","article_publisher":"https:\/\/www.facebook.com\/Genofnotes","article_author":"https:\/\/www.facebook.com\/Genofnotes","article_published_time":"2026-04-30T22:08:55+00:00","article_modified_time":"2026-04-30T22:09:48+00:00","og_image":[{"width":977,"height":620,"url":"http:\/\/minutocerord.com\/wp-content\/uploads\/2026\/04\/11111111111111111111111111-1.jpg","type":"image\/jpeg"}],"author":"Genof\u00f3ntes Urb\u00e1ez","twitter_card":"summary_large_image","twitter_misc":{"Written by":"Genof\u00f3ntes Urb\u00e1ez","Est. reading time":"1 minuto"},"schema":{"@context":"https:\/\/schema.org","@graph":[{"@type":"Article","@id":"https:\/\/minutocerord.com\/?p=24947#article","isPartOf":{"@id":"https:\/\/minutocerord.com\/?p=24947"},"author":{"name":"Genof\u00f3ntes Urb\u00e1ez","@id":"https:\/\/minutocerord.com\/#\/schema\/person\/60b5372d60aaa0a5171fb6488be9aee6"},"headline":"JUSTICIA | Ratifican prisi\u00f3n preventiva contra Santiago Hazim y otros seis imputados por fraude a Senasa","datePublished":"2026-04-30T22:08:55+00:00","dateModified":"2026-04-30T22:09:48+00:00","mainEntityOfPage":{"@id":"https:\/\/minutocerord.com\/?p=24947"},"wordCount":158,"commentCount":0,"publisher":{"@id":"https:\/\/minutocerord.com\/#\/schema\/person\/60b5372d60aaa0a5171fb6488be9aee6"},"image":{"@id":"https:\/\/minutocerord.com\/?p=24947#primaryimage"},"thumbnailUrl":"https:\/\/i0.wp.com\/minutocerord.com\/wp-content\/uploads\/2026\/04\/11111111111111111111111111-1.jpg?fit=977%2C620&ssl=1","articleSection":["Justicia"],"inLanguage":"es-DO","potentialAction":[{"@type":"CommentAction","name":"Comment","target":["https:\/\/minutocerord.com\/?p=24947#respond"]}]},{"@type":"WebPage","@id":"https:\/\/minutocerord.com\/?p=24947","url":"https:\/\/minutocerord.com\/?p=24947","name":"JUSTICIA | Ratifican prisi\u00f3n preventiva contra Santiago Hazim y otros seis imputados por fraude a Senasa - Minuto Cero RD","isPartOf":{"@id":"https:\/\/minutocerord.com\/#website"},"primaryImageOfPage":{"@id":"https:\/\/minutocerord.com\/?p=24947#primaryimage"},"image":{"@id":"https:\/\/minutocerord.com\/?p=24947#primaryimage"},"thumbnailUrl":"https:\/\/i0.wp.com\/minutocerord.com\/wp-content\/uploads\/2026\/04\/11111111111111111111111111-1.jpg?fit=977%2C620&ssl=1","datePublished":"2026-04-30T22:08:55+00:00","dateModified":"2026-04-30T22:09:48+00:00","breadcrumb":{"@id":"https:\/\/minutocerord.com\/?p=24947#breadcrumb"},"inLanguage":"es-DO","potentialAction":[{"@type":"ReadAction","target":["https:\/\/minutocerord.com\/?p=24947"]}]},{"@type":"ImageObject","inLanguage":"es-DO","@id":"https:\/\/minutocerord.com\/?p=24947#primaryimage","url":"https:\/\/i0.wp.com\/minutocerord.com\/wp-content\/uploads\/2026\/04\/11111111111111111111111111-1.jpg?fit=977%2C620&ssl=1","contentUrl":"https:\/\/i0.wp.com\/minutocerord.com\/wp-content\/uploads\/2026\/04\/11111111111111111111111111-1.jpg?fit=977%2C620&ssl=1","width":977,"height":620},{"@type":"BreadcrumbList","@id":"https:\/\/minutocerord.com\/?p=24947#breadcrumb","itemListElement":[{"@type":"ListItem","position":1,"name":"Home","item":"https:\/\/minutocerord.com\/"},{"@type":"ListItem","position":2,"name":"JUSTICIA | Ratifican prisi\u00f3n preventiva contra Santiago Hazim y otros seis imputados por fraude a Senasa"}]},{"@type":"WebSite","@id":"https:\/\/minutocerord.com\/#website","url":"https:\/\/minutocerord.com\/","name":"Minuto Cero RD","description":"Periodismo serio y veraz","publisher":{"@id":"https:\/\/minutocerord.com\/#\/schema\/person\/60b5372d60aaa0a5171fb6488be9aee6"},"potentialAction":[{"@type":"SearchAction","target":{"@type":"EntryPoint","urlTemplate":"https:\/\/minutocerord.com\/?s={search_term_string}"},"query-input":{"@type":"PropertyValueSpecification","valueRequired":true,"valueName":"search_term_string"}}],"inLanguage":"es-DO"},{"@type":["Person","Organization"],"@id":"https:\/\/minutocerord.com\/#\/schema\/person\/60b5372d60aaa0a5171fb6488be9aee6","name":"Genof\u00f3ntes Urb\u00e1ez","image":{"@type":"ImageObject","inLanguage":"es-DO","@id":"https:\/\/secure.gravatar.com\/avatar\/a49ef3186a692098ac3e8a1612261e3ad70cf9e44553dff2929e67939a0ecb9d?s=96&d=identicon&r=g","url":"https:\/\/secure.gravatar.com\/avatar\/a49ef3186a692098ac3e8a1612261e3ad70cf9e44553dff2929e67939a0ecb9d?s=96&d=identicon&r=g","contentUrl":"https:\/\/secure.gravatar.com\/avatar\/a49ef3186a692098ac3e8a1612261e3ad70cf9e44553dff2929e67939a0ecb9d?s=96&d=identicon&r=g","caption":"Genof\u00f3ntes Urb\u00e1ez"},"logo":{"@id":"https:\/\/secure.gravatar.com\/avatar\/a49ef3186a692098ac3e8a1612261e3ad70cf9e44553dff2929e67939a0ecb9d?s=96&d=identicon&r=g"},"description":"Periodista \/ Locutor","sameAs":["https:\/\/www.facebook.com\/Genofnotes","https:\/\/www.instagram.com\/genofnotes\/"]}]}},"jetpack_publicize_connections":[],"jetpack_featured_media_url":"https:\/\/i0.wp.com\/minutocerord.com\/wp-content\/uploads\/2026\/04\/11111111111111111111111111-1.jpg?fit=977%2C620&ssl=1","jetpack-related-posts":[],"jetpack_sharing_enabled":true,"_links":{"self":[{"href":"https:\/\/minutocerord.com\/index.php?rest_route=\/wp\/v2\/posts\/24947","targetHints":{"allow":["GET"]}}],"collection":[{"href":"https:\/\/minutocerord.com\/index.php?rest_route=\/wp\/v2\/posts"}],"about":[{"href":"https:\/\/minutocerord.com\/index.php?rest_route=\/wp\/v2\/types\/post"}],"author":[{"embeddable":true,"href":"https:\/\/minutocerord.com\/index.php?rest_route=\/wp\/v2\/users\/1"}],"replies":[{"embeddable":true,"href":"https:\/\/minutocerord.com\/index.php?rest_route=%2Fwp%2Fv2%2Fcomments&post=24947"}],"version-history":[{"count":1,"href":"https:\/\/minutocerord.com\/index.php?rest_route=\/wp\/v2\/posts\/24947\/revisions"}],"predecessor-version":[{"id":24950,"href":"https:\/\/minutocerord.com\/index.php?rest_route=\/wp\/v2\/posts\/24947\/revisions\/24950"}],"wp:featuredmedia":[{"embeddable":true,"href":"https:\/\/minutocerord.com\/index.php?rest_route=\/wp\/v2\/media\/24949"}],"wp:attachment":[{"href":"https:\/\/minutocerord.com\/index.php?rest_route=%2Fwp%2Fv2%2Fmedia&parent=24947"}],"wp:term":[{"taxonomy":"category","embeddable":true,"href":"https:\/\/minutocerord.com\/index.php?rest_route=%2Fwp%2Fv2%2Fcategories&post=24947"},{"taxonomy":"post_tag","embeddable":true,"href":"https:\/\/minutocerord.com\/index.php?rest_route=%2Fwp%2Fv2%2Ftags&post=24947"}],"curies":[{"name":"wp","href":"https:\/\/api.w.org\/{rel}","templated":true}]}}