{"id":24967,"date":"2026-05-02T00:20:00","date_gmt":"2026-05-02T04:20:00","guid":{"rendered":"https:\/\/minutocerord.com\/?p=24967"},"modified":"2026-05-02T00:20:00","modified_gmt":"2026-05-02T04:20:00","slug":"opinion-realismo-nostalgico-en-novela-de-emelda-ramos","status":"publish","type":"post","link":"https:\/\/minutocerord.com\/?p=24967","title":{"rendered":"OPINION | Realismo nost\u00e1lgico en novela de Emelda Ramos"},"content":{"rendered":"\n<p class=\"\"><strong>SANTO DOMINGO, RD.-<\/strong> Emelda Ramos es una escritora reconocida que no le teme a la biograf\u00eda, sentimiento que d\u00e9cadas atr\u00e1s solo afectaba a las mujeres y que ahora se observa tambi\u00e9n en hombres, tal vez por los efectos de las campa\u00f1as desarrolladas con la denominada ideolog\u00eda de g\u00e9nero. Nacida en Salcedo, provincia Hermanas Mirabal en 1948, tras publicar varios textos narrativos de probada calidad est\u00e9tica, podemos leer El pavor lleg\u00f3 en un convertible, con los segmentos \u201cTres golpes en la puerta\u201d, \u201cEn el tiempo de las mesalinas\u201d y \u201cBajo la operaci\u00f3n Luz Verde\u201d.<\/p>\n\n\n\n<p class=\"\">Fue precisamente en el mes de mayo de 1961 cuando se produjo el acontecimiento que oblig\u00f3 a unos parientes residentes en la Capital llegar hasta al buc\u00f3lico poblado de una t\u00edpica familia cibae\u00f1a \u201cpor la pedregosa y apenas transitable carretera rural de San Jos\u00e9 Adentro\u201d, a bordo de un convertible que a las ni\u00f1as que observaban detr\u00e1s de las faldas de abuelas y bisabuelas les pareci\u00f3 como si fuera \u201cun inmenso cofre\u201d.<\/p>\n\n\n\n<p class=\"\">Probablemente lo que narra la escritora Ramos sobre experiencias de residentes en la entonces Ciudad Trujillo que salieron huyendo del ambiente hostil tras el asesinato del dictador, fuera un accionar com\u00fan en todo el pa\u00eds, pero la diferencia radica en si hubo alguien como la novelista para contar la historia novelada, cargada de realismos y nostalgias.<\/p>\n\n\n\n<p class=\"\">Por ser la \u201cpatria chica\u201d de la narradora la misma tierra de las hero\u00ednas y m\u00e1rtires Hermanas Mirabal, el texto refiere: \u201cDesde ese mayo, cuando me hablaban de La Patria de Duarte, solo me la pod\u00eda imaginar de una forma, como la alegor\u00eda de una mujer sufriente, con un fino manto cay\u00e9ndole por los hombros, tapando sus cortos cabellos, con los pies sangrantes, y llorando\u201d.<\/p>\n\n\n\n<p class=\"\">En los tres segmentos recogidos en El pavor lleg\u00f3 en un convertible, se palpa ese sabor \u201cgarciamarquezco\u201d de \u201cVivir para contarla\u201d, con recuerdos de toda una vida, hasta sorprenderse por la \u201cp\u00e9rdida del valor\u201d de las palabras, \u201cimprescindibles, para reconstruir la resistencia en nuevas historias de otro tiempo\u201d.<\/p>\n\n\n\n<p class=\"\"><strong>Por Frank N\u00fa\u00f1ez <\/strong><a href=\"https:\/\/www.elcaribe.com.do\/autor\/franknunez\/\"><\/a><\/p>\n\n\n\n<p class=\"\"><a href=\"https:\/\/whatsapp.com\/channel\/0029VanUsetHAdNbzFGV1x0e\"><\/a><\/p>\n","protected":false},"excerpt":{"rendered":"<p>SANTO DOMINGO, RD.- Emelda Ramos es una escritora reconocida que no le teme a la biograf\u00eda, sentimiento que d\u00e9cadas atr\u00e1s solo afectaba a las mujeres y que ahora se observa tambi\u00e9n en hombres, tal vez por los efectos de las campa\u00f1as desarrolladas con la denominada ideolog\u00eda de g\u00e9nero. Nacida en Salcedo, provincia Hermanas Mirabal en [&hellip;]<\/p>\n","protected":false},"author":1,"featured_media":23060,"comment_status":"open","ping_status":"open","sticky":false,"template":"","format":"standard","meta":{"nf_dc_page":"","jetpack_post_was_ever_published":false,"_jetpack_newsletter_access":"","_jetpack_dont_email_post_to_subs":false,"_jetpack_newsletter_tier_id":0,"_jetpack_memberships_contains_paywalled_content":false,"_jetpack_memberships_contains_paid_content":false,"footnotes":"","jetpack_publicize_message":"","jetpack_publicize_feature_enabled":true,"jetpack_social_post_already_shared":true,"jetpack_social_options":{"image_generator_settings":{"template":"highway","default_image_id":0,"font":"","enabled":false},"version":2}},"categories":[1],"tags":[],"class_list":["post-24967","post","type-post","status-publish","format-standard","has-post-thumbnail","hentry","category-sin-categoria"],"yoast_head":"<!-- This site is optimized with the Yoast SEO plugin v27.5 - https:\/\/yoast.com\/product\/yoast-seo-wordpress\/ -->\n<title>OPINION | Realismo nost\u00e1lgico en novela de Emelda Ramos - Minuto Cero RD<\/title>\n<meta name=\"robots\" content=\"index, follow, max-snippet:-1, max-image-preview:large, max-video-preview:-1\" \/>\n<link rel=\"canonical\" href=\"https:\/\/minutocerord.com\/?p=24967\" \/>\n<meta property=\"og:locale\" content=\"es_ES\" \/>\n<meta property=\"og:type\" content=\"article\" \/>\n<meta property=\"og:title\" content=\"OPINION | Realismo nost\u00e1lgico en novela de Emelda Ramos - Minuto Cero RD\" \/>\n<meta property=\"og:description\" content=\"SANTO DOMINGO, RD.- Emelda Ramos es una escritora reconocida que no le teme a la biograf\u00eda, sentimiento que d\u00e9cadas atr\u00e1s solo afectaba a las mujeres y que ahora se observa tambi\u00e9n en hombres, tal vez por los efectos de las campa\u00f1as desarrolladas con la denominada ideolog\u00eda de g\u00e9nero. Nacida en Salcedo, provincia Hermanas Mirabal en [&hellip;]\" \/>\n<meta property=\"og:url\" content=\"https:\/\/minutocerord.com\/?p=24967\" \/>\n<meta property=\"og:site_name\" content=\"Minuto Cero RD\" \/>\n<meta property=\"article:publisher\" content=\"https:\/\/www.facebook.com\/Genofnotes\" \/>\n<meta property=\"article:author\" content=\"https:\/\/www.facebook.com\/Genofnotes\" \/>\n<meta property=\"article:published_time\" content=\"2026-05-02T04:20:00+00:00\" \/>\n<meta name=\"author\" content=\"Genof\u00f3ntes Urb\u00e1ez\" \/>\n<meta name=\"twitter:card\" content=\"summary_large_image\" \/>\n<meta name=\"twitter:label1\" content=\"Written by\" \/>\n\t<meta name=\"twitter:data1\" content=\"Genof\u00f3ntes Urb\u00e1ez\" \/>\n\t<meta name=\"twitter:label2\" content=\"Est. reading time\" \/>\n\t<meta name=\"twitter:data2\" content=\"2 minutos\" \/>\n<script type=\"application\/ld+json\" class=\"yoast-schema-graph\">{\"@context\":\"https:\\\/\\\/schema.org\",\"@graph\":[{\"@type\":\"Article\",\"@id\":\"https:\\\/\\\/minutocerord.com\\\/?p=24967#article\",\"isPartOf\":{\"@id\":\"https:\\\/\\\/minutocerord.com\\\/?p=24967\"},\"author\":{\"name\":\"Genof\u00f3ntes Urb\u00e1ez\",\"@id\":\"https:\\\/\\\/minutocerord.com\\\/#\\\/schema\\\/person\\\/60b5372d60aaa0a5171fb6488be9aee6\"},\"headline\":\"OPINION | Realismo nost\u00e1lgico en novela de Emelda Ramos\",\"datePublished\":\"2026-05-02T04:20:00+00:00\",\"mainEntityOfPage\":{\"@id\":\"https:\\\/\\\/minutocerord.com\\\/?p=24967\"},\"wordCount\":368,\"commentCount\":0,\"publisher\":{\"@id\":\"https:\\\/\\\/minutocerord.com\\\/#\\\/schema\\\/person\\\/60b5372d60aaa0a5171fb6488be9aee6\"},\"image\":{\"@id\":\"https:\\\/\\\/minutocerord.com\\\/?p=24967#primaryimage\"},\"thumbnailUrl\":\"https:\\\/\\\/i0.wp.com\\\/minutocerord.com\\\/wp-content\\\/uploads\\\/2025\\\/09\\\/image-1.jpg?fit=640%2C426&ssl=1\",\"articleSection\":[\"Sin categoria\"],\"inLanguage\":\"es-DO\",\"potentialAction\":[{\"@type\":\"CommentAction\",\"name\":\"Comment\",\"target\":[\"https:\\\/\\\/minutocerord.com\\\/?p=24967#respond\"]}]},{\"@type\":\"WebPage\",\"@id\":\"https:\\\/\\\/minutocerord.com\\\/?p=24967\",\"url\":\"https:\\\/\\\/minutocerord.com\\\/?p=24967\",\"name\":\"OPINION | Realismo nost\u00e1lgico en novela de Emelda Ramos - Minuto Cero RD\",\"isPartOf\":{\"@id\":\"https:\\\/\\\/minutocerord.com\\\/#website\"},\"primaryImageOfPage\":{\"@id\":\"https:\\\/\\\/minutocerord.com\\\/?p=24967#primaryimage\"},\"image\":{\"@id\":\"https:\\\/\\\/minutocerord.com\\\/?p=24967#primaryimage\"},\"thumbnailUrl\":\"https:\\\/\\\/i0.wp.com\\\/minutocerord.com\\\/wp-content\\\/uploads\\\/2025\\\/09\\\/image-1.jpg?fit=640%2C426&ssl=1\",\"datePublished\":\"2026-05-02T04:20:00+00:00\",\"breadcrumb\":{\"@id\":\"https:\\\/\\\/minutocerord.com\\\/?p=24967#breadcrumb\"},\"inLanguage\":\"es-DO\",\"potentialAction\":[{\"@type\":\"ReadAction\",\"target\":[\"https:\\\/\\\/minutocerord.com\\\/?p=24967\"]}]},{\"@type\":\"ImageObject\",\"inLanguage\":\"es-DO\",\"@id\":\"https:\\\/\\\/minutocerord.com\\\/?p=24967#primaryimage\",\"url\":\"https:\\\/\\\/i0.wp.com\\\/minutocerord.com\\\/wp-content\\\/uploads\\\/2025\\\/09\\\/image-1.jpg?fit=640%2C426&ssl=1\",\"contentUrl\":\"https:\\\/\\\/i0.wp.com\\\/minutocerord.com\\\/wp-content\\\/uploads\\\/2025\\\/09\\\/image-1.jpg?fit=640%2C426&ssl=1\",\"width\":640,\"height\":426,\"caption\":\"Frank Nu\u00f1ez\"},{\"@type\":\"BreadcrumbList\",\"@id\":\"https:\\\/\\\/minutocerord.com\\\/?p=24967#breadcrumb\",\"itemListElement\":[{\"@type\":\"ListItem\",\"position\":1,\"name\":\"Home\",\"item\":\"https:\\\/\\\/minutocerord.com\\\/\"},{\"@type\":\"ListItem\",\"position\":2,\"name\":\"OPINION | Realismo nost\u00e1lgico en novela de Emelda Ramos\"}]},{\"@type\":\"WebSite\",\"@id\":\"https:\\\/\\\/minutocerord.com\\\/#website\",\"url\":\"https:\\\/\\\/minutocerord.com\\\/\",\"name\":\"Minuto Cero RD\",\"description\":\"Periodismo serio y veraz\",\"publisher\":{\"@id\":\"https:\\\/\\\/minutocerord.com\\\/#\\\/schema\\\/person\\\/60b5372d60aaa0a5171fb6488be9aee6\"},\"potentialAction\":[{\"@type\":\"SearchAction\",\"target\":{\"@type\":\"EntryPoint\",\"urlTemplate\":\"https:\\\/\\\/minutocerord.com\\\/?s={search_term_string}\"},\"query-input\":{\"@type\":\"PropertyValueSpecification\",\"valueRequired\":true,\"valueName\":\"search_term_string\"}}],\"inLanguage\":\"es-DO\"},{\"@type\":[\"Person\",\"Organization\"],\"@id\":\"https:\\\/\\\/minutocerord.com\\\/#\\\/schema\\\/person\\\/60b5372d60aaa0a5171fb6488be9aee6\",\"name\":\"Genof\u00f3ntes Urb\u00e1ez\",\"image\":{\"@type\":\"ImageObject\",\"inLanguage\":\"es-DO\",\"@id\":\"https:\\\/\\\/secure.gravatar.com\\\/avatar\\\/a49ef3186a692098ac3e8a1612261e3ad70cf9e44553dff2929e67939a0ecb9d?s=96&d=identicon&r=g\",\"url\":\"https:\\\/\\\/secure.gravatar.com\\\/avatar\\\/a49ef3186a692098ac3e8a1612261e3ad70cf9e44553dff2929e67939a0ecb9d?s=96&d=identicon&r=g\",\"contentUrl\":\"https:\\\/\\\/secure.gravatar.com\\\/avatar\\\/a49ef3186a692098ac3e8a1612261e3ad70cf9e44553dff2929e67939a0ecb9d?s=96&d=identicon&r=g\",\"caption\":\"Genof\u00f3ntes Urb\u00e1ez\"},\"logo\":{\"@id\":\"https:\\\/\\\/secure.gravatar.com\\\/avatar\\\/a49ef3186a692098ac3e8a1612261e3ad70cf9e44553dff2929e67939a0ecb9d?s=96&d=identicon&r=g\"},\"description\":\"Periodista \\\/ Locutor\",\"sameAs\":[\"https:\\\/\\\/www.facebook.com\\\/Genofnotes\",\"https:\\\/\\\/www.instagram.com\\\/genofnotes\\\/\"]}]}<\/script>\n<!-- \/ Yoast SEO plugin. -->","yoast_head_json":{"title":"OPINION | Realismo nost\u00e1lgico en novela de Emelda Ramos - Minuto Cero RD","robots":{"index":"index","follow":"follow","max-snippet":"max-snippet:-1","max-image-preview":"max-image-preview:large","max-video-preview":"max-video-preview:-1"},"canonical":"https:\/\/minutocerord.com\/?p=24967","og_locale":"es_ES","og_type":"article","og_title":"OPINION | Realismo nost\u00e1lgico en novela de Emelda Ramos - Minuto Cero RD","og_description":"SANTO DOMINGO, RD.- Emelda Ramos es una escritora reconocida que no le teme a la biograf\u00eda, sentimiento que d\u00e9cadas atr\u00e1s solo afectaba a las mujeres y que ahora se observa tambi\u00e9n en hombres, tal vez por los efectos de las campa\u00f1as desarrolladas con la denominada ideolog\u00eda de g\u00e9nero. Nacida en Salcedo, provincia Hermanas Mirabal en [&hellip;]","og_url":"https:\/\/minutocerord.com\/?p=24967","og_site_name":"Minuto Cero RD","article_publisher":"https:\/\/www.facebook.com\/Genofnotes","article_author":"https:\/\/www.facebook.com\/Genofnotes","article_published_time":"2026-05-02T04:20:00+00:00","author":"Genof\u00f3ntes Urb\u00e1ez","twitter_card":"summary_large_image","twitter_misc":{"Written by":"Genof\u00f3ntes Urb\u00e1ez","Est. reading time":"2 minutos"},"schema":{"@context":"https:\/\/schema.org","@graph":[{"@type":"Article","@id":"https:\/\/minutocerord.com\/?p=24967#article","isPartOf":{"@id":"https:\/\/minutocerord.com\/?p=24967"},"author":{"name":"Genof\u00f3ntes Urb\u00e1ez","@id":"https:\/\/minutocerord.com\/#\/schema\/person\/60b5372d60aaa0a5171fb6488be9aee6"},"headline":"OPINION | Realismo nost\u00e1lgico en novela de Emelda Ramos","datePublished":"2026-05-02T04:20:00+00:00","mainEntityOfPage":{"@id":"https:\/\/minutocerord.com\/?p=24967"},"wordCount":368,"commentCount":0,"publisher":{"@id":"https:\/\/minutocerord.com\/#\/schema\/person\/60b5372d60aaa0a5171fb6488be9aee6"},"image":{"@id":"https:\/\/minutocerord.com\/?p=24967#primaryimage"},"thumbnailUrl":"https:\/\/i0.wp.com\/minutocerord.com\/wp-content\/uploads\/2025\/09\/image-1.jpg?fit=640%2C426&ssl=1","articleSection":["Sin categoria"],"inLanguage":"es-DO","potentialAction":[{"@type":"CommentAction","name":"Comment","target":["https:\/\/minutocerord.com\/?p=24967#respond"]}]},{"@type":"WebPage","@id":"https:\/\/minutocerord.com\/?p=24967","url":"https:\/\/minutocerord.com\/?p=24967","name":"OPINION | Realismo nost\u00e1lgico en novela de Emelda Ramos - Minuto Cero RD","isPartOf":{"@id":"https:\/\/minutocerord.com\/#website"},"primaryImageOfPage":{"@id":"https:\/\/minutocerord.com\/?p=24967#primaryimage"},"image":{"@id":"https:\/\/minutocerord.com\/?p=24967#primaryimage"},"thumbnailUrl":"https:\/\/i0.wp.com\/minutocerord.com\/wp-content\/uploads\/2025\/09\/image-1.jpg?fit=640%2C426&ssl=1","datePublished":"2026-05-02T04:20:00+00:00","breadcrumb":{"@id":"https:\/\/minutocerord.com\/?p=24967#breadcrumb"},"inLanguage":"es-DO","potentialAction":[{"@type":"ReadAction","target":["https:\/\/minutocerord.com\/?p=24967"]}]},{"@type":"ImageObject","inLanguage":"es-DO","@id":"https:\/\/minutocerord.com\/?p=24967#primaryimage","url":"https:\/\/i0.wp.com\/minutocerord.com\/wp-content\/uploads\/2025\/09\/image-1.jpg?fit=640%2C426&ssl=1","contentUrl":"https:\/\/i0.wp.com\/minutocerord.com\/wp-content\/uploads\/2025\/09\/image-1.jpg?fit=640%2C426&ssl=1","width":640,"height":426,"caption":"Frank Nu\u00f1ez"},{"@type":"BreadcrumbList","@id":"https:\/\/minutocerord.com\/?p=24967#breadcrumb","itemListElement":[{"@type":"ListItem","position":1,"name":"Home","item":"https:\/\/minutocerord.com\/"},{"@type":"ListItem","position":2,"name":"OPINION | Realismo nost\u00e1lgico en novela de Emelda Ramos"}]},{"@type":"WebSite","@id":"https:\/\/minutocerord.com\/#website","url":"https:\/\/minutocerord.com\/","name":"Minuto Cero RD","description":"Periodismo serio y veraz","publisher":{"@id":"https:\/\/minutocerord.com\/#\/schema\/person\/60b5372d60aaa0a5171fb6488be9aee6"},"potentialAction":[{"@type":"SearchAction","target":{"@type":"EntryPoint","urlTemplate":"https:\/\/minutocerord.com\/?s={search_term_string}"},"query-input":{"@type":"PropertyValueSpecification","valueRequired":true,"valueName":"search_term_string"}}],"inLanguage":"es-DO"},{"@type":["Person","Organization"],"@id":"https:\/\/minutocerord.com\/#\/schema\/person\/60b5372d60aaa0a5171fb6488be9aee6","name":"Genof\u00f3ntes Urb\u00e1ez","image":{"@type":"ImageObject","inLanguage":"es-DO","@id":"https:\/\/secure.gravatar.com\/avatar\/a49ef3186a692098ac3e8a1612261e3ad70cf9e44553dff2929e67939a0ecb9d?s=96&d=identicon&r=g","url":"https:\/\/secure.gravatar.com\/avatar\/a49ef3186a692098ac3e8a1612261e3ad70cf9e44553dff2929e67939a0ecb9d?s=96&d=identicon&r=g","contentUrl":"https:\/\/secure.gravatar.com\/avatar\/a49ef3186a692098ac3e8a1612261e3ad70cf9e44553dff2929e67939a0ecb9d?s=96&d=identicon&r=g","caption":"Genof\u00f3ntes Urb\u00e1ez"},"logo":{"@id":"https:\/\/secure.gravatar.com\/avatar\/a49ef3186a692098ac3e8a1612261e3ad70cf9e44553dff2929e67939a0ecb9d?s=96&d=identicon&r=g"},"description":"Periodista \/ Locutor","sameAs":["https:\/\/www.facebook.com\/Genofnotes","https:\/\/www.instagram.com\/genofnotes\/"]}]}},"jetpack_publicize_connections":[],"jetpack_featured_media_url":"https:\/\/i0.wp.com\/minutocerord.com\/wp-content\/uploads\/2025\/09\/image-1.jpg?fit=640%2C426&ssl=1","jetpack-related-posts":[],"jetpack_sharing_enabled":true,"_links":{"self":[{"href":"https:\/\/minutocerord.com\/index.php?rest_route=\/wp\/v2\/posts\/24967","targetHints":{"allow":["GET"]}}],"collection":[{"href":"https:\/\/minutocerord.com\/index.php?rest_route=\/wp\/v2\/posts"}],"about":[{"href":"https:\/\/minutocerord.com\/index.php?rest_route=\/wp\/v2\/types\/post"}],"author":[{"embeddable":true,"href":"https:\/\/minutocerord.com\/index.php?rest_route=\/wp\/v2\/users\/1"}],"replies":[{"embeddable":true,"href":"https:\/\/minutocerord.com\/index.php?rest_route=%2Fwp%2Fv2%2Fcomments&post=24967"}],"version-history":[{"count":1,"href":"https:\/\/minutocerord.com\/index.php?rest_route=\/wp\/v2\/posts\/24967\/revisions"}],"predecessor-version":[{"id":24968,"href":"https:\/\/minutocerord.com\/index.php?rest_route=\/wp\/v2\/posts\/24967\/revisions\/24968"}],"wp:featuredmedia":[{"embeddable":true,"href":"https:\/\/minutocerord.com\/index.php?rest_route=\/wp\/v2\/media\/23060"}],"wp:attachment":[{"href":"https:\/\/minutocerord.com\/index.php?rest_route=%2Fwp%2Fv2%2Fmedia&parent=24967"}],"wp:term":[{"taxonomy":"category","embeddable":true,"href":"https:\/\/minutocerord.com\/index.php?rest_route=%2Fwp%2Fv2%2Fcategories&post=24967"},{"taxonomy":"post_tag","embeddable":true,"href":"https:\/\/minutocerord.com\/index.php?rest_route=%2Fwp%2Fv2%2Ftags&post=24967"}],"curies":[{"name":"wp","href":"https:\/\/api.w.org\/{rel}","templated":true}]}}