{"id":2652,"date":"2021-01-20T10:10:05","date_gmt":"2021-01-20T14:10:05","guid":{"rendered":"https:\/\/minutocerord.com\/?p=2652"},"modified":"2021-01-20T10:10:10","modified_gmt":"2021-01-20T14:10:10","slug":"argenis-contreras-seria-extraditado-hoy-a-rd-para-que-responda-muerte-yuniol","status":"publish","type":"post","link":"https:\/\/minutocerord.com\/?p=2652","title":{"rendered":"Argenis Contreras ser\u00eda extraditado hoy a RD para que responda muerte Yuniol"},"content":{"rendered":"\n<p>SANTO DOMINGO.- Las autoridades de Estados Unidos ordenaron la deportaci\u00f3n de Argenis Contreras, acusado del asesinato del abogado y catedr\u00e1tico universitario Yuniol Ram\u00edrez el 12 de octubre del 2017.<\/p>\n\n\n\n<p>Ocurri\u00f3 luego de que una Corte rechazara su alegato de que su vida correr\u00eda peligro en Rep\u00fablica Dominicana debido a que conoce los detalles y las personas que organizaron y participaron en el citado crimen.<\/p>\n\n\n\n<p>Contreras, quien fue apresado en Estados Unidos el 21 de abril de 2018, ser\u00eda tra\u00eddo al pa\u00eds este mi\u00e9rcoles para que responda por la acusaci\u00f3n en su contra en una audiencia preliminar pautada para el 29 de este mes en el Cuarto Juzgado de la Instrucci\u00f3n del Distrito Nacional.<\/p>\n\n\n\n<p>El cad\u00e1ver de Ram\u00edrez fue encontrado con una cadena en el cuello atada a un block dentro de un arroyo de Manoguayabo, en Santo Domingo Oeste.<\/p>\n","protected":false},"excerpt":{"rendered":"<p>SANTO DOMINGO.- Las autoridades de Estados Unidos ordenaron la deportaci\u00f3n de Argenis Contreras, acusado del asesinato del abogado y catedr\u00e1tico universitario Yuniol Ram\u00edrez el 12 de octubre del 2017. Ocurri\u00f3 luego de que una Corte rechazara su alegato de que su vida correr\u00eda peligro en Rep\u00fablica Dominicana debido a que conoce los detalles y las [&hellip;]<\/p>\n","protected":false},"author":1,"featured_media":2653,"comment_status":"open","ping_status":"open","sticky":false,"template":"","format":"standard","meta":{"nf_dc_page":"","jetpack_post_was_ever_published":false,"_jetpack_newsletter_access":"","_jetpack_dont_email_post_to_subs":false,"_jetpack_newsletter_tier_id":0,"_jetpack_memberships_contains_paywalled_content":false,"_jetpack_memberships_contains_paid_content":false,"footnotes":"","jetpack_publicize_message":"","jetpack_publicize_feature_enabled":true,"jetpack_social_post_already_shared":false,"jetpack_social_options":{"image_generator_settings":{"template":"highway","default_image_id":0,"font":"","enabled":false},"version":2}},"categories":[93],"tags":[],"class_list":["post-2652","post","type-post","status-publish","format-standard","has-post-thumbnail","hentry","category-justicia"],"yoast_head":"<!-- This site is optimized with the Yoast SEO plugin v27.5 - https:\/\/yoast.com\/product\/yoast-seo-wordpress\/ -->\n<title>Argenis Contreras ser\u00eda extraditado hoy a RD para que responda muerte Yuniol - Minuto Cero RD<\/title>\n<meta name=\"robots\" content=\"index, follow, max-snippet:-1, max-image-preview:large, max-video-preview:-1\" \/>\n<link rel=\"canonical\" href=\"http:\/\/minutocerord.com\/?p=2652\" \/>\n<meta property=\"og:locale\" content=\"es_ES\" \/>\n<meta property=\"og:type\" content=\"article\" \/>\n<meta property=\"og:title\" content=\"Argenis Contreras ser\u00eda extraditado hoy a RD para que responda muerte Yuniol - Minuto Cero RD\" \/>\n<meta property=\"og:description\" content=\"SANTO DOMINGO.- Las autoridades de Estados Unidos ordenaron la deportaci\u00f3n de Argenis Contreras, acusado del asesinato del abogado y catedr\u00e1tico universitario Yuniol Ram\u00edrez el 12 de octubre del 2017. Ocurri\u00f3 luego de que una Corte rechazara su alegato de que su vida correr\u00eda peligro en Rep\u00fablica Dominicana debido a que conoce los detalles y las [&hellip;]\" \/>\n<meta property=\"og:url\" content=\"http:\/\/minutocerord.com\/?p=2652\" \/>\n<meta property=\"og:site_name\" content=\"Minuto Cero RD\" \/>\n<meta property=\"article:publisher\" content=\"https:\/\/www.facebook.com\/Genofnotes\" \/>\n<meta property=\"article:author\" content=\"https:\/\/www.facebook.com\/Genofnotes\" \/>\n<meta property=\"article:published_time\" content=\"2021-01-20T14:10:05+00:00\" \/>\n<meta property=\"article:modified_time\" content=\"2021-01-20T14:10:10+00:00\" \/>\n<meta property=\"og:image\" content=\"https:\/\/i0.wp.com\/minutocerord.com\/wp-content\/uploads\/2021\/01\/98474c6c-argenis-6006eb8aca874.jpg?fit=840%2C480\" \/>\n\t<meta property=\"og:image:width\" content=\"840\" \/>\n\t<meta property=\"og:image:height\" content=\"480\" \/>\n\t<meta property=\"og:image:type\" content=\"image\/jpeg\" \/>\n<meta name=\"author\" content=\"Genof\u00f3ntes Urb\u00e1ez\" \/>\n<meta name=\"twitter:card\" content=\"summary_large_image\" \/>\n<meta name=\"twitter:label1\" content=\"Written by\" \/>\n\t<meta name=\"twitter:data1\" content=\"Genof\u00f3ntes Urb\u00e1ez\" \/>\n\t<meta name=\"twitter:label2\" content=\"Est. reading time\" \/>\n\t<meta name=\"twitter:data2\" content=\"1 minuto\" \/>\n<script type=\"application\/ld+json\" class=\"yoast-schema-graph\">{\"@context\":\"https:\\\/\\\/schema.org\",\"@graph\":[{\"@type\":\"Article\",\"@id\":\"http:\\\/\\\/minutocerord.com\\\/?p=2652#article\",\"isPartOf\":{\"@id\":\"http:\\\/\\\/minutocerord.com\\\/?p=2652\"},\"author\":{\"name\":\"Genof\u00f3ntes Urb\u00e1ez\",\"@id\":\"https:\\\/\\\/minutocerord.com\\\/#\\\/schema\\\/person\\\/60b5372d60aaa0a5171fb6488be9aee6\"},\"headline\":\"Argenis Contreras ser\u00eda extraditado hoy a RD para que responda muerte Yuniol\",\"datePublished\":\"2021-01-20T14:10:05+00:00\",\"dateModified\":\"2021-01-20T14:10:10+00:00\",\"mainEntityOfPage\":{\"@id\":\"http:\\\/\\\/minutocerord.com\\\/?p=2652\"},\"wordCount\":161,\"commentCount\":0,\"publisher\":{\"@id\":\"https:\\\/\\\/minutocerord.com\\\/#\\\/schema\\\/person\\\/60b5372d60aaa0a5171fb6488be9aee6\"},\"image\":{\"@id\":\"http:\\\/\\\/minutocerord.com\\\/?p=2652#primaryimage\"},\"thumbnailUrl\":\"https:\\\/\\\/i0.wp.com\\\/minutocerord.com\\\/wp-content\\\/uploads\\\/2021\\\/01\\\/98474c6c-argenis-6006eb8aca874.jpg?fit=840%2C480&ssl=1\",\"articleSection\":[\"Justicia\"],\"inLanguage\":\"es-DO\",\"potentialAction\":[{\"@type\":\"CommentAction\",\"name\":\"Comment\",\"target\":[\"http:\\\/\\\/minutocerord.com\\\/?p=2652#respond\"]}]},{\"@type\":\"WebPage\",\"@id\":\"http:\\\/\\\/minutocerord.com\\\/?p=2652\",\"url\":\"http:\\\/\\\/minutocerord.com\\\/?p=2652\",\"name\":\"Argenis Contreras ser\u00eda extraditado hoy a RD para que responda muerte Yuniol - Minuto Cero RD\",\"isPartOf\":{\"@id\":\"https:\\\/\\\/minutocerord.com\\\/#website\"},\"primaryImageOfPage\":{\"@id\":\"http:\\\/\\\/minutocerord.com\\\/?p=2652#primaryimage\"},\"image\":{\"@id\":\"http:\\\/\\\/minutocerord.com\\\/?p=2652#primaryimage\"},\"thumbnailUrl\":\"https:\\\/\\\/i0.wp.com\\\/minutocerord.com\\\/wp-content\\\/uploads\\\/2021\\\/01\\\/98474c6c-argenis-6006eb8aca874.jpg?fit=840%2C480&ssl=1\",\"datePublished\":\"2021-01-20T14:10:05+00:00\",\"dateModified\":\"2021-01-20T14:10:10+00:00\",\"breadcrumb\":{\"@id\":\"http:\\\/\\\/minutocerord.com\\\/?p=2652#breadcrumb\"},\"inLanguage\":\"es-DO\",\"potentialAction\":[{\"@type\":\"ReadAction\",\"target\":[\"http:\\\/\\\/minutocerord.com\\\/?p=2652\"]}]},{\"@type\":\"ImageObject\",\"inLanguage\":\"es-DO\",\"@id\":\"http:\\\/\\\/minutocerord.com\\\/?p=2652#primaryimage\",\"url\":\"https:\\\/\\\/i0.wp.com\\\/minutocerord.com\\\/wp-content\\\/uploads\\\/2021\\\/01\\\/98474c6c-argenis-6006eb8aca874.jpg?fit=840%2C480&ssl=1\",\"contentUrl\":\"https:\\\/\\\/i0.wp.com\\\/minutocerord.com\\\/wp-content\\\/uploads\\\/2021\\\/01\\\/98474c6c-argenis-6006eb8aca874.jpg?fit=840%2C480&ssl=1\",\"width\":840,\"height\":480},{\"@type\":\"BreadcrumbList\",\"@id\":\"http:\\\/\\\/minutocerord.com\\\/?p=2652#breadcrumb\",\"itemListElement\":[{\"@type\":\"ListItem\",\"position\":1,\"name\":\"Home\",\"item\":\"https:\\\/\\\/minutocerord.com\\\/\"},{\"@type\":\"ListItem\",\"position\":2,\"name\":\"Argenis Contreras ser\u00eda extraditado hoy a RD para que responda muerte Yuniol\"}]},{\"@type\":\"WebSite\",\"@id\":\"https:\\\/\\\/minutocerord.com\\\/#website\",\"url\":\"https:\\\/\\\/minutocerord.com\\\/\",\"name\":\"Minuto Cero RD\",\"description\":\"Periodismo serio y veraz\",\"publisher\":{\"@id\":\"https:\\\/\\\/minutocerord.com\\\/#\\\/schema\\\/person\\\/60b5372d60aaa0a5171fb6488be9aee6\"},\"potentialAction\":[{\"@type\":\"SearchAction\",\"target\":{\"@type\":\"EntryPoint\",\"urlTemplate\":\"https:\\\/\\\/minutocerord.com\\\/?s={search_term_string}\"},\"query-input\":{\"@type\":\"PropertyValueSpecification\",\"valueRequired\":true,\"valueName\":\"search_term_string\"}}],\"inLanguage\":\"es-DO\"},{\"@type\":[\"Person\",\"Organization\"],\"@id\":\"https:\\\/\\\/minutocerord.com\\\/#\\\/schema\\\/person\\\/60b5372d60aaa0a5171fb6488be9aee6\",\"name\":\"Genof\u00f3ntes Urb\u00e1ez\",\"image\":{\"@type\":\"ImageObject\",\"inLanguage\":\"es-DO\",\"@id\":\"https:\\\/\\\/secure.gravatar.com\\\/avatar\\\/a49ef3186a692098ac3e8a1612261e3ad70cf9e44553dff2929e67939a0ecb9d?s=96&d=identicon&r=g\",\"url\":\"https:\\\/\\\/secure.gravatar.com\\\/avatar\\\/a49ef3186a692098ac3e8a1612261e3ad70cf9e44553dff2929e67939a0ecb9d?s=96&d=identicon&r=g\",\"contentUrl\":\"https:\\\/\\\/secure.gravatar.com\\\/avatar\\\/a49ef3186a692098ac3e8a1612261e3ad70cf9e44553dff2929e67939a0ecb9d?s=96&d=identicon&r=g\",\"caption\":\"Genof\u00f3ntes Urb\u00e1ez\"},\"logo\":{\"@id\":\"https:\\\/\\\/secure.gravatar.com\\\/avatar\\\/a49ef3186a692098ac3e8a1612261e3ad70cf9e44553dff2929e67939a0ecb9d?s=96&d=identicon&r=g\"},\"description\":\"Periodista \\\/ Locutor\",\"sameAs\":[\"https:\\\/\\\/www.facebook.com\\\/Genofnotes\",\"https:\\\/\\\/www.instagram.com\\\/genofnotes\\\/\"]}]}<\/script>\n<!-- \/ Yoast SEO plugin. -->","yoast_head_json":{"title":"Argenis Contreras ser\u00eda extraditado hoy a RD para que responda muerte Yuniol - Minuto Cero RD","robots":{"index":"index","follow":"follow","max-snippet":"max-snippet:-1","max-image-preview":"max-image-preview:large","max-video-preview":"max-video-preview:-1"},"canonical":"http:\/\/minutocerord.com\/?p=2652","og_locale":"es_ES","og_type":"article","og_title":"Argenis Contreras ser\u00eda extraditado hoy a RD para que responda muerte Yuniol - Minuto Cero RD","og_description":"SANTO DOMINGO.- Las autoridades de Estados Unidos ordenaron la deportaci\u00f3n de Argenis Contreras, acusado del asesinato del abogado y catedr\u00e1tico universitario Yuniol Ram\u00edrez el 12 de octubre del 2017. Ocurri\u00f3 luego de que una Corte rechazara su alegato de que su vida correr\u00eda peligro en Rep\u00fablica Dominicana debido a que conoce los detalles y las [&hellip;]","og_url":"http:\/\/minutocerord.com\/?p=2652","og_site_name":"Minuto Cero RD","article_publisher":"https:\/\/www.facebook.com\/Genofnotes","article_author":"https:\/\/www.facebook.com\/Genofnotes","article_published_time":"2021-01-20T14:10:05+00:00","article_modified_time":"2021-01-20T14:10:10+00:00","og_image":[{"width":840,"height":480,"url":"https:\/\/i0.wp.com\/minutocerord.com\/wp-content\/uploads\/2021\/01\/98474c6c-argenis-6006eb8aca874.jpg?fit=840%2C480","type":"image\/jpeg"}],"author":"Genof\u00f3ntes Urb\u00e1ez","twitter_card":"summary_large_image","twitter_misc":{"Written by":"Genof\u00f3ntes Urb\u00e1ez","Est. reading time":"1 minuto"},"schema":{"@context":"https:\/\/schema.org","@graph":[{"@type":"Article","@id":"http:\/\/minutocerord.com\/?p=2652#article","isPartOf":{"@id":"http:\/\/minutocerord.com\/?p=2652"},"author":{"name":"Genof\u00f3ntes Urb\u00e1ez","@id":"https:\/\/minutocerord.com\/#\/schema\/person\/60b5372d60aaa0a5171fb6488be9aee6"},"headline":"Argenis Contreras ser\u00eda extraditado hoy a RD para que responda muerte Yuniol","datePublished":"2021-01-20T14:10:05+00:00","dateModified":"2021-01-20T14:10:10+00:00","mainEntityOfPage":{"@id":"http:\/\/minutocerord.com\/?p=2652"},"wordCount":161,"commentCount":0,"publisher":{"@id":"https:\/\/minutocerord.com\/#\/schema\/person\/60b5372d60aaa0a5171fb6488be9aee6"},"image":{"@id":"http:\/\/minutocerord.com\/?p=2652#primaryimage"},"thumbnailUrl":"https:\/\/i0.wp.com\/minutocerord.com\/wp-content\/uploads\/2021\/01\/98474c6c-argenis-6006eb8aca874.jpg?fit=840%2C480&ssl=1","articleSection":["Justicia"],"inLanguage":"es-DO","potentialAction":[{"@type":"CommentAction","name":"Comment","target":["http:\/\/minutocerord.com\/?p=2652#respond"]}]},{"@type":"WebPage","@id":"http:\/\/minutocerord.com\/?p=2652","url":"http:\/\/minutocerord.com\/?p=2652","name":"Argenis Contreras ser\u00eda extraditado hoy a RD para que responda muerte Yuniol - Minuto Cero RD","isPartOf":{"@id":"https:\/\/minutocerord.com\/#website"},"primaryImageOfPage":{"@id":"http:\/\/minutocerord.com\/?p=2652#primaryimage"},"image":{"@id":"http:\/\/minutocerord.com\/?p=2652#primaryimage"},"thumbnailUrl":"https:\/\/i0.wp.com\/minutocerord.com\/wp-content\/uploads\/2021\/01\/98474c6c-argenis-6006eb8aca874.jpg?fit=840%2C480&ssl=1","datePublished":"2021-01-20T14:10:05+00:00","dateModified":"2021-01-20T14:10:10+00:00","breadcrumb":{"@id":"http:\/\/minutocerord.com\/?p=2652#breadcrumb"},"inLanguage":"es-DO","potentialAction":[{"@type":"ReadAction","target":["http:\/\/minutocerord.com\/?p=2652"]}]},{"@type":"ImageObject","inLanguage":"es-DO","@id":"http:\/\/minutocerord.com\/?p=2652#primaryimage","url":"https:\/\/i0.wp.com\/minutocerord.com\/wp-content\/uploads\/2021\/01\/98474c6c-argenis-6006eb8aca874.jpg?fit=840%2C480&ssl=1","contentUrl":"https:\/\/i0.wp.com\/minutocerord.com\/wp-content\/uploads\/2021\/01\/98474c6c-argenis-6006eb8aca874.jpg?fit=840%2C480&ssl=1","width":840,"height":480},{"@type":"BreadcrumbList","@id":"http:\/\/minutocerord.com\/?p=2652#breadcrumb","itemListElement":[{"@type":"ListItem","position":1,"name":"Home","item":"https:\/\/minutocerord.com\/"},{"@type":"ListItem","position":2,"name":"Argenis Contreras ser\u00eda extraditado hoy a RD para que responda muerte Yuniol"}]},{"@type":"WebSite","@id":"https:\/\/minutocerord.com\/#website","url":"https:\/\/minutocerord.com\/","name":"Minuto Cero RD","description":"Periodismo serio y veraz","publisher":{"@id":"https:\/\/minutocerord.com\/#\/schema\/person\/60b5372d60aaa0a5171fb6488be9aee6"},"potentialAction":[{"@type":"SearchAction","target":{"@type":"EntryPoint","urlTemplate":"https:\/\/minutocerord.com\/?s={search_term_string}"},"query-input":{"@type":"PropertyValueSpecification","valueRequired":true,"valueName":"search_term_string"}}],"inLanguage":"es-DO"},{"@type":["Person","Organization"],"@id":"https:\/\/minutocerord.com\/#\/schema\/person\/60b5372d60aaa0a5171fb6488be9aee6","name":"Genof\u00f3ntes Urb\u00e1ez","image":{"@type":"ImageObject","inLanguage":"es-DO","@id":"https:\/\/secure.gravatar.com\/avatar\/a49ef3186a692098ac3e8a1612261e3ad70cf9e44553dff2929e67939a0ecb9d?s=96&d=identicon&r=g","url":"https:\/\/secure.gravatar.com\/avatar\/a49ef3186a692098ac3e8a1612261e3ad70cf9e44553dff2929e67939a0ecb9d?s=96&d=identicon&r=g","contentUrl":"https:\/\/secure.gravatar.com\/avatar\/a49ef3186a692098ac3e8a1612261e3ad70cf9e44553dff2929e67939a0ecb9d?s=96&d=identicon&r=g","caption":"Genof\u00f3ntes Urb\u00e1ez"},"logo":{"@id":"https:\/\/secure.gravatar.com\/avatar\/a49ef3186a692098ac3e8a1612261e3ad70cf9e44553dff2929e67939a0ecb9d?s=96&d=identicon&r=g"},"description":"Periodista \/ Locutor","sameAs":["https:\/\/www.facebook.com\/Genofnotes","https:\/\/www.instagram.com\/genofnotes\/"]}]}},"jetpack_publicize_connections":[],"jetpack_featured_media_url":"https:\/\/i0.wp.com\/minutocerord.com\/wp-content\/uploads\/2021\/01\/98474c6c-argenis-6006eb8aca874.jpg?fit=840%2C480&ssl=1","jetpack-related-posts":[],"jetpack_sharing_enabled":true,"_links":{"self":[{"href":"https:\/\/minutocerord.com\/index.php?rest_route=\/wp\/v2\/posts\/2652","targetHints":{"allow":["GET"]}}],"collection":[{"href":"https:\/\/minutocerord.com\/index.php?rest_route=\/wp\/v2\/posts"}],"about":[{"href":"https:\/\/minutocerord.com\/index.php?rest_route=\/wp\/v2\/types\/post"}],"author":[{"embeddable":true,"href":"https:\/\/minutocerord.com\/index.php?rest_route=\/wp\/v2\/users\/1"}],"replies":[{"embeddable":true,"href":"https:\/\/minutocerord.com\/index.php?rest_route=%2Fwp%2Fv2%2Fcomments&post=2652"}],"version-history":[{"count":1,"href":"https:\/\/minutocerord.com\/index.php?rest_route=\/wp\/v2\/posts\/2652\/revisions"}],"predecessor-version":[{"id":2654,"href":"https:\/\/minutocerord.com\/index.php?rest_route=\/wp\/v2\/posts\/2652\/revisions\/2654"}],"wp:featuredmedia":[{"embeddable":true,"href":"https:\/\/minutocerord.com\/index.php?rest_route=\/wp\/v2\/media\/2653"}],"wp:attachment":[{"href":"https:\/\/minutocerord.com\/index.php?rest_route=%2Fwp%2Fv2%2Fmedia&parent=2652"}],"wp:term":[{"taxonomy":"category","embeddable":true,"href":"https:\/\/minutocerord.com\/index.php?rest_route=%2Fwp%2Fv2%2Fcategories&post=2652"},{"taxonomy":"post_tag","embeddable":true,"href":"https:\/\/minutocerord.com\/index.php?rest_route=%2Fwp%2Fv2%2Ftags&post=2652"}],"curies":[{"name":"wp","href":"https:\/\/api.w.org\/{rel}","templated":true}]}}