{"id":2655,"date":"2021-01-20T10:27:27","date_gmt":"2021-01-20T14:27:27","guid":{"rendered":"https:\/\/minutocerord.com\/?p=2655"},"modified":"2021-01-20T10:27:34","modified_gmt":"2021-01-20T14:27:34","slug":"opinion-sobre-leonardo-fana-mi-version-de-los-hechos","status":"publish","type":"post","link":"https:\/\/minutocerord.com\/?p=2655","title":{"rendered":"OPINION: Sobre Leonardo Fa\u00f1a: mi versi\u00f3n de los hechos"},"content":{"rendered":"\n<p>A mis 71 a\u00f1os he visto tanto, que de los hombres nada me extra\u00f1a, por lo que a esta altura de mi vida, no meto mis manos en la candela por nadie. No obstante, conociendo por tantos a\u00f1os a mi amigo Leonardo Fa\u00f1a, dudo mucho (much\u00edsimo), que el sea capaz de incurrir en la comisi\u00f3n del bochornoso hecho de agresi\u00f3n sexual de que lo acusa la se\u00f1ora Mar\u00eda Isabel Flores Encarnaci\u00f3n, quien tambi\u00e9n es la gerente financiera del IAD.&nbsp;<\/p>\n\n\n\n<p>Leonardo Fa\u00f1a tiene much\u00edsimos enemigos poderosos en el sector agropecuario, que saldr\u00edan beneficiados con su ca\u00edda, que son capaces de todo, con tal de consumar una venganza, para saldar cuentas pendientes.&nbsp;&nbsp;<\/p>\n\n\n\n<p>El hombre de ajo, el ex del medio ambiente, y muchos mas constituidos en mafias poderos\u00edsimas que trafican con los insumos agropecuarios, con capaces de cualquier cosa, con tal de ver rodar la cabeza de Fa\u00f1as.<\/p>\n\n\n\n<p>Ofrecerle a una mujer 20 millones de pesos para que se preste a una coartada de abuso sexual, para ellos es cosa f\u00e1cil, porque para ellos 20 millones es paja para la garza, pero para la mujer que se preste para ello, si que es una fortuna fabulosa.&nbsp; Y el dinero tienta.<\/p>\n\n\n\n<p>En vista de lo planteado, alerto a nuestro presidente, su excelencia Luis Abinader, para que antes de tomar cualquier medida contra Fa\u00f1a, haga una investigaci\u00f3n profunda de los hechos que se le imputan, no sea cosa, que cometa una injusticia, y caiga en un gancho de esos grupos, que con la ca\u00edda de Fa\u00f1as, reir\u00edan a mand\u00edbula batiente.<\/p>\n\n\n\n<p><strong>Por\u00a0<\/strong><a href=\"https:\/\/almomento.net\/author\/miguelespaillat\/\"><strong>MIGUEL ESPAILLAT<\/strong><\/a><\/p>\n\n\n\n<p><em><a href=\"mailto:miguelespaillatxx@gmail.com\" target=\"_blank\" rel=\"noreferrer noopener\">miguelespaillatxx@gmail.com<\/a><\/em><\/p>\n","protected":false},"excerpt":{"rendered":"<p>A mis 71 a\u00f1os he visto tanto, que de los hombres nada me extra\u00f1a, por lo que a esta altura de mi vida, no meto mis manos en la candela por nadie. No obstante, conociendo por tantos a\u00f1os a mi amigo Leonardo Fa\u00f1a, dudo mucho (much\u00edsimo), que el sea capaz de incurrir en la comisi\u00f3n [&hellip;]<\/p>\n","protected":false},"author":1,"featured_media":2656,"comment_status":"open","ping_status":"open","sticky":false,"template":"","format":"standard","meta":{"nf_dc_page":"","jetpack_post_was_ever_published":false,"_jetpack_newsletter_access":"","_jetpack_dont_email_post_to_subs":false,"_jetpack_newsletter_tier_id":0,"_jetpack_memberships_contains_paywalled_content":false,"_jetpack_memberships_contains_paid_content":false,"footnotes":"","jetpack_publicize_message":"","jetpack_publicize_feature_enabled":true,"jetpack_social_post_already_shared":false,"jetpack_social_options":{"image_generator_settings":{"template":"highway","default_image_id":0,"font":"","enabled":false},"version":2}},"categories":[69],"tags":[],"class_list":["post-2655","post","type-post","status-publish","format-standard","has-post-thumbnail","hentry","category-opinion"],"yoast_head":"<!-- This site is optimized with the Yoast SEO plugin v27.5 - https:\/\/yoast.com\/product\/yoast-seo-wordpress\/ -->\n<title>OPINION: Sobre Leonardo Fa\u00f1a: mi versi\u00f3n de los hechos - Minuto Cero RD<\/title>\n<meta name=\"robots\" content=\"index, follow, max-snippet:-1, max-image-preview:large, max-video-preview:-1\" \/>\n<link rel=\"canonical\" href=\"http:\/\/minutocerord.com\/?p=2655\" \/>\n<meta property=\"og:locale\" content=\"es_ES\" \/>\n<meta property=\"og:type\" content=\"article\" \/>\n<meta property=\"og:title\" content=\"OPINION: Sobre Leonardo Fa\u00f1a: mi versi\u00f3n de los hechos - Minuto Cero RD\" \/>\n<meta property=\"og:description\" content=\"A mis 71 a\u00f1os he visto tanto, que de los hombres nada me extra\u00f1a, por lo que a esta altura de mi vida, no meto mis manos en la candela por nadie. No obstante, conociendo por tantos a\u00f1os a mi amigo Leonardo Fa\u00f1a, dudo mucho (much\u00edsimo), que el sea capaz de incurrir en la comisi\u00f3n [&hellip;]\" \/>\n<meta property=\"og:url\" content=\"http:\/\/minutocerord.com\/?p=2655\" \/>\n<meta property=\"og:site_name\" content=\"Minuto Cero RD\" \/>\n<meta property=\"article:publisher\" content=\"https:\/\/www.facebook.com\/Genofnotes\" \/>\n<meta property=\"article:author\" content=\"https:\/\/www.facebook.com\/Genofnotes\" \/>\n<meta property=\"article:published_time\" content=\"2021-01-20T14:27:27+00:00\" \/>\n<meta property=\"article:modified_time\" content=\"2021-01-20T14:27:34+00:00\" \/>\n<meta property=\"og:image\" content=\"https:\/\/i0.wp.com\/minutocerord.com\/wp-content\/uploads\/2021\/01\/Miguel-Espaillat-Grullon.jpg?fit=367%2C229\" \/>\n\t<meta property=\"og:image:width\" content=\"367\" \/>\n\t<meta property=\"og:image:height\" content=\"229\" \/>\n\t<meta property=\"og:image:type\" content=\"image\/jpeg\" \/>\n<meta name=\"author\" content=\"Genof\u00f3ntes Urb\u00e1ez\" \/>\n<meta name=\"twitter:card\" content=\"summary_large_image\" \/>\n<meta name=\"twitter:label1\" content=\"Written by\" \/>\n\t<meta name=\"twitter:data1\" content=\"Genof\u00f3ntes Urb\u00e1ez\" \/>\n\t<meta name=\"twitter:label2\" content=\"Est. reading time\" \/>\n\t<meta name=\"twitter:data2\" content=\"2 minutos\" \/>\n<script type=\"application\/ld+json\" class=\"yoast-schema-graph\">{\"@context\":\"https:\\\/\\\/schema.org\",\"@graph\":[{\"@type\":\"Article\",\"@id\":\"http:\\\/\\\/minutocerord.com\\\/?p=2655#article\",\"isPartOf\":{\"@id\":\"http:\\\/\\\/minutocerord.com\\\/?p=2655\"},\"author\":{\"name\":\"Genof\u00f3ntes Urb\u00e1ez\",\"@id\":\"https:\\\/\\\/minutocerord.com\\\/#\\\/schema\\\/person\\\/60b5372d60aaa0a5171fb6488be9aee6\"},\"headline\":\"OPINION: Sobre Leonardo Fa\u00f1a: mi versi\u00f3n de los hechos\",\"datePublished\":\"2021-01-20T14:27:27+00:00\",\"dateModified\":\"2021-01-20T14:27:34+00:00\",\"mainEntityOfPage\":{\"@id\":\"http:\\\/\\\/minutocerord.com\\\/?p=2655\"},\"wordCount\":298,\"commentCount\":0,\"publisher\":{\"@id\":\"https:\\\/\\\/minutocerord.com\\\/#\\\/schema\\\/person\\\/60b5372d60aaa0a5171fb6488be9aee6\"},\"image\":{\"@id\":\"http:\\\/\\\/minutocerord.com\\\/?p=2655#primaryimage\"},\"thumbnailUrl\":\"https:\\\/\\\/i0.wp.com\\\/minutocerord.com\\\/wp-content\\\/uploads\\\/2021\\\/01\\\/Miguel-Espaillat-Grullon.jpg?fit=367%2C229&ssl=1\",\"articleSection\":[\"Opini\u00f3n\"],\"inLanguage\":\"es-DO\",\"potentialAction\":[{\"@type\":\"CommentAction\",\"name\":\"Comment\",\"target\":[\"http:\\\/\\\/minutocerord.com\\\/?p=2655#respond\"]}]},{\"@type\":\"WebPage\",\"@id\":\"http:\\\/\\\/minutocerord.com\\\/?p=2655\",\"url\":\"http:\\\/\\\/minutocerord.com\\\/?p=2655\",\"name\":\"OPINION: Sobre Leonardo Fa\u00f1a: mi versi\u00f3n de los hechos - Minuto Cero RD\",\"isPartOf\":{\"@id\":\"https:\\\/\\\/minutocerord.com\\\/#website\"},\"primaryImageOfPage\":{\"@id\":\"http:\\\/\\\/minutocerord.com\\\/?p=2655#primaryimage\"},\"image\":{\"@id\":\"http:\\\/\\\/minutocerord.com\\\/?p=2655#primaryimage\"},\"thumbnailUrl\":\"https:\\\/\\\/i0.wp.com\\\/minutocerord.com\\\/wp-content\\\/uploads\\\/2021\\\/01\\\/Miguel-Espaillat-Grullon.jpg?fit=367%2C229&ssl=1\",\"datePublished\":\"2021-01-20T14:27:27+00:00\",\"dateModified\":\"2021-01-20T14:27:34+00:00\",\"breadcrumb\":{\"@id\":\"http:\\\/\\\/minutocerord.com\\\/?p=2655#breadcrumb\"},\"inLanguage\":\"es-DO\",\"potentialAction\":[{\"@type\":\"ReadAction\",\"target\":[\"http:\\\/\\\/minutocerord.com\\\/?p=2655\"]}]},{\"@type\":\"ImageObject\",\"inLanguage\":\"es-DO\",\"@id\":\"http:\\\/\\\/minutocerord.com\\\/?p=2655#primaryimage\",\"url\":\"https:\\\/\\\/i0.wp.com\\\/minutocerord.com\\\/wp-content\\\/uploads\\\/2021\\\/01\\\/Miguel-Espaillat-Grullon.jpg?fit=367%2C229&ssl=1\",\"contentUrl\":\"https:\\\/\\\/i0.wp.com\\\/minutocerord.com\\\/wp-content\\\/uploads\\\/2021\\\/01\\\/Miguel-Espaillat-Grullon.jpg?fit=367%2C229&ssl=1\",\"width\":367,\"height\":229},{\"@type\":\"BreadcrumbList\",\"@id\":\"http:\\\/\\\/minutocerord.com\\\/?p=2655#breadcrumb\",\"itemListElement\":[{\"@type\":\"ListItem\",\"position\":1,\"name\":\"Home\",\"item\":\"https:\\\/\\\/minutocerord.com\\\/\"},{\"@type\":\"ListItem\",\"position\":2,\"name\":\"OPINION: Sobre Leonardo Fa\u00f1a: mi versi\u00f3n de los hechos\"}]},{\"@type\":\"WebSite\",\"@id\":\"https:\\\/\\\/minutocerord.com\\\/#website\",\"url\":\"https:\\\/\\\/minutocerord.com\\\/\",\"name\":\"Minuto Cero RD\",\"description\":\"Periodismo serio y veraz\",\"publisher\":{\"@id\":\"https:\\\/\\\/minutocerord.com\\\/#\\\/schema\\\/person\\\/60b5372d60aaa0a5171fb6488be9aee6\"},\"potentialAction\":[{\"@type\":\"SearchAction\",\"target\":{\"@type\":\"EntryPoint\",\"urlTemplate\":\"https:\\\/\\\/minutocerord.com\\\/?s={search_term_string}\"},\"query-input\":{\"@type\":\"PropertyValueSpecification\",\"valueRequired\":true,\"valueName\":\"search_term_string\"}}],\"inLanguage\":\"es-DO\"},{\"@type\":[\"Person\",\"Organization\"],\"@id\":\"https:\\\/\\\/minutocerord.com\\\/#\\\/schema\\\/person\\\/60b5372d60aaa0a5171fb6488be9aee6\",\"name\":\"Genof\u00f3ntes Urb\u00e1ez\",\"image\":{\"@type\":\"ImageObject\",\"inLanguage\":\"es-DO\",\"@id\":\"https:\\\/\\\/secure.gravatar.com\\\/avatar\\\/a49ef3186a692098ac3e8a1612261e3ad70cf9e44553dff2929e67939a0ecb9d?s=96&d=identicon&r=g\",\"url\":\"https:\\\/\\\/secure.gravatar.com\\\/avatar\\\/a49ef3186a692098ac3e8a1612261e3ad70cf9e44553dff2929e67939a0ecb9d?s=96&d=identicon&r=g\",\"contentUrl\":\"https:\\\/\\\/secure.gravatar.com\\\/avatar\\\/a49ef3186a692098ac3e8a1612261e3ad70cf9e44553dff2929e67939a0ecb9d?s=96&d=identicon&r=g\",\"caption\":\"Genof\u00f3ntes Urb\u00e1ez\"},\"logo\":{\"@id\":\"https:\\\/\\\/secure.gravatar.com\\\/avatar\\\/a49ef3186a692098ac3e8a1612261e3ad70cf9e44553dff2929e67939a0ecb9d?s=96&d=identicon&r=g\"},\"description\":\"Periodista \\\/ Locutor\",\"sameAs\":[\"https:\\\/\\\/www.facebook.com\\\/Genofnotes\",\"https:\\\/\\\/www.instagram.com\\\/genofnotes\\\/\"]}]}<\/script>\n<!-- \/ Yoast SEO plugin. -->","yoast_head_json":{"title":"OPINION: Sobre Leonardo Fa\u00f1a: mi versi\u00f3n de los hechos - Minuto Cero RD","robots":{"index":"index","follow":"follow","max-snippet":"max-snippet:-1","max-image-preview":"max-image-preview:large","max-video-preview":"max-video-preview:-1"},"canonical":"http:\/\/minutocerord.com\/?p=2655","og_locale":"es_ES","og_type":"article","og_title":"OPINION: Sobre Leonardo Fa\u00f1a: mi versi\u00f3n de los hechos - Minuto Cero RD","og_description":"A mis 71 a\u00f1os he visto tanto, que de los hombres nada me extra\u00f1a, por lo que a esta altura de mi vida, no meto mis manos en la candela por nadie. No obstante, conociendo por tantos a\u00f1os a mi amigo Leonardo Fa\u00f1a, dudo mucho (much\u00edsimo), que el sea capaz de incurrir en la comisi\u00f3n [&hellip;]","og_url":"http:\/\/minutocerord.com\/?p=2655","og_site_name":"Minuto Cero RD","article_publisher":"https:\/\/www.facebook.com\/Genofnotes","article_author":"https:\/\/www.facebook.com\/Genofnotes","article_published_time":"2021-01-20T14:27:27+00:00","article_modified_time":"2021-01-20T14:27:34+00:00","og_image":[{"width":367,"height":229,"url":"https:\/\/i0.wp.com\/minutocerord.com\/wp-content\/uploads\/2021\/01\/Miguel-Espaillat-Grullon.jpg?fit=367%2C229","type":"image\/jpeg"}],"author":"Genof\u00f3ntes Urb\u00e1ez","twitter_card":"summary_large_image","twitter_misc":{"Written by":"Genof\u00f3ntes Urb\u00e1ez","Est. reading time":"2 minutos"},"schema":{"@context":"https:\/\/schema.org","@graph":[{"@type":"Article","@id":"http:\/\/minutocerord.com\/?p=2655#article","isPartOf":{"@id":"http:\/\/minutocerord.com\/?p=2655"},"author":{"name":"Genof\u00f3ntes Urb\u00e1ez","@id":"https:\/\/minutocerord.com\/#\/schema\/person\/60b5372d60aaa0a5171fb6488be9aee6"},"headline":"OPINION: Sobre Leonardo Fa\u00f1a: mi versi\u00f3n de los hechos","datePublished":"2021-01-20T14:27:27+00:00","dateModified":"2021-01-20T14:27:34+00:00","mainEntityOfPage":{"@id":"http:\/\/minutocerord.com\/?p=2655"},"wordCount":298,"commentCount":0,"publisher":{"@id":"https:\/\/minutocerord.com\/#\/schema\/person\/60b5372d60aaa0a5171fb6488be9aee6"},"image":{"@id":"http:\/\/minutocerord.com\/?p=2655#primaryimage"},"thumbnailUrl":"https:\/\/i0.wp.com\/minutocerord.com\/wp-content\/uploads\/2021\/01\/Miguel-Espaillat-Grullon.jpg?fit=367%2C229&ssl=1","articleSection":["Opini\u00f3n"],"inLanguage":"es-DO","potentialAction":[{"@type":"CommentAction","name":"Comment","target":["http:\/\/minutocerord.com\/?p=2655#respond"]}]},{"@type":"WebPage","@id":"http:\/\/minutocerord.com\/?p=2655","url":"http:\/\/minutocerord.com\/?p=2655","name":"OPINION: Sobre Leonardo Fa\u00f1a: mi versi\u00f3n de los hechos - Minuto Cero RD","isPartOf":{"@id":"https:\/\/minutocerord.com\/#website"},"primaryImageOfPage":{"@id":"http:\/\/minutocerord.com\/?p=2655#primaryimage"},"image":{"@id":"http:\/\/minutocerord.com\/?p=2655#primaryimage"},"thumbnailUrl":"https:\/\/i0.wp.com\/minutocerord.com\/wp-content\/uploads\/2021\/01\/Miguel-Espaillat-Grullon.jpg?fit=367%2C229&ssl=1","datePublished":"2021-01-20T14:27:27+00:00","dateModified":"2021-01-20T14:27:34+00:00","breadcrumb":{"@id":"http:\/\/minutocerord.com\/?p=2655#breadcrumb"},"inLanguage":"es-DO","potentialAction":[{"@type":"ReadAction","target":["http:\/\/minutocerord.com\/?p=2655"]}]},{"@type":"ImageObject","inLanguage":"es-DO","@id":"http:\/\/minutocerord.com\/?p=2655#primaryimage","url":"https:\/\/i0.wp.com\/minutocerord.com\/wp-content\/uploads\/2021\/01\/Miguel-Espaillat-Grullon.jpg?fit=367%2C229&ssl=1","contentUrl":"https:\/\/i0.wp.com\/minutocerord.com\/wp-content\/uploads\/2021\/01\/Miguel-Espaillat-Grullon.jpg?fit=367%2C229&ssl=1","width":367,"height":229},{"@type":"BreadcrumbList","@id":"http:\/\/minutocerord.com\/?p=2655#breadcrumb","itemListElement":[{"@type":"ListItem","position":1,"name":"Home","item":"https:\/\/minutocerord.com\/"},{"@type":"ListItem","position":2,"name":"OPINION: Sobre Leonardo Fa\u00f1a: mi versi\u00f3n de los hechos"}]},{"@type":"WebSite","@id":"https:\/\/minutocerord.com\/#website","url":"https:\/\/minutocerord.com\/","name":"Minuto Cero RD","description":"Periodismo serio y veraz","publisher":{"@id":"https:\/\/minutocerord.com\/#\/schema\/person\/60b5372d60aaa0a5171fb6488be9aee6"},"potentialAction":[{"@type":"SearchAction","target":{"@type":"EntryPoint","urlTemplate":"https:\/\/minutocerord.com\/?s={search_term_string}"},"query-input":{"@type":"PropertyValueSpecification","valueRequired":true,"valueName":"search_term_string"}}],"inLanguage":"es-DO"},{"@type":["Person","Organization"],"@id":"https:\/\/minutocerord.com\/#\/schema\/person\/60b5372d60aaa0a5171fb6488be9aee6","name":"Genof\u00f3ntes Urb\u00e1ez","image":{"@type":"ImageObject","inLanguage":"es-DO","@id":"https:\/\/secure.gravatar.com\/avatar\/a49ef3186a692098ac3e8a1612261e3ad70cf9e44553dff2929e67939a0ecb9d?s=96&d=identicon&r=g","url":"https:\/\/secure.gravatar.com\/avatar\/a49ef3186a692098ac3e8a1612261e3ad70cf9e44553dff2929e67939a0ecb9d?s=96&d=identicon&r=g","contentUrl":"https:\/\/secure.gravatar.com\/avatar\/a49ef3186a692098ac3e8a1612261e3ad70cf9e44553dff2929e67939a0ecb9d?s=96&d=identicon&r=g","caption":"Genof\u00f3ntes Urb\u00e1ez"},"logo":{"@id":"https:\/\/secure.gravatar.com\/avatar\/a49ef3186a692098ac3e8a1612261e3ad70cf9e44553dff2929e67939a0ecb9d?s=96&d=identicon&r=g"},"description":"Periodista \/ Locutor","sameAs":["https:\/\/www.facebook.com\/Genofnotes","https:\/\/www.instagram.com\/genofnotes\/"]}]}},"jetpack_publicize_connections":[],"jetpack_featured_media_url":"https:\/\/i0.wp.com\/minutocerord.com\/wp-content\/uploads\/2021\/01\/Miguel-Espaillat-Grullon.jpg?fit=367%2C229&ssl=1","jetpack-related-posts":[],"jetpack_sharing_enabled":true,"_links":{"self":[{"href":"https:\/\/minutocerord.com\/index.php?rest_route=\/wp\/v2\/posts\/2655","targetHints":{"allow":["GET"]}}],"collection":[{"href":"https:\/\/minutocerord.com\/index.php?rest_route=\/wp\/v2\/posts"}],"about":[{"href":"https:\/\/minutocerord.com\/index.php?rest_route=\/wp\/v2\/types\/post"}],"author":[{"embeddable":true,"href":"https:\/\/minutocerord.com\/index.php?rest_route=\/wp\/v2\/users\/1"}],"replies":[{"embeddable":true,"href":"https:\/\/minutocerord.com\/index.php?rest_route=%2Fwp%2Fv2%2Fcomments&post=2655"}],"version-history":[{"count":1,"href":"https:\/\/minutocerord.com\/index.php?rest_route=\/wp\/v2\/posts\/2655\/revisions"}],"predecessor-version":[{"id":2657,"href":"https:\/\/minutocerord.com\/index.php?rest_route=\/wp\/v2\/posts\/2655\/revisions\/2657"}],"wp:featuredmedia":[{"embeddable":true,"href":"https:\/\/minutocerord.com\/index.php?rest_route=\/wp\/v2\/media\/2656"}],"wp:attachment":[{"href":"https:\/\/minutocerord.com\/index.php?rest_route=%2Fwp%2Fv2%2Fmedia&parent=2655"}],"wp:term":[{"taxonomy":"category","embeddable":true,"href":"https:\/\/minutocerord.com\/index.php?rest_route=%2Fwp%2Fv2%2Fcategories&post=2655"},{"taxonomy":"post_tag","embeddable":true,"href":"https:\/\/minutocerord.com\/index.php?rest_route=%2Fwp%2Fv2%2Ftags&post=2655"}],"curies":[{"name":"wp","href":"https:\/\/api.w.org\/{rel}","templated":true}]}}