{"id":2658,"date":"2021-01-20T10:30:14","date_gmt":"2021-01-20T14:30:14","guid":{"rendered":"https:\/\/minutocerord.com\/?p=2658"},"modified":"2021-01-20T10:30:23","modified_gmt":"2021-01-20T14:30:23","slug":"corte-de-apelacion-conoce-hoy-recursos-caso-anti-pulpo","status":"publish","type":"post","link":"https:\/\/minutocerord.com\/?p=2658","title":{"rendered":"Corte de apelaci\u00f3n conoce hoy recursos caso Anti-Pulpo"},"content":{"rendered":"\n<p>Santo Domingo. \u2013 La Segunda Sala Penal de la Corte de Apelaci\u00f3n del Distrito Nacional conocer\u00e1 hoy los recursos de apelaci\u00f3n presentados por seis de los involucrados en el caso de corrupci\u00f3n Anti-Pulpo.<\/p>\n\n\n\n<p>La vista de este mi\u00e9rcoles dio inicio el pasado 13 de enero, pero fue suspendida despu\u00e9s de que el Ministerio P\u00fablico argument\u00f3 fallas t\u00e9cnicas en su plataforma para descargar las pruebas enviadas por los acusados, quienes apelaron la sentencia dictada en su contra por el juez Alejandro Vargas.<\/p>\n\n\n\n<p>Los reclamantes son Alexis Medina, hermano del expresidente Danilo Medina, se\u00f1alado como el cabecilla de la organizaci\u00f3n, as\u00ed como el exdirector de la Oficina de Ingenieros Supervisores de Obras del Estado (Oisoe), Francisco Pag\u00e1n, y del expresidente del Fondo Patrimonial de las Empresas Reformadas, Fernando de la Rosa.<\/p>\n\n\n\n<p>Adem\u00e1s, Aquiles Cristopher, exempleado de la Oisoe junto a Juli\u00e1n Suriel y Jos\u00e9 Santana, supuestos socios de Medina.<\/p>\n\n\n\n<p>La Operaci\u00f3n Anti-Pulpo, se puso en marcha el pasado 29 de noviembre con el apresamiento de 10 imputados y posteriormente se sum\u00f3 otro, para llegar a 11, todos acusados por presuntas estafas y desfalco al pa\u00eds mediante empresas vinculadas a Medina.<\/p>\n","protected":false},"excerpt":{"rendered":"<p>Santo Domingo. \u2013 La Segunda Sala Penal de la Corte de Apelaci\u00f3n del Distrito Nacional conocer\u00e1 hoy los recursos de apelaci\u00f3n presentados por seis de los involucrados en el caso de corrupci\u00f3n Anti-Pulpo. La vista de este mi\u00e9rcoles dio inicio el pasado 13 de enero, pero fue suspendida despu\u00e9s de que el Ministerio P\u00fablico argument\u00f3 [&hellip;]<\/p>\n","protected":false},"author":1,"featured_media":2659,"comment_status":"open","ping_status":"open","sticky":false,"template":"","format":"standard","meta":{"nf_dc_page":"","jetpack_post_was_ever_published":false,"_jetpack_newsletter_access":"","_jetpack_dont_email_post_to_subs":false,"_jetpack_newsletter_tier_id":0,"_jetpack_memberships_contains_paywalled_content":false,"_jetpack_memberships_contains_paid_content":false,"footnotes":"","jetpack_publicize_message":"","jetpack_publicize_feature_enabled":true,"jetpack_social_post_already_shared":false,"jetpack_social_options":{"image_generator_settings":{"template":"highway","default_image_id":0,"font":"","enabled":false},"version":2}},"categories":[93],"tags":[],"class_list":["post-2658","post","type-post","status-publish","format-standard","has-post-thumbnail","hentry","category-justicia"],"yoast_head":"<!-- This site is optimized with the Yoast SEO plugin v27.5 - https:\/\/yoast.com\/product\/yoast-seo-wordpress\/ -->\n<title>Corte de apelaci\u00f3n conoce hoy recursos caso Anti-Pulpo - Minuto Cero RD<\/title>\n<meta name=\"robots\" content=\"index, follow, max-snippet:-1, max-image-preview:large, max-video-preview:-1\" \/>\n<link rel=\"canonical\" href=\"http:\/\/minutocerord.com\/?p=2658\" \/>\n<meta property=\"og:locale\" content=\"es_ES\" \/>\n<meta property=\"og:type\" content=\"article\" \/>\n<meta property=\"og:title\" content=\"Corte de apelaci\u00f3n conoce hoy recursos caso Anti-Pulpo - Minuto Cero RD\" \/>\n<meta property=\"og:description\" content=\"Santo Domingo. \u2013 La Segunda Sala Penal de la Corte de Apelaci\u00f3n del Distrito Nacional conocer\u00e1 hoy los recursos de apelaci\u00f3n presentados por seis de los involucrados en el caso de corrupci\u00f3n Anti-Pulpo. La vista de este mi\u00e9rcoles dio inicio el pasado 13 de enero, pero fue suspendida despu\u00e9s de que el Ministerio P\u00fablico argument\u00f3 [&hellip;]\" \/>\n<meta property=\"og:url\" content=\"http:\/\/minutocerord.com\/?p=2658\" \/>\n<meta property=\"og:site_name\" content=\"Minuto Cero RD\" \/>\n<meta property=\"article:publisher\" content=\"https:\/\/www.facebook.com\/Genofnotes\" \/>\n<meta property=\"article:author\" content=\"https:\/\/www.facebook.com\/Genofnotes\" \/>\n<meta property=\"article:published_time\" content=\"2021-01-20T14:30:14+00:00\" \/>\n<meta property=\"article:modified_time\" content=\"2021-01-20T14:30:23+00:00\" \/>\n<meta property=\"og:image\" content=\"https:\/\/i0.wp.com\/minutocerord.com\/wp-content\/uploads\/2021\/01\/Alexis-Medina-en-tribunal.jpg?fit=642%2C385\" \/>\n\t<meta property=\"og:image:width\" content=\"642\" \/>\n\t<meta property=\"og:image:height\" content=\"385\" \/>\n\t<meta property=\"og:image:type\" content=\"image\/jpeg\" \/>\n<meta name=\"author\" content=\"Genof\u00f3ntes Urb\u00e1ez\" \/>\n<meta name=\"twitter:card\" content=\"summary_large_image\" \/>\n<meta name=\"twitter:label1\" content=\"Written by\" \/>\n\t<meta name=\"twitter:data1\" content=\"Genof\u00f3ntes Urb\u00e1ez\" \/>\n\t<meta name=\"twitter:label2\" content=\"Est. reading time\" \/>\n\t<meta name=\"twitter:data2\" content=\"1 minuto\" \/>\n<script type=\"application\/ld+json\" class=\"yoast-schema-graph\">{\"@context\":\"https:\\\/\\\/schema.org\",\"@graph\":[{\"@type\":\"Article\",\"@id\":\"http:\\\/\\\/minutocerord.com\\\/?p=2658#article\",\"isPartOf\":{\"@id\":\"http:\\\/\\\/minutocerord.com\\\/?p=2658\"},\"author\":{\"name\":\"Genof\u00f3ntes Urb\u00e1ez\",\"@id\":\"https:\\\/\\\/minutocerord.com\\\/#\\\/schema\\\/person\\\/60b5372d60aaa0a5171fb6488be9aee6\"},\"headline\":\"Corte de apelaci\u00f3n conoce hoy recursos caso Anti-Pulpo\",\"datePublished\":\"2021-01-20T14:30:14+00:00\",\"dateModified\":\"2021-01-20T14:30:23+00:00\",\"mainEntityOfPage\":{\"@id\":\"http:\\\/\\\/minutocerord.com\\\/?p=2658\"},\"wordCount\":206,\"commentCount\":0,\"publisher\":{\"@id\":\"https:\\\/\\\/minutocerord.com\\\/#\\\/schema\\\/person\\\/60b5372d60aaa0a5171fb6488be9aee6\"},\"image\":{\"@id\":\"http:\\\/\\\/minutocerord.com\\\/?p=2658#primaryimage\"},\"thumbnailUrl\":\"https:\\\/\\\/i0.wp.com\\\/minutocerord.com\\\/wp-content\\\/uploads\\\/2021\\\/01\\\/Alexis-Medina-en-tribunal.jpg?fit=642%2C385&ssl=1\",\"articleSection\":[\"Justicia\"],\"inLanguage\":\"es-DO\",\"potentialAction\":[{\"@type\":\"CommentAction\",\"name\":\"Comment\",\"target\":[\"http:\\\/\\\/minutocerord.com\\\/?p=2658#respond\"]}]},{\"@type\":\"WebPage\",\"@id\":\"http:\\\/\\\/minutocerord.com\\\/?p=2658\",\"url\":\"http:\\\/\\\/minutocerord.com\\\/?p=2658\",\"name\":\"Corte de apelaci\u00f3n conoce hoy recursos caso Anti-Pulpo - Minuto Cero RD\",\"isPartOf\":{\"@id\":\"https:\\\/\\\/minutocerord.com\\\/#website\"},\"primaryImageOfPage\":{\"@id\":\"http:\\\/\\\/minutocerord.com\\\/?p=2658#primaryimage\"},\"image\":{\"@id\":\"http:\\\/\\\/minutocerord.com\\\/?p=2658#primaryimage\"},\"thumbnailUrl\":\"https:\\\/\\\/i0.wp.com\\\/minutocerord.com\\\/wp-content\\\/uploads\\\/2021\\\/01\\\/Alexis-Medina-en-tribunal.jpg?fit=642%2C385&ssl=1\",\"datePublished\":\"2021-01-20T14:30:14+00:00\",\"dateModified\":\"2021-01-20T14:30:23+00:00\",\"breadcrumb\":{\"@id\":\"http:\\\/\\\/minutocerord.com\\\/?p=2658#breadcrumb\"},\"inLanguage\":\"es-DO\",\"potentialAction\":[{\"@type\":\"ReadAction\",\"target\":[\"http:\\\/\\\/minutocerord.com\\\/?p=2658\"]}]},{\"@type\":\"ImageObject\",\"inLanguage\":\"es-DO\",\"@id\":\"http:\\\/\\\/minutocerord.com\\\/?p=2658#primaryimage\",\"url\":\"https:\\\/\\\/i0.wp.com\\\/minutocerord.com\\\/wp-content\\\/uploads\\\/2021\\\/01\\\/Alexis-Medina-en-tribunal.jpg?fit=642%2C385&ssl=1\",\"contentUrl\":\"https:\\\/\\\/i0.wp.com\\\/minutocerord.com\\\/wp-content\\\/uploads\\\/2021\\\/01\\\/Alexis-Medina-en-tribunal.jpg?fit=642%2C385&ssl=1\",\"width\":642,\"height\":385},{\"@type\":\"BreadcrumbList\",\"@id\":\"http:\\\/\\\/minutocerord.com\\\/?p=2658#breadcrumb\",\"itemListElement\":[{\"@type\":\"ListItem\",\"position\":1,\"name\":\"Home\",\"item\":\"https:\\\/\\\/minutocerord.com\\\/\"},{\"@type\":\"ListItem\",\"position\":2,\"name\":\"Corte de apelaci\u00f3n conoce hoy recursos caso Anti-Pulpo\"}]},{\"@type\":\"WebSite\",\"@id\":\"https:\\\/\\\/minutocerord.com\\\/#website\",\"url\":\"https:\\\/\\\/minutocerord.com\\\/\",\"name\":\"Minuto Cero RD\",\"description\":\"Periodismo serio y veraz\",\"publisher\":{\"@id\":\"https:\\\/\\\/minutocerord.com\\\/#\\\/schema\\\/person\\\/60b5372d60aaa0a5171fb6488be9aee6\"},\"potentialAction\":[{\"@type\":\"SearchAction\",\"target\":{\"@type\":\"EntryPoint\",\"urlTemplate\":\"https:\\\/\\\/minutocerord.com\\\/?s={search_term_string}\"},\"query-input\":{\"@type\":\"PropertyValueSpecification\",\"valueRequired\":true,\"valueName\":\"search_term_string\"}}],\"inLanguage\":\"es-DO\"},{\"@type\":[\"Person\",\"Organization\"],\"@id\":\"https:\\\/\\\/minutocerord.com\\\/#\\\/schema\\\/person\\\/60b5372d60aaa0a5171fb6488be9aee6\",\"name\":\"Genof\u00f3ntes Urb\u00e1ez\",\"image\":{\"@type\":\"ImageObject\",\"inLanguage\":\"es-DO\",\"@id\":\"https:\\\/\\\/secure.gravatar.com\\\/avatar\\\/a49ef3186a692098ac3e8a1612261e3ad70cf9e44553dff2929e67939a0ecb9d?s=96&d=identicon&r=g\",\"url\":\"https:\\\/\\\/secure.gravatar.com\\\/avatar\\\/a49ef3186a692098ac3e8a1612261e3ad70cf9e44553dff2929e67939a0ecb9d?s=96&d=identicon&r=g\",\"contentUrl\":\"https:\\\/\\\/secure.gravatar.com\\\/avatar\\\/a49ef3186a692098ac3e8a1612261e3ad70cf9e44553dff2929e67939a0ecb9d?s=96&d=identicon&r=g\",\"caption\":\"Genof\u00f3ntes Urb\u00e1ez\"},\"logo\":{\"@id\":\"https:\\\/\\\/secure.gravatar.com\\\/avatar\\\/a49ef3186a692098ac3e8a1612261e3ad70cf9e44553dff2929e67939a0ecb9d?s=96&d=identicon&r=g\"},\"description\":\"Periodista \\\/ Locutor\",\"sameAs\":[\"https:\\\/\\\/www.facebook.com\\\/Genofnotes\",\"https:\\\/\\\/www.instagram.com\\\/genofnotes\\\/\"]}]}<\/script>\n<!-- \/ Yoast SEO plugin. -->","yoast_head_json":{"title":"Corte de apelaci\u00f3n conoce hoy recursos caso Anti-Pulpo - Minuto Cero RD","robots":{"index":"index","follow":"follow","max-snippet":"max-snippet:-1","max-image-preview":"max-image-preview:large","max-video-preview":"max-video-preview:-1"},"canonical":"http:\/\/minutocerord.com\/?p=2658","og_locale":"es_ES","og_type":"article","og_title":"Corte de apelaci\u00f3n conoce hoy recursos caso Anti-Pulpo - Minuto Cero RD","og_description":"Santo Domingo. \u2013 La Segunda Sala Penal de la Corte de Apelaci\u00f3n del Distrito Nacional conocer\u00e1 hoy los recursos de apelaci\u00f3n presentados por seis de los involucrados en el caso de corrupci\u00f3n Anti-Pulpo. La vista de este mi\u00e9rcoles dio inicio el pasado 13 de enero, pero fue suspendida despu\u00e9s de que el Ministerio P\u00fablico argument\u00f3 [&hellip;]","og_url":"http:\/\/minutocerord.com\/?p=2658","og_site_name":"Minuto Cero RD","article_publisher":"https:\/\/www.facebook.com\/Genofnotes","article_author":"https:\/\/www.facebook.com\/Genofnotes","article_published_time":"2021-01-20T14:30:14+00:00","article_modified_time":"2021-01-20T14:30:23+00:00","og_image":[{"width":642,"height":385,"url":"https:\/\/i0.wp.com\/minutocerord.com\/wp-content\/uploads\/2021\/01\/Alexis-Medina-en-tribunal.jpg?fit=642%2C385","type":"image\/jpeg"}],"author":"Genof\u00f3ntes Urb\u00e1ez","twitter_card":"summary_large_image","twitter_misc":{"Written by":"Genof\u00f3ntes Urb\u00e1ez","Est. reading time":"1 minuto"},"schema":{"@context":"https:\/\/schema.org","@graph":[{"@type":"Article","@id":"http:\/\/minutocerord.com\/?p=2658#article","isPartOf":{"@id":"http:\/\/minutocerord.com\/?p=2658"},"author":{"name":"Genof\u00f3ntes Urb\u00e1ez","@id":"https:\/\/minutocerord.com\/#\/schema\/person\/60b5372d60aaa0a5171fb6488be9aee6"},"headline":"Corte de apelaci\u00f3n conoce hoy recursos caso Anti-Pulpo","datePublished":"2021-01-20T14:30:14+00:00","dateModified":"2021-01-20T14:30:23+00:00","mainEntityOfPage":{"@id":"http:\/\/minutocerord.com\/?p=2658"},"wordCount":206,"commentCount":0,"publisher":{"@id":"https:\/\/minutocerord.com\/#\/schema\/person\/60b5372d60aaa0a5171fb6488be9aee6"},"image":{"@id":"http:\/\/minutocerord.com\/?p=2658#primaryimage"},"thumbnailUrl":"https:\/\/i0.wp.com\/minutocerord.com\/wp-content\/uploads\/2021\/01\/Alexis-Medina-en-tribunal.jpg?fit=642%2C385&ssl=1","articleSection":["Justicia"],"inLanguage":"es-DO","potentialAction":[{"@type":"CommentAction","name":"Comment","target":["http:\/\/minutocerord.com\/?p=2658#respond"]}]},{"@type":"WebPage","@id":"http:\/\/minutocerord.com\/?p=2658","url":"http:\/\/minutocerord.com\/?p=2658","name":"Corte de apelaci\u00f3n conoce hoy recursos caso Anti-Pulpo - Minuto Cero RD","isPartOf":{"@id":"https:\/\/minutocerord.com\/#website"},"primaryImageOfPage":{"@id":"http:\/\/minutocerord.com\/?p=2658#primaryimage"},"image":{"@id":"http:\/\/minutocerord.com\/?p=2658#primaryimage"},"thumbnailUrl":"https:\/\/i0.wp.com\/minutocerord.com\/wp-content\/uploads\/2021\/01\/Alexis-Medina-en-tribunal.jpg?fit=642%2C385&ssl=1","datePublished":"2021-01-20T14:30:14+00:00","dateModified":"2021-01-20T14:30:23+00:00","breadcrumb":{"@id":"http:\/\/minutocerord.com\/?p=2658#breadcrumb"},"inLanguage":"es-DO","potentialAction":[{"@type":"ReadAction","target":["http:\/\/minutocerord.com\/?p=2658"]}]},{"@type":"ImageObject","inLanguage":"es-DO","@id":"http:\/\/minutocerord.com\/?p=2658#primaryimage","url":"https:\/\/i0.wp.com\/minutocerord.com\/wp-content\/uploads\/2021\/01\/Alexis-Medina-en-tribunal.jpg?fit=642%2C385&ssl=1","contentUrl":"https:\/\/i0.wp.com\/minutocerord.com\/wp-content\/uploads\/2021\/01\/Alexis-Medina-en-tribunal.jpg?fit=642%2C385&ssl=1","width":642,"height":385},{"@type":"BreadcrumbList","@id":"http:\/\/minutocerord.com\/?p=2658#breadcrumb","itemListElement":[{"@type":"ListItem","position":1,"name":"Home","item":"https:\/\/minutocerord.com\/"},{"@type":"ListItem","position":2,"name":"Corte de apelaci\u00f3n conoce hoy recursos caso Anti-Pulpo"}]},{"@type":"WebSite","@id":"https:\/\/minutocerord.com\/#website","url":"https:\/\/minutocerord.com\/","name":"Minuto Cero RD","description":"Periodismo serio y veraz","publisher":{"@id":"https:\/\/minutocerord.com\/#\/schema\/person\/60b5372d60aaa0a5171fb6488be9aee6"},"potentialAction":[{"@type":"SearchAction","target":{"@type":"EntryPoint","urlTemplate":"https:\/\/minutocerord.com\/?s={search_term_string}"},"query-input":{"@type":"PropertyValueSpecification","valueRequired":true,"valueName":"search_term_string"}}],"inLanguage":"es-DO"},{"@type":["Person","Organization"],"@id":"https:\/\/minutocerord.com\/#\/schema\/person\/60b5372d60aaa0a5171fb6488be9aee6","name":"Genof\u00f3ntes Urb\u00e1ez","image":{"@type":"ImageObject","inLanguage":"es-DO","@id":"https:\/\/secure.gravatar.com\/avatar\/a49ef3186a692098ac3e8a1612261e3ad70cf9e44553dff2929e67939a0ecb9d?s=96&d=identicon&r=g","url":"https:\/\/secure.gravatar.com\/avatar\/a49ef3186a692098ac3e8a1612261e3ad70cf9e44553dff2929e67939a0ecb9d?s=96&d=identicon&r=g","contentUrl":"https:\/\/secure.gravatar.com\/avatar\/a49ef3186a692098ac3e8a1612261e3ad70cf9e44553dff2929e67939a0ecb9d?s=96&d=identicon&r=g","caption":"Genof\u00f3ntes Urb\u00e1ez"},"logo":{"@id":"https:\/\/secure.gravatar.com\/avatar\/a49ef3186a692098ac3e8a1612261e3ad70cf9e44553dff2929e67939a0ecb9d?s=96&d=identicon&r=g"},"description":"Periodista \/ Locutor","sameAs":["https:\/\/www.facebook.com\/Genofnotes","https:\/\/www.instagram.com\/genofnotes\/"]}]}},"jetpack_publicize_connections":[],"jetpack_featured_media_url":"https:\/\/i0.wp.com\/minutocerord.com\/wp-content\/uploads\/2021\/01\/Alexis-Medina-en-tribunal.jpg?fit=642%2C385&ssl=1","jetpack-related-posts":[],"jetpack_sharing_enabled":true,"_links":{"self":[{"href":"https:\/\/minutocerord.com\/index.php?rest_route=\/wp\/v2\/posts\/2658","targetHints":{"allow":["GET"]}}],"collection":[{"href":"https:\/\/minutocerord.com\/index.php?rest_route=\/wp\/v2\/posts"}],"about":[{"href":"https:\/\/minutocerord.com\/index.php?rest_route=\/wp\/v2\/types\/post"}],"author":[{"embeddable":true,"href":"https:\/\/minutocerord.com\/index.php?rest_route=\/wp\/v2\/users\/1"}],"replies":[{"embeddable":true,"href":"https:\/\/minutocerord.com\/index.php?rest_route=%2Fwp%2Fv2%2Fcomments&post=2658"}],"version-history":[{"count":1,"href":"https:\/\/minutocerord.com\/index.php?rest_route=\/wp\/v2\/posts\/2658\/revisions"}],"predecessor-version":[{"id":2660,"href":"https:\/\/minutocerord.com\/index.php?rest_route=\/wp\/v2\/posts\/2658\/revisions\/2660"}],"wp:featuredmedia":[{"embeddable":true,"href":"https:\/\/minutocerord.com\/index.php?rest_route=\/wp\/v2\/media\/2659"}],"wp:attachment":[{"href":"https:\/\/minutocerord.com\/index.php?rest_route=%2Fwp%2Fv2%2Fmedia&parent=2658"}],"wp:term":[{"taxonomy":"category","embeddable":true,"href":"https:\/\/minutocerord.com\/index.php?rest_route=%2Fwp%2Fv2%2Fcategories&post=2658"},{"taxonomy":"post_tag","embeddable":true,"href":"https:\/\/minutocerord.com\/index.php?rest_route=%2Fwp%2Fv2%2Ftags&post=2658"}],"curies":[{"name":"wp","href":"https:\/\/api.w.org\/{rel}","templated":true}]}}