{"id":2661,"date":"2021-01-20T10:33:43","date_gmt":"2021-01-20T14:33:43","guid":{"rendered":"https:\/\/minutocerord.com\/?p=2661"},"modified":"2021-01-20T10:33:50","modified_gmt":"2021-01-20T14:33:50","slug":"arzobispo-de-sd-objeta-idea-de-que-el-plan-vacunacion-excluya-a-extranjeros","status":"publish","type":"post","link":"https:\/\/minutocerord.com\/?p=2661","title":{"rendered":"Arzobispo de SD objeta idea de que el plan vacunaci\u00f3n excluya a extranjeros"},"content":{"rendered":"\n<p>SANTO DOMINGO-. El arzobispo metropolitano de Santo Domingo, monse\u00f1or Francisco Ozoria, dijo este martes que est\u00e1 \u201ctotalmente en desacuerdo\u201d con la idea de que en la Rep\u00fablica Dominicana haya una vacunaci\u00f3n contra COVID-19 que no incluya a los inmigrantes indocumentados-.<\/p>\n\n\n\n<p>\u201cEso es discriminaci\u00f3n, estoy totalmente en desacuerdo. La persona vale por lo que es, no por si es extranjero, ni para medicina, ni para vacuna\u201d, dijo al ser entrevistado en el programa La Opci\u00f3n de La Tarde.<\/p>\n\n\n\n<p>El Prelado cuestion\u00f3 una reciente declaraci\u00f3n del ministro Administrativo de la Presidencia, Jos\u00e9 Ignacio Paliza, de que las vacunas contra la pandemia s\u00f3lo ser\u00e1n para los ciudadanos dominicanos.<\/p>\n\n\n\n<p>Urgi\u00f3 la necesidad de un plan de vacunaci\u00f3n integral que no sea excluyente, en respuesta a las declaraciones del ministro Administrativo, Jos\u00e9 Ignacio Paliza explicando que el Gobierno solo tiene disponibilidad del ant\u00eddoto para los ciudadanos dominicanos.<\/p>\n\n\n\n<p>\u201cMe sumo a esa voz de que haya un plan para la vacunaci\u00f3n, un plan estrat\u00e9gico pero para todos, en el que haya un servicio y atenci\u00f3n a todos los que vivimos en esta naci\u00f3n\u201d enfatiz\u00f3.<\/p>\n\n\n\n<p><strong>Rechaza excesos durante toque de queda<\/strong><\/p>\n\n\n\n<p>En otro orden, &nbsp;monse\u00f1or Francisco Ozoria rechaz\u00f3 los excesos que algunos polic\u00edas y militares han tenido con el trato a la ciudadan\u00eda, pero exhort\u00f3 a la poblaci\u00f3n a cumplir con las medidas de restricci\u00f3n impuestas por el Gobierno para hacer frente a la pandemia por COVID-19.<\/p>\n\n\n\n<p>\u201cSomos personas y creo que debemos ser pac\u00edficos y transigentes\u201d, dijo.<\/p>\n\n\n\n<p><strong>Penalizaci\u00f3n del aborto<\/strong><\/p>\n\n\n\n<p>Sobre la posibilidad de excluir las discusiones de la penalizaci\u00f3n del aborto del proyecto de reforma del C\u00f3digo Penal, el Prelado dijo que la Iglesia Cat\u00f3lica est\u00e1 dispuesta a dialogar al respecto, siempre y cuando se respete la vida. Sin embargo, dej\u00f3 claro que no flexibilizar\u00e1n su posici\u00f3n respecto a las tres causales.<\/p>\n\n\n\n<p>Ozoria valor\u00f3 el cambio de rumbo \u201cde dictadura hacia la democracia\u201d en la lucha contra la corrupci\u00f3n administrativa, partiendo del fortalecimiento de la independencia de los poderes p\u00fablicos.<\/p>\n\n\n\n<p>\u201cPercibo ese deseo que ha comenzado, y siempre dije que el poder judicial deb\u00eda actuar y aplicarse la independencia, porque est\u00e1bamos camino a una dictadura en la que un grupito dominaba todo, ahora vemos un camino hacia la democracia\u201d manifest\u00f3.<\/p>\n","protected":false},"excerpt":{"rendered":"<p>SANTO DOMINGO-. El arzobispo metropolitano de Santo Domingo, monse\u00f1or Francisco Ozoria, dijo este martes que est\u00e1 \u201ctotalmente en desacuerdo\u201d con la idea de que en la Rep\u00fablica Dominicana haya una vacunaci\u00f3n contra COVID-19 que no incluya a los inmigrantes indocumentados-. \u201cEso es discriminaci\u00f3n, estoy totalmente en desacuerdo. La persona vale por lo que es, no [&hellip;]<\/p>\n","protected":false},"author":1,"featured_media":2662,"comment_status":"open","ping_status":"open","sticky":false,"template":"","format":"standard","meta":{"nf_dc_page":"","jetpack_post_was_ever_published":false,"_jetpack_newsletter_access":"","_jetpack_dont_email_post_to_subs":false,"_jetpack_newsletter_tier_id":0,"_jetpack_memberships_contains_paywalled_content":false,"_jetpack_memberships_contains_paid_content":false,"footnotes":"","jetpack_publicize_message":"","jetpack_publicize_feature_enabled":true,"jetpack_social_post_already_shared":false,"jetpack_social_options":{"image_generator_settings":{"template":"highway","default_image_id":0,"font":"","enabled":false},"version":2}},"categories":[65],"tags":[],"class_list":["post-2661","post","type-post","status-publish","format-standard","has-post-thumbnail","hentry","category-nacionales"],"yoast_head":"<!-- This site is optimized with the Yoast SEO plugin v27.5 - https:\/\/yoast.com\/product\/yoast-seo-wordpress\/ -->\n<title>Arzobispo de SD objeta idea de que el plan vacunaci\u00f3n excluya a extranjeros - Minuto Cero RD<\/title>\n<meta name=\"robots\" content=\"index, follow, max-snippet:-1, max-image-preview:large, max-video-preview:-1\" \/>\n<link rel=\"canonical\" href=\"https:\/\/minutocerord.com\/?p=2661\" \/>\n<meta property=\"og:locale\" content=\"es_ES\" \/>\n<meta property=\"og:type\" content=\"article\" \/>\n<meta property=\"og:title\" content=\"Arzobispo de SD objeta idea de que el plan vacunaci\u00f3n excluya a extranjeros - Minuto Cero RD\" \/>\n<meta property=\"og:description\" content=\"SANTO DOMINGO-. El arzobispo metropolitano de Santo Domingo, monse\u00f1or Francisco Ozoria, dijo este martes que est\u00e1 \u201ctotalmente en desacuerdo\u201d con la idea de que en la Rep\u00fablica Dominicana haya una vacunaci\u00f3n contra COVID-19 que no incluya a los inmigrantes indocumentados-. \u201cEso es discriminaci\u00f3n, estoy totalmente en desacuerdo. La persona vale por lo que es, no [&hellip;]\" \/>\n<meta property=\"og:url\" content=\"https:\/\/minutocerord.com\/?p=2661\" \/>\n<meta property=\"og:site_name\" content=\"Minuto Cero RD\" \/>\n<meta property=\"article:publisher\" content=\"https:\/\/www.facebook.com\/Genofnotes\" \/>\n<meta property=\"article:author\" content=\"https:\/\/www.facebook.com\/Genofnotes\" \/>\n<meta property=\"article:published_time\" content=\"2021-01-20T14:33:43+00:00\" \/>\n<meta property=\"article:modified_time\" content=\"2021-01-20T14:33:50+00:00\" \/>\n<meta property=\"og:image\" content=\"https:\/\/i0.wp.com\/minutocerord.com\/wp-content\/uploads\/2021\/01\/Francisco-Ozoria-.jpg?fit=658%2C362&ssl=1\" \/>\n\t<meta property=\"og:image:width\" content=\"658\" \/>\n\t<meta property=\"og:image:height\" content=\"362\" \/>\n\t<meta property=\"og:image:type\" content=\"image\/jpeg\" \/>\n<meta name=\"author\" content=\"Genof\u00f3ntes Urb\u00e1ez\" \/>\n<meta name=\"twitter:card\" content=\"summary_large_image\" \/>\n<meta name=\"twitter:label1\" content=\"Written by\" \/>\n\t<meta name=\"twitter:data1\" content=\"Genof\u00f3ntes Urb\u00e1ez\" \/>\n\t<meta name=\"twitter:label2\" content=\"Est. reading time\" \/>\n\t<meta name=\"twitter:data2\" content=\"2 minutos\" \/>\n<script type=\"application\/ld+json\" class=\"yoast-schema-graph\">{\"@context\":\"https:\\\/\\\/schema.org\",\"@graph\":[{\"@type\":\"Article\",\"@id\":\"https:\\\/\\\/minutocerord.com\\\/?p=2661#article\",\"isPartOf\":{\"@id\":\"https:\\\/\\\/minutocerord.com\\\/?p=2661\"},\"author\":{\"name\":\"Genof\u00f3ntes Urb\u00e1ez\",\"@id\":\"https:\\\/\\\/minutocerord.com\\\/#\\\/schema\\\/person\\\/60b5372d60aaa0a5171fb6488be9aee6\"},\"headline\":\"Arzobispo de SD objeta idea de que el plan vacunaci\u00f3n excluya a extranjeros\",\"datePublished\":\"2021-01-20T14:33:43+00:00\",\"dateModified\":\"2021-01-20T14:33:50+00:00\",\"mainEntityOfPage\":{\"@id\":\"https:\\\/\\\/minutocerord.com\\\/?p=2661\"},\"wordCount\":410,\"commentCount\":0,\"publisher\":{\"@id\":\"https:\\\/\\\/minutocerord.com\\\/#\\\/schema\\\/person\\\/60b5372d60aaa0a5171fb6488be9aee6\"},\"image\":{\"@id\":\"https:\\\/\\\/minutocerord.com\\\/?p=2661#primaryimage\"},\"thumbnailUrl\":\"https:\\\/\\\/i0.wp.com\\\/minutocerord.com\\\/wp-content\\\/uploads\\\/2021\\\/01\\\/Francisco-Ozoria-.jpg?fit=658%2C362&ssl=1\",\"articleSection\":[\"Nacionales\"],\"inLanguage\":\"es-DO\",\"potentialAction\":[{\"@type\":\"CommentAction\",\"name\":\"Comment\",\"target\":[\"https:\\\/\\\/minutocerord.com\\\/?p=2661#respond\"]}]},{\"@type\":\"WebPage\",\"@id\":\"https:\\\/\\\/minutocerord.com\\\/?p=2661\",\"url\":\"https:\\\/\\\/minutocerord.com\\\/?p=2661\",\"name\":\"Arzobispo de SD objeta idea de que el plan vacunaci\u00f3n excluya a extranjeros - Minuto Cero RD\",\"isPartOf\":{\"@id\":\"https:\\\/\\\/minutocerord.com\\\/#website\"},\"primaryImageOfPage\":{\"@id\":\"https:\\\/\\\/minutocerord.com\\\/?p=2661#primaryimage\"},\"image\":{\"@id\":\"https:\\\/\\\/minutocerord.com\\\/?p=2661#primaryimage\"},\"thumbnailUrl\":\"https:\\\/\\\/i0.wp.com\\\/minutocerord.com\\\/wp-content\\\/uploads\\\/2021\\\/01\\\/Francisco-Ozoria-.jpg?fit=658%2C362&ssl=1\",\"datePublished\":\"2021-01-20T14:33:43+00:00\",\"dateModified\":\"2021-01-20T14:33:50+00:00\",\"breadcrumb\":{\"@id\":\"https:\\\/\\\/minutocerord.com\\\/?p=2661#breadcrumb\"},\"inLanguage\":\"es-DO\",\"potentialAction\":[{\"@type\":\"ReadAction\",\"target\":[\"https:\\\/\\\/minutocerord.com\\\/?p=2661\"]}]},{\"@type\":\"ImageObject\",\"inLanguage\":\"es-DO\",\"@id\":\"https:\\\/\\\/minutocerord.com\\\/?p=2661#primaryimage\",\"url\":\"https:\\\/\\\/i0.wp.com\\\/minutocerord.com\\\/wp-content\\\/uploads\\\/2021\\\/01\\\/Francisco-Ozoria-.jpg?fit=658%2C362&ssl=1\",\"contentUrl\":\"https:\\\/\\\/i0.wp.com\\\/minutocerord.com\\\/wp-content\\\/uploads\\\/2021\\\/01\\\/Francisco-Ozoria-.jpg?fit=658%2C362&ssl=1\",\"width\":658,\"height\":362},{\"@type\":\"BreadcrumbList\",\"@id\":\"https:\\\/\\\/minutocerord.com\\\/?p=2661#breadcrumb\",\"itemListElement\":[{\"@type\":\"ListItem\",\"position\":1,\"name\":\"Home\",\"item\":\"https:\\\/\\\/minutocerord.com\\\/\"},{\"@type\":\"ListItem\",\"position\":2,\"name\":\"Arzobispo de SD objeta idea de que el plan vacunaci\u00f3n excluya a extranjeros\"}]},{\"@type\":\"WebSite\",\"@id\":\"https:\\\/\\\/minutocerord.com\\\/#website\",\"url\":\"https:\\\/\\\/minutocerord.com\\\/\",\"name\":\"Minuto Cero RD\",\"description\":\"Periodismo serio y veraz\",\"publisher\":{\"@id\":\"https:\\\/\\\/minutocerord.com\\\/#\\\/schema\\\/person\\\/60b5372d60aaa0a5171fb6488be9aee6\"},\"potentialAction\":[{\"@type\":\"SearchAction\",\"target\":{\"@type\":\"EntryPoint\",\"urlTemplate\":\"https:\\\/\\\/minutocerord.com\\\/?s={search_term_string}\"},\"query-input\":{\"@type\":\"PropertyValueSpecification\",\"valueRequired\":true,\"valueName\":\"search_term_string\"}}],\"inLanguage\":\"es-DO\"},{\"@type\":[\"Person\",\"Organization\"],\"@id\":\"https:\\\/\\\/minutocerord.com\\\/#\\\/schema\\\/person\\\/60b5372d60aaa0a5171fb6488be9aee6\",\"name\":\"Genof\u00f3ntes Urb\u00e1ez\",\"image\":{\"@type\":\"ImageObject\",\"inLanguage\":\"es-DO\",\"@id\":\"https:\\\/\\\/secure.gravatar.com\\\/avatar\\\/a49ef3186a692098ac3e8a1612261e3ad70cf9e44553dff2929e67939a0ecb9d?s=96&d=identicon&r=g\",\"url\":\"https:\\\/\\\/secure.gravatar.com\\\/avatar\\\/a49ef3186a692098ac3e8a1612261e3ad70cf9e44553dff2929e67939a0ecb9d?s=96&d=identicon&r=g\",\"contentUrl\":\"https:\\\/\\\/secure.gravatar.com\\\/avatar\\\/a49ef3186a692098ac3e8a1612261e3ad70cf9e44553dff2929e67939a0ecb9d?s=96&d=identicon&r=g\",\"caption\":\"Genof\u00f3ntes Urb\u00e1ez\"},\"logo\":{\"@id\":\"https:\\\/\\\/secure.gravatar.com\\\/avatar\\\/a49ef3186a692098ac3e8a1612261e3ad70cf9e44553dff2929e67939a0ecb9d?s=96&d=identicon&r=g\"},\"description\":\"Periodista \\\/ Locutor\",\"sameAs\":[\"https:\\\/\\\/www.facebook.com\\\/Genofnotes\",\"https:\\\/\\\/www.instagram.com\\\/genofnotes\\\/\"]}]}<\/script>\n<!-- \/ Yoast SEO plugin. -->","yoast_head_json":{"title":"Arzobispo de SD objeta idea de que el plan vacunaci\u00f3n excluya a extranjeros - Minuto Cero RD","robots":{"index":"index","follow":"follow","max-snippet":"max-snippet:-1","max-image-preview":"max-image-preview:large","max-video-preview":"max-video-preview:-1"},"canonical":"https:\/\/minutocerord.com\/?p=2661","og_locale":"es_ES","og_type":"article","og_title":"Arzobispo de SD objeta idea de que el plan vacunaci\u00f3n excluya a extranjeros - Minuto Cero RD","og_description":"SANTO DOMINGO-. El arzobispo metropolitano de Santo Domingo, monse\u00f1or Francisco Ozoria, dijo este martes que est\u00e1 \u201ctotalmente en desacuerdo\u201d con la idea de que en la Rep\u00fablica Dominicana haya una vacunaci\u00f3n contra COVID-19 que no incluya a los inmigrantes indocumentados-. \u201cEso es discriminaci\u00f3n, estoy totalmente en desacuerdo. La persona vale por lo que es, no [&hellip;]","og_url":"https:\/\/minutocerord.com\/?p=2661","og_site_name":"Minuto Cero RD","article_publisher":"https:\/\/www.facebook.com\/Genofnotes","article_author":"https:\/\/www.facebook.com\/Genofnotes","article_published_time":"2021-01-20T14:33:43+00:00","article_modified_time":"2021-01-20T14:33:50+00:00","og_image":[{"width":658,"height":362,"url":"https:\/\/i0.wp.com\/minutocerord.com\/wp-content\/uploads\/2021\/01\/Francisco-Ozoria-.jpg?fit=658%2C362&ssl=1","type":"image\/jpeg"}],"author":"Genof\u00f3ntes Urb\u00e1ez","twitter_card":"summary_large_image","twitter_misc":{"Written by":"Genof\u00f3ntes Urb\u00e1ez","Est. reading time":"2 minutos"},"schema":{"@context":"https:\/\/schema.org","@graph":[{"@type":"Article","@id":"https:\/\/minutocerord.com\/?p=2661#article","isPartOf":{"@id":"https:\/\/minutocerord.com\/?p=2661"},"author":{"name":"Genof\u00f3ntes Urb\u00e1ez","@id":"https:\/\/minutocerord.com\/#\/schema\/person\/60b5372d60aaa0a5171fb6488be9aee6"},"headline":"Arzobispo de SD objeta idea de que el plan vacunaci\u00f3n excluya a extranjeros","datePublished":"2021-01-20T14:33:43+00:00","dateModified":"2021-01-20T14:33:50+00:00","mainEntityOfPage":{"@id":"https:\/\/minutocerord.com\/?p=2661"},"wordCount":410,"commentCount":0,"publisher":{"@id":"https:\/\/minutocerord.com\/#\/schema\/person\/60b5372d60aaa0a5171fb6488be9aee6"},"image":{"@id":"https:\/\/minutocerord.com\/?p=2661#primaryimage"},"thumbnailUrl":"https:\/\/i0.wp.com\/minutocerord.com\/wp-content\/uploads\/2021\/01\/Francisco-Ozoria-.jpg?fit=658%2C362&ssl=1","articleSection":["Nacionales"],"inLanguage":"es-DO","potentialAction":[{"@type":"CommentAction","name":"Comment","target":["https:\/\/minutocerord.com\/?p=2661#respond"]}]},{"@type":"WebPage","@id":"https:\/\/minutocerord.com\/?p=2661","url":"https:\/\/minutocerord.com\/?p=2661","name":"Arzobispo de SD objeta idea de que el plan vacunaci\u00f3n excluya a extranjeros - Minuto Cero RD","isPartOf":{"@id":"https:\/\/minutocerord.com\/#website"},"primaryImageOfPage":{"@id":"https:\/\/minutocerord.com\/?p=2661#primaryimage"},"image":{"@id":"https:\/\/minutocerord.com\/?p=2661#primaryimage"},"thumbnailUrl":"https:\/\/i0.wp.com\/minutocerord.com\/wp-content\/uploads\/2021\/01\/Francisco-Ozoria-.jpg?fit=658%2C362&ssl=1","datePublished":"2021-01-20T14:33:43+00:00","dateModified":"2021-01-20T14:33:50+00:00","breadcrumb":{"@id":"https:\/\/minutocerord.com\/?p=2661#breadcrumb"},"inLanguage":"es-DO","potentialAction":[{"@type":"ReadAction","target":["https:\/\/minutocerord.com\/?p=2661"]}]},{"@type":"ImageObject","inLanguage":"es-DO","@id":"https:\/\/minutocerord.com\/?p=2661#primaryimage","url":"https:\/\/i0.wp.com\/minutocerord.com\/wp-content\/uploads\/2021\/01\/Francisco-Ozoria-.jpg?fit=658%2C362&ssl=1","contentUrl":"https:\/\/i0.wp.com\/minutocerord.com\/wp-content\/uploads\/2021\/01\/Francisco-Ozoria-.jpg?fit=658%2C362&ssl=1","width":658,"height":362},{"@type":"BreadcrumbList","@id":"https:\/\/minutocerord.com\/?p=2661#breadcrumb","itemListElement":[{"@type":"ListItem","position":1,"name":"Home","item":"https:\/\/minutocerord.com\/"},{"@type":"ListItem","position":2,"name":"Arzobispo de SD objeta idea de que el plan vacunaci\u00f3n excluya a extranjeros"}]},{"@type":"WebSite","@id":"https:\/\/minutocerord.com\/#website","url":"https:\/\/minutocerord.com\/","name":"Minuto Cero RD","description":"Periodismo serio y veraz","publisher":{"@id":"https:\/\/minutocerord.com\/#\/schema\/person\/60b5372d60aaa0a5171fb6488be9aee6"},"potentialAction":[{"@type":"SearchAction","target":{"@type":"EntryPoint","urlTemplate":"https:\/\/minutocerord.com\/?s={search_term_string}"},"query-input":{"@type":"PropertyValueSpecification","valueRequired":true,"valueName":"search_term_string"}}],"inLanguage":"es-DO"},{"@type":["Person","Organization"],"@id":"https:\/\/minutocerord.com\/#\/schema\/person\/60b5372d60aaa0a5171fb6488be9aee6","name":"Genof\u00f3ntes Urb\u00e1ez","image":{"@type":"ImageObject","inLanguage":"es-DO","@id":"https:\/\/secure.gravatar.com\/avatar\/a49ef3186a692098ac3e8a1612261e3ad70cf9e44553dff2929e67939a0ecb9d?s=96&d=identicon&r=g","url":"https:\/\/secure.gravatar.com\/avatar\/a49ef3186a692098ac3e8a1612261e3ad70cf9e44553dff2929e67939a0ecb9d?s=96&d=identicon&r=g","contentUrl":"https:\/\/secure.gravatar.com\/avatar\/a49ef3186a692098ac3e8a1612261e3ad70cf9e44553dff2929e67939a0ecb9d?s=96&d=identicon&r=g","caption":"Genof\u00f3ntes Urb\u00e1ez"},"logo":{"@id":"https:\/\/secure.gravatar.com\/avatar\/a49ef3186a692098ac3e8a1612261e3ad70cf9e44553dff2929e67939a0ecb9d?s=96&d=identicon&r=g"},"description":"Periodista \/ Locutor","sameAs":["https:\/\/www.facebook.com\/Genofnotes","https:\/\/www.instagram.com\/genofnotes\/"]}]}},"jetpack_publicize_connections":[],"jetpack_featured_media_url":"https:\/\/i0.wp.com\/minutocerord.com\/wp-content\/uploads\/2021\/01\/Francisco-Ozoria-.jpg?fit=658%2C362&ssl=1","jetpack-related-posts":[],"jetpack_sharing_enabled":true,"_links":{"self":[{"href":"https:\/\/minutocerord.com\/index.php?rest_route=\/wp\/v2\/posts\/2661","targetHints":{"allow":["GET"]}}],"collection":[{"href":"https:\/\/minutocerord.com\/index.php?rest_route=\/wp\/v2\/posts"}],"about":[{"href":"https:\/\/minutocerord.com\/index.php?rest_route=\/wp\/v2\/types\/post"}],"author":[{"embeddable":true,"href":"https:\/\/minutocerord.com\/index.php?rest_route=\/wp\/v2\/users\/1"}],"replies":[{"embeddable":true,"href":"https:\/\/minutocerord.com\/index.php?rest_route=%2Fwp%2Fv2%2Fcomments&post=2661"}],"version-history":[{"count":1,"href":"https:\/\/minutocerord.com\/index.php?rest_route=\/wp\/v2\/posts\/2661\/revisions"}],"predecessor-version":[{"id":2663,"href":"https:\/\/minutocerord.com\/index.php?rest_route=\/wp\/v2\/posts\/2661\/revisions\/2663"}],"wp:featuredmedia":[{"embeddable":true,"href":"https:\/\/minutocerord.com\/index.php?rest_route=\/wp\/v2\/media\/2662"}],"wp:attachment":[{"href":"https:\/\/minutocerord.com\/index.php?rest_route=%2Fwp%2Fv2%2Fmedia&parent=2661"}],"wp:term":[{"taxonomy":"category","embeddable":true,"href":"https:\/\/minutocerord.com\/index.php?rest_route=%2Fwp%2Fv2%2Fcategories&post=2661"},{"taxonomy":"post_tag","embeddable":true,"href":"https:\/\/minutocerord.com\/index.php?rest_route=%2Fwp%2Fv2%2Ftags&post=2661"}],"curies":[{"name":"wp","href":"https:\/\/api.w.org\/{rel}","templated":true}]}}