{"id":2667,"date":"2021-01-20T11:12:07","date_gmt":"2021-01-20T15:12:07","guid":{"rendered":"https:\/\/minutocerord.com\/?p=2667"},"modified":"2021-01-20T11:13:54","modified_gmt":"2021-01-20T15:13:54","slug":"ee-uu-donald-trump-dejo-la-casa-blanca-y-prometio-vamos-a-volver","status":"publish","type":"post","link":"https:\/\/minutocerord.com\/?p=2667","title":{"rendered":"EE.UU: Donald Trump dej\u00f3 la Casa Blanca y prometi\u00f3 \u201cVamos a volver\u201d"},"content":{"rendered":"\n<p>Adi\u00f3s, los queremos, vamos a volver de alguna manera\u201d, a\u00f1adi\u00f3.<\/p>\n\n\n\n<p>Donald Trump inici\u00f3 este mi\u00e9rcoles su salida de la Casa Blanca en su \u00faltimo d\u00eda como mandatario, con un viaje a Florida con el que evitar\u00e1 estar presente en la ceremonia de investidura de su sucesor, el dem\u00f3crata Joe Biden.<\/p>\n\n\n\n<p>El magnate republicano partir\u00e1 hacia su lujoso resort Mar-a-Lago en Palm Beach, en el sur de Florida, donde planea instalarse. Despu\u00e9s de salir en helic\u00f3ptero desde los jardines de la Casa Blanca, Trump despeg\u00f3 desde la base militar de Andrews (Maryland) para su \u00faltimo vuelo a bordo del Air Force One.<\/p>\n\n\n\n<p>Al salir de la Casa Blanca y antes de abordar el helic\u00f3ptero, dijo: \u201cHa sido un gran honor, el honor de mi vida\u201d.<\/p>\n\n\n\n<p>\u201cEs el hogar m\u00e1s grandioso del mundo. Hemos logrado mucho, ha sido algo muy especial. Solo quiero decir adi\u00f3s, pero ojal\u00e1 no sea un adi\u00f3s a largo plazo, nos veremos pronto\u201d, a\u00f1adi\u00f3 ante la prensa.<\/p>\n\n\n\n<p>Cientos de personas estaban invitadas a la terminal a\u00e9rea para un \u00faltimo discurso como presidente frente a sus seguidores, en una fr\u00eda ma\u00f1ana (5\u00b0C, 41\u00b0F). De buen \u00e1nimo y sonriente, Trump comenz\u00f3 agradeciendo a los presentes y se regode\u00f3: \u201cSoy muy popular\u201d.<\/p>\n\n\n\n<p>Tambi\u00e9n, hizo un repaso de los hitos de su gesti\u00f3n. \u201cEspero que no les suban les impuestos, pero si lo hacen, yo se los advert\u00ed\u201d, a\u00f1adi\u00f3. Y dijo que si no fuese por la pandemia, los n\u00fameros econ\u00f3micos hubiesen sido los mejores de la historia.<\/p>\n\n\n\n<p>Aunque no habl\u00f3 sobre su decisi\u00f3n de ausentarse de la ceremonia de investidura, s\u00ed hizo una alusi\u00f3n al gobierno entrante, sin dejar de dirigirse a sus simpatizantes. \u201cSiempre voy a luchar por ustedes. Voy a estar viendo, escuchando. Le deseo mucha suerte al pr\u00f3ximo gobierno, tienen la base para hacer algo espectacular\u201d, expres\u00f3.<\/p>\n\n\n\n<p>EFE<\/p>\n","protected":false},"excerpt":{"rendered":"<p>Adi\u00f3s, los queremos, vamos a volver de alguna manera\u201d, a\u00f1adi\u00f3. Donald Trump inici\u00f3 este mi\u00e9rcoles su salida de la Casa Blanca en su \u00faltimo d\u00eda como mandatario, con un viaje a Florida con el que evitar\u00e1 estar presente en la ceremonia de investidura de su sucesor, el dem\u00f3crata Joe Biden. El magnate republicano partir\u00e1 hacia [&hellip;]<\/p>\n","protected":false},"author":1,"featured_media":2668,"comment_status":"open","ping_status":"open","sticky":false,"template":"","format":"standard","meta":{"nf_dc_page":"","jetpack_post_was_ever_published":false,"_jetpack_newsletter_access":"","_jetpack_dont_email_post_to_subs":false,"_jetpack_newsletter_tier_id":0,"_jetpack_memberships_contains_paywalled_content":false,"_jetpack_memberships_contains_paid_content":false,"footnotes":"","jetpack_publicize_message":"","jetpack_publicize_feature_enabled":true,"jetpack_social_post_already_shared":false,"jetpack_social_options":{"image_generator_settings":{"template":"highway","default_image_id":0,"font":"","enabled":false},"version":2}},"categories":[83],"tags":[],"class_list":["post-2667","post","type-post","status-publish","format-standard","has-post-thumbnail","hentry","category-estados-unidos"],"yoast_head":"<!-- This site is optimized with the Yoast SEO plugin v27.5 - https:\/\/yoast.com\/product\/yoast-seo-wordpress\/ -->\n<title>EE.UU: Donald Trump dej\u00f3 la Casa Blanca y prometi\u00f3 \u201cVamos a volver\u201d - Minuto Cero RD<\/title>\n<meta name=\"robots\" content=\"index, follow, max-snippet:-1, max-image-preview:large, max-video-preview:-1\" \/>\n<link rel=\"canonical\" href=\"http:\/\/minutocerord.com\/?p=2667\" \/>\n<meta property=\"og:locale\" content=\"es_ES\" \/>\n<meta property=\"og:type\" content=\"article\" \/>\n<meta property=\"og:title\" content=\"EE.UU: Donald Trump dej\u00f3 la Casa Blanca y prometi\u00f3 \u201cVamos a volver\u201d - Minuto Cero RD\" \/>\n<meta property=\"og:description\" content=\"Adi\u00f3s, los queremos, vamos a volver de alguna manera\u201d, a\u00f1adi\u00f3. Donald Trump inici\u00f3 este mi\u00e9rcoles su salida de la Casa Blanca en su \u00faltimo d\u00eda como mandatario, con un viaje a Florida con el que evitar\u00e1 estar presente en la ceremonia de investidura de su sucesor, el dem\u00f3crata Joe Biden. El magnate republicano partir\u00e1 hacia [&hellip;]\" \/>\n<meta property=\"og:url\" content=\"http:\/\/minutocerord.com\/?p=2667\" \/>\n<meta property=\"og:site_name\" content=\"Minuto Cero RD\" \/>\n<meta property=\"article:publisher\" content=\"https:\/\/www.facebook.com\/Genofnotes\" \/>\n<meta property=\"article:author\" content=\"https:\/\/www.facebook.com\/Genofnotes\" \/>\n<meta property=\"article:published_time\" content=\"2021-01-20T15:12:07+00:00\" \/>\n<meta property=\"article:modified_time\" content=\"2021-01-20T15:13:54+00:00\" \/>\n<meta property=\"og:image\" content=\"https:\/\/i0.wp.com\/minutocerord.com\/wp-content\/uploads\/2021\/01\/zzzzzzzzzzzzzzzzzz.jpg?fit=768%2C512\" \/>\n\t<meta property=\"og:image:width\" content=\"768\" \/>\n\t<meta property=\"og:image:height\" content=\"512\" \/>\n\t<meta property=\"og:image:type\" content=\"image\/jpeg\" \/>\n<meta name=\"author\" content=\"Genof\u00f3ntes Urb\u00e1ez\" \/>\n<meta name=\"twitter:card\" content=\"summary_large_image\" \/>\n<meta name=\"twitter:label1\" content=\"Written by\" \/>\n\t<meta name=\"twitter:data1\" content=\"Genof\u00f3ntes Urb\u00e1ez\" \/>\n\t<meta name=\"twitter:label2\" content=\"Est. reading time\" \/>\n\t<meta name=\"twitter:data2\" content=\"2 minutos\" \/>\n<script type=\"application\/ld+json\" class=\"yoast-schema-graph\">{\"@context\":\"https:\\\/\\\/schema.org\",\"@graph\":[{\"@type\":\"Article\",\"@id\":\"http:\\\/\\\/minutocerord.com\\\/?p=2667#article\",\"isPartOf\":{\"@id\":\"http:\\\/\\\/minutocerord.com\\\/?p=2667\"},\"author\":{\"name\":\"Genof\u00f3ntes Urb\u00e1ez\",\"@id\":\"https:\\\/\\\/minutocerord.com\\\/#\\\/schema\\\/person\\\/60b5372d60aaa0a5171fb6488be9aee6\"},\"headline\":\"EE.UU: Donald Trump dej\u00f3 la Casa Blanca y prometi\u00f3 \u201cVamos a volver\u201d\",\"datePublished\":\"2021-01-20T15:12:07+00:00\",\"dateModified\":\"2021-01-20T15:13:54+00:00\",\"mainEntityOfPage\":{\"@id\":\"http:\\\/\\\/minutocerord.com\\\/?p=2667\"},\"wordCount\":336,\"commentCount\":0,\"publisher\":{\"@id\":\"https:\\\/\\\/minutocerord.com\\\/#\\\/schema\\\/person\\\/60b5372d60aaa0a5171fb6488be9aee6\"},\"image\":{\"@id\":\"http:\\\/\\\/minutocerord.com\\\/?p=2667#primaryimage\"},\"thumbnailUrl\":\"https:\\\/\\\/i0.wp.com\\\/minutocerord.com\\\/wp-content\\\/uploads\\\/2021\\\/01\\\/zzzzzzzzzzzzzzzzzz.jpg?fit=768%2C512&ssl=1\",\"articleSection\":[\"Estados Unidos\"],\"inLanguage\":\"es-DO\",\"potentialAction\":[{\"@type\":\"CommentAction\",\"name\":\"Comment\",\"target\":[\"http:\\\/\\\/minutocerord.com\\\/?p=2667#respond\"]}]},{\"@type\":\"WebPage\",\"@id\":\"http:\\\/\\\/minutocerord.com\\\/?p=2667\",\"url\":\"http:\\\/\\\/minutocerord.com\\\/?p=2667\",\"name\":\"EE.UU: Donald Trump dej\u00f3 la Casa Blanca y prometi\u00f3 \u201cVamos a volver\u201d - Minuto Cero RD\",\"isPartOf\":{\"@id\":\"https:\\\/\\\/minutocerord.com\\\/#website\"},\"primaryImageOfPage\":{\"@id\":\"http:\\\/\\\/minutocerord.com\\\/?p=2667#primaryimage\"},\"image\":{\"@id\":\"http:\\\/\\\/minutocerord.com\\\/?p=2667#primaryimage\"},\"thumbnailUrl\":\"https:\\\/\\\/i0.wp.com\\\/minutocerord.com\\\/wp-content\\\/uploads\\\/2021\\\/01\\\/zzzzzzzzzzzzzzzzzz.jpg?fit=768%2C512&ssl=1\",\"datePublished\":\"2021-01-20T15:12:07+00:00\",\"dateModified\":\"2021-01-20T15:13:54+00:00\",\"breadcrumb\":{\"@id\":\"http:\\\/\\\/minutocerord.com\\\/?p=2667#breadcrumb\"},\"inLanguage\":\"es-DO\",\"potentialAction\":[{\"@type\":\"ReadAction\",\"target\":[\"http:\\\/\\\/minutocerord.com\\\/?p=2667\"]}]},{\"@type\":\"ImageObject\",\"inLanguage\":\"es-DO\",\"@id\":\"http:\\\/\\\/minutocerord.com\\\/?p=2667#primaryimage\",\"url\":\"https:\\\/\\\/i0.wp.com\\\/minutocerord.com\\\/wp-content\\\/uploads\\\/2021\\\/01\\\/zzzzzzzzzzzzzzzzzz.jpg?fit=768%2C512&ssl=1\",\"contentUrl\":\"https:\\\/\\\/i0.wp.com\\\/minutocerord.com\\\/wp-content\\\/uploads\\\/2021\\\/01\\\/zzzzzzzzzzzzzzzzzz.jpg?fit=768%2C512&ssl=1\",\"width\":768,\"height\":512},{\"@type\":\"BreadcrumbList\",\"@id\":\"http:\\\/\\\/minutocerord.com\\\/?p=2667#breadcrumb\",\"itemListElement\":[{\"@type\":\"ListItem\",\"position\":1,\"name\":\"Home\",\"item\":\"https:\\\/\\\/minutocerord.com\\\/\"},{\"@type\":\"ListItem\",\"position\":2,\"name\":\"EE.UU: Donald Trump dej\u00f3 la Casa Blanca y prometi\u00f3 \u201cVamos a volver\u201d\"}]},{\"@type\":\"WebSite\",\"@id\":\"https:\\\/\\\/minutocerord.com\\\/#website\",\"url\":\"https:\\\/\\\/minutocerord.com\\\/\",\"name\":\"Minuto Cero RD\",\"description\":\"Periodismo serio y veraz\",\"publisher\":{\"@id\":\"https:\\\/\\\/minutocerord.com\\\/#\\\/schema\\\/person\\\/60b5372d60aaa0a5171fb6488be9aee6\"},\"potentialAction\":[{\"@type\":\"SearchAction\",\"target\":{\"@type\":\"EntryPoint\",\"urlTemplate\":\"https:\\\/\\\/minutocerord.com\\\/?s={search_term_string}\"},\"query-input\":{\"@type\":\"PropertyValueSpecification\",\"valueRequired\":true,\"valueName\":\"search_term_string\"}}],\"inLanguage\":\"es-DO\"},{\"@type\":[\"Person\",\"Organization\"],\"@id\":\"https:\\\/\\\/minutocerord.com\\\/#\\\/schema\\\/person\\\/60b5372d60aaa0a5171fb6488be9aee6\",\"name\":\"Genof\u00f3ntes Urb\u00e1ez\",\"image\":{\"@type\":\"ImageObject\",\"inLanguage\":\"es-DO\",\"@id\":\"https:\\\/\\\/secure.gravatar.com\\\/avatar\\\/a49ef3186a692098ac3e8a1612261e3ad70cf9e44553dff2929e67939a0ecb9d?s=96&d=identicon&r=g\",\"url\":\"https:\\\/\\\/secure.gravatar.com\\\/avatar\\\/a49ef3186a692098ac3e8a1612261e3ad70cf9e44553dff2929e67939a0ecb9d?s=96&d=identicon&r=g\",\"contentUrl\":\"https:\\\/\\\/secure.gravatar.com\\\/avatar\\\/a49ef3186a692098ac3e8a1612261e3ad70cf9e44553dff2929e67939a0ecb9d?s=96&d=identicon&r=g\",\"caption\":\"Genof\u00f3ntes Urb\u00e1ez\"},\"logo\":{\"@id\":\"https:\\\/\\\/secure.gravatar.com\\\/avatar\\\/a49ef3186a692098ac3e8a1612261e3ad70cf9e44553dff2929e67939a0ecb9d?s=96&d=identicon&r=g\"},\"description\":\"Periodista \\\/ Locutor\",\"sameAs\":[\"https:\\\/\\\/www.facebook.com\\\/Genofnotes\",\"https:\\\/\\\/www.instagram.com\\\/genofnotes\\\/\"]}]}<\/script>\n<!-- \/ Yoast SEO plugin. -->","yoast_head_json":{"title":"EE.UU: Donald Trump dej\u00f3 la Casa Blanca y prometi\u00f3 \u201cVamos a volver\u201d - Minuto Cero RD","robots":{"index":"index","follow":"follow","max-snippet":"max-snippet:-1","max-image-preview":"max-image-preview:large","max-video-preview":"max-video-preview:-1"},"canonical":"http:\/\/minutocerord.com\/?p=2667","og_locale":"es_ES","og_type":"article","og_title":"EE.UU: Donald Trump dej\u00f3 la Casa Blanca y prometi\u00f3 \u201cVamos a volver\u201d - Minuto Cero RD","og_description":"Adi\u00f3s, los queremos, vamos a volver de alguna manera\u201d, a\u00f1adi\u00f3. Donald Trump inici\u00f3 este mi\u00e9rcoles su salida de la Casa Blanca en su \u00faltimo d\u00eda como mandatario, con un viaje a Florida con el que evitar\u00e1 estar presente en la ceremonia de investidura de su sucesor, el dem\u00f3crata Joe Biden. El magnate republicano partir\u00e1 hacia [&hellip;]","og_url":"http:\/\/minutocerord.com\/?p=2667","og_site_name":"Minuto Cero RD","article_publisher":"https:\/\/www.facebook.com\/Genofnotes","article_author":"https:\/\/www.facebook.com\/Genofnotes","article_published_time":"2021-01-20T15:12:07+00:00","article_modified_time":"2021-01-20T15:13:54+00:00","og_image":[{"width":768,"height":512,"url":"https:\/\/i0.wp.com\/minutocerord.com\/wp-content\/uploads\/2021\/01\/zzzzzzzzzzzzzzzzzz.jpg?fit=768%2C512","type":"image\/jpeg"}],"author":"Genof\u00f3ntes Urb\u00e1ez","twitter_card":"summary_large_image","twitter_misc":{"Written by":"Genof\u00f3ntes Urb\u00e1ez","Est. reading time":"2 minutos"},"schema":{"@context":"https:\/\/schema.org","@graph":[{"@type":"Article","@id":"http:\/\/minutocerord.com\/?p=2667#article","isPartOf":{"@id":"http:\/\/minutocerord.com\/?p=2667"},"author":{"name":"Genof\u00f3ntes Urb\u00e1ez","@id":"https:\/\/minutocerord.com\/#\/schema\/person\/60b5372d60aaa0a5171fb6488be9aee6"},"headline":"EE.UU: Donald Trump dej\u00f3 la Casa Blanca y prometi\u00f3 \u201cVamos a volver\u201d","datePublished":"2021-01-20T15:12:07+00:00","dateModified":"2021-01-20T15:13:54+00:00","mainEntityOfPage":{"@id":"http:\/\/minutocerord.com\/?p=2667"},"wordCount":336,"commentCount":0,"publisher":{"@id":"https:\/\/minutocerord.com\/#\/schema\/person\/60b5372d60aaa0a5171fb6488be9aee6"},"image":{"@id":"http:\/\/minutocerord.com\/?p=2667#primaryimage"},"thumbnailUrl":"https:\/\/i0.wp.com\/minutocerord.com\/wp-content\/uploads\/2021\/01\/zzzzzzzzzzzzzzzzzz.jpg?fit=768%2C512&ssl=1","articleSection":["Estados Unidos"],"inLanguage":"es-DO","potentialAction":[{"@type":"CommentAction","name":"Comment","target":["http:\/\/minutocerord.com\/?p=2667#respond"]}]},{"@type":"WebPage","@id":"http:\/\/minutocerord.com\/?p=2667","url":"http:\/\/minutocerord.com\/?p=2667","name":"EE.UU: Donald Trump dej\u00f3 la Casa Blanca y prometi\u00f3 \u201cVamos a volver\u201d - Minuto Cero RD","isPartOf":{"@id":"https:\/\/minutocerord.com\/#website"},"primaryImageOfPage":{"@id":"http:\/\/minutocerord.com\/?p=2667#primaryimage"},"image":{"@id":"http:\/\/minutocerord.com\/?p=2667#primaryimage"},"thumbnailUrl":"https:\/\/i0.wp.com\/minutocerord.com\/wp-content\/uploads\/2021\/01\/zzzzzzzzzzzzzzzzzz.jpg?fit=768%2C512&ssl=1","datePublished":"2021-01-20T15:12:07+00:00","dateModified":"2021-01-20T15:13:54+00:00","breadcrumb":{"@id":"http:\/\/minutocerord.com\/?p=2667#breadcrumb"},"inLanguage":"es-DO","potentialAction":[{"@type":"ReadAction","target":["http:\/\/minutocerord.com\/?p=2667"]}]},{"@type":"ImageObject","inLanguage":"es-DO","@id":"http:\/\/minutocerord.com\/?p=2667#primaryimage","url":"https:\/\/i0.wp.com\/minutocerord.com\/wp-content\/uploads\/2021\/01\/zzzzzzzzzzzzzzzzzz.jpg?fit=768%2C512&ssl=1","contentUrl":"https:\/\/i0.wp.com\/minutocerord.com\/wp-content\/uploads\/2021\/01\/zzzzzzzzzzzzzzzzzz.jpg?fit=768%2C512&ssl=1","width":768,"height":512},{"@type":"BreadcrumbList","@id":"http:\/\/minutocerord.com\/?p=2667#breadcrumb","itemListElement":[{"@type":"ListItem","position":1,"name":"Home","item":"https:\/\/minutocerord.com\/"},{"@type":"ListItem","position":2,"name":"EE.UU: Donald Trump dej\u00f3 la Casa Blanca y prometi\u00f3 \u201cVamos a volver\u201d"}]},{"@type":"WebSite","@id":"https:\/\/minutocerord.com\/#website","url":"https:\/\/minutocerord.com\/","name":"Minuto Cero RD","description":"Periodismo serio y veraz","publisher":{"@id":"https:\/\/minutocerord.com\/#\/schema\/person\/60b5372d60aaa0a5171fb6488be9aee6"},"potentialAction":[{"@type":"SearchAction","target":{"@type":"EntryPoint","urlTemplate":"https:\/\/minutocerord.com\/?s={search_term_string}"},"query-input":{"@type":"PropertyValueSpecification","valueRequired":true,"valueName":"search_term_string"}}],"inLanguage":"es-DO"},{"@type":["Person","Organization"],"@id":"https:\/\/minutocerord.com\/#\/schema\/person\/60b5372d60aaa0a5171fb6488be9aee6","name":"Genof\u00f3ntes Urb\u00e1ez","image":{"@type":"ImageObject","inLanguage":"es-DO","@id":"https:\/\/secure.gravatar.com\/avatar\/a49ef3186a692098ac3e8a1612261e3ad70cf9e44553dff2929e67939a0ecb9d?s=96&d=identicon&r=g","url":"https:\/\/secure.gravatar.com\/avatar\/a49ef3186a692098ac3e8a1612261e3ad70cf9e44553dff2929e67939a0ecb9d?s=96&d=identicon&r=g","contentUrl":"https:\/\/secure.gravatar.com\/avatar\/a49ef3186a692098ac3e8a1612261e3ad70cf9e44553dff2929e67939a0ecb9d?s=96&d=identicon&r=g","caption":"Genof\u00f3ntes Urb\u00e1ez"},"logo":{"@id":"https:\/\/secure.gravatar.com\/avatar\/a49ef3186a692098ac3e8a1612261e3ad70cf9e44553dff2929e67939a0ecb9d?s=96&d=identicon&r=g"},"description":"Periodista \/ Locutor","sameAs":["https:\/\/www.facebook.com\/Genofnotes","https:\/\/www.instagram.com\/genofnotes\/"]}]}},"jetpack_publicize_connections":[],"jetpack_featured_media_url":"https:\/\/i0.wp.com\/minutocerord.com\/wp-content\/uploads\/2021\/01\/zzzzzzzzzzzzzzzzzz.jpg?fit=768%2C512&ssl=1","jetpack-related-posts":[],"jetpack_sharing_enabled":true,"_links":{"self":[{"href":"https:\/\/minutocerord.com\/index.php?rest_route=\/wp\/v2\/posts\/2667","targetHints":{"allow":["GET"]}}],"collection":[{"href":"https:\/\/minutocerord.com\/index.php?rest_route=\/wp\/v2\/posts"}],"about":[{"href":"https:\/\/minutocerord.com\/index.php?rest_route=\/wp\/v2\/types\/post"}],"author":[{"embeddable":true,"href":"https:\/\/minutocerord.com\/index.php?rest_route=\/wp\/v2\/users\/1"}],"replies":[{"embeddable":true,"href":"https:\/\/minutocerord.com\/index.php?rest_route=%2Fwp%2Fv2%2Fcomments&post=2667"}],"version-history":[{"count":2,"href":"https:\/\/minutocerord.com\/index.php?rest_route=\/wp\/v2\/posts\/2667\/revisions"}],"predecessor-version":[{"id":2670,"href":"https:\/\/minutocerord.com\/index.php?rest_route=\/wp\/v2\/posts\/2667\/revisions\/2670"}],"wp:featuredmedia":[{"embeddable":true,"href":"https:\/\/minutocerord.com\/index.php?rest_route=\/wp\/v2\/media\/2668"}],"wp:attachment":[{"href":"https:\/\/minutocerord.com\/index.php?rest_route=%2Fwp%2Fv2%2Fmedia&parent=2667"}],"wp:term":[{"taxonomy":"category","embeddable":true,"href":"https:\/\/minutocerord.com\/index.php?rest_route=%2Fwp%2Fv2%2Fcategories&post=2667"},{"taxonomy":"post_tag","embeddable":true,"href":"https:\/\/minutocerord.com\/index.php?rest_route=%2Fwp%2Fv2%2Ftags&post=2667"}],"curies":[{"name":"wp","href":"https:\/\/api.w.org\/{rel}","templated":true}]}}