{"id":27108,"date":"2026-08-31T00:09:13","date_gmt":"2026-08-31T04:09:13","guid":{"rendered":"https:\/\/minutocerord.com\/?p=27108"},"modified":"2026-08-31T00:21:18","modified_gmt":"2026-08-31T04:21:18","slug":"entretenimiento-pequenos-grandes-talentos-ivan-ruiz-y-la-obra-solidaria-de-la-television-dominicana","status":"publish","type":"post","link":"https:\/\/minutocerord.com\/?p=27108","title":{"rendered":"ENTRETENIMIENTO | Peque\u00f1os Grandes Talentos: Iv\u00e1n Ruiz y la obra solidaria de la televisi\u00f3n dominicana"},"content":{"rendered":"\n<p class=\"wp-block-paragraph\">\"<strong>Un proyecto cultural que transforma vidas infantiles con apoyo de Los \u00c1ngeles Solidarios<\/strong>\"<\/p>\n\n\n\n<p class=\"wp-block-paragraph\"><strong>SANTO DOMINGO, RD.-<\/strong> \u201cPeque\u00f1os Grandes Talentos\u201d se ha convertido en el reality infantil m\u00e1s influyente de la televisi\u00f3n dominicana. Bajo la producci\u00f3n de Iv\u00e1n Ruiz y el respaldo de Color Visi\u00f3n, canal 9, el programa ha sostenido nueve temporadas consecutivas, consolid\u00e1ndose como una plataforma de movilidad social y cultural. Lo que naci\u00f3 como un segmento dentro de <em>El Show del Mediod\u00eda<\/em> evolucion\u00f3 hasta convertirse en un espacio independiente, con identidad propia y un impacto que trasciende la pantalla.<\/p>\n\n\n<div class=\"wp-block-image\">\n<figure class=\"alignright size-full is-resized\"><img data-recalc-dims=\"1\" loading=\"lazy\" decoding=\"async\" width=\"474\" height=\"360\" src=\"https:\/\/i0.wp.com\/minutocerord.com\/wp-content\/uploads\/2026\/08\/OIP-14.webp?resize=474%2C360&#038;ssl=1\" alt=\"\" class=\"wp-image-27114\" style=\"aspect-ratio:1.3166804114761925;width:296px;height:auto\" srcset=\"https:\/\/i0.wp.com\/minutocerord.com\/wp-content\/uploads\/2026\/08\/OIP-14.webp?w=474&amp;ssl=1 474w, https:\/\/i0.wp.com\/minutocerord.com\/wp-content\/uploads\/2026\/08\/OIP-14.webp?resize=79%2C60&amp;ssl=1 79w, https:\/\/i0.wp.com\/minutocerord.com\/wp-content\/uploads\/2026\/08\/OIP-14.webp?resize=98%2C74&amp;ssl=1 98w, https:\/\/i0.wp.com\/minutocerord.com\/wp-content\/uploads\/2026\/08\/OIP-14.webp?resize=177%2C134&amp;ssl=1 177w, https:\/\/i0.wp.com\/minutocerord.com\/wp-content\/uploads\/2026\/08\/OIP-14.webp?resize=300%2C228&amp;ssl=1 300w, https:\/\/i0.wp.com\/minutocerord.com\/wp-content\/uploads\/2026\/08\/OIP-14.webp?resize=234%2C178&amp;ssl=1 234w, https:\/\/i0.wp.com\/minutocerord.com\/wp-content\/uploads\/2026\/08\/OIP-14.webp?resize=210%2C159&amp;ssl=1 210w, https:\/\/i0.wp.com\/minutocerord.com\/wp-content\/uploads\/2026\/08\/OIP-14.webp?resize=260%2C197&amp;ssl=1 260w, https:\/\/i0.wp.com\/minutocerord.com\/wp-content\/uploads\/2026\/08\/OIP-14.webp?resize=299%2C227&amp;ssl=1 299w, https:\/\/i0.wp.com\/minutocerord.com\/wp-content\/uploads\/2026\/08\/OIP-14.webp?resize=255%2C194&amp;ssl=1 255w, https:\/\/i0.wp.com\/minutocerord.com\/wp-content\/uploads\/2026\/08\/OIP-14.webp?resize=289%2C219&amp;ssl=1 289w, https:\/\/i0.wp.com\/minutocerord.com\/wp-content\/uploads\/2026\/08\/OIP-14.webp?resize=460%2C349&amp;ssl=1 460w, https:\/\/i0.wp.com\/minutocerord.com\/wp-content\/uploads\/2026\/08\/OIP-14.webp?resize=340%2C258&amp;ssl=1 340w\" sizes=\"auto, (max-width: 474px) 100vw, 474px\" \/><figcaption class=\"wp-element-caption\"><strong>IVAN RUIZ<\/strong><\/figcaption><\/figure>\n<\/div>\n\n\n<p class=\"wp-block-paragraph\">La visi\u00f3n de Iv\u00e1n Ruiz ha sido clara: no se trata \u00fanicamente de premiar a los ni\u00f1os que participan, sino de acompa\u00f1arlos en su desarrollo humano y art\u00edstico. Por eso, adem\u00e1s de premios en efectivo y becas escolares, el programa ofrece producci\u00f3n profesional de canciones, contratos art\u00edsticos y viajes internacionales. En la novena temporada se introdujo un autob\u00fas itinerante que lleva a los participantes a misiones comunitarias y ecol\u00f3gicas, reforzando valores y demostrando que el talento va de la mano con la formaci\u00f3n integral.<\/p>\n\n\n\n<p class=\"wp-block-paragraph\">Cada programa de esta novena temporada ha sido un desfile de emociones y talento. Desde las voces infantiles que interpretaron baladas y rancheras, hasta el virtuosismo de j\u00f3venes m\u00fasicos y bailarines, cada presentaci\u00f3n toc\u00f3 el coraz\u00f3n de la audiencia. Ver a estos ni\u00f1os en escena, con tanta entrega y pasi\u00f3n, agu\u00f3 los ojos de muchos televidentes, confirmando que el arte es tambi\u00e9n un veh\u00edculo de esperanza.<\/p>\n\n\n\n<p class=\"wp-block-paragraph\">Los ganadores han dejado huella. En la octava temporada, celebrada en 2025, David Ferreira, Nelson Torres, Karen de la Paz y Valery Beato compartieron el primer lugar con un empate hist\u00f3rico de 30 puntos, recibiendo producci\u00f3n musical, contratos en plataformas juveniles y un viaje todo incluido. En la novena temporada, en 2026, el pianista Luis Justo se coron\u00f3 campe\u00f3n con una interpretaci\u00f3n de Chopin que le vali\u00f3 la m\u00e1xima puntuaci\u00f3n. El segundo lugar fue para Elio G\u00f3mez, \u201cEl Rancherito\u201d de Nagua, y el tercero para Sebasti\u00e1n P\u00e9rez. Todos recibieron premios que superaron el mill\u00f3n de pesos, incluyendo becas, viajes y contratos art\u00edsticos.<\/p>\n\n\n\n<p class=\"wp-block-paragraph\">El impacto del programa se refleja en historias como la de Keren Montero, quien gracias a su participaci\u00f3n obtuvo una beca en Berklee College of Music, demostrando que la plataforma abre puertas reales al futuro de sus talentos.<\/p>\n\n\n\n<p class=\"wp-block-paragraph\">Un elemento que distingue a \u201cPeque\u00f1os Grandes Talentos\u201d es la presencia de <strong>Los \u00c1ngeles Solidarios<\/strong>, figuras y empresas que se suman al proyecto para aportar recursos, becas y apoyo log\u00edstico. Gracias a ellos, muchos de los premios y oportunidades se hacen posibles, convirtiendo el programa en una verdadera obra de solidaridad nacional. Sin ese respaldo, la magnitud de los beneficios entregados a los ni\u00f1os ser\u00eda imposible de sostener.<\/p>\n\n\n\n<p class=\"wp-block-paragraph\">La producci\u00f3n, liderada por Iv\u00e1n Ruiz y su equipo creativo, ha demostrado que la televisi\u00f3n puede ser m\u00e1s que entretenimiento: puede ser un veh\u00edculo de transformaci\u00f3n social. Cada domingo, el pa\u00eds se conecta con un espacio donde la ni\u00f1ez es celebrada y el talento se convierte en esperanza.<\/p>\n\n\n\n<p class=\"wp-block-paragraph\"><strong>\"<em>Gracias, la gloria es de Dios: porque cada ni\u00f1o que sube al escenario nos recuerda que el talento es un don divino y la solidaridad, su mejor compa\u00f1\u00eda\".<\/em> -GU-<\/strong><\/p>\n\n\n\n<p class=\"wp-block-paragraph\"><strong>Por Genof\u00f3ntes Urb\u00e1ez &#8211; Minuto Cero RD<\/strong><\/p>\n","protected":false},"excerpt":{"rendered":"<p>\"Un proyecto cultural que transforma vidas infantiles con apoyo de Los \u00c1ngeles Solidarios\" SANTO DOMINGO, RD.- \u201cPeque\u00f1os Grandes Talentos\u201d se ha convertido en el reality infantil m\u00e1s influyente de la televisi\u00f3n dominicana. Bajo la producci\u00f3n de Iv\u00e1n Ruiz y el respaldo de Color Visi\u00f3n, canal 9, el programa ha sostenido nueve temporadas consecutivas, consolid\u00e1ndose como [&hellip;]<\/p>\n","protected":false},"author":1,"featured_media":27111,"comment_status":"open","ping_status":"open","sticky":false,"template":"","format":"standard","meta":{"_jetpack_newsletter_access":"","_jetpack_dont_email_post_to_subs":false,"_jetpack_newsletter_tier_id":0,"_jetpack_memberships_contains_paywalled_content":false,"_jetpack_feature_clip_id":0,"_jetpack_memberships_contains_paid_content":false,"footnotes":"","jetpack_publicize_message":"","jetpack_publicize_feature_enabled":true,"jetpack_social_post_already_shared":true,"jetpack_social_options":{"image_generator_settings":{"template":"highway","default_image_id":0,"font":"","enabled":false},"version":2},"jetpack_post_was_ever_published":false},"categories":[68],"tags":[],"class_list":["post-27108","post","type-post","status-publish","format-standard","has-post-thumbnail","hentry","category-entretenimiento"],"yoast_head":"<!-- This site is optimized with the Yoast SEO plugin v28.3 - https:\/\/yoast.com\/product\/yoast-seo-wordpress\/ -->\n<title>ENTRETENIMIENTO | Peque\u00f1os Grandes Talentos: Iv\u00e1n Ruiz y la obra solidaria de la televisi\u00f3n dominicana - Minuto Cero RD<\/title>\n<meta name=\"robots\" content=\"index, follow, max-snippet:-1, max-image-preview:large, max-video-preview:-1\" \/>\n<link rel=\"canonical\" href=\"https:\/\/minutocerord.com\/?p=27108\" \/>\n<meta property=\"og:locale\" content=\"es_ES\" \/>\n<meta property=\"og:type\" content=\"article\" \/>\n<meta property=\"og:title\" content=\"ENTRETENIMIENTO | Peque\u00f1os Grandes Talentos: Iv\u00e1n Ruiz y la obra solidaria de la televisi\u00f3n dominicana - Minuto Cero RD\" \/>\n<meta property=\"og:description\" content=\"&quot;Un proyecto cultural que transforma vidas infantiles con apoyo de Los \u00c1ngeles Solidarios&quot; SANTO DOMINGO, RD.- \u201cPeque\u00f1os Grandes Talentos\u201d se ha convertido en el reality infantil m\u00e1s influyente de la televisi\u00f3n dominicana. Bajo la producci\u00f3n de Iv\u00e1n Ruiz y el respaldo de Color Visi\u00f3n, canal 9, el programa ha sostenido nueve temporadas consecutivas, consolid\u00e1ndose como [&hellip;]\" \/>\n<meta property=\"og:url\" content=\"https:\/\/minutocerord.com\/?p=27108\" \/>\n<meta property=\"og:site_name\" content=\"Minuto Cero RD\" \/>\n<meta property=\"article:publisher\" content=\"https:\/\/www.facebook.com\/Genofnotes\" \/>\n<meta property=\"article:author\" content=\"https:\/\/www.facebook.com\/Genofnotes\" \/>\n<meta property=\"article:published_time\" content=\"2026-08-31T04:09:13+00:00\" \/>\n<meta property=\"article:modified_time\" content=\"2026-08-31T04:21:18+00:00\" \/>\n<meta property=\"og:image\" content=\"http:\/\/minutocerord.com\/wp-content\/uploads\/2026\/08\/MV5BNDRiYTBiODItYTI2Ni00YzU1LWEwNTUtMWQxNDQ4MGFjMGQzXkEyXkFqcGc@._V1_-3.jpg\" \/>\n\t<meta property=\"og:image:width\" content=\"909\" \/>\n\t<meta property=\"og:image:height\" content=\"706\" \/>\n\t<meta property=\"og:image:type\" content=\"image\/jpeg\" \/>\n<meta name=\"author\" content=\"Genof\u00f3ntes Urb\u00e1ez\" \/>\n<meta name=\"twitter:card\" content=\"summary_large_image\" \/>\n<meta name=\"twitter:label1\" content=\"Written by\" \/>\n\t<meta name=\"twitter:data1\" content=\"Genof\u00f3ntes Urb\u00e1ez\" \/>\n\t<meta name=\"twitter:label2\" content=\"Est. reading time\" \/>\n\t<meta name=\"twitter:data2\" content=\"3 minutos\" \/>\n<script type=\"application\/ld+json\" class=\"yoast-schema-graph\">{\"@context\":\"https:\\\/\\\/schema.org\",\"@graph\":[{\"@type\":\"Article\",\"@id\":\"https:\\\/\\\/minutocerord.com\\\/?p=27108#article\",\"isPartOf\":{\"@id\":\"https:\\\/\\\/minutocerord.com\\\/?p=27108\"},\"author\":{\"name\":\"Genof\u00f3ntes Urb\u00e1ez\",\"@id\":\"https:\\\/\\\/minutocerord.com\\\/#\\\/schema\\\/person\\\/60b5372d60aaa0a5171fb6488be9aee6\"},\"headline\":\"ENTRETENIMIENTO | Peque\u00f1os Grandes Talentos: Iv\u00e1n Ruiz y la obra solidaria de la televisi\u00f3n dominicana\",\"datePublished\":\"2026-08-31T04:09:13+00:00\",\"dateModified\":\"2026-08-31T04:21:18+00:00\",\"mainEntityOfPage\":{\"@id\":\"https:\\\/\\\/minutocerord.com\\\/?p=27108\"},\"wordCount\":604,\"commentCount\":0,\"publisher\":{\"@id\":\"https:\\\/\\\/minutocerord.com\\\/#\\\/schema\\\/person\\\/60b5372d60aaa0a5171fb6488be9aee6\"},\"image\":{\"@id\":\"https:\\\/\\\/minutocerord.com\\\/?p=27108#primaryimage\"},\"thumbnailUrl\":\"https:\\\/\\\/i0.wp.com\\\/minutocerord.com\\\/wp-content\\\/uploads\\\/2026\\\/08\\\/MV5BNDRiYTBiODItYTI2Ni00YzU1LWEwNTUtMWQxNDQ4MGFjMGQzXkEyXkFqcGc%40._V1_-3.jpg?fit=909%2C706&ssl=1\",\"articleSection\":[\"Entretenimiento\"],\"inLanguage\":\"es-DO\",\"potentialAction\":[{\"@type\":\"CommentAction\",\"name\":\"Comment\",\"target\":[\"https:\\\/\\\/minutocerord.com\\\/?p=27108#respond\"]}]},{\"@type\":\"WebPage\",\"@id\":\"https:\\\/\\\/minutocerord.com\\\/?p=27108\",\"url\":\"https:\\\/\\\/minutocerord.com\\\/?p=27108\",\"name\":\"ENTRETENIMIENTO | Peque\u00f1os Grandes Talentos: Iv\u00e1n Ruiz y la obra solidaria de la televisi\u00f3n dominicana - Minuto Cero RD\",\"isPartOf\":{\"@id\":\"https:\\\/\\\/minutocerord.com\\\/#website\"},\"primaryImageOfPage\":{\"@id\":\"https:\\\/\\\/minutocerord.com\\\/?p=27108#primaryimage\"},\"image\":{\"@id\":\"https:\\\/\\\/minutocerord.com\\\/?p=27108#primaryimage\"},\"thumbnailUrl\":\"https:\\\/\\\/i0.wp.com\\\/minutocerord.com\\\/wp-content\\\/uploads\\\/2026\\\/08\\\/MV5BNDRiYTBiODItYTI2Ni00YzU1LWEwNTUtMWQxNDQ4MGFjMGQzXkEyXkFqcGc%40._V1_-3.jpg?fit=909%2C706&ssl=1\",\"datePublished\":\"2026-08-31T04:09:13+00:00\",\"dateModified\":\"2026-08-31T04:21:18+00:00\",\"breadcrumb\":{\"@id\":\"https:\\\/\\\/minutocerord.com\\\/?p=27108#breadcrumb\"},\"inLanguage\":\"es-DO\",\"potentialAction\":[{\"@type\":\"ReadAction\",\"target\":[\"https:\\\/\\\/minutocerord.com\\\/?p=27108\"]}]},{\"@type\":\"ImageObject\",\"inLanguage\":\"es-DO\",\"@id\":\"https:\\\/\\\/minutocerord.com\\\/?p=27108#primaryimage\",\"url\":\"https:\\\/\\\/i0.wp.com\\\/minutocerord.com\\\/wp-content\\\/uploads\\\/2026\\\/08\\\/MV5BNDRiYTBiODItYTI2Ni00YzU1LWEwNTUtMWQxNDQ4MGFjMGQzXkEyXkFqcGc%40._V1_-3.jpg?fit=909%2C706&ssl=1\",\"contentUrl\":\"https:\\\/\\\/i0.wp.com\\\/minutocerord.com\\\/wp-content\\\/uploads\\\/2026\\\/08\\\/MV5BNDRiYTBiODItYTI2Ni00YzU1LWEwNTUtMWQxNDQ4MGFjMGQzXkEyXkFqcGc%40._V1_-3.jpg?fit=909%2C706&ssl=1\",\"width\":909,\"height\":706},{\"@type\":\"BreadcrumbList\",\"@id\":\"https:\\\/\\\/minutocerord.com\\\/?p=27108#breadcrumb\",\"itemListElement\":[{\"@type\":\"ListItem\",\"position\":1,\"name\":\"Home\",\"item\":\"https:\\\/\\\/minutocerord.com\\\/\"},{\"@type\":\"ListItem\",\"position\":2,\"name\":\"ENTRETENIMIENTO | Peque\u00f1os Grandes Talentos: Iv\u00e1n Ruiz y la obra solidaria de la televisi\u00f3n dominicana\"}]},{\"@type\":\"WebSite\",\"@id\":\"https:\\\/\\\/minutocerord.com\\\/#website\",\"url\":\"https:\\\/\\\/minutocerord.com\\\/\",\"name\":\"Minuto Cero RD\",\"description\":\"Periodismo serio y veraz\",\"publisher\":{\"@id\":\"https:\\\/\\\/minutocerord.com\\\/#\\\/schema\\\/person\\\/60b5372d60aaa0a5171fb6488be9aee6\"},\"potentialAction\":[{\"@type\":\"SearchAction\",\"target\":{\"@type\":\"EntryPoint\",\"urlTemplate\":\"https:\\\/\\\/minutocerord.com\\\/?s={search_term_string}\"},\"query-input\":{\"@type\":\"PropertyValueSpecification\",\"valueRequired\":true,\"valueName\":\"search_term_string\"}}],\"inLanguage\":\"es-DO\"},{\"@type\":[\"Person\",\"Organization\"],\"@id\":\"https:\\\/\\\/minutocerord.com\\\/#\\\/schema\\\/person\\\/60b5372d60aaa0a5171fb6488be9aee6\",\"name\":\"Genof\u00f3ntes Urb\u00e1ez\",\"image\":{\"@type\":\"ImageObject\",\"inLanguage\":\"es-DO\",\"@id\":\"https:\\\/\\\/secure.gravatar.com\\\/avatar\\\/a49ef3186a692098ac3e8a1612261e3ad70cf9e44553dff2929e67939a0ecb9d?s=96&d=identicon&r=g\",\"url\":\"https:\\\/\\\/secure.gravatar.com\\\/avatar\\\/a49ef3186a692098ac3e8a1612261e3ad70cf9e44553dff2929e67939a0ecb9d?s=96&d=identicon&r=g\",\"contentUrl\":\"https:\\\/\\\/secure.gravatar.com\\\/avatar\\\/a49ef3186a692098ac3e8a1612261e3ad70cf9e44553dff2929e67939a0ecb9d?s=96&d=identicon&r=g\",\"caption\":\"Genof\u00f3ntes Urb\u00e1ez\"},\"logo\":{\"@id\":\"https:\\\/\\\/secure.gravatar.com\\\/avatar\\\/a49ef3186a692098ac3e8a1612261e3ad70cf9e44553dff2929e67939a0ecb9d?s=96&d=identicon&r=g\"},\"description\":\"Periodista \\\/ Locutor\",\"sameAs\":[\"https:\\\/\\\/www.facebook.com\\\/Genofnotes\",\"https:\\\/\\\/www.instagram.com\\\/genofnotes\\\/\"]}]}<\/script>\n<!-- \/ Yoast SEO plugin. -->","yoast_head_json":{"title":"ENTRETENIMIENTO | Peque\u00f1os Grandes Talentos: Iv\u00e1n Ruiz y la obra solidaria de la televisi\u00f3n dominicana - Minuto Cero RD","robots":{"index":"index","follow":"follow","max-snippet":"max-snippet:-1","max-image-preview":"max-image-preview:large","max-video-preview":"max-video-preview:-1"},"canonical":"https:\/\/minutocerord.com\/?p=27108","og_locale":"es_ES","og_type":"article","og_title":"ENTRETENIMIENTO | Peque\u00f1os Grandes Talentos: Iv\u00e1n Ruiz y la obra solidaria de la televisi\u00f3n dominicana - Minuto Cero RD","og_description":"\"Un proyecto cultural que transforma vidas infantiles con apoyo de Los \u00c1ngeles Solidarios\" SANTO DOMINGO, RD.- \u201cPeque\u00f1os Grandes Talentos\u201d se ha convertido en el reality infantil m\u00e1s influyente de la televisi\u00f3n dominicana. Bajo la producci\u00f3n de Iv\u00e1n Ruiz y el respaldo de Color Visi\u00f3n, canal 9, el programa ha sostenido nueve temporadas consecutivas, consolid\u00e1ndose como [&hellip;]","og_url":"https:\/\/minutocerord.com\/?p=27108","og_site_name":"Minuto Cero RD","article_publisher":"https:\/\/www.facebook.com\/Genofnotes","article_author":"https:\/\/www.facebook.com\/Genofnotes","article_published_time":"2026-08-31T04:09:13+00:00","article_modified_time":"2026-08-31T04:21:18+00:00","og_image":[{"width":909,"height":706,"url":"http:\/\/minutocerord.com\/wp-content\/uploads\/2026\/08\/MV5BNDRiYTBiODItYTI2Ni00YzU1LWEwNTUtMWQxNDQ4MGFjMGQzXkEyXkFqcGc@._V1_-3.jpg","type":"image\/jpeg"}],"author":"Genof\u00f3ntes Urb\u00e1ez","twitter_card":"summary_large_image","twitter_misc":{"Written by":"Genof\u00f3ntes Urb\u00e1ez","Est. reading time":"3 minutos"},"schema":{"@context":"https:\/\/schema.org","@graph":[{"@type":"Article","@id":"https:\/\/minutocerord.com\/?p=27108#article","isPartOf":{"@id":"https:\/\/minutocerord.com\/?p=27108"},"author":{"name":"Genof\u00f3ntes Urb\u00e1ez","@id":"https:\/\/minutocerord.com\/#\/schema\/person\/60b5372d60aaa0a5171fb6488be9aee6"},"headline":"ENTRETENIMIENTO | Peque\u00f1os Grandes Talentos: Iv\u00e1n Ruiz y la obra solidaria de la televisi\u00f3n dominicana","datePublished":"2026-08-31T04:09:13+00:00","dateModified":"2026-08-31T04:21:18+00:00","mainEntityOfPage":{"@id":"https:\/\/minutocerord.com\/?p=27108"},"wordCount":604,"commentCount":0,"publisher":{"@id":"https:\/\/minutocerord.com\/#\/schema\/person\/60b5372d60aaa0a5171fb6488be9aee6"},"image":{"@id":"https:\/\/minutocerord.com\/?p=27108#primaryimage"},"thumbnailUrl":"https:\/\/i0.wp.com\/minutocerord.com\/wp-content\/uploads\/2026\/08\/MV5BNDRiYTBiODItYTI2Ni00YzU1LWEwNTUtMWQxNDQ4MGFjMGQzXkEyXkFqcGc%40._V1_-3.jpg?fit=909%2C706&ssl=1","articleSection":["Entretenimiento"],"inLanguage":"es-DO","potentialAction":[{"@type":"CommentAction","name":"Comment","target":["https:\/\/minutocerord.com\/?p=27108#respond"]}]},{"@type":"WebPage","@id":"https:\/\/minutocerord.com\/?p=27108","url":"https:\/\/minutocerord.com\/?p=27108","name":"ENTRETENIMIENTO | Peque\u00f1os Grandes Talentos: Iv\u00e1n Ruiz y la obra solidaria de la televisi\u00f3n dominicana - Minuto Cero RD","isPartOf":{"@id":"https:\/\/minutocerord.com\/#website"},"primaryImageOfPage":{"@id":"https:\/\/minutocerord.com\/?p=27108#primaryimage"},"image":{"@id":"https:\/\/minutocerord.com\/?p=27108#primaryimage"},"thumbnailUrl":"https:\/\/i0.wp.com\/minutocerord.com\/wp-content\/uploads\/2026\/08\/MV5BNDRiYTBiODItYTI2Ni00YzU1LWEwNTUtMWQxNDQ4MGFjMGQzXkEyXkFqcGc%40._V1_-3.jpg?fit=909%2C706&ssl=1","datePublished":"2026-08-31T04:09:13+00:00","dateModified":"2026-08-31T04:21:18+00:00","breadcrumb":{"@id":"https:\/\/minutocerord.com\/?p=27108#breadcrumb"},"inLanguage":"es-DO","potentialAction":[{"@type":"ReadAction","target":["https:\/\/minutocerord.com\/?p=27108"]}]},{"@type":"ImageObject","inLanguage":"es-DO","@id":"https:\/\/minutocerord.com\/?p=27108#primaryimage","url":"https:\/\/i0.wp.com\/minutocerord.com\/wp-content\/uploads\/2026\/08\/MV5BNDRiYTBiODItYTI2Ni00YzU1LWEwNTUtMWQxNDQ4MGFjMGQzXkEyXkFqcGc%40._V1_-3.jpg?fit=909%2C706&ssl=1","contentUrl":"https:\/\/i0.wp.com\/minutocerord.com\/wp-content\/uploads\/2026\/08\/MV5BNDRiYTBiODItYTI2Ni00YzU1LWEwNTUtMWQxNDQ4MGFjMGQzXkEyXkFqcGc%40._V1_-3.jpg?fit=909%2C706&ssl=1","width":909,"height":706},{"@type":"BreadcrumbList","@id":"https:\/\/minutocerord.com\/?p=27108#breadcrumb","itemListElement":[{"@type":"ListItem","position":1,"name":"Home","item":"https:\/\/minutocerord.com\/"},{"@type":"ListItem","position":2,"name":"ENTRETENIMIENTO | Peque\u00f1os Grandes Talentos: Iv\u00e1n Ruiz y la obra solidaria de la televisi\u00f3n dominicana"}]},{"@type":"WebSite","@id":"https:\/\/minutocerord.com\/#website","url":"https:\/\/minutocerord.com\/","name":"Minuto Cero RD","description":"Periodismo serio y veraz","publisher":{"@id":"https:\/\/minutocerord.com\/#\/schema\/person\/60b5372d60aaa0a5171fb6488be9aee6"},"potentialAction":[{"@type":"SearchAction","target":{"@type":"EntryPoint","urlTemplate":"https:\/\/minutocerord.com\/?s={search_term_string}"},"query-input":{"@type":"PropertyValueSpecification","valueRequired":true,"valueName":"search_term_string"}}],"inLanguage":"es-DO"},{"@type":["Person","Organization"],"@id":"https:\/\/minutocerord.com\/#\/schema\/person\/60b5372d60aaa0a5171fb6488be9aee6","name":"Genof\u00f3ntes Urb\u00e1ez","image":{"@type":"ImageObject","inLanguage":"es-DO","@id":"https:\/\/secure.gravatar.com\/avatar\/a49ef3186a692098ac3e8a1612261e3ad70cf9e44553dff2929e67939a0ecb9d?s=96&d=identicon&r=g","url":"https:\/\/secure.gravatar.com\/avatar\/a49ef3186a692098ac3e8a1612261e3ad70cf9e44553dff2929e67939a0ecb9d?s=96&d=identicon&r=g","contentUrl":"https:\/\/secure.gravatar.com\/avatar\/a49ef3186a692098ac3e8a1612261e3ad70cf9e44553dff2929e67939a0ecb9d?s=96&d=identicon&r=g","caption":"Genof\u00f3ntes Urb\u00e1ez"},"logo":{"@id":"https:\/\/secure.gravatar.com\/avatar\/a49ef3186a692098ac3e8a1612261e3ad70cf9e44553dff2929e67939a0ecb9d?s=96&d=identicon&r=g"},"description":"Periodista \/ Locutor","sameAs":["https:\/\/www.facebook.com\/Genofnotes","https:\/\/www.instagram.com\/genofnotes\/"]}]}},"jetpack_publicize_connections":[],"jetpack-related-posts":[],"jetpack_sharing_enabled":true,"jetpack_featured_media_url":"https:\/\/i0.wp.com\/minutocerord.com\/wp-content\/uploads\/2026\/08\/MV5BNDRiYTBiODItYTI2Ni00YzU1LWEwNTUtMWQxNDQ4MGFjMGQzXkEyXkFqcGc%40._V1_-3.jpg?fit=909%2C706&ssl=1","_links":{"self":[{"href":"https:\/\/minutocerord.com\/index.php?rest_route=\/wp\/v2\/posts\/27108","targetHints":{"allow":["GET"]}}],"collection":[{"href":"https:\/\/minutocerord.com\/index.php?rest_route=\/wp\/v2\/posts"}],"about":[{"href":"https:\/\/minutocerord.com\/index.php?rest_route=\/wp\/v2\/types\/post"}],"author":[{"embeddable":true,"href":"https:\/\/minutocerord.com\/index.php?rest_route=\/wp\/v2\/users\/1"}],"replies":[{"embeddable":true,"href":"https:\/\/minutocerord.com\/index.php?rest_route=%2Fwp%2Fv2%2Fcomments&post=27108"}],"version-history":[{"count":2,"href":"https:\/\/minutocerord.com\/index.php?rest_route=\/wp\/v2\/posts\/27108\/revisions"}],"predecessor-version":[{"id":27115,"href":"https:\/\/minutocerord.com\/index.php?rest_route=\/wp\/v2\/posts\/27108\/revisions\/27115"}],"wp:featuredmedia":[{"embeddable":true,"href":"https:\/\/minutocerord.com\/index.php?rest_route=\/wp\/v2\/media\/27111"}],"wp:attachment":[{"href":"https:\/\/minutocerord.com\/index.php?rest_route=%2Fwp%2Fv2%2Fmedia&parent=27108"}],"wp:term":[{"taxonomy":"category","embeddable":true,"href":"https:\/\/minutocerord.com\/index.php?rest_route=%2Fwp%2Fv2%2Fcategories&post=27108"},{"taxonomy":"post_tag","embeddable":true,"href":"https:\/\/minutocerord.com\/index.php?rest_route=%2Fwp%2Fv2%2Ftags&post=27108"}],"curies":[{"name":"wp","href":"https:\/\/api.w.org\/{rel}","templated":true}]}}