{"id":305,"date":"2020-11-04T00:23:06","date_gmt":"2020-11-04T04:23:06","guid":{"rendered":"https:\/\/minutocerord.com\/?p=305"},"modified":"2020-11-04T00:51:35","modified_gmt":"2020-11-04T04:51:35","slug":"haiti-policias-rebeldes-protagonizan-nueva-jornada-de-protestas-callejeras","status":"publish","type":"post","link":"https:\/\/minutocerord.com\/?p=305","title":{"rendered":"HAITI: Polic\u00edas rebeldes protagonizan nueva jornada de protestas callejeras"},"content":{"rendered":"\n<p>Puerto\u00a0Pr\u00edncipe, Hait\u00ed.-El grupo Fantom 509 protagoniz\u00f3 este lunes una jornada de protestas en la capital de Hait\u00ed, con reclamos como la renuncia del director general de la Polic\u00eda y el fin de la inseguridad.\u00a0<\/p>\n\n\n\n<p>Sin previo aviso, los agentes tomaron las calles de Puerto Pr\u00edncipe, en especial la comuna de Delmas, desfilaron con motocicletas, y obligaron el cierre de los comercios, mientras disparaban al aire.\u00a0Entre las principales demandas figura la dimisi\u00f3n de Normil Rameu, director de la fuerza policial, y del inspector general, Herv\u00e9 Julien.\u00a0Tambi\u00e9n piden la reducci\u00f3n del clima de inseguridad, en particular el fen\u00f3meno del secuestro, y un aumento a 25 mil gourdes (poco m\u00e1s de 400 d\u00f3lares) de las tarjetas de d\u00e9bito.\u00a0\u00abLa polic\u00eda est\u00e1 dando a las autoridades competentes cinco d\u00edas para satisfacer estas demandas, de lo contrario el movimiento se intensificar\u00e1\u00bb, advirti\u00f3 uno de los encapuchados.<\/p>\n\n\n\n<p>\u00a0En Delmas 24, los manifestantes saludaron la memoria de Evelyne Sinc\u00c3\u00bfre, una joven estudiante asesinada por su captores, luego de pedir cerca de 100 mil d\u00f3lares por el rescate. Se inclinaron y guardaron un minuto de silencio en solidaridad con sus familiares, aseguraron.\u00a0Las jornadas de movilizaci\u00f3n de este gremio se intensificaron en el \u00faltimo a\u00f1o y alcanzaron tintes violentos. En septiembre pasado protestas de Fantom 509, matizadas por la quema de veh\u00edculos estatales y el saqueo de instituciones gubernamentales, lograron la excarcelaci\u00f3n de varios polic\u00edas.\u00a0Mientras, el gobierno que los calific\u00f3 de c\u00e9lula terrorista a mediados de a\u00f1o, asegur\u00f3 recientemente, que los actos de \u00abbandidaje\u00bb tienen como prop\u00f3sito aterrorizar a la poblaci\u00f3n.\u00a0Fantom 509, por su parte, amenaz\u00f3 con agudizar su movimiento si las autoridades no cumples sus reclamos.\u00a0<\/p>\n","protected":false},"excerpt":{"rendered":"<p>Puerto\u00a0Pr\u00edncipe, Hait\u00ed.-El grupo Fantom 509 protagoniz\u00f3 este lunes una jornada de protestas en la capital de Hait\u00ed, con reclamos como la renuncia del director general de la Polic\u00eda y el fin de la inseguridad.\u00a0 Sin previo aviso, los agentes tomaron las calles de Puerto Pr\u00edncipe, en especial la comuna de Delmas, desfilaron con motocicletas, y [&hellip;]<\/p>\n","protected":false},"author":1,"featured_media":306,"comment_status":"open","ping_status":"open","sticky":false,"template":"","format":"standard","meta":{"nf_dc_page":"","jetpack_post_was_ever_published":false,"_jetpack_newsletter_access":"","_jetpack_dont_email_post_to_subs":false,"_jetpack_newsletter_tier_id":0,"_jetpack_memberships_contains_paywalled_content":false,"_jetpack_memberships_contains_paid_content":false,"footnotes":"","jetpack_publicize_message":"","jetpack_publicize_feature_enabled":true,"jetpack_social_post_already_shared":false,"jetpack_social_options":{"image_generator_settings":{"template":"highway","default_image_id":0,"font":"","enabled":false},"version":2}},"categories":[75,66],"tags":[],"class_list":["post-305","post","type-post","status-publish","format-standard","has-post-thumbnail","hentry","category-haiti","category-internacionales"],"yoast_head":"<!-- This site is optimized with the Yoast SEO plugin v27.4 - https:\/\/yoast.com\/product\/yoast-seo-wordpress\/ -->\n<title>HAITI: Polic\u00edas rebeldes protagonizan nueva jornada de protestas callejeras - Minuto Cero RD<\/title>\n<meta name=\"robots\" content=\"index, follow, max-snippet:-1, max-image-preview:large, max-video-preview:-1\" \/>\n<link rel=\"canonical\" href=\"http:\/\/minutocerord.com\/?p=305\" \/>\n<meta property=\"og:locale\" content=\"es_ES\" \/>\n<meta property=\"og:type\" content=\"article\" \/>\n<meta property=\"og:title\" content=\"HAITI: Polic\u00edas rebeldes protagonizan nueva jornada de protestas callejeras - Minuto Cero RD\" \/>\n<meta property=\"og:description\" content=\"Puerto\u00a0Pr\u00edncipe, Hait\u00ed.-El grupo Fantom 509 protagoniz\u00f3 este lunes una jornada de protestas en la capital de Hait\u00ed, con reclamos como la renuncia del director general de la Polic\u00eda y el fin de la inseguridad.\u00a0 Sin previo aviso, los agentes tomaron las calles de Puerto Pr\u00edncipe, en especial la comuna de Delmas, desfilaron con motocicletas, y [&hellip;]\" \/>\n<meta property=\"og:url\" content=\"http:\/\/minutocerord.com\/?p=305\" \/>\n<meta property=\"og:site_name\" content=\"Minuto Cero RD\" \/>\n<meta property=\"article:publisher\" content=\"https:\/\/www.facebook.com\/Genofnotes\" \/>\n<meta property=\"article:author\" content=\"https:\/\/www.facebook.com\/Genofnotes\" \/>\n<meta property=\"article:published_time\" content=\"2020-11-04T04:23:06+00:00\" \/>\n<meta property=\"article:modified_time\" content=\"2020-11-04T04:51:35+00:00\" \/>\n<meta property=\"og:image\" content=\"https:\/\/i0.wp.com\/minutocerord.com\/wp-content\/uploads\/2020\/11\/Policias-de-Haiti-hicieron-disparos-al-aire-durante-su-protesta..jpg?fit=681%2C413\" \/>\n\t<meta property=\"og:image:width\" content=\"681\" \/>\n\t<meta property=\"og:image:height\" content=\"413\" \/>\n\t<meta property=\"og:image:type\" content=\"image\/jpeg\" \/>\n<meta name=\"author\" content=\"Genof\u00f3ntes Urb\u00e1ez\" \/>\n<meta name=\"twitter:card\" content=\"summary_large_image\" \/>\n<meta name=\"twitter:label1\" content=\"Written by\" \/>\n\t<meta name=\"twitter:data1\" content=\"Genof\u00f3ntes Urb\u00e1ez\" \/>\n\t<meta name=\"twitter:label2\" content=\"Est. reading time\" \/>\n\t<meta name=\"twitter:data2\" content=\"1 minuto\" \/>\n<script type=\"application\/ld+json\" class=\"yoast-schema-graph\">{\"@context\":\"https:\\\/\\\/schema.org\",\"@graph\":[{\"@type\":\"Article\",\"@id\":\"http:\\\/\\\/minutocerord.com\\\/?p=305#article\",\"isPartOf\":{\"@id\":\"http:\\\/\\\/minutocerord.com\\\/?p=305\"},\"author\":{\"name\":\"Genof\u00f3ntes Urb\u00e1ez\",\"@id\":\"https:\\\/\\\/minutocerord.com\\\/#\\\/schema\\\/person\\\/60b5372d60aaa0a5171fb6488be9aee6\"},\"headline\":\"HAITI: Polic\u00edas rebeldes protagonizan nueva jornada de protestas callejeras\",\"datePublished\":\"2020-11-04T04:23:06+00:00\",\"dateModified\":\"2020-11-04T04:51:35+00:00\",\"mainEntityOfPage\":{\"@id\":\"http:\\\/\\\/minutocerord.com\\\/?p=305\"},\"wordCount\":301,\"commentCount\":0,\"publisher\":{\"@id\":\"https:\\\/\\\/minutocerord.com\\\/#\\\/schema\\\/person\\\/60b5372d60aaa0a5171fb6488be9aee6\"},\"image\":{\"@id\":\"http:\\\/\\\/minutocerord.com\\\/?p=305#primaryimage\"},\"thumbnailUrl\":\"https:\\\/\\\/i0.wp.com\\\/minutocerord.com\\\/wp-content\\\/uploads\\\/2020\\\/11\\\/Policias-de-Haiti-hicieron-disparos-al-aire-durante-su-protesta..jpg?fit=681%2C413&ssl=1\",\"articleSection\":[\"Hait\u00ed\",\"Internacionales\"],\"inLanguage\":\"es-DO\",\"potentialAction\":[{\"@type\":\"CommentAction\",\"name\":\"Comment\",\"target\":[\"http:\\\/\\\/minutocerord.com\\\/?p=305#respond\"]}]},{\"@type\":\"WebPage\",\"@id\":\"http:\\\/\\\/minutocerord.com\\\/?p=305\",\"url\":\"http:\\\/\\\/minutocerord.com\\\/?p=305\",\"name\":\"HAITI: Polic\u00edas rebeldes protagonizan nueva jornada de protestas callejeras - Minuto Cero RD\",\"isPartOf\":{\"@id\":\"https:\\\/\\\/minutocerord.com\\\/#website\"},\"primaryImageOfPage\":{\"@id\":\"http:\\\/\\\/minutocerord.com\\\/?p=305#primaryimage\"},\"image\":{\"@id\":\"http:\\\/\\\/minutocerord.com\\\/?p=305#primaryimage\"},\"thumbnailUrl\":\"https:\\\/\\\/i0.wp.com\\\/minutocerord.com\\\/wp-content\\\/uploads\\\/2020\\\/11\\\/Policias-de-Haiti-hicieron-disparos-al-aire-durante-su-protesta..jpg?fit=681%2C413&ssl=1\",\"datePublished\":\"2020-11-04T04:23:06+00:00\",\"dateModified\":\"2020-11-04T04:51:35+00:00\",\"breadcrumb\":{\"@id\":\"http:\\\/\\\/minutocerord.com\\\/?p=305#breadcrumb\"},\"inLanguage\":\"es-DO\",\"potentialAction\":[{\"@type\":\"ReadAction\",\"target\":[\"http:\\\/\\\/minutocerord.com\\\/?p=305\"]}]},{\"@type\":\"ImageObject\",\"inLanguage\":\"es-DO\",\"@id\":\"http:\\\/\\\/minutocerord.com\\\/?p=305#primaryimage\",\"url\":\"https:\\\/\\\/i0.wp.com\\\/minutocerord.com\\\/wp-content\\\/uploads\\\/2020\\\/11\\\/Policias-de-Haiti-hicieron-disparos-al-aire-durante-su-protesta..jpg?fit=681%2C413&ssl=1\",\"contentUrl\":\"https:\\\/\\\/i0.wp.com\\\/minutocerord.com\\\/wp-content\\\/uploads\\\/2020\\\/11\\\/Policias-de-Haiti-hicieron-disparos-al-aire-durante-su-protesta..jpg?fit=681%2C413&ssl=1\",\"width\":681,\"height\":413},{\"@type\":\"BreadcrumbList\",\"@id\":\"http:\\\/\\\/minutocerord.com\\\/?p=305#breadcrumb\",\"itemListElement\":[{\"@type\":\"ListItem\",\"position\":1,\"name\":\"Home\",\"item\":\"https:\\\/\\\/minutocerord.com\\\/\"},{\"@type\":\"ListItem\",\"position\":2,\"name\":\"HAITI: Polic\u00edas rebeldes protagonizan nueva jornada de protestas callejeras\"}]},{\"@type\":\"WebSite\",\"@id\":\"https:\\\/\\\/minutocerord.com\\\/#website\",\"url\":\"https:\\\/\\\/minutocerord.com\\\/\",\"name\":\"Minuto Cero RD\",\"description\":\"Periodismo serio y veraz\",\"publisher\":{\"@id\":\"https:\\\/\\\/minutocerord.com\\\/#\\\/schema\\\/person\\\/60b5372d60aaa0a5171fb6488be9aee6\"},\"potentialAction\":[{\"@type\":\"SearchAction\",\"target\":{\"@type\":\"EntryPoint\",\"urlTemplate\":\"https:\\\/\\\/minutocerord.com\\\/?s={search_term_string}\"},\"query-input\":{\"@type\":\"PropertyValueSpecification\",\"valueRequired\":true,\"valueName\":\"search_term_string\"}}],\"inLanguage\":\"es-DO\"},{\"@type\":[\"Person\",\"Organization\"],\"@id\":\"https:\\\/\\\/minutocerord.com\\\/#\\\/schema\\\/person\\\/60b5372d60aaa0a5171fb6488be9aee6\",\"name\":\"Genof\u00f3ntes Urb\u00e1ez\",\"image\":{\"@type\":\"ImageObject\",\"inLanguage\":\"es-DO\",\"@id\":\"https:\\\/\\\/secure.gravatar.com\\\/avatar\\\/a49ef3186a692098ac3e8a1612261e3ad70cf9e44553dff2929e67939a0ecb9d?s=96&d=identicon&r=g\",\"url\":\"https:\\\/\\\/secure.gravatar.com\\\/avatar\\\/a49ef3186a692098ac3e8a1612261e3ad70cf9e44553dff2929e67939a0ecb9d?s=96&d=identicon&r=g\",\"contentUrl\":\"https:\\\/\\\/secure.gravatar.com\\\/avatar\\\/a49ef3186a692098ac3e8a1612261e3ad70cf9e44553dff2929e67939a0ecb9d?s=96&d=identicon&r=g\",\"caption\":\"Genof\u00f3ntes Urb\u00e1ez\"},\"logo\":{\"@id\":\"https:\\\/\\\/secure.gravatar.com\\\/avatar\\\/a49ef3186a692098ac3e8a1612261e3ad70cf9e44553dff2929e67939a0ecb9d?s=96&d=identicon&r=g\"},\"description\":\"Periodista \\\/ Locutor\",\"sameAs\":[\"https:\\\/\\\/www.facebook.com\\\/Genofnotes\",\"https:\\\/\\\/www.instagram.com\\\/genofnotes\\\/\"]}]}<\/script>\n<!-- \/ Yoast SEO plugin. -->","yoast_head_json":{"title":"HAITI: Polic\u00edas rebeldes protagonizan nueva jornada de protestas callejeras - Minuto Cero RD","robots":{"index":"index","follow":"follow","max-snippet":"max-snippet:-1","max-image-preview":"max-image-preview:large","max-video-preview":"max-video-preview:-1"},"canonical":"http:\/\/minutocerord.com\/?p=305","og_locale":"es_ES","og_type":"article","og_title":"HAITI: Polic\u00edas rebeldes protagonizan nueva jornada de protestas callejeras - Minuto Cero RD","og_description":"Puerto\u00a0Pr\u00edncipe, Hait\u00ed.-El grupo Fantom 509 protagoniz\u00f3 este lunes una jornada de protestas en la capital de Hait\u00ed, con reclamos como la renuncia del director general de la Polic\u00eda y el fin de la inseguridad.\u00a0 Sin previo aviso, los agentes tomaron las calles de Puerto Pr\u00edncipe, en especial la comuna de Delmas, desfilaron con motocicletas, y [&hellip;]","og_url":"http:\/\/minutocerord.com\/?p=305","og_site_name":"Minuto Cero RD","article_publisher":"https:\/\/www.facebook.com\/Genofnotes","article_author":"https:\/\/www.facebook.com\/Genofnotes","article_published_time":"2020-11-04T04:23:06+00:00","article_modified_time":"2020-11-04T04:51:35+00:00","og_image":[{"width":681,"height":413,"url":"https:\/\/i0.wp.com\/minutocerord.com\/wp-content\/uploads\/2020\/11\/Policias-de-Haiti-hicieron-disparos-al-aire-durante-su-protesta..jpg?fit=681%2C413","type":"image\/jpeg"}],"author":"Genof\u00f3ntes Urb\u00e1ez","twitter_card":"summary_large_image","twitter_misc":{"Written by":"Genof\u00f3ntes Urb\u00e1ez","Est. reading time":"1 minuto"},"schema":{"@context":"https:\/\/schema.org","@graph":[{"@type":"Article","@id":"http:\/\/minutocerord.com\/?p=305#article","isPartOf":{"@id":"http:\/\/minutocerord.com\/?p=305"},"author":{"name":"Genof\u00f3ntes Urb\u00e1ez","@id":"https:\/\/minutocerord.com\/#\/schema\/person\/60b5372d60aaa0a5171fb6488be9aee6"},"headline":"HAITI: Polic\u00edas rebeldes protagonizan nueva jornada de protestas callejeras","datePublished":"2020-11-04T04:23:06+00:00","dateModified":"2020-11-04T04:51:35+00:00","mainEntityOfPage":{"@id":"http:\/\/minutocerord.com\/?p=305"},"wordCount":301,"commentCount":0,"publisher":{"@id":"https:\/\/minutocerord.com\/#\/schema\/person\/60b5372d60aaa0a5171fb6488be9aee6"},"image":{"@id":"http:\/\/minutocerord.com\/?p=305#primaryimage"},"thumbnailUrl":"https:\/\/i0.wp.com\/minutocerord.com\/wp-content\/uploads\/2020\/11\/Policias-de-Haiti-hicieron-disparos-al-aire-durante-su-protesta..jpg?fit=681%2C413&ssl=1","articleSection":["Hait\u00ed","Internacionales"],"inLanguage":"es-DO","potentialAction":[{"@type":"CommentAction","name":"Comment","target":["http:\/\/minutocerord.com\/?p=305#respond"]}]},{"@type":"WebPage","@id":"http:\/\/minutocerord.com\/?p=305","url":"http:\/\/minutocerord.com\/?p=305","name":"HAITI: Polic\u00edas rebeldes protagonizan nueva jornada de protestas callejeras - Minuto Cero RD","isPartOf":{"@id":"https:\/\/minutocerord.com\/#website"},"primaryImageOfPage":{"@id":"http:\/\/minutocerord.com\/?p=305#primaryimage"},"image":{"@id":"http:\/\/minutocerord.com\/?p=305#primaryimage"},"thumbnailUrl":"https:\/\/i0.wp.com\/minutocerord.com\/wp-content\/uploads\/2020\/11\/Policias-de-Haiti-hicieron-disparos-al-aire-durante-su-protesta..jpg?fit=681%2C413&ssl=1","datePublished":"2020-11-04T04:23:06+00:00","dateModified":"2020-11-04T04:51:35+00:00","breadcrumb":{"@id":"http:\/\/minutocerord.com\/?p=305#breadcrumb"},"inLanguage":"es-DO","potentialAction":[{"@type":"ReadAction","target":["http:\/\/minutocerord.com\/?p=305"]}]},{"@type":"ImageObject","inLanguage":"es-DO","@id":"http:\/\/minutocerord.com\/?p=305#primaryimage","url":"https:\/\/i0.wp.com\/minutocerord.com\/wp-content\/uploads\/2020\/11\/Policias-de-Haiti-hicieron-disparos-al-aire-durante-su-protesta..jpg?fit=681%2C413&ssl=1","contentUrl":"https:\/\/i0.wp.com\/minutocerord.com\/wp-content\/uploads\/2020\/11\/Policias-de-Haiti-hicieron-disparos-al-aire-durante-su-protesta..jpg?fit=681%2C413&ssl=1","width":681,"height":413},{"@type":"BreadcrumbList","@id":"http:\/\/minutocerord.com\/?p=305#breadcrumb","itemListElement":[{"@type":"ListItem","position":1,"name":"Home","item":"https:\/\/minutocerord.com\/"},{"@type":"ListItem","position":2,"name":"HAITI: Polic\u00edas rebeldes protagonizan nueva jornada de protestas callejeras"}]},{"@type":"WebSite","@id":"https:\/\/minutocerord.com\/#website","url":"https:\/\/minutocerord.com\/","name":"Minuto Cero RD","description":"Periodismo serio y veraz","publisher":{"@id":"https:\/\/minutocerord.com\/#\/schema\/person\/60b5372d60aaa0a5171fb6488be9aee6"},"potentialAction":[{"@type":"SearchAction","target":{"@type":"EntryPoint","urlTemplate":"https:\/\/minutocerord.com\/?s={search_term_string}"},"query-input":{"@type":"PropertyValueSpecification","valueRequired":true,"valueName":"search_term_string"}}],"inLanguage":"es-DO"},{"@type":["Person","Organization"],"@id":"https:\/\/minutocerord.com\/#\/schema\/person\/60b5372d60aaa0a5171fb6488be9aee6","name":"Genof\u00f3ntes Urb\u00e1ez","image":{"@type":"ImageObject","inLanguage":"es-DO","@id":"https:\/\/secure.gravatar.com\/avatar\/a49ef3186a692098ac3e8a1612261e3ad70cf9e44553dff2929e67939a0ecb9d?s=96&d=identicon&r=g","url":"https:\/\/secure.gravatar.com\/avatar\/a49ef3186a692098ac3e8a1612261e3ad70cf9e44553dff2929e67939a0ecb9d?s=96&d=identicon&r=g","contentUrl":"https:\/\/secure.gravatar.com\/avatar\/a49ef3186a692098ac3e8a1612261e3ad70cf9e44553dff2929e67939a0ecb9d?s=96&d=identicon&r=g","caption":"Genof\u00f3ntes Urb\u00e1ez"},"logo":{"@id":"https:\/\/secure.gravatar.com\/avatar\/a49ef3186a692098ac3e8a1612261e3ad70cf9e44553dff2929e67939a0ecb9d?s=96&d=identicon&r=g"},"description":"Periodista \/ Locutor","sameAs":["https:\/\/www.facebook.com\/Genofnotes","https:\/\/www.instagram.com\/genofnotes\/"]}]}},"jetpack_publicize_connections":[],"jetpack_featured_media_url":"https:\/\/i0.wp.com\/minutocerord.com\/wp-content\/uploads\/2020\/11\/Policias-de-Haiti-hicieron-disparos-al-aire-durante-su-protesta..jpg?fit=681%2C413&ssl=1","jetpack-related-posts":[],"jetpack_sharing_enabled":true,"_links":{"self":[{"href":"https:\/\/minutocerord.com\/index.php?rest_route=\/wp\/v2\/posts\/305","targetHints":{"allow":["GET"]}}],"collection":[{"href":"https:\/\/minutocerord.com\/index.php?rest_route=\/wp\/v2\/posts"}],"about":[{"href":"https:\/\/minutocerord.com\/index.php?rest_route=\/wp\/v2\/types\/post"}],"author":[{"embeddable":true,"href":"https:\/\/minutocerord.com\/index.php?rest_route=\/wp\/v2\/users\/1"}],"replies":[{"embeddable":true,"href":"https:\/\/minutocerord.com\/index.php?rest_route=%2Fwp%2Fv2%2Fcomments&post=305"}],"version-history":[{"count":3,"href":"https:\/\/minutocerord.com\/index.php?rest_route=\/wp\/v2\/posts\/305\/revisions"}],"predecessor-version":[{"id":315,"href":"https:\/\/minutocerord.com\/index.php?rest_route=\/wp\/v2\/posts\/305\/revisions\/315"}],"wp:featuredmedia":[{"embeddable":true,"href":"https:\/\/minutocerord.com\/index.php?rest_route=\/wp\/v2\/media\/306"}],"wp:attachment":[{"href":"https:\/\/minutocerord.com\/index.php?rest_route=%2Fwp%2Fv2%2Fmedia&parent=305"}],"wp:term":[{"taxonomy":"category","embeddable":true,"href":"https:\/\/minutocerord.com\/index.php?rest_route=%2Fwp%2Fv2%2Fcategories&post=305"},{"taxonomy":"post_tag","embeddable":true,"href":"https:\/\/minutocerord.com\/index.php?rest_route=%2Fwp%2Fv2%2Ftags&post=305"}],"curies":[{"name":"wp","href":"https:\/\/api.w.org\/{rel}","templated":true}]}}