{"id":312,"date":"2020-11-04T00:45:46","date_gmt":"2020-11-04T04:45:46","guid":{"rendered":"https:\/\/minutocerord.com\/?p=312"},"modified":"2020-11-04T00:45:51","modified_gmt":"2020-11-04T04:45:51","slug":"este-miercoles-podrian-escoger-a-los-nuevos-miembros-junta-electoral-rd","status":"publish","type":"post","link":"https:\/\/minutocerord.com\/?p=312","title":{"rendered":"Este mi\u00e9rcoles podr\u00edan escoger a los nuevos miembros Junta Electoral RD"},"content":{"rendered":"\n<p>SANTO DOMINGO.- Este mi\u00e9rcoles el Senado tendr\u00eda conformada la nueva Junta Central Electoral (JCE), inform\u00f3 el presidente de la comisi\u00f3n que estudia esa escogencia, Ricardo De los Santos.<\/p>\n\n\n\n<p>Anunci\u00f3 que ya se ha hecho una preselecci\u00f3n de 30 postulantes a presidir ese \u00f3rgano electoral.<\/p>\n\n\n\n<p>\u201cLa Comisi\u00f3n Especial del Senado ya ha hecho una preselecci\u00f3n, por lo que este mi\u00e9rcoles es muy probable que tengamos una nueva Junta Central Electoral\u201d, indic\u00f3.<\/p>\n\n\n\n<p>De acuerdo a los informes, la comisi\u00f3n presentar\u00e1 cinco ternas con los mejores calificados para ser considerados como miembros de la JCE y cinco adicionales con candidatos a suplentes.<\/p>\n","protected":false},"excerpt":{"rendered":"<p>SANTO DOMINGO.- Este mi\u00e9rcoles el Senado tendr\u00eda conformada la nueva Junta Central Electoral (JCE), inform\u00f3 el presidente de la comisi\u00f3n que estudia esa escogencia, Ricardo De los Santos. Anunci\u00f3 que ya se ha hecho una preselecci\u00f3n de 30 postulantes a presidir ese \u00f3rgano electoral. \u201cLa Comisi\u00f3n Especial del Senado ya ha hecho una preselecci\u00f3n, por [&hellip;]<\/p>\n","protected":false},"author":1,"featured_media":313,"comment_status":"open","ping_status":"open","sticky":false,"template":"","format":"standard","meta":{"nf_dc_page":"","jetpack_post_was_ever_published":false,"_jetpack_newsletter_access":"","_jetpack_dont_email_post_to_subs":false,"_jetpack_newsletter_tier_id":0,"_jetpack_memberships_contains_paywalled_content":false,"_jetpack_memberships_contains_paid_content":false,"footnotes":"","jetpack_publicize_message":"","jetpack_publicize_feature_enabled":true,"jetpack_social_post_already_shared":false,"jetpack_social_options":{"image_generator_settings":{"template":"highway","default_image_id":0,"font":"","enabled":false},"version":2}},"categories":[65],"tags":[],"class_list":["post-312","post","type-post","status-publish","format-standard","has-post-thumbnail","hentry","category-nacionales"],"yoast_head":"<!-- This site is optimized with the Yoast SEO plugin v27.4 - https:\/\/yoast.com\/product\/yoast-seo-wordpress\/ -->\n<title>Este mi\u00e9rcoles podr\u00edan escoger a los nuevos miembros Junta Electoral RD - Minuto Cero RD<\/title>\n<meta name=\"robots\" content=\"index, follow, max-snippet:-1, max-image-preview:large, max-video-preview:-1\" \/>\n<link rel=\"canonical\" href=\"http:\/\/minutocerord.com\/?p=312\" \/>\n<meta property=\"og:locale\" content=\"es_ES\" \/>\n<meta property=\"og:type\" content=\"article\" \/>\n<meta property=\"og:title\" content=\"Este mi\u00e9rcoles podr\u00edan escoger a los nuevos miembros Junta Electoral RD - Minuto Cero RD\" \/>\n<meta property=\"og:description\" content=\"SANTO DOMINGO.- Este mi\u00e9rcoles el Senado tendr\u00eda conformada la nueva Junta Central Electoral (JCE), inform\u00f3 el presidente de la comisi\u00f3n que estudia esa escogencia, Ricardo De los Santos. Anunci\u00f3 que ya se ha hecho una preselecci\u00f3n de 30 postulantes a presidir ese \u00f3rgano electoral. \u201cLa Comisi\u00f3n Especial del Senado ya ha hecho una preselecci\u00f3n, por [&hellip;]\" \/>\n<meta property=\"og:url\" content=\"http:\/\/minutocerord.com\/?p=312\" \/>\n<meta property=\"og:site_name\" content=\"Minuto Cero RD\" \/>\n<meta property=\"article:publisher\" content=\"https:\/\/www.facebook.com\/Genofnotes\" \/>\n<meta property=\"article:author\" content=\"https:\/\/www.facebook.com\/Genofnotes\" \/>\n<meta property=\"article:published_time\" content=\"2020-11-04T04:45:46+00:00\" \/>\n<meta property=\"article:modified_time\" content=\"2020-11-04T04:45:51+00:00\" \/>\n<meta property=\"og:image\" content=\"https:\/\/i0.wp.com\/minutocerord.com\/wp-content\/uploads\/2020\/11\/Ricardo-de-los-Santos..jpg?fit=675%2C372\" \/>\n\t<meta property=\"og:image:width\" content=\"675\" \/>\n\t<meta property=\"og:image:height\" content=\"372\" \/>\n\t<meta property=\"og:image:type\" content=\"image\/jpeg\" \/>\n<meta name=\"author\" content=\"Genof\u00f3ntes Urb\u00e1ez\" \/>\n<meta name=\"twitter:card\" content=\"summary_large_image\" \/>\n<meta name=\"twitter:label1\" content=\"Written by\" \/>\n\t<meta name=\"twitter:data1\" content=\"Genof\u00f3ntes Urb\u00e1ez\" \/>\n\t<meta name=\"twitter:label2\" content=\"Est. reading time\" \/>\n\t<meta name=\"twitter:data2\" content=\"1 minuto\" \/>\n<script type=\"application\/ld+json\" class=\"yoast-schema-graph\">{\"@context\":\"https:\\\/\\\/schema.org\",\"@graph\":[{\"@type\":\"Article\",\"@id\":\"http:\\\/\\\/minutocerord.com\\\/?p=312#article\",\"isPartOf\":{\"@id\":\"http:\\\/\\\/minutocerord.com\\\/?p=312\"},\"author\":{\"name\":\"Genof\u00f3ntes Urb\u00e1ez\",\"@id\":\"https:\\\/\\\/minutocerord.com\\\/#\\\/schema\\\/person\\\/60b5372d60aaa0a5171fb6488be9aee6\"},\"headline\":\"Este mi\u00e9rcoles podr\u00edan escoger a los nuevos miembros Junta Electoral RD\",\"datePublished\":\"2020-11-04T04:45:46+00:00\",\"dateModified\":\"2020-11-04T04:45:51+00:00\",\"mainEntityOfPage\":{\"@id\":\"http:\\\/\\\/minutocerord.com\\\/?p=312\"},\"wordCount\":120,\"commentCount\":0,\"publisher\":{\"@id\":\"https:\\\/\\\/minutocerord.com\\\/#\\\/schema\\\/person\\\/60b5372d60aaa0a5171fb6488be9aee6\"},\"image\":{\"@id\":\"http:\\\/\\\/minutocerord.com\\\/?p=312#primaryimage\"},\"thumbnailUrl\":\"https:\\\/\\\/i0.wp.com\\\/minutocerord.com\\\/wp-content\\\/uploads\\\/2020\\\/11\\\/Ricardo-de-los-Santos..jpg?fit=675%2C372&ssl=1\",\"articleSection\":[\"Nacionales\"],\"inLanguage\":\"es-DO\",\"potentialAction\":[{\"@type\":\"CommentAction\",\"name\":\"Comment\",\"target\":[\"http:\\\/\\\/minutocerord.com\\\/?p=312#respond\"]}]},{\"@type\":\"WebPage\",\"@id\":\"http:\\\/\\\/minutocerord.com\\\/?p=312\",\"url\":\"http:\\\/\\\/minutocerord.com\\\/?p=312\",\"name\":\"Este mi\u00e9rcoles podr\u00edan escoger a los nuevos miembros Junta Electoral RD - Minuto Cero RD\",\"isPartOf\":{\"@id\":\"https:\\\/\\\/minutocerord.com\\\/#website\"},\"primaryImageOfPage\":{\"@id\":\"http:\\\/\\\/minutocerord.com\\\/?p=312#primaryimage\"},\"image\":{\"@id\":\"http:\\\/\\\/minutocerord.com\\\/?p=312#primaryimage\"},\"thumbnailUrl\":\"https:\\\/\\\/i0.wp.com\\\/minutocerord.com\\\/wp-content\\\/uploads\\\/2020\\\/11\\\/Ricardo-de-los-Santos..jpg?fit=675%2C372&ssl=1\",\"datePublished\":\"2020-11-04T04:45:46+00:00\",\"dateModified\":\"2020-11-04T04:45:51+00:00\",\"breadcrumb\":{\"@id\":\"http:\\\/\\\/minutocerord.com\\\/?p=312#breadcrumb\"},\"inLanguage\":\"es-DO\",\"potentialAction\":[{\"@type\":\"ReadAction\",\"target\":[\"http:\\\/\\\/minutocerord.com\\\/?p=312\"]}]},{\"@type\":\"ImageObject\",\"inLanguage\":\"es-DO\",\"@id\":\"http:\\\/\\\/minutocerord.com\\\/?p=312#primaryimage\",\"url\":\"https:\\\/\\\/i0.wp.com\\\/minutocerord.com\\\/wp-content\\\/uploads\\\/2020\\\/11\\\/Ricardo-de-los-Santos..jpg?fit=675%2C372&ssl=1\",\"contentUrl\":\"https:\\\/\\\/i0.wp.com\\\/minutocerord.com\\\/wp-content\\\/uploads\\\/2020\\\/11\\\/Ricardo-de-los-Santos..jpg?fit=675%2C372&ssl=1\",\"width\":675,\"height\":372},{\"@type\":\"BreadcrumbList\",\"@id\":\"http:\\\/\\\/minutocerord.com\\\/?p=312#breadcrumb\",\"itemListElement\":[{\"@type\":\"ListItem\",\"position\":1,\"name\":\"Home\",\"item\":\"https:\\\/\\\/minutocerord.com\\\/\"},{\"@type\":\"ListItem\",\"position\":2,\"name\":\"Este mi\u00e9rcoles podr\u00edan escoger a los nuevos miembros Junta Electoral RD\"}]},{\"@type\":\"WebSite\",\"@id\":\"https:\\\/\\\/minutocerord.com\\\/#website\",\"url\":\"https:\\\/\\\/minutocerord.com\\\/\",\"name\":\"Minuto Cero RD\",\"description\":\"Periodismo serio y veraz\",\"publisher\":{\"@id\":\"https:\\\/\\\/minutocerord.com\\\/#\\\/schema\\\/person\\\/60b5372d60aaa0a5171fb6488be9aee6\"},\"potentialAction\":[{\"@type\":\"SearchAction\",\"target\":{\"@type\":\"EntryPoint\",\"urlTemplate\":\"https:\\\/\\\/minutocerord.com\\\/?s={search_term_string}\"},\"query-input\":{\"@type\":\"PropertyValueSpecification\",\"valueRequired\":true,\"valueName\":\"search_term_string\"}}],\"inLanguage\":\"es-DO\"},{\"@type\":[\"Person\",\"Organization\"],\"@id\":\"https:\\\/\\\/minutocerord.com\\\/#\\\/schema\\\/person\\\/60b5372d60aaa0a5171fb6488be9aee6\",\"name\":\"Genof\u00f3ntes Urb\u00e1ez\",\"image\":{\"@type\":\"ImageObject\",\"inLanguage\":\"es-DO\",\"@id\":\"https:\\\/\\\/secure.gravatar.com\\\/avatar\\\/a49ef3186a692098ac3e8a1612261e3ad70cf9e44553dff2929e67939a0ecb9d?s=96&d=identicon&r=g\",\"url\":\"https:\\\/\\\/secure.gravatar.com\\\/avatar\\\/a49ef3186a692098ac3e8a1612261e3ad70cf9e44553dff2929e67939a0ecb9d?s=96&d=identicon&r=g\",\"contentUrl\":\"https:\\\/\\\/secure.gravatar.com\\\/avatar\\\/a49ef3186a692098ac3e8a1612261e3ad70cf9e44553dff2929e67939a0ecb9d?s=96&d=identicon&r=g\",\"caption\":\"Genof\u00f3ntes Urb\u00e1ez\"},\"logo\":{\"@id\":\"https:\\\/\\\/secure.gravatar.com\\\/avatar\\\/a49ef3186a692098ac3e8a1612261e3ad70cf9e44553dff2929e67939a0ecb9d?s=96&d=identicon&r=g\"},\"description\":\"Periodista \\\/ Locutor\",\"sameAs\":[\"https:\\\/\\\/www.facebook.com\\\/Genofnotes\",\"https:\\\/\\\/www.instagram.com\\\/genofnotes\\\/\"]}]}<\/script>\n<!-- \/ Yoast SEO plugin. -->","yoast_head_json":{"title":"Este mi\u00e9rcoles podr\u00edan escoger a los nuevos miembros Junta Electoral RD - Minuto Cero RD","robots":{"index":"index","follow":"follow","max-snippet":"max-snippet:-1","max-image-preview":"max-image-preview:large","max-video-preview":"max-video-preview:-1"},"canonical":"http:\/\/minutocerord.com\/?p=312","og_locale":"es_ES","og_type":"article","og_title":"Este mi\u00e9rcoles podr\u00edan escoger a los nuevos miembros Junta Electoral RD - Minuto Cero RD","og_description":"SANTO DOMINGO.- Este mi\u00e9rcoles el Senado tendr\u00eda conformada la nueva Junta Central Electoral (JCE), inform\u00f3 el presidente de la comisi\u00f3n que estudia esa escogencia, Ricardo De los Santos. Anunci\u00f3 que ya se ha hecho una preselecci\u00f3n de 30 postulantes a presidir ese \u00f3rgano electoral. \u201cLa Comisi\u00f3n Especial del Senado ya ha hecho una preselecci\u00f3n, por [&hellip;]","og_url":"http:\/\/minutocerord.com\/?p=312","og_site_name":"Minuto Cero RD","article_publisher":"https:\/\/www.facebook.com\/Genofnotes","article_author":"https:\/\/www.facebook.com\/Genofnotes","article_published_time":"2020-11-04T04:45:46+00:00","article_modified_time":"2020-11-04T04:45:51+00:00","og_image":[{"width":675,"height":372,"url":"https:\/\/i0.wp.com\/minutocerord.com\/wp-content\/uploads\/2020\/11\/Ricardo-de-los-Santos..jpg?fit=675%2C372","type":"image\/jpeg"}],"author":"Genof\u00f3ntes Urb\u00e1ez","twitter_card":"summary_large_image","twitter_misc":{"Written by":"Genof\u00f3ntes Urb\u00e1ez","Est. reading time":"1 minuto"},"schema":{"@context":"https:\/\/schema.org","@graph":[{"@type":"Article","@id":"http:\/\/minutocerord.com\/?p=312#article","isPartOf":{"@id":"http:\/\/minutocerord.com\/?p=312"},"author":{"name":"Genof\u00f3ntes Urb\u00e1ez","@id":"https:\/\/minutocerord.com\/#\/schema\/person\/60b5372d60aaa0a5171fb6488be9aee6"},"headline":"Este mi\u00e9rcoles podr\u00edan escoger a los nuevos miembros Junta Electoral RD","datePublished":"2020-11-04T04:45:46+00:00","dateModified":"2020-11-04T04:45:51+00:00","mainEntityOfPage":{"@id":"http:\/\/minutocerord.com\/?p=312"},"wordCount":120,"commentCount":0,"publisher":{"@id":"https:\/\/minutocerord.com\/#\/schema\/person\/60b5372d60aaa0a5171fb6488be9aee6"},"image":{"@id":"http:\/\/minutocerord.com\/?p=312#primaryimage"},"thumbnailUrl":"https:\/\/i0.wp.com\/minutocerord.com\/wp-content\/uploads\/2020\/11\/Ricardo-de-los-Santos..jpg?fit=675%2C372&ssl=1","articleSection":["Nacionales"],"inLanguage":"es-DO","potentialAction":[{"@type":"CommentAction","name":"Comment","target":["http:\/\/minutocerord.com\/?p=312#respond"]}]},{"@type":"WebPage","@id":"http:\/\/minutocerord.com\/?p=312","url":"http:\/\/minutocerord.com\/?p=312","name":"Este mi\u00e9rcoles podr\u00edan escoger a los nuevos miembros Junta Electoral RD - Minuto Cero RD","isPartOf":{"@id":"https:\/\/minutocerord.com\/#website"},"primaryImageOfPage":{"@id":"http:\/\/minutocerord.com\/?p=312#primaryimage"},"image":{"@id":"http:\/\/minutocerord.com\/?p=312#primaryimage"},"thumbnailUrl":"https:\/\/i0.wp.com\/minutocerord.com\/wp-content\/uploads\/2020\/11\/Ricardo-de-los-Santos..jpg?fit=675%2C372&ssl=1","datePublished":"2020-11-04T04:45:46+00:00","dateModified":"2020-11-04T04:45:51+00:00","breadcrumb":{"@id":"http:\/\/minutocerord.com\/?p=312#breadcrumb"},"inLanguage":"es-DO","potentialAction":[{"@type":"ReadAction","target":["http:\/\/minutocerord.com\/?p=312"]}]},{"@type":"ImageObject","inLanguage":"es-DO","@id":"http:\/\/minutocerord.com\/?p=312#primaryimage","url":"https:\/\/i0.wp.com\/minutocerord.com\/wp-content\/uploads\/2020\/11\/Ricardo-de-los-Santos..jpg?fit=675%2C372&ssl=1","contentUrl":"https:\/\/i0.wp.com\/minutocerord.com\/wp-content\/uploads\/2020\/11\/Ricardo-de-los-Santos..jpg?fit=675%2C372&ssl=1","width":675,"height":372},{"@type":"BreadcrumbList","@id":"http:\/\/minutocerord.com\/?p=312#breadcrumb","itemListElement":[{"@type":"ListItem","position":1,"name":"Home","item":"https:\/\/minutocerord.com\/"},{"@type":"ListItem","position":2,"name":"Este mi\u00e9rcoles podr\u00edan escoger a los nuevos miembros Junta Electoral RD"}]},{"@type":"WebSite","@id":"https:\/\/minutocerord.com\/#website","url":"https:\/\/minutocerord.com\/","name":"Minuto Cero RD","description":"Periodismo serio y veraz","publisher":{"@id":"https:\/\/minutocerord.com\/#\/schema\/person\/60b5372d60aaa0a5171fb6488be9aee6"},"potentialAction":[{"@type":"SearchAction","target":{"@type":"EntryPoint","urlTemplate":"https:\/\/minutocerord.com\/?s={search_term_string}"},"query-input":{"@type":"PropertyValueSpecification","valueRequired":true,"valueName":"search_term_string"}}],"inLanguage":"es-DO"},{"@type":["Person","Organization"],"@id":"https:\/\/minutocerord.com\/#\/schema\/person\/60b5372d60aaa0a5171fb6488be9aee6","name":"Genof\u00f3ntes Urb\u00e1ez","image":{"@type":"ImageObject","inLanguage":"es-DO","@id":"https:\/\/secure.gravatar.com\/avatar\/a49ef3186a692098ac3e8a1612261e3ad70cf9e44553dff2929e67939a0ecb9d?s=96&d=identicon&r=g","url":"https:\/\/secure.gravatar.com\/avatar\/a49ef3186a692098ac3e8a1612261e3ad70cf9e44553dff2929e67939a0ecb9d?s=96&d=identicon&r=g","contentUrl":"https:\/\/secure.gravatar.com\/avatar\/a49ef3186a692098ac3e8a1612261e3ad70cf9e44553dff2929e67939a0ecb9d?s=96&d=identicon&r=g","caption":"Genof\u00f3ntes Urb\u00e1ez"},"logo":{"@id":"https:\/\/secure.gravatar.com\/avatar\/a49ef3186a692098ac3e8a1612261e3ad70cf9e44553dff2929e67939a0ecb9d?s=96&d=identicon&r=g"},"description":"Periodista \/ Locutor","sameAs":["https:\/\/www.facebook.com\/Genofnotes","https:\/\/www.instagram.com\/genofnotes\/"]}]}},"jetpack_publicize_connections":[],"jetpack_featured_media_url":"https:\/\/i0.wp.com\/minutocerord.com\/wp-content\/uploads\/2020\/11\/Ricardo-de-los-Santos..jpg?fit=675%2C372&ssl=1","jetpack-related-posts":[],"jetpack_sharing_enabled":true,"_links":{"self":[{"href":"https:\/\/minutocerord.com\/index.php?rest_route=\/wp\/v2\/posts\/312","targetHints":{"allow":["GET"]}}],"collection":[{"href":"https:\/\/minutocerord.com\/index.php?rest_route=\/wp\/v2\/posts"}],"about":[{"href":"https:\/\/minutocerord.com\/index.php?rest_route=\/wp\/v2\/types\/post"}],"author":[{"embeddable":true,"href":"https:\/\/minutocerord.com\/index.php?rest_route=\/wp\/v2\/users\/1"}],"replies":[{"embeddable":true,"href":"https:\/\/minutocerord.com\/index.php?rest_route=%2Fwp%2Fv2%2Fcomments&post=312"}],"version-history":[{"count":1,"href":"https:\/\/minutocerord.com\/index.php?rest_route=\/wp\/v2\/posts\/312\/revisions"}],"predecessor-version":[{"id":314,"href":"https:\/\/minutocerord.com\/index.php?rest_route=\/wp\/v2\/posts\/312\/revisions\/314"}],"wp:featuredmedia":[{"embeddable":true,"href":"https:\/\/minutocerord.com\/index.php?rest_route=\/wp\/v2\/media\/313"}],"wp:attachment":[{"href":"https:\/\/minutocerord.com\/index.php?rest_route=%2Fwp%2Fv2%2Fmedia&parent=312"}],"wp:term":[{"taxonomy":"category","embeddable":true,"href":"https:\/\/minutocerord.com\/index.php?rest_route=%2Fwp%2Fv2%2Fcategories&post=312"},{"taxonomy":"post_tag","embeddable":true,"href":"https:\/\/minutocerord.com\/index.php?rest_route=%2Fwp%2Fv2%2Ftags&post=312"}],"curies":[{"name":"wp","href":"https:\/\/api.w.org\/{rel}","templated":true}]}}