{"id":319,"date":"2020-11-04T01:18:54","date_gmt":"2020-11-04T05:18:54","guid":{"rendered":"https:\/\/minutocerord.com\/?p=319"},"modified":"2020-11-04T01:18:59","modified_gmt":"2020-11-04T05:18:59","slug":"segunda-ola-de-coronavirus-italia-registro-353-muertes-en-las-ultimas-24-horas-la-cifra-mas-alta-en-casi-seis-meses","status":"publish","type":"post","link":"https:\/\/minutocerord.com\/?p=319","title":{"rendered":"Segunda ola de coronavirus: Italia registr\u00f3 353 muertes en las \u00faltimas 24 horas, la cifra m\u00e1s alta en casi seis meses"},"content":{"rendered":"\n<p>&nbsp;Italia registr\u00f3 353 muertes por coronavirus en las \u00faltimas 24 horas, el dato m\u00e1s alto desde el 6 de mayo y significativamente superior a los 233 de la v\u00edspera, que eleva el c\u00f3mputo de v\u00edctimas mortales a 39.412.<\/p>\n\n\n\n<p>El pa\u00eds tambi\u00e9n ha sumado en las \u00faltimas 24 horas otros 28.000 contagios m\u00e1s, un dato superior al registrado el lunes pero inferior a los 31.000 casos del s\u00e1bado, en un momento en que el Gobierno est\u00e1 cerrando un nuevo paquete de medidas restrictivas para frenar la segunda ola que, seg\u00fan advierten los m\u00e9dicos, de mantenerse la situaci\u00f3n actual podr\u00eda ser un \u201ctsunami\u201d.<\/p>\n\n\n\n<p>Seg\u00fan el Ministerio de Sanidad, se han registrado otros 29.244 casos, lo que sit\u00faa el total de contagios en 759.829.Hasta el momento, 302.275 personas han superado la COVID-19 en Italia, incluidas 6.256 que han recibido el alta en el \u00faltimo d\u00eda, un dato tambi\u00e9n significativamente superior a las 3.637 del lunes, mientras que hay 418.142 casos activos.<\/p>\n\n\n\n<p>Lombard\u00eda se mantiene como la regi\u00f3n m\u00e1s castigada, y suma otros 6.800 positivos, mientras que en V\u00e9neto se han registrado casi 2.300, en Lazio m\u00e1s de 2.200 y en Emilia Roma\u00f1a casi 2.000.<\/p>\n\n\n\n<p>Entretanto, el presidente de la Federaci\u00f3n Nacional de \u00d3rdenes de M\u00e9dicos (Fnomceo), Filippo Anelli, ha dado la voz de alarma ante la situaci\u00f3n actual. As\u00ed, ha advertido de que el problema es que \u201cla ocupaci\u00f3n progresiva de las camas por parte de enfermos de COVID reduce poco a poco la posibilidad de garantizar atenci\u00f3n a otros enfermos\u201d.<\/p>\n\n\n\n<p>En un mensaje en su Facebook, ha incidido en que si la situaci\u00f3n sigue evolucionando as\u00ed, \u201cpodr\u00eda \u00edrsenos de las manos\u201d. Seg\u00fan Anelli, la preocupaci\u00f3n es que la segunda ola de la pandemia \u201cno sea una marejada, sino un tsunami que podr\u00eda sepultar el sistema sanitario\u201d. Por ello, ha a\u00f1adido, \u201cpedimos al Gobierno medidas m\u00e1s agresivas\u201d.<\/p>\n\n\n\n<p>APOYO DE LOS CIUDADANOS A LAS RESTRICCIONES<\/p>\n\n\n\n<p>Tambi\u00e9n los italianos parecen estar de acuerdo con la necesidad de endurecer las medidas. Tres de cada cuatro est\u00e1n a favor del paquete de medidas que prepara el Gobierno, seg\u00fan un sondeo de Emg-Acqua para la agencia Adnkronos.<\/p>\n\n\n\n<p>Preguntados directamente sobre si est\u00e1n a favor de los planes de imponer el toque de queda y limitar los movimientos para poder \u2018salvar\u2019 las Navidades, el 76 por ciento de los consultados responde que \u2018s\u00ed\u2019, frente al 12 por ciento que se decanta por el \u2018no\u2019 y el 12 por ciento restante que no responde.<\/p>\n","protected":false},"excerpt":{"rendered":"<p>&nbsp;Italia registr\u00f3 353 muertes por coronavirus en las \u00faltimas 24 horas, el dato m\u00e1s alto desde el 6 de mayo y significativamente superior a los 233 de la v\u00edspera, que eleva el c\u00f3mputo de v\u00edctimas mortales a 39.412. El pa\u00eds tambi\u00e9n ha sumado en las \u00faltimas 24 horas otros 28.000 contagios m\u00e1s, un dato superior [&hellip;]<\/p>\n","protected":false},"author":1,"featured_media":320,"comment_status":"open","ping_status":"open","sticky":false,"template":"","format":"standard","meta":{"nf_dc_page":"","jetpack_post_was_ever_published":false,"_jetpack_newsletter_access":"","_jetpack_dont_email_post_to_subs":false,"_jetpack_newsletter_tier_id":0,"_jetpack_memberships_contains_paywalled_content":false,"_jetpack_memberships_contains_paid_content":false,"footnotes":"","jetpack_publicize_message":"","jetpack_publicize_feature_enabled":true,"jetpack_social_post_already_shared":false,"jetpack_social_options":{"image_generator_settings":{"template":"highway","default_image_id":0,"font":"","enabled":false},"version":2}},"categories":[66,77],"tags":[],"class_list":["post-319","post","type-post","status-publish","format-standard","has-post-thumbnail","hentry","category-internacionales","category-italia"],"yoast_head":"<!-- This site is optimized with the Yoast SEO plugin v27.4 - https:\/\/yoast.com\/product\/yoast-seo-wordpress\/ -->\n<title>Segunda ola de coronavirus: Italia registr\u00f3 353 muertes en las \u00faltimas 24 horas, la cifra m\u00e1s alta en casi seis meses - Minuto Cero RD<\/title>\n<meta name=\"robots\" content=\"index, follow, max-snippet:-1, max-image-preview:large, max-video-preview:-1\" \/>\n<link rel=\"canonical\" href=\"http:\/\/minutocerord.com\/?p=319\" \/>\n<meta property=\"og:locale\" content=\"es_ES\" \/>\n<meta property=\"og:type\" content=\"article\" \/>\n<meta property=\"og:title\" content=\"Segunda ola de coronavirus: Italia registr\u00f3 353 muertes en las \u00faltimas 24 horas, la cifra m\u00e1s alta en casi seis meses - Minuto Cero RD\" \/>\n<meta property=\"og:description\" content=\"&nbsp;Italia registr\u00f3 353 muertes por coronavirus en las \u00faltimas 24 horas, el dato m\u00e1s alto desde el 6 de mayo y significativamente superior a los 233 de la v\u00edspera, que eleva el c\u00f3mputo de v\u00edctimas mortales a 39.412. El pa\u00eds tambi\u00e9n ha sumado en las \u00faltimas 24 horas otros 28.000 contagios m\u00e1s, un dato superior [&hellip;]\" \/>\n<meta property=\"og:url\" content=\"http:\/\/minutocerord.com\/?p=319\" \/>\n<meta property=\"og:site_name\" content=\"Minuto Cero RD\" \/>\n<meta property=\"article:publisher\" content=\"https:\/\/www.facebook.com\/Genofnotes\" \/>\n<meta property=\"article:author\" content=\"https:\/\/www.facebook.com\/Genofnotes\" \/>\n<meta property=\"article:published_time\" content=\"2020-11-04T05:18:54+00:00\" \/>\n<meta property=\"article:modified_time\" content=\"2020-11-04T05:18:59+00:00\" \/>\n<meta property=\"og:image\" content=\"https:\/\/i0.wp.com\/minutocerord.com\/wp-content\/uploads\/2020\/11\/aaaaaaaaaaaaaaaaaa.png?fit=400%2C277\" \/>\n\t<meta property=\"og:image:width\" content=\"400\" \/>\n\t<meta property=\"og:image:height\" content=\"277\" \/>\n\t<meta property=\"og:image:type\" content=\"image\/png\" \/>\n<meta name=\"author\" content=\"Genof\u00f3ntes Urb\u00e1ez\" \/>\n<meta name=\"twitter:card\" content=\"summary_large_image\" \/>\n<meta name=\"twitter:label1\" content=\"Written by\" \/>\n\t<meta name=\"twitter:data1\" content=\"Genof\u00f3ntes Urb\u00e1ez\" \/>\n\t<meta name=\"twitter:label2\" content=\"Est. reading time\" \/>\n\t<meta name=\"twitter:data2\" content=\"2 minutos\" \/>\n<script type=\"application\/ld+json\" class=\"yoast-schema-graph\">{\"@context\":\"https:\\\/\\\/schema.org\",\"@graph\":[{\"@type\":\"Article\",\"@id\":\"http:\\\/\\\/minutocerord.com\\\/?p=319#article\",\"isPartOf\":{\"@id\":\"http:\\\/\\\/minutocerord.com\\\/?p=319\"},\"author\":{\"name\":\"Genof\u00f3ntes Urb\u00e1ez\",\"@id\":\"https:\\\/\\\/minutocerord.com\\\/#\\\/schema\\\/person\\\/60b5372d60aaa0a5171fb6488be9aee6\"},\"headline\":\"Segunda ola de coronavirus: Italia registr\u00f3 353 muertes en las \u00faltimas 24 horas, la cifra m\u00e1s alta en casi seis meses\",\"datePublished\":\"2020-11-04T05:18:54+00:00\",\"dateModified\":\"2020-11-04T05:18:59+00:00\",\"mainEntityOfPage\":{\"@id\":\"http:\\\/\\\/minutocerord.com\\\/?p=319\"},\"wordCount\":443,\"commentCount\":0,\"publisher\":{\"@id\":\"https:\\\/\\\/minutocerord.com\\\/#\\\/schema\\\/person\\\/60b5372d60aaa0a5171fb6488be9aee6\"},\"image\":{\"@id\":\"http:\\\/\\\/minutocerord.com\\\/?p=319#primaryimage\"},\"thumbnailUrl\":\"https:\\\/\\\/i0.wp.com\\\/minutocerord.com\\\/wp-content\\\/uploads\\\/2020\\\/11\\\/aaaaaaaaaaaaaaaaaa.png?fit=400%2C277&ssl=1\",\"articleSection\":[\"Internacionales\",\"Italia\"],\"inLanguage\":\"es-DO\",\"potentialAction\":[{\"@type\":\"CommentAction\",\"name\":\"Comment\",\"target\":[\"http:\\\/\\\/minutocerord.com\\\/?p=319#respond\"]}]},{\"@type\":\"WebPage\",\"@id\":\"http:\\\/\\\/minutocerord.com\\\/?p=319\",\"url\":\"http:\\\/\\\/minutocerord.com\\\/?p=319\",\"name\":\"Segunda ola de coronavirus: Italia registr\u00f3 353 muertes en las \u00faltimas 24 horas, la cifra m\u00e1s alta en casi seis meses - Minuto Cero RD\",\"isPartOf\":{\"@id\":\"https:\\\/\\\/minutocerord.com\\\/#website\"},\"primaryImageOfPage\":{\"@id\":\"http:\\\/\\\/minutocerord.com\\\/?p=319#primaryimage\"},\"image\":{\"@id\":\"http:\\\/\\\/minutocerord.com\\\/?p=319#primaryimage\"},\"thumbnailUrl\":\"https:\\\/\\\/i0.wp.com\\\/minutocerord.com\\\/wp-content\\\/uploads\\\/2020\\\/11\\\/aaaaaaaaaaaaaaaaaa.png?fit=400%2C277&ssl=1\",\"datePublished\":\"2020-11-04T05:18:54+00:00\",\"dateModified\":\"2020-11-04T05:18:59+00:00\",\"breadcrumb\":{\"@id\":\"http:\\\/\\\/minutocerord.com\\\/?p=319#breadcrumb\"},\"inLanguage\":\"es-DO\",\"potentialAction\":[{\"@type\":\"ReadAction\",\"target\":[\"http:\\\/\\\/minutocerord.com\\\/?p=319\"]}]},{\"@type\":\"ImageObject\",\"inLanguage\":\"es-DO\",\"@id\":\"http:\\\/\\\/minutocerord.com\\\/?p=319#primaryimage\",\"url\":\"https:\\\/\\\/i0.wp.com\\\/minutocerord.com\\\/wp-content\\\/uploads\\\/2020\\\/11\\\/aaaaaaaaaaaaaaaaaa.png?fit=400%2C277&ssl=1\",\"contentUrl\":\"https:\\\/\\\/i0.wp.com\\\/minutocerord.com\\\/wp-content\\\/uploads\\\/2020\\\/11\\\/aaaaaaaaaaaaaaaaaa.png?fit=400%2C277&ssl=1\",\"width\":400,\"height\":277},{\"@type\":\"BreadcrumbList\",\"@id\":\"http:\\\/\\\/minutocerord.com\\\/?p=319#breadcrumb\",\"itemListElement\":[{\"@type\":\"ListItem\",\"position\":1,\"name\":\"Home\",\"item\":\"https:\\\/\\\/minutocerord.com\\\/\"},{\"@type\":\"ListItem\",\"position\":2,\"name\":\"Segunda ola de coronavirus: Italia registr\u00f3 353 muertes en las \u00faltimas 24 horas, la cifra m\u00e1s alta en casi seis meses\"}]},{\"@type\":\"WebSite\",\"@id\":\"https:\\\/\\\/minutocerord.com\\\/#website\",\"url\":\"https:\\\/\\\/minutocerord.com\\\/\",\"name\":\"Minuto Cero RD\",\"description\":\"Periodismo serio y veraz\",\"publisher\":{\"@id\":\"https:\\\/\\\/minutocerord.com\\\/#\\\/schema\\\/person\\\/60b5372d60aaa0a5171fb6488be9aee6\"},\"potentialAction\":[{\"@type\":\"SearchAction\",\"target\":{\"@type\":\"EntryPoint\",\"urlTemplate\":\"https:\\\/\\\/minutocerord.com\\\/?s={search_term_string}\"},\"query-input\":{\"@type\":\"PropertyValueSpecification\",\"valueRequired\":true,\"valueName\":\"search_term_string\"}}],\"inLanguage\":\"es-DO\"},{\"@type\":[\"Person\",\"Organization\"],\"@id\":\"https:\\\/\\\/minutocerord.com\\\/#\\\/schema\\\/person\\\/60b5372d60aaa0a5171fb6488be9aee6\",\"name\":\"Genof\u00f3ntes Urb\u00e1ez\",\"image\":{\"@type\":\"ImageObject\",\"inLanguage\":\"es-DO\",\"@id\":\"https:\\\/\\\/secure.gravatar.com\\\/avatar\\\/a49ef3186a692098ac3e8a1612261e3ad70cf9e44553dff2929e67939a0ecb9d?s=96&d=identicon&r=g\",\"url\":\"https:\\\/\\\/secure.gravatar.com\\\/avatar\\\/a49ef3186a692098ac3e8a1612261e3ad70cf9e44553dff2929e67939a0ecb9d?s=96&d=identicon&r=g\",\"contentUrl\":\"https:\\\/\\\/secure.gravatar.com\\\/avatar\\\/a49ef3186a692098ac3e8a1612261e3ad70cf9e44553dff2929e67939a0ecb9d?s=96&d=identicon&r=g\",\"caption\":\"Genof\u00f3ntes Urb\u00e1ez\"},\"logo\":{\"@id\":\"https:\\\/\\\/secure.gravatar.com\\\/avatar\\\/a49ef3186a692098ac3e8a1612261e3ad70cf9e44553dff2929e67939a0ecb9d?s=96&d=identicon&r=g\"},\"description\":\"Periodista \\\/ Locutor\",\"sameAs\":[\"https:\\\/\\\/www.facebook.com\\\/Genofnotes\",\"https:\\\/\\\/www.instagram.com\\\/genofnotes\\\/\"]}]}<\/script>\n<!-- \/ Yoast SEO plugin. -->","yoast_head_json":{"title":"Segunda ola de coronavirus: Italia registr\u00f3 353 muertes en las \u00faltimas 24 horas, la cifra m\u00e1s alta en casi seis meses - Minuto Cero RD","robots":{"index":"index","follow":"follow","max-snippet":"max-snippet:-1","max-image-preview":"max-image-preview:large","max-video-preview":"max-video-preview:-1"},"canonical":"http:\/\/minutocerord.com\/?p=319","og_locale":"es_ES","og_type":"article","og_title":"Segunda ola de coronavirus: Italia registr\u00f3 353 muertes en las \u00faltimas 24 horas, la cifra m\u00e1s alta en casi seis meses - Minuto Cero RD","og_description":"&nbsp;Italia registr\u00f3 353 muertes por coronavirus en las \u00faltimas 24 horas, el dato m\u00e1s alto desde el 6 de mayo y significativamente superior a los 233 de la v\u00edspera, que eleva el c\u00f3mputo de v\u00edctimas mortales a 39.412. El pa\u00eds tambi\u00e9n ha sumado en las \u00faltimas 24 horas otros 28.000 contagios m\u00e1s, un dato superior [&hellip;]","og_url":"http:\/\/minutocerord.com\/?p=319","og_site_name":"Minuto Cero RD","article_publisher":"https:\/\/www.facebook.com\/Genofnotes","article_author":"https:\/\/www.facebook.com\/Genofnotes","article_published_time":"2020-11-04T05:18:54+00:00","article_modified_time":"2020-11-04T05:18:59+00:00","og_image":[{"width":400,"height":277,"url":"https:\/\/i0.wp.com\/minutocerord.com\/wp-content\/uploads\/2020\/11\/aaaaaaaaaaaaaaaaaa.png?fit=400%2C277","type":"image\/png"}],"author":"Genof\u00f3ntes Urb\u00e1ez","twitter_card":"summary_large_image","twitter_misc":{"Written by":"Genof\u00f3ntes Urb\u00e1ez","Est. reading time":"2 minutos"},"schema":{"@context":"https:\/\/schema.org","@graph":[{"@type":"Article","@id":"http:\/\/minutocerord.com\/?p=319#article","isPartOf":{"@id":"http:\/\/minutocerord.com\/?p=319"},"author":{"name":"Genof\u00f3ntes Urb\u00e1ez","@id":"https:\/\/minutocerord.com\/#\/schema\/person\/60b5372d60aaa0a5171fb6488be9aee6"},"headline":"Segunda ola de coronavirus: Italia registr\u00f3 353 muertes en las \u00faltimas 24 horas, la cifra m\u00e1s alta en casi seis meses","datePublished":"2020-11-04T05:18:54+00:00","dateModified":"2020-11-04T05:18:59+00:00","mainEntityOfPage":{"@id":"http:\/\/minutocerord.com\/?p=319"},"wordCount":443,"commentCount":0,"publisher":{"@id":"https:\/\/minutocerord.com\/#\/schema\/person\/60b5372d60aaa0a5171fb6488be9aee6"},"image":{"@id":"http:\/\/minutocerord.com\/?p=319#primaryimage"},"thumbnailUrl":"https:\/\/i0.wp.com\/minutocerord.com\/wp-content\/uploads\/2020\/11\/aaaaaaaaaaaaaaaaaa.png?fit=400%2C277&ssl=1","articleSection":["Internacionales","Italia"],"inLanguage":"es-DO","potentialAction":[{"@type":"CommentAction","name":"Comment","target":["http:\/\/minutocerord.com\/?p=319#respond"]}]},{"@type":"WebPage","@id":"http:\/\/minutocerord.com\/?p=319","url":"http:\/\/minutocerord.com\/?p=319","name":"Segunda ola de coronavirus: Italia registr\u00f3 353 muertes en las \u00faltimas 24 horas, la cifra m\u00e1s alta en casi seis meses - Minuto Cero RD","isPartOf":{"@id":"https:\/\/minutocerord.com\/#website"},"primaryImageOfPage":{"@id":"http:\/\/minutocerord.com\/?p=319#primaryimage"},"image":{"@id":"http:\/\/minutocerord.com\/?p=319#primaryimage"},"thumbnailUrl":"https:\/\/i0.wp.com\/minutocerord.com\/wp-content\/uploads\/2020\/11\/aaaaaaaaaaaaaaaaaa.png?fit=400%2C277&ssl=1","datePublished":"2020-11-04T05:18:54+00:00","dateModified":"2020-11-04T05:18:59+00:00","breadcrumb":{"@id":"http:\/\/minutocerord.com\/?p=319#breadcrumb"},"inLanguage":"es-DO","potentialAction":[{"@type":"ReadAction","target":["http:\/\/minutocerord.com\/?p=319"]}]},{"@type":"ImageObject","inLanguage":"es-DO","@id":"http:\/\/minutocerord.com\/?p=319#primaryimage","url":"https:\/\/i0.wp.com\/minutocerord.com\/wp-content\/uploads\/2020\/11\/aaaaaaaaaaaaaaaaaa.png?fit=400%2C277&ssl=1","contentUrl":"https:\/\/i0.wp.com\/minutocerord.com\/wp-content\/uploads\/2020\/11\/aaaaaaaaaaaaaaaaaa.png?fit=400%2C277&ssl=1","width":400,"height":277},{"@type":"BreadcrumbList","@id":"http:\/\/minutocerord.com\/?p=319#breadcrumb","itemListElement":[{"@type":"ListItem","position":1,"name":"Home","item":"https:\/\/minutocerord.com\/"},{"@type":"ListItem","position":2,"name":"Segunda ola de coronavirus: Italia registr\u00f3 353 muertes en las \u00faltimas 24 horas, la cifra m\u00e1s alta en casi seis meses"}]},{"@type":"WebSite","@id":"https:\/\/minutocerord.com\/#website","url":"https:\/\/minutocerord.com\/","name":"Minuto Cero RD","description":"Periodismo serio y veraz","publisher":{"@id":"https:\/\/minutocerord.com\/#\/schema\/person\/60b5372d60aaa0a5171fb6488be9aee6"},"potentialAction":[{"@type":"SearchAction","target":{"@type":"EntryPoint","urlTemplate":"https:\/\/minutocerord.com\/?s={search_term_string}"},"query-input":{"@type":"PropertyValueSpecification","valueRequired":true,"valueName":"search_term_string"}}],"inLanguage":"es-DO"},{"@type":["Person","Organization"],"@id":"https:\/\/minutocerord.com\/#\/schema\/person\/60b5372d60aaa0a5171fb6488be9aee6","name":"Genof\u00f3ntes Urb\u00e1ez","image":{"@type":"ImageObject","inLanguage":"es-DO","@id":"https:\/\/secure.gravatar.com\/avatar\/a49ef3186a692098ac3e8a1612261e3ad70cf9e44553dff2929e67939a0ecb9d?s=96&d=identicon&r=g","url":"https:\/\/secure.gravatar.com\/avatar\/a49ef3186a692098ac3e8a1612261e3ad70cf9e44553dff2929e67939a0ecb9d?s=96&d=identicon&r=g","contentUrl":"https:\/\/secure.gravatar.com\/avatar\/a49ef3186a692098ac3e8a1612261e3ad70cf9e44553dff2929e67939a0ecb9d?s=96&d=identicon&r=g","caption":"Genof\u00f3ntes Urb\u00e1ez"},"logo":{"@id":"https:\/\/secure.gravatar.com\/avatar\/a49ef3186a692098ac3e8a1612261e3ad70cf9e44553dff2929e67939a0ecb9d?s=96&d=identicon&r=g"},"description":"Periodista \/ Locutor","sameAs":["https:\/\/www.facebook.com\/Genofnotes","https:\/\/www.instagram.com\/genofnotes\/"]}]}},"jetpack_publicize_connections":[],"jetpack_featured_media_url":"https:\/\/i0.wp.com\/minutocerord.com\/wp-content\/uploads\/2020\/11\/aaaaaaaaaaaaaaaaaa.png?fit=400%2C277&ssl=1","jetpack-related-posts":[],"jetpack_sharing_enabled":true,"_links":{"self":[{"href":"https:\/\/minutocerord.com\/index.php?rest_route=\/wp\/v2\/posts\/319","targetHints":{"allow":["GET"]}}],"collection":[{"href":"https:\/\/minutocerord.com\/index.php?rest_route=\/wp\/v2\/posts"}],"about":[{"href":"https:\/\/minutocerord.com\/index.php?rest_route=\/wp\/v2\/types\/post"}],"author":[{"embeddable":true,"href":"https:\/\/minutocerord.com\/index.php?rest_route=\/wp\/v2\/users\/1"}],"replies":[{"embeddable":true,"href":"https:\/\/minutocerord.com\/index.php?rest_route=%2Fwp%2Fv2%2Fcomments&post=319"}],"version-history":[{"count":1,"href":"https:\/\/minutocerord.com\/index.php?rest_route=\/wp\/v2\/posts\/319\/revisions"}],"predecessor-version":[{"id":321,"href":"https:\/\/minutocerord.com\/index.php?rest_route=\/wp\/v2\/posts\/319\/revisions\/321"}],"wp:featuredmedia":[{"embeddable":true,"href":"https:\/\/minutocerord.com\/index.php?rest_route=\/wp\/v2\/media\/320"}],"wp:attachment":[{"href":"https:\/\/minutocerord.com\/index.php?rest_route=%2Fwp%2Fv2%2Fmedia&parent=319"}],"wp:term":[{"taxonomy":"category","embeddable":true,"href":"https:\/\/minutocerord.com\/index.php?rest_route=%2Fwp%2Fv2%2Fcategories&post=319"},{"taxonomy":"post_tag","embeddable":true,"href":"https:\/\/minutocerord.com\/index.php?rest_route=%2Fwp%2Fv2%2Ftags&post=319"}],"curies":[{"name":"wp","href":"https:\/\/api.w.org\/{rel}","templated":true}]}}