{"id":333,"date":"2020-11-04T02:05:40","date_gmt":"2020-11-04T06:05:40","guid":{"rendered":"https:\/\/minutocerord.com\/?p=333"},"modified":"2020-11-04T02:05:44","modified_gmt":"2020-11-04T06:05:44","slug":"trump-y-biden-cabeza-a-cabeza-todas-las-miradas-se-posan-sobre-tres-estados-que-definiran-el-proximo-presidente","status":"publish","type":"post","link":"https:\/\/minutocerord.com\/?p=333","title":{"rendered":"Trump y Biden, cabeza a cabeza: todas las miradas se posan sobre tres estados que definir\u00e1n el pr\u00f3ximo presidente"},"content":{"rendered":"\n<p>A medida que sigue avanzando el conteo de los votos, la atenci\u00f3n del mundo se centra en tres estados fundamentales que podr\u00edan definir qui\u00e9n ganar\u00e1 la elecci\u00f3n presidencial en Estados Unidos. Los ojos est\u00e1n puestos en este momento sobre Wisconsin, Michigan y Pensilvania.<\/p>\n\n\n\n<p>Estas tres regiones sumar\u00edan un total de 46 votos, de los cuales 10 corresponden a Wisconsin,16 para Michigan y 20 para Pensilvania, que adem\u00e1s es el estado natal del candidato dem\u00f3crata Joe Biden.<\/p>\n\n\n\n<p>Se estima que los resultados totales en estos estados puedan darse a conocer dentro de varios d\u00edas seg\u00fan ha publicado The New York Times.<\/p>\n\n\n\n<p>En este sentido el diario norteamericano vaticin\u00f3 que el conteo final en el estado de Michigan podr\u00eda conocerse el 6 de noviembre, los de Wisconsin podr\u00edan tomarse como m\u00e1ximo un d\u00eda, mientras que Pennsylvania se tomar\u00e1 \u201calgunos d\u00edas\u201d o incluso hasta el fin de semana.<\/p>\n\n\n\n<p>Puede que alguna vez Utah o Alabama voten dem\u00f3crata, aunque no ha sucedido en d\u00e9cadas; puede que alguna vez California o Nueva Jersey vuelvan a votar republicano. Pero en general son estados donde el capital pol\u00edtico de un partido u otro est\u00e1 asegurado con una previsibilidad similar a las estaciones. En cambio, Arizona, Carolina del Norte, Florida, Georgia, Florida, Iowa, Michigan, Minnesota, Nevada, New Hampshire, Ohio, Pensilvania, Wisconsin y en ocasiones Texas son como la pluma en el viento de la canzone de Rigoletto: se los considera estados en disputa perenne, que un a\u00f1o pueden favorecer a los conservadores y dos a\u00f1os m\u00e1s tarde, a los liberales.<\/p>\n","protected":false},"excerpt":{"rendered":"<p>A medida que sigue avanzando el conteo de los votos, la atenci\u00f3n del mundo se centra en tres estados fundamentales que podr\u00edan definir qui\u00e9n ganar\u00e1 la elecci\u00f3n presidencial en Estados Unidos. Los ojos est\u00e1n puestos en este momento sobre Wisconsin, Michigan y Pensilvania. Estas tres regiones sumar\u00edan un total de 46 votos, de los cuales [&hellip;]<\/p>\n","protected":false},"author":1,"featured_media":334,"comment_status":"open","ping_status":"open","sticky":false,"template":"","format":"standard","meta":{"nf_dc_page":"","jetpack_post_was_ever_published":false,"_jetpack_newsletter_access":"","_jetpack_dont_email_post_to_subs":false,"_jetpack_newsletter_tier_id":0,"_jetpack_memberships_contains_paywalled_content":false,"_jetpack_memberships_contains_paid_content":false,"footnotes":"","jetpack_publicize_message":"","jetpack_publicize_feature_enabled":true,"jetpack_social_post_already_shared":false,"jetpack_social_options":{"image_generator_settings":{"template":"highway","default_image_id":0,"font":"","enabled":false},"version":2}},"categories":[76],"tags":[],"class_list":["post-333","post","type-post","status-publish","format-standard","has-post-thumbnail","hentry","category-politica-internacionales"],"yoast_head":"<!-- This site is optimized with the Yoast SEO plugin v27.4 - https:\/\/yoast.com\/product\/yoast-seo-wordpress\/ -->\n<title>Trump y Biden, cabeza a cabeza: todas las miradas se posan sobre tres estados que definir\u00e1n el pr\u00f3ximo presidente - Minuto Cero RD<\/title>\n<meta name=\"robots\" content=\"index, follow, max-snippet:-1, max-image-preview:large, max-video-preview:-1\" \/>\n<link rel=\"canonical\" href=\"https:\/\/minutocerord.com\/?p=333\" \/>\n<meta property=\"og:locale\" content=\"es_ES\" \/>\n<meta property=\"og:type\" content=\"article\" \/>\n<meta property=\"og:title\" content=\"Trump y Biden, cabeza a cabeza: todas las miradas se posan sobre tres estados que definir\u00e1n el pr\u00f3ximo presidente - Minuto Cero RD\" \/>\n<meta property=\"og:description\" content=\"A medida que sigue avanzando el conteo de los votos, la atenci\u00f3n del mundo se centra en tres estados fundamentales que podr\u00edan definir qui\u00e9n ganar\u00e1 la elecci\u00f3n presidencial en Estados Unidos. Los ojos est\u00e1n puestos en este momento sobre Wisconsin, Michigan y Pensilvania. Estas tres regiones sumar\u00edan un total de 46 votos, de los cuales [&hellip;]\" \/>\n<meta property=\"og:url\" content=\"https:\/\/minutocerord.com\/?p=333\" \/>\n<meta property=\"og:site_name\" content=\"Minuto Cero RD\" \/>\n<meta property=\"article:publisher\" content=\"https:\/\/www.facebook.com\/Genofnotes\" \/>\n<meta property=\"article:author\" content=\"https:\/\/www.facebook.com\/Genofnotes\" \/>\n<meta property=\"article:published_time\" content=\"2020-11-04T06:05:40+00:00\" \/>\n<meta property=\"article:modified_time\" content=\"2020-11-04T06:05:44+00:00\" \/>\n<meta property=\"og:image\" content=\"https:\/\/i0.wp.com\/minutocerord.com\/wp-content\/uploads\/2020\/11\/eeuu.jpg?fit=400%2C343&ssl=1\" \/>\n\t<meta property=\"og:image:width\" content=\"400\" \/>\n\t<meta property=\"og:image:height\" content=\"343\" \/>\n\t<meta property=\"og:image:type\" content=\"image\/jpeg\" \/>\n<meta name=\"author\" content=\"Genof\u00f3ntes Urb\u00e1ez\" \/>\n<meta name=\"twitter:card\" content=\"summary_large_image\" \/>\n<meta name=\"twitter:label1\" content=\"Written by\" \/>\n\t<meta name=\"twitter:data1\" content=\"Genof\u00f3ntes Urb\u00e1ez\" \/>\n\t<meta name=\"twitter:label2\" content=\"Est. reading time\" \/>\n\t<meta name=\"twitter:data2\" content=\"1 minuto\" \/>\n<script type=\"application\/ld+json\" class=\"yoast-schema-graph\">{\"@context\":\"https:\\\/\\\/schema.org\",\"@graph\":[{\"@type\":\"Article\",\"@id\":\"https:\\\/\\\/minutocerord.com\\\/?p=333#article\",\"isPartOf\":{\"@id\":\"https:\\\/\\\/minutocerord.com\\\/?p=333\"},\"author\":{\"name\":\"Genof\u00f3ntes Urb\u00e1ez\",\"@id\":\"https:\\\/\\\/minutocerord.com\\\/#\\\/schema\\\/person\\\/60b5372d60aaa0a5171fb6488be9aee6\"},\"headline\":\"Trump y Biden, cabeza a cabeza: todas las miradas se posan sobre tres estados que definir\u00e1n el pr\u00f3ximo presidente\",\"datePublished\":\"2020-11-04T06:05:40+00:00\",\"dateModified\":\"2020-11-04T06:05:44+00:00\",\"mainEntityOfPage\":{\"@id\":\"https:\\\/\\\/minutocerord.com\\\/?p=333\"},\"wordCount\":290,\"commentCount\":0,\"publisher\":{\"@id\":\"https:\\\/\\\/minutocerord.com\\\/#\\\/schema\\\/person\\\/60b5372d60aaa0a5171fb6488be9aee6\"},\"image\":{\"@id\":\"https:\\\/\\\/minutocerord.com\\\/?p=333#primaryimage\"},\"thumbnailUrl\":\"https:\\\/\\\/i0.wp.com\\\/minutocerord.com\\\/wp-content\\\/uploads\\\/2020\\\/11\\\/eeuu.jpg?fit=400%2C343&ssl=1\",\"articleSection\":[\"Pol\u00edtica\"],\"inLanguage\":\"es-DO\",\"potentialAction\":[{\"@type\":\"CommentAction\",\"name\":\"Comment\",\"target\":[\"https:\\\/\\\/minutocerord.com\\\/?p=333#respond\"]}]},{\"@type\":\"WebPage\",\"@id\":\"https:\\\/\\\/minutocerord.com\\\/?p=333\",\"url\":\"https:\\\/\\\/minutocerord.com\\\/?p=333\",\"name\":\"Trump y Biden, cabeza a cabeza: todas las miradas se posan sobre tres estados que definir\u00e1n el pr\u00f3ximo presidente - Minuto Cero RD\",\"isPartOf\":{\"@id\":\"https:\\\/\\\/minutocerord.com\\\/#website\"},\"primaryImageOfPage\":{\"@id\":\"https:\\\/\\\/minutocerord.com\\\/?p=333#primaryimage\"},\"image\":{\"@id\":\"https:\\\/\\\/minutocerord.com\\\/?p=333#primaryimage\"},\"thumbnailUrl\":\"https:\\\/\\\/i0.wp.com\\\/minutocerord.com\\\/wp-content\\\/uploads\\\/2020\\\/11\\\/eeuu.jpg?fit=400%2C343&ssl=1\",\"datePublished\":\"2020-11-04T06:05:40+00:00\",\"dateModified\":\"2020-11-04T06:05:44+00:00\",\"breadcrumb\":{\"@id\":\"https:\\\/\\\/minutocerord.com\\\/?p=333#breadcrumb\"},\"inLanguage\":\"es-DO\",\"potentialAction\":[{\"@type\":\"ReadAction\",\"target\":[\"https:\\\/\\\/minutocerord.com\\\/?p=333\"]}]},{\"@type\":\"ImageObject\",\"inLanguage\":\"es-DO\",\"@id\":\"https:\\\/\\\/minutocerord.com\\\/?p=333#primaryimage\",\"url\":\"https:\\\/\\\/i0.wp.com\\\/minutocerord.com\\\/wp-content\\\/uploads\\\/2020\\\/11\\\/eeuu.jpg?fit=400%2C343&ssl=1\",\"contentUrl\":\"https:\\\/\\\/i0.wp.com\\\/minutocerord.com\\\/wp-content\\\/uploads\\\/2020\\\/11\\\/eeuu.jpg?fit=400%2C343&ssl=1\",\"width\":400,\"height\":343},{\"@type\":\"BreadcrumbList\",\"@id\":\"https:\\\/\\\/minutocerord.com\\\/?p=333#breadcrumb\",\"itemListElement\":[{\"@type\":\"ListItem\",\"position\":1,\"name\":\"Home\",\"item\":\"https:\\\/\\\/minutocerord.com\\\/\"},{\"@type\":\"ListItem\",\"position\":2,\"name\":\"Trump y Biden, cabeza a cabeza: todas las miradas se posan sobre tres estados que definir\u00e1n el pr\u00f3ximo presidente\"}]},{\"@type\":\"WebSite\",\"@id\":\"https:\\\/\\\/minutocerord.com\\\/#website\",\"url\":\"https:\\\/\\\/minutocerord.com\\\/\",\"name\":\"Minuto Cero RD\",\"description\":\"Periodismo serio y veraz\",\"publisher\":{\"@id\":\"https:\\\/\\\/minutocerord.com\\\/#\\\/schema\\\/person\\\/60b5372d60aaa0a5171fb6488be9aee6\"},\"potentialAction\":[{\"@type\":\"SearchAction\",\"target\":{\"@type\":\"EntryPoint\",\"urlTemplate\":\"https:\\\/\\\/minutocerord.com\\\/?s={search_term_string}\"},\"query-input\":{\"@type\":\"PropertyValueSpecification\",\"valueRequired\":true,\"valueName\":\"search_term_string\"}}],\"inLanguage\":\"es-DO\"},{\"@type\":[\"Person\",\"Organization\"],\"@id\":\"https:\\\/\\\/minutocerord.com\\\/#\\\/schema\\\/person\\\/60b5372d60aaa0a5171fb6488be9aee6\",\"name\":\"Genof\u00f3ntes Urb\u00e1ez\",\"image\":{\"@type\":\"ImageObject\",\"inLanguage\":\"es-DO\",\"@id\":\"https:\\\/\\\/secure.gravatar.com\\\/avatar\\\/a49ef3186a692098ac3e8a1612261e3ad70cf9e44553dff2929e67939a0ecb9d?s=96&d=identicon&r=g\",\"url\":\"https:\\\/\\\/secure.gravatar.com\\\/avatar\\\/a49ef3186a692098ac3e8a1612261e3ad70cf9e44553dff2929e67939a0ecb9d?s=96&d=identicon&r=g\",\"contentUrl\":\"https:\\\/\\\/secure.gravatar.com\\\/avatar\\\/a49ef3186a692098ac3e8a1612261e3ad70cf9e44553dff2929e67939a0ecb9d?s=96&d=identicon&r=g\",\"caption\":\"Genof\u00f3ntes Urb\u00e1ez\"},\"logo\":{\"@id\":\"https:\\\/\\\/secure.gravatar.com\\\/avatar\\\/a49ef3186a692098ac3e8a1612261e3ad70cf9e44553dff2929e67939a0ecb9d?s=96&d=identicon&r=g\"},\"description\":\"Periodista \\\/ Locutor\",\"sameAs\":[\"https:\\\/\\\/www.facebook.com\\\/Genofnotes\",\"https:\\\/\\\/www.instagram.com\\\/genofnotes\\\/\"]}]}<\/script>\n<!-- \/ Yoast SEO plugin. -->","yoast_head_json":{"title":"Trump y Biden, cabeza a cabeza: todas las miradas se posan sobre tres estados que definir\u00e1n el pr\u00f3ximo presidente - Minuto Cero RD","robots":{"index":"index","follow":"follow","max-snippet":"max-snippet:-1","max-image-preview":"max-image-preview:large","max-video-preview":"max-video-preview:-1"},"canonical":"https:\/\/minutocerord.com\/?p=333","og_locale":"es_ES","og_type":"article","og_title":"Trump y Biden, cabeza a cabeza: todas las miradas se posan sobre tres estados que definir\u00e1n el pr\u00f3ximo presidente - Minuto Cero RD","og_description":"A medida que sigue avanzando el conteo de los votos, la atenci\u00f3n del mundo se centra en tres estados fundamentales que podr\u00edan definir qui\u00e9n ganar\u00e1 la elecci\u00f3n presidencial en Estados Unidos. Los ojos est\u00e1n puestos en este momento sobre Wisconsin, Michigan y Pensilvania. Estas tres regiones sumar\u00edan un total de 46 votos, de los cuales [&hellip;]","og_url":"https:\/\/minutocerord.com\/?p=333","og_site_name":"Minuto Cero RD","article_publisher":"https:\/\/www.facebook.com\/Genofnotes","article_author":"https:\/\/www.facebook.com\/Genofnotes","article_published_time":"2020-11-04T06:05:40+00:00","article_modified_time":"2020-11-04T06:05:44+00:00","og_image":[{"width":400,"height":343,"url":"https:\/\/i0.wp.com\/minutocerord.com\/wp-content\/uploads\/2020\/11\/eeuu.jpg?fit=400%2C343&ssl=1","type":"image\/jpeg"}],"author":"Genof\u00f3ntes Urb\u00e1ez","twitter_card":"summary_large_image","twitter_misc":{"Written by":"Genof\u00f3ntes Urb\u00e1ez","Est. reading time":"1 minuto"},"schema":{"@context":"https:\/\/schema.org","@graph":[{"@type":"Article","@id":"https:\/\/minutocerord.com\/?p=333#article","isPartOf":{"@id":"https:\/\/minutocerord.com\/?p=333"},"author":{"name":"Genof\u00f3ntes Urb\u00e1ez","@id":"https:\/\/minutocerord.com\/#\/schema\/person\/60b5372d60aaa0a5171fb6488be9aee6"},"headline":"Trump y Biden, cabeza a cabeza: todas las miradas se posan sobre tres estados que definir\u00e1n el pr\u00f3ximo presidente","datePublished":"2020-11-04T06:05:40+00:00","dateModified":"2020-11-04T06:05:44+00:00","mainEntityOfPage":{"@id":"https:\/\/minutocerord.com\/?p=333"},"wordCount":290,"commentCount":0,"publisher":{"@id":"https:\/\/minutocerord.com\/#\/schema\/person\/60b5372d60aaa0a5171fb6488be9aee6"},"image":{"@id":"https:\/\/minutocerord.com\/?p=333#primaryimage"},"thumbnailUrl":"https:\/\/i0.wp.com\/minutocerord.com\/wp-content\/uploads\/2020\/11\/eeuu.jpg?fit=400%2C343&ssl=1","articleSection":["Pol\u00edtica"],"inLanguage":"es-DO","potentialAction":[{"@type":"CommentAction","name":"Comment","target":["https:\/\/minutocerord.com\/?p=333#respond"]}]},{"@type":"WebPage","@id":"https:\/\/minutocerord.com\/?p=333","url":"https:\/\/minutocerord.com\/?p=333","name":"Trump y Biden, cabeza a cabeza: todas las miradas se posan sobre tres estados que definir\u00e1n el pr\u00f3ximo presidente - Minuto Cero RD","isPartOf":{"@id":"https:\/\/minutocerord.com\/#website"},"primaryImageOfPage":{"@id":"https:\/\/minutocerord.com\/?p=333#primaryimage"},"image":{"@id":"https:\/\/minutocerord.com\/?p=333#primaryimage"},"thumbnailUrl":"https:\/\/i0.wp.com\/minutocerord.com\/wp-content\/uploads\/2020\/11\/eeuu.jpg?fit=400%2C343&ssl=1","datePublished":"2020-11-04T06:05:40+00:00","dateModified":"2020-11-04T06:05:44+00:00","breadcrumb":{"@id":"https:\/\/minutocerord.com\/?p=333#breadcrumb"},"inLanguage":"es-DO","potentialAction":[{"@type":"ReadAction","target":["https:\/\/minutocerord.com\/?p=333"]}]},{"@type":"ImageObject","inLanguage":"es-DO","@id":"https:\/\/minutocerord.com\/?p=333#primaryimage","url":"https:\/\/i0.wp.com\/minutocerord.com\/wp-content\/uploads\/2020\/11\/eeuu.jpg?fit=400%2C343&ssl=1","contentUrl":"https:\/\/i0.wp.com\/minutocerord.com\/wp-content\/uploads\/2020\/11\/eeuu.jpg?fit=400%2C343&ssl=1","width":400,"height":343},{"@type":"BreadcrumbList","@id":"https:\/\/minutocerord.com\/?p=333#breadcrumb","itemListElement":[{"@type":"ListItem","position":1,"name":"Home","item":"https:\/\/minutocerord.com\/"},{"@type":"ListItem","position":2,"name":"Trump y Biden, cabeza a cabeza: todas las miradas se posan sobre tres estados que definir\u00e1n el pr\u00f3ximo presidente"}]},{"@type":"WebSite","@id":"https:\/\/minutocerord.com\/#website","url":"https:\/\/minutocerord.com\/","name":"Minuto Cero RD","description":"Periodismo serio y veraz","publisher":{"@id":"https:\/\/minutocerord.com\/#\/schema\/person\/60b5372d60aaa0a5171fb6488be9aee6"},"potentialAction":[{"@type":"SearchAction","target":{"@type":"EntryPoint","urlTemplate":"https:\/\/minutocerord.com\/?s={search_term_string}"},"query-input":{"@type":"PropertyValueSpecification","valueRequired":true,"valueName":"search_term_string"}}],"inLanguage":"es-DO"},{"@type":["Person","Organization"],"@id":"https:\/\/minutocerord.com\/#\/schema\/person\/60b5372d60aaa0a5171fb6488be9aee6","name":"Genof\u00f3ntes Urb\u00e1ez","image":{"@type":"ImageObject","inLanguage":"es-DO","@id":"https:\/\/secure.gravatar.com\/avatar\/a49ef3186a692098ac3e8a1612261e3ad70cf9e44553dff2929e67939a0ecb9d?s=96&d=identicon&r=g","url":"https:\/\/secure.gravatar.com\/avatar\/a49ef3186a692098ac3e8a1612261e3ad70cf9e44553dff2929e67939a0ecb9d?s=96&d=identicon&r=g","contentUrl":"https:\/\/secure.gravatar.com\/avatar\/a49ef3186a692098ac3e8a1612261e3ad70cf9e44553dff2929e67939a0ecb9d?s=96&d=identicon&r=g","caption":"Genof\u00f3ntes Urb\u00e1ez"},"logo":{"@id":"https:\/\/secure.gravatar.com\/avatar\/a49ef3186a692098ac3e8a1612261e3ad70cf9e44553dff2929e67939a0ecb9d?s=96&d=identicon&r=g"},"description":"Periodista \/ Locutor","sameAs":["https:\/\/www.facebook.com\/Genofnotes","https:\/\/www.instagram.com\/genofnotes\/"]}]}},"jetpack_publicize_connections":[],"jetpack_featured_media_url":"https:\/\/i0.wp.com\/minutocerord.com\/wp-content\/uploads\/2020\/11\/eeuu.jpg?fit=400%2C343&ssl=1","jetpack-related-posts":[],"jetpack_sharing_enabled":true,"_links":{"self":[{"href":"https:\/\/minutocerord.com\/index.php?rest_route=\/wp\/v2\/posts\/333","targetHints":{"allow":["GET"]}}],"collection":[{"href":"https:\/\/minutocerord.com\/index.php?rest_route=\/wp\/v2\/posts"}],"about":[{"href":"https:\/\/minutocerord.com\/index.php?rest_route=\/wp\/v2\/types\/post"}],"author":[{"embeddable":true,"href":"https:\/\/minutocerord.com\/index.php?rest_route=\/wp\/v2\/users\/1"}],"replies":[{"embeddable":true,"href":"https:\/\/minutocerord.com\/index.php?rest_route=%2Fwp%2Fv2%2Fcomments&post=333"}],"version-history":[{"count":1,"href":"https:\/\/minutocerord.com\/index.php?rest_route=\/wp\/v2\/posts\/333\/revisions"}],"predecessor-version":[{"id":335,"href":"https:\/\/minutocerord.com\/index.php?rest_route=\/wp\/v2\/posts\/333\/revisions\/335"}],"wp:featuredmedia":[{"embeddable":true,"href":"https:\/\/minutocerord.com\/index.php?rest_route=\/wp\/v2\/media\/334"}],"wp:attachment":[{"href":"https:\/\/minutocerord.com\/index.php?rest_route=%2Fwp%2Fv2%2Fmedia&parent=333"}],"wp:term":[{"taxonomy":"category","embeddable":true,"href":"https:\/\/minutocerord.com\/index.php?rest_route=%2Fwp%2Fv2%2Fcategories&post=333"},{"taxonomy":"post_tag","embeddable":true,"href":"https:\/\/minutocerord.com\/index.php?rest_route=%2Fwp%2Fv2%2Ftags&post=333"}],"curies":[{"name":"wp","href":"https:\/\/api.w.org\/{rel}","templated":true}]}}