{"id":3844,"date":"2021-03-31T00:54:05","date_gmt":"2021-03-31T04:54:05","guid":{"rendered":"https:\/\/minutocerord.com\/?p=3844"},"modified":"2021-03-31T00:56:27","modified_gmt":"2021-03-31T04:56:27","slug":"20-anos-de-condena-a-hombre-que-pago-para-atacar-con-acido-del-diablo-a-joven-que-murio-en-villa-juana","status":"publish","type":"post","link":"https:\/\/minutocerord.com\/?p=3844","title":{"rendered":"20 a\u00f1os de c\u00e1rcel a hombre que pag\u00f3 para atacar con \u00e1cido del diablo a joven que muri\u00f3 en Villa Juana"},"content":{"rendered":"\n<p>Wascar Orlando Castillo pag\u00f3 para que atacaran con \u00e1cido del diablo a una estudiante de 16 a\u00f1os que se negaba a mantener una relaci\u00f3n amorosa con \u00e9l. La joven muri\u00f3 y \u00e9l escap\u00f3 para tratar de evadir su responsabilidad, pero no lo logr\u00f3. A sus 63 a\u00f1os de edad, este martes fue condenado a 20 a\u00f1os de prisi\u00f3n.<\/p>\n\n\n\n<p><br>La decisi\u00f3n fue emitida por los jueces del Tercer Tribunal Colegiado del Distrito Nacional, presidido por el magistrado Te\u00f3filo And\u00fajar. El tribunal dispuso que este purgue su pena en el Centro de Correcci\u00f3n y Rehabilitaci\u00f3n Najayo Hombres, en la provincia San Crist\u00f3bal.<\/p>\n\n\n\n<div class=\"wp-block-image\"><figure class=\"alignright is-resized\"><a href=\"https:\/\/i0.wp.com\/1.bp.blogspot.com\/-tCP4pTNUKD8\/YGOky-BfPVI\/AAAAAAAHgsM\/iEb7au4DXpAEJ5dtO-cwJXFU08NBL0iRACLcBGAsYHQ\/s249\/Captura.PNG?ssl=1\"><img data-recalc-dims=\"1\" decoding=\"async\" loading=\"lazy\" src=\"https:\/\/i0.wp.com\/1.bp.blogspot.com\/-tCP4pTNUKD8\/YGOky-BfPVI\/AAAAAAAHgsM\/iEb7au4DXpAEJ5dtO-cwJXFU08NBL0iRACLcBGAsYHQ\/s0\/Captura.PNG?resize=246%2C417&#038;ssl=1\" alt=\"\" width=\"246\" height=\"417\"\/><\/a><figcaption>Mabel Gisselle Abreu<\/figcaption><\/figure><\/div>\n\n\n\n<p>La condena fue emitida 15 a\u00f1os despu\u00e9s de ocurrido el crimen. El 5 de mayo del a\u00f1o 2006, la joven Mabel Gisselle Abreu hab\u00eda salido del centro educativo donde estudiaba y justo en la calle Moca esquina Pe\u00f1a Batlle de Villa Juana, Distrito Nacional, fue atacada por un hombre al que, supuestamente, Wascar Orlando Castillo le hab\u00eda pagado para rociar la sustancia.<\/p>\n\n\n\n<p>De acuerdo con el Ministerio P\u00fablico, luego de cometer el hecho, el imputado huy\u00f3 a Estados Unidos, donde estuvo por un periodo de 13 a\u00f1os, hasta que fue apresado y extraditado al pa\u00eds a mediados del 2019 para ser sometido a la justicia.<\/p>\n\n\n\n<p>Durante los alegatos de cierre del juicio de fondo, que comenz\u00f3 hace unos seis meses, el Ministerio P\u00fablico solicit\u00f3 que sea condenado a 30 a\u00f1os de prisi\u00f3n por asesinato agravado por acto de tortura en contra de la joven de 16 a\u00f1os, Mabel Gisselle Abreu.<\/p>\n\n\n\n<p>Durante la audiencia, la madre de la v\u00edctima, Francia Mar\u00eda Rodr\u00edguez, pidi\u00f3 al tribunal presidido por el magistrado Te\u00f3filo And\u00fajar, que se aplique todo el peso de la ley en contra del acusado. Dijo que nada le devolver\u00e1 a su hija, pero que el responsable de su muerte debe pagar.<\/p>\n\n\n\n<p>El acusado pidi\u00f3 la palabra para declarar que es inocente del horrendo crimen. Mientras que sus abogados pidieron la absoluci\u00f3n de su cliente, tras asegurar que el Ministerio P\u00fablico no present\u00f3 las pruebas que destruyeran la presunci\u00f3n de inocencia de su defendido.<\/p>\n\n\n\n<p>La sentencia \u00edntegra de este caso con todas las motivaciones, ser\u00e1 le\u00edda en una audiencia pautada en este tribunal el 22 de abril de este a\u00f1o.<\/p>\n","protected":false},"excerpt":{"rendered":"<p>Wascar Orlando Castillo pag\u00f3 para que atacaran con \u00e1cido del diablo a una estudiante de 16 a\u00f1os que se negaba a mantener una relaci\u00f3n amorosa con \u00e9l. La joven muri\u00f3 y \u00e9l escap\u00f3 para tratar de evadir su responsabilidad, pero no lo logr\u00f3. A sus 63 a\u00f1os de edad, este martes fue condenado a 20 [&hellip;]<\/p>\n","protected":false},"author":1,"featured_media":3845,"comment_status":"open","ping_status":"open","sticky":false,"template":"","format":"standard","meta":{"nf_dc_page":"","jetpack_post_was_ever_published":false,"_jetpack_newsletter_access":"","_jetpack_dont_email_post_to_subs":false,"_jetpack_newsletter_tier_id":0,"_jetpack_memberships_contains_paywalled_content":false,"_jetpack_memberships_contains_paid_content":false,"footnotes":"","jetpack_publicize_message":"","jetpack_publicize_feature_enabled":true,"jetpack_social_post_already_shared":false,"jetpack_social_options":{"image_generator_settings":{"template":"highway","default_image_id":0,"font":"","enabled":false},"version":2}},"categories":[93],"tags":[],"class_list":["post-3844","post","type-post","status-publish","format-standard","has-post-thumbnail","hentry","category-justicia"],"yoast_head":"<!-- This site is optimized with the Yoast SEO plugin v27.5 - https:\/\/yoast.com\/product\/yoast-seo-wordpress\/ -->\n<title>20 a\u00f1os de c\u00e1rcel a hombre que pag\u00f3 para atacar con \u00e1cido del diablo a joven que muri\u00f3 en Villa Juana - Minuto Cero RD<\/title>\n<meta name=\"robots\" content=\"index, follow, max-snippet:-1, max-image-preview:large, max-video-preview:-1\" \/>\n<link rel=\"canonical\" href=\"http:\/\/minutocerord.com\/?p=3844\" \/>\n<meta property=\"og:locale\" content=\"es_ES\" \/>\n<meta property=\"og:type\" content=\"article\" \/>\n<meta property=\"og:title\" content=\"20 a\u00f1os de c\u00e1rcel a hombre que pag\u00f3 para atacar con \u00e1cido del diablo a joven que muri\u00f3 en Villa Juana - Minuto Cero RD\" \/>\n<meta property=\"og:description\" content=\"Wascar Orlando Castillo pag\u00f3 para que atacaran con \u00e1cido del diablo a una estudiante de 16 a\u00f1os que se negaba a mantener una relaci\u00f3n amorosa con \u00e9l. La joven muri\u00f3 y \u00e9l escap\u00f3 para tratar de evadir su responsabilidad, pero no lo logr\u00f3. A sus 63 a\u00f1os de edad, este martes fue condenado a 20 [&hellip;]\" \/>\n<meta property=\"og:url\" content=\"http:\/\/minutocerord.com\/?p=3844\" \/>\n<meta property=\"og:site_name\" content=\"Minuto Cero RD\" \/>\n<meta property=\"article:publisher\" content=\"https:\/\/www.facebook.com\/Genofnotes\" \/>\n<meta property=\"article:author\" content=\"https:\/\/www.facebook.com\/Genofnotes\" \/>\n<meta property=\"article:published_time\" content=\"2021-03-31T04:54:05+00:00\" \/>\n<meta property=\"article:modified_time\" content=\"2021-03-31T04:56:27+00:00\" \/>\n<meta property=\"og:image\" content=\"https:\/\/i0.wp.com\/minutocerord.com\/wp-content\/uploads\/2021\/03\/extraditado_11755677_20190607164026.jpg?fit=1037%2C665\" \/>\n\t<meta property=\"og:image:width\" content=\"1037\" \/>\n\t<meta property=\"og:image:height\" content=\"665\" \/>\n\t<meta property=\"og:image:type\" content=\"image\/jpeg\" \/>\n<meta name=\"author\" content=\"Genof\u00f3ntes Urb\u00e1ez\" \/>\n<meta name=\"twitter:card\" content=\"summary_large_image\" \/>\n<meta name=\"twitter:label1\" content=\"Written by\" \/>\n\t<meta name=\"twitter:data1\" content=\"Genof\u00f3ntes Urb\u00e1ez\" \/>\n\t<meta name=\"twitter:label2\" content=\"Est. reading time\" \/>\n\t<meta name=\"twitter:data2\" content=\"2 minutos\" \/>\n<script type=\"application\/ld+json\" class=\"yoast-schema-graph\">{\"@context\":\"https:\\\/\\\/schema.org\",\"@graph\":[{\"@type\":\"Article\",\"@id\":\"http:\\\/\\\/minutocerord.com\\\/?p=3844#article\",\"isPartOf\":{\"@id\":\"http:\\\/\\\/minutocerord.com\\\/?p=3844\"},\"author\":{\"name\":\"Genof\u00f3ntes Urb\u00e1ez\",\"@id\":\"https:\\\/\\\/minutocerord.com\\\/#\\\/schema\\\/person\\\/60b5372d60aaa0a5171fb6488be9aee6\"},\"headline\":\"20 a\u00f1os de c\u00e1rcel a hombre que pag\u00f3 para atacar con \u00e1cido del diablo a joven que muri\u00f3 en Villa Juana\",\"datePublished\":\"2021-03-31T04:54:05+00:00\",\"dateModified\":\"2021-03-31T04:56:27+00:00\",\"mainEntityOfPage\":{\"@id\":\"http:\\\/\\\/minutocerord.com\\\/?p=3844\"},\"wordCount\":416,\"commentCount\":0,\"publisher\":{\"@id\":\"https:\\\/\\\/minutocerord.com\\\/#\\\/schema\\\/person\\\/60b5372d60aaa0a5171fb6488be9aee6\"},\"image\":{\"@id\":\"http:\\\/\\\/minutocerord.com\\\/?p=3844#primaryimage\"},\"thumbnailUrl\":\"https:\\\/\\\/i0.wp.com\\\/minutocerord.com\\\/wp-content\\\/uploads\\\/2021\\\/03\\\/extraditado_11755677_20190607164026.jpg?fit=1037%2C665&ssl=1\",\"articleSection\":[\"Justicia\"],\"inLanguage\":\"es-DO\",\"potentialAction\":[{\"@type\":\"CommentAction\",\"name\":\"Comment\",\"target\":[\"http:\\\/\\\/minutocerord.com\\\/?p=3844#respond\"]}]},{\"@type\":\"WebPage\",\"@id\":\"http:\\\/\\\/minutocerord.com\\\/?p=3844\",\"url\":\"http:\\\/\\\/minutocerord.com\\\/?p=3844\",\"name\":\"20 a\u00f1os de c\u00e1rcel a hombre que pag\u00f3 para atacar con \u00e1cido del diablo a joven que muri\u00f3 en Villa Juana - Minuto Cero RD\",\"isPartOf\":{\"@id\":\"https:\\\/\\\/minutocerord.com\\\/#website\"},\"primaryImageOfPage\":{\"@id\":\"http:\\\/\\\/minutocerord.com\\\/?p=3844#primaryimage\"},\"image\":{\"@id\":\"http:\\\/\\\/minutocerord.com\\\/?p=3844#primaryimage\"},\"thumbnailUrl\":\"https:\\\/\\\/i0.wp.com\\\/minutocerord.com\\\/wp-content\\\/uploads\\\/2021\\\/03\\\/extraditado_11755677_20190607164026.jpg?fit=1037%2C665&ssl=1\",\"datePublished\":\"2021-03-31T04:54:05+00:00\",\"dateModified\":\"2021-03-31T04:56:27+00:00\",\"breadcrumb\":{\"@id\":\"http:\\\/\\\/minutocerord.com\\\/?p=3844#breadcrumb\"},\"inLanguage\":\"es-DO\",\"potentialAction\":[{\"@type\":\"ReadAction\",\"target\":[\"http:\\\/\\\/minutocerord.com\\\/?p=3844\"]}]},{\"@type\":\"ImageObject\",\"inLanguage\":\"es-DO\",\"@id\":\"http:\\\/\\\/minutocerord.com\\\/?p=3844#primaryimage\",\"url\":\"https:\\\/\\\/i0.wp.com\\\/minutocerord.com\\\/wp-content\\\/uploads\\\/2021\\\/03\\\/extraditado_11755677_20190607164026.jpg?fit=1037%2C665&ssl=1\",\"contentUrl\":\"https:\\\/\\\/i0.wp.com\\\/minutocerord.com\\\/wp-content\\\/uploads\\\/2021\\\/03\\\/extraditado_11755677_20190607164026.jpg?fit=1037%2C665&ssl=1\",\"width\":1037,\"height\":665},{\"@type\":\"BreadcrumbList\",\"@id\":\"http:\\\/\\\/minutocerord.com\\\/?p=3844#breadcrumb\",\"itemListElement\":[{\"@type\":\"ListItem\",\"position\":1,\"name\":\"Home\",\"item\":\"https:\\\/\\\/minutocerord.com\\\/\"},{\"@type\":\"ListItem\",\"position\":2,\"name\":\"20 a\u00f1os de c\u00e1rcel a hombre que pag\u00f3 para atacar con \u00e1cido del diablo a joven que muri\u00f3 en Villa Juana\"}]},{\"@type\":\"WebSite\",\"@id\":\"https:\\\/\\\/minutocerord.com\\\/#website\",\"url\":\"https:\\\/\\\/minutocerord.com\\\/\",\"name\":\"Minuto Cero RD\",\"description\":\"Periodismo serio y veraz\",\"publisher\":{\"@id\":\"https:\\\/\\\/minutocerord.com\\\/#\\\/schema\\\/person\\\/60b5372d60aaa0a5171fb6488be9aee6\"},\"potentialAction\":[{\"@type\":\"SearchAction\",\"target\":{\"@type\":\"EntryPoint\",\"urlTemplate\":\"https:\\\/\\\/minutocerord.com\\\/?s={search_term_string}\"},\"query-input\":{\"@type\":\"PropertyValueSpecification\",\"valueRequired\":true,\"valueName\":\"search_term_string\"}}],\"inLanguage\":\"es-DO\"},{\"@type\":[\"Person\",\"Organization\"],\"@id\":\"https:\\\/\\\/minutocerord.com\\\/#\\\/schema\\\/person\\\/60b5372d60aaa0a5171fb6488be9aee6\",\"name\":\"Genof\u00f3ntes Urb\u00e1ez\",\"image\":{\"@type\":\"ImageObject\",\"inLanguage\":\"es-DO\",\"@id\":\"https:\\\/\\\/secure.gravatar.com\\\/avatar\\\/a49ef3186a692098ac3e8a1612261e3ad70cf9e44553dff2929e67939a0ecb9d?s=96&d=identicon&r=g\",\"url\":\"https:\\\/\\\/secure.gravatar.com\\\/avatar\\\/a49ef3186a692098ac3e8a1612261e3ad70cf9e44553dff2929e67939a0ecb9d?s=96&d=identicon&r=g\",\"contentUrl\":\"https:\\\/\\\/secure.gravatar.com\\\/avatar\\\/a49ef3186a692098ac3e8a1612261e3ad70cf9e44553dff2929e67939a0ecb9d?s=96&d=identicon&r=g\",\"caption\":\"Genof\u00f3ntes Urb\u00e1ez\"},\"logo\":{\"@id\":\"https:\\\/\\\/secure.gravatar.com\\\/avatar\\\/a49ef3186a692098ac3e8a1612261e3ad70cf9e44553dff2929e67939a0ecb9d?s=96&d=identicon&r=g\"},\"description\":\"Periodista \\\/ Locutor\",\"sameAs\":[\"https:\\\/\\\/www.facebook.com\\\/Genofnotes\",\"https:\\\/\\\/www.instagram.com\\\/genofnotes\\\/\"]}]}<\/script>\n<!-- \/ Yoast SEO plugin. -->","yoast_head_json":{"title":"20 a\u00f1os de c\u00e1rcel a hombre que pag\u00f3 para atacar con \u00e1cido del diablo a joven que muri\u00f3 en Villa Juana - Minuto Cero RD","robots":{"index":"index","follow":"follow","max-snippet":"max-snippet:-1","max-image-preview":"max-image-preview:large","max-video-preview":"max-video-preview:-1"},"canonical":"http:\/\/minutocerord.com\/?p=3844","og_locale":"es_ES","og_type":"article","og_title":"20 a\u00f1os de c\u00e1rcel a hombre que pag\u00f3 para atacar con \u00e1cido del diablo a joven que muri\u00f3 en Villa Juana - Minuto Cero RD","og_description":"Wascar Orlando Castillo pag\u00f3 para que atacaran con \u00e1cido del diablo a una estudiante de 16 a\u00f1os que se negaba a mantener una relaci\u00f3n amorosa con \u00e9l. La joven muri\u00f3 y \u00e9l escap\u00f3 para tratar de evadir su responsabilidad, pero no lo logr\u00f3. A sus 63 a\u00f1os de edad, este martes fue condenado a 20 [&hellip;]","og_url":"http:\/\/minutocerord.com\/?p=3844","og_site_name":"Minuto Cero RD","article_publisher":"https:\/\/www.facebook.com\/Genofnotes","article_author":"https:\/\/www.facebook.com\/Genofnotes","article_published_time":"2021-03-31T04:54:05+00:00","article_modified_time":"2021-03-31T04:56:27+00:00","og_image":[{"width":1037,"height":665,"url":"https:\/\/i0.wp.com\/minutocerord.com\/wp-content\/uploads\/2021\/03\/extraditado_11755677_20190607164026.jpg?fit=1037%2C665","type":"image\/jpeg"}],"author":"Genof\u00f3ntes Urb\u00e1ez","twitter_card":"summary_large_image","twitter_misc":{"Written by":"Genof\u00f3ntes Urb\u00e1ez","Est. reading time":"2 minutos"},"schema":{"@context":"https:\/\/schema.org","@graph":[{"@type":"Article","@id":"http:\/\/minutocerord.com\/?p=3844#article","isPartOf":{"@id":"http:\/\/minutocerord.com\/?p=3844"},"author":{"name":"Genof\u00f3ntes Urb\u00e1ez","@id":"https:\/\/minutocerord.com\/#\/schema\/person\/60b5372d60aaa0a5171fb6488be9aee6"},"headline":"20 a\u00f1os de c\u00e1rcel a hombre que pag\u00f3 para atacar con \u00e1cido del diablo a joven que muri\u00f3 en Villa Juana","datePublished":"2021-03-31T04:54:05+00:00","dateModified":"2021-03-31T04:56:27+00:00","mainEntityOfPage":{"@id":"http:\/\/minutocerord.com\/?p=3844"},"wordCount":416,"commentCount":0,"publisher":{"@id":"https:\/\/minutocerord.com\/#\/schema\/person\/60b5372d60aaa0a5171fb6488be9aee6"},"image":{"@id":"http:\/\/minutocerord.com\/?p=3844#primaryimage"},"thumbnailUrl":"https:\/\/i0.wp.com\/minutocerord.com\/wp-content\/uploads\/2021\/03\/extraditado_11755677_20190607164026.jpg?fit=1037%2C665&ssl=1","articleSection":["Justicia"],"inLanguage":"es-DO","potentialAction":[{"@type":"CommentAction","name":"Comment","target":["http:\/\/minutocerord.com\/?p=3844#respond"]}]},{"@type":"WebPage","@id":"http:\/\/minutocerord.com\/?p=3844","url":"http:\/\/minutocerord.com\/?p=3844","name":"20 a\u00f1os de c\u00e1rcel a hombre que pag\u00f3 para atacar con \u00e1cido del diablo a joven que muri\u00f3 en Villa Juana - Minuto Cero RD","isPartOf":{"@id":"https:\/\/minutocerord.com\/#website"},"primaryImageOfPage":{"@id":"http:\/\/minutocerord.com\/?p=3844#primaryimage"},"image":{"@id":"http:\/\/minutocerord.com\/?p=3844#primaryimage"},"thumbnailUrl":"https:\/\/i0.wp.com\/minutocerord.com\/wp-content\/uploads\/2021\/03\/extraditado_11755677_20190607164026.jpg?fit=1037%2C665&ssl=1","datePublished":"2021-03-31T04:54:05+00:00","dateModified":"2021-03-31T04:56:27+00:00","breadcrumb":{"@id":"http:\/\/minutocerord.com\/?p=3844#breadcrumb"},"inLanguage":"es-DO","potentialAction":[{"@type":"ReadAction","target":["http:\/\/minutocerord.com\/?p=3844"]}]},{"@type":"ImageObject","inLanguage":"es-DO","@id":"http:\/\/minutocerord.com\/?p=3844#primaryimage","url":"https:\/\/i0.wp.com\/minutocerord.com\/wp-content\/uploads\/2021\/03\/extraditado_11755677_20190607164026.jpg?fit=1037%2C665&ssl=1","contentUrl":"https:\/\/i0.wp.com\/minutocerord.com\/wp-content\/uploads\/2021\/03\/extraditado_11755677_20190607164026.jpg?fit=1037%2C665&ssl=1","width":1037,"height":665},{"@type":"BreadcrumbList","@id":"http:\/\/minutocerord.com\/?p=3844#breadcrumb","itemListElement":[{"@type":"ListItem","position":1,"name":"Home","item":"https:\/\/minutocerord.com\/"},{"@type":"ListItem","position":2,"name":"20 a\u00f1os de c\u00e1rcel a hombre que pag\u00f3 para atacar con \u00e1cido del diablo a joven que muri\u00f3 en Villa Juana"}]},{"@type":"WebSite","@id":"https:\/\/minutocerord.com\/#website","url":"https:\/\/minutocerord.com\/","name":"Minuto Cero RD","description":"Periodismo serio y veraz","publisher":{"@id":"https:\/\/minutocerord.com\/#\/schema\/person\/60b5372d60aaa0a5171fb6488be9aee6"},"potentialAction":[{"@type":"SearchAction","target":{"@type":"EntryPoint","urlTemplate":"https:\/\/minutocerord.com\/?s={search_term_string}"},"query-input":{"@type":"PropertyValueSpecification","valueRequired":true,"valueName":"search_term_string"}}],"inLanguage":"es-DO"},{"@type":["Person","Organization"],"@id":"https:\/\/minutocerord.com\/#\/schema\/person\/60b5372d60aaa0a5171fb6488be9aee6","name":"Genof\u00f3ntes Urb\u00e1ez","image":{"@type":"ImageObject","inLanguage":"es-DO","@id":"https:\/\/secure.gravatar.com\/avatar\/a49ef3186a692098ac3e8a1612261e3ad70cf9e44553dff2929e67939a0ecb9d?s=96&d=identicon&r=g","url":"https:\/\/secure.gravatar.com\/avatar\/a49ef3186a692098ac3e8a1612261e3ad70cf9e44553dff2929e67939a0ecb9d?s=96&d=identicon&r=g","contentUrl":"https:\/\/secure.gravatar.com\/avatar\/a49ef3186a692098ac3e8a1612261e3ad70cf9e44553dff2929e67939a0ecb9d?s=96&d=identicon&r=g","caption":"Genof\u00f3ntes Urb\u00e1ez"},"logo":{"@id":"https:\/\/secure.gravatar.com\/avatar\/a49ef3186a692098ac3e8a1612261e3ad70cf9e44553dff2929e67939a0ecb9d?s=96&d=identicon&r=g"},"description":"Periodista \/ Locutor","sameAs":["https:\/\/www.facebook.com\/Genofnotes","https:\/\/www.instagram.com\/genofnotes\/"]}]}},"jetpack_publicize_connections":[],"jetpack_featured_media_url":"https:\/\/i0.wp.com\/minutocerord.com\/wp-content\/uploads\/2021\/03\/extraditado_11755677_20190607164026.jpg?fit=1037%2C665&ssl=1","jetpack-related-posts":[],"jetpack_sharing_enabled":true,"_links":{"self":[{"href":"https:\/\/minutocerord.com\/index.php?rest_route=\/wp\/v2\/posts\/3844","targetHints":{"allow":["GET"]}}],"collection":[{"href":"https:\/\/minutocerord.com\/index.php?rest_route=\/wp\/v2\/posts"}],"about":[{"href":"https:\/\/minutocerord.com\/index.php?rest_route=\/wp\/v2\/types\/post"}],"author":[{"embeddable":true,"href":"https:\/\/minutocerord.com\/index.php?rest_route=\/wp\/v2\/users\/1"}],"replies":[{"embeddable":true,"href":"https:\/\/minutocerord.com\/index.php?rest_route=%2Fwp%2Fv2%2Fcomments&post=3844"}],"version-history":[{"count":2,"href":"https:\/\/minutocerord.com\/index.php?rest_route=\/wp\/v2\/posts\/3844\/revisions"}],"predecessor-version":[{"id":3847,"href":"https:\/\/minutocerord.com\/index.php?rest_route=\/wp\/v2\/posts\/3844\/revisions\/3847"}],"wp:featuredmedia":[{"embeddable":true,"href":"https:\/\/minutocerord.com\/index.php?rest_route=\/wp\/v2\/media\/3845"}],"wp:attachment":[{"href":"https:\/\/minutocerord.com\/index.php?rest_route=%2Fwp%2Fv2%2Fmedia&parent=3844"}],"wp:term":[{"taxonomy":"category","embeddable":true,"href":"https:\/\/minutocerord.com\/index.php?rest_route=%2Fwp%2Fv2%2Fcategories&post=3844"},{"taxonomy":"post_tag","embeddable":true,"href":"https:\/\/minutocerord.com\/index.php?rest_route=%2Fwp%2Fv2%2Ftags&post=3844"}],"curies":[{"name":"wp","href":"https:\/\/api.w.org\/{rel}","templated":true}]}}