{"id":3857,"date":"2021-04-01T02:19:58","date_gmt":"2021-04-01T06:19:58","guid":{"rendered":"https:\/\/minutocerord.com\/?p=3857"},"modified":"2021-04-01T02:20:04","modified_gmt":"2021-04-01T06:20:04","slug":"26-anos-del-asesinato-de-selena-como-es-la-vida-de-su-asesina-yolanda-saldivar-en-prision","status":"publish","type":"post","link":"https:\/\/minutocerord.com\/?p=3857","title":{"rendered":"26 a\u00f1os del asesinato de Selena: \u00bf c\u00f3mo es la vida de su asesina Yolanda Sald\u00edvar en prisi\u00f3n?"},"content":{"rendered":"\n<p>Selena Quintanilla fue asesinada la ma\u00f1ana del 31 de marzo de 1995 por Yolanda Sald\u00edvar, quien fue una de las amigas m\u00e1s cercanas de la \u201cReina del Tex-Mex\u201d. Hoy Yolanda cumple su sentencia en Mountain View Unit, prisi\u00f3n de m\u00e1xima seguridad para mujeres en Gatesville, Texas.<\/p>\n\n\n\n<p>Yolanda Sald\u00edvar se declar\u00f3 inocente despu\u00e9s de haber acabado con la vida de Selena con un balazo de un rev\u00f3lver calibre .38mm. El impacto fue a la altura del hombro inferior derecho, el cual le rompi\u00f3 una arteria que le provoc\u00f3 la muerte por p\u00e9rdida de sangre y un paro cardiorrespiratorio.<\/p>\n\n\n\n<p>Sald\u00edvar era la asistente personal de la cantante, fundadora y presidenta de su club de fans y gerente de su marca Selena Etc, pero decidi\u00f3 apagar la voz de la int\u00e9rprete de Como la flor cuando \u00e9sta ten\u00eda 23 a\u00f1os y una exitosa carrera por delante.<\/p>\n\n\n\n<p>Despu\u00e9s de dispararle a Selena en la habitaci\u00f3n 158 del motel Days Inn., Sald\u00edvar se encerr\u00f3 en una camioneta por casi 10 horas, en donde amenazaba con quitarse la vida mientras sosten\u00eda el arma en su mano y se apuntaba a la cabeza.<\/p>\n\n\n\n<p>A pesar de siempre sostener que no fue su intenci\u00f3n asesinar a Selena, despu\u00e9s de dos horas de deliberaci\u00f3n, un juez sentenci\u00f3 a Yolanda Sald\u00edvar a cadena perpetua por asesinato premeditado el 24 de octubre de 1995, con la posibilidad de solicitar su libertad condicional en marzo de 2025 por buen comportamiento, cuando haya cumplido 30 a\u00f1os de sentencia.<\/p>\n\n\n\n<p>Desde el 22 de noviembre de 1995, Sald\u00edvar pasa sus noches en una celda de aproximadamente 3.5 x 2 metros. Sus d\u00edas comienzan con un momento de esparcimiento por las ma\u00f1anas, despu\u00e9s trabaja como conserje y regresa a su encierro.<\/p>\n\n\n\n<p>El portavoz del Departamento de Justicia Criminal de Texas, Jeremy Desel, dijo en entrevista a Univision que \u201cNo ha habido cambios verdaderos o significativos en el estatus de Sald\u00edvar en a\u00f1os y a\u00f1os\u201d. \u201cElla ha estado en el mismo escenario durante mucho, mucho tiempo\u201d, agreg\u00f3.<\/p>\n\n\n\n<p>Desel no quiso dar m\u00e1s detalles de c\u00f3mo es el trabajo que ahora desempe\u00f1a Yolanda en la c\u00e1rcel y tampoco quiso decir por cu\u00e1nto tiempo lleva desempe\u00f1ando este papel, s\u00f3lo a\u00f1adi\u00f3: \u201cUn conserje trabaja haciendo lo que hace un conserje\u201d.<\/p>\n\n\n\n<p>La vida de Yolanda nunca ha dejado de correr peligro desde que dio fin a la vida de la \u201cReina del Tex-Mex\u201d, varias veces ha recibido amenazas de muerte a trav\u00e9s de cartas del exterior por haber asesinado a su \u00eddola, en otras ocasiones ha recibido las amenazas de otras reclusas, por ello vive sola en su celda, alejada de las dem\u00e1s presas.<\/p>\n\n\n\n<p>Tiene derecho a adquirir un radio de transistores en la comisar\u00eda de la prisi\u00f3n y a recibir una visita de una hora a la semana de sus familiares o amigos. Ha intentado apelar dos veces, la primera fue en 2009 y la perdi\u00f3 por haberla interpuesto en un condado equivocado. En 2014 lo volvi\u00f3 a intentar, apelando por el deterioro de su salud, cosa que no pudo comprobar y fue rechazada.<\/p>\n\n\n\n<p>El padre de Selena Quintanilla, Abraham Quintanilla, asegur\u00f3 que a su familia no le importa si a Sald\u00edvar le dan la libertad condicional en 2025, pero \u00e9l considera que se encuentra en un lugar seguro, pues a pesar de los a\u00f1os sabe que hay personas que la quieren asesinar.<\/p>\n\n\n\n<p>\u201cNosotros recibimos todav\u00eda cartas de mujeres que est\u00e1n en esa prisi\u00f3n, donde est\u00e1 ella, y dicen que la est\u00e1n esperando, que la van a matar [&#8230;] ellas no tienen nada qu\u00e9 perder\u201d, revel\u00f3 en entrevista con Tony Dandrades el a\u00f1o pasado.<\/p>\n\n\n\n<p>Sald\u00edvar podr\u00e1 solicitar su libertad condicional en 2025 sin un abogado, pues simplemente tendr\u00e1 que comprobar que su comportamiento fue bueno durante sus primeros 30 a\u00f1os cumpliendo su sentencia.<\/p>\n\n\n\n<p>INFOBAE<\/p>\n","protected":false},"excerpt":{"rendered":"<p>Selena Quintanilla fue asesinada la ma\u00f1ana del 31 de marzo de 1995 por Yolanda Sald\u00edvar, quien fue una de las amigas m\u00e1s cercanas de la \u201cReina del Tex-Mex\u201d. Hoy Yolanda cumple su sentencia en Mountain View Unit, prisi\u00f3n de m\u00e1xima seguridad para mujeres en Gatesville, Texas. Yolanda Sald\u00edvar se declar\u00f3 inocente despu\u00e9s de haber acabado [&hellip;]<\/p>\n","protected":false},"author":1,"featured_media":3858,"comment_status":"open","ping_status":"open","sticky":false,"template":"","format":"standard","meta":{"nf_dc_page":"","jetpack_post_was_ever_published":false,"_jetpack_newsletter_access":"","_jetpack_dont_email_post_to_subs":false,"_jetpack_newsletter_tier_id":0,"_jetpack_memberships_contains_paywalled_content":false,"_jetpack_memberships_contains_paid_content":false,"footnotes":"","jetpack_publicize_message":"","jetpack_publicize_feature_enabled":true,"jetpack_social_post_already_shared":false,"jetpack_social_options":{"image_generator_settings":{"template":"highway","default_image_id":0,"font":"","enabled":false},"version":2}},"categories":[68],"tags":[],"class_list":["post-3857","post","type-post","status-publish","format-standard","has-post-thumbnail","hentry","category-entretenimiento"],"yoast_head":"<!-- This site is optimized with the Yoast SEO plugin v27.5 - https:\/\/yoast.com\/product\/yoast-seo-wordpress\/ -->\n<title>26 a\u00f1os del asesinato de Selena: \u00bf c\u00f3mo es la vida de su asesina Yolanda Sald\u00edvar en prisi\u00f3n? - Minuto Cero RD<\/title>\n<meta name=\"robots\" content=\"index, follow, max-snippet:-1, max-image-preview:large, max-video-preview:-1\" \/>\n<link rel=\"canonical\" href=\"http:\/\/minutocerord.com\/?p=3857\" \/>\n<meta property=\"og:locale\" content=\"es_ES\" \/>\n<meta property=\"og:type\" content=\"article\" \/>\n<meta property=\"og:title\" content=\"26 a\u00f1os del asesinato de Selena: \u00bf c\u00f3mo es la vida de su asesina Yolanda Sald\u00edvar en prisi\u00f3n? - Minuto Cero RD\" \/>\n<meta property=\"og:description\" content=\"Selena Quintanilla fue asesinada la ma\u00f1ana del 31 de marzo de 1995 por Yolanda Sald\u00edvar, quien fue una de las amigas m\u00e1s cercanas de la \u201cReina del Tex-Mex\u201d. Hoy Yolanda cumple su sentencia en Mountain View Unit, prisi\u00f3n de m\u00e1xima seguridad para mujeres en Gatesville, Texas. Yolanda Sald\u00edvar se declar\u00f3 inocente despu\u00e9s de haber acabado [&hellip;]\" \/>\n<meta property=\"og:url\" content=\"http:\/\/minutocerord.com\/?p=3857\" \/>\n<meta property=\"og:site_name\" content=\"Minuto Cero RD\" \/>\n<meta property=\"article:publisher\" content=\"https:\/\/www.facebook.com\/Genofnotes\" \/>\n<meta property=\"article:author\" content=\"https:\/\/www.facebook.com\/Genofnotes\" \/>\n<meta property=\"article:published_time\" content=\"2021-04-01T06:19:58+00:00\" \/>\n<meta property=\"article:modified_time\" content=\"2021-04-01T06:20:04+00:00\" \/>\n<meta property=\"og:image\" content=\"https:\/\/i0.wp.com\/minutocerord.com\/wp-content\/uploads\/2021\/04\/LGUKIO3FQNDCNDNWZEBONOQ4BI.jpg?fit=400%2C225\" \/>\n\t<meta property=\"og:image:width\" content=\"400\" \/>\n\t<meta property=\"og:image:height\" content=\"225\" \/>\n\t<meta property=\"og:image:type\" content=\"image\/jpeg\" \/>\n<meta name=\"author\" content=\"Genof\u00f3ntes Urb\u00e1ez\" \/>\n<meta name=\"twitter:card\" content=\"summary_large_image\" \/>\n<meta name=\"twitter:label1\" content=\"Written by\" \/>\n\t<meta name=\"twitter:data1\" content=\"Genof\u00f3ntes Urb\u00e1ez\" \/>\n\t<meta name=\"twitter:label2\" content=\"Est. reading time\" \/>\n\t<meta name=\"twitter:data2\" content=\"3 minutos\" \/>\n<script type=\"application\/ld+json\" class=\"yoast-schema-graph\">{\"@context\":\"https:\\\/\\\/schema.org\",\"@graph\":[{\"@type\":\"Article\",\"@id\":\"http:\\\/\\\/minutocerord.com\\\/?p=3857#article\",\"isPartOf\":{\"@id\":\"http:\\\/\\\/minutocerord.com\\\/?p=3857\"},\"author\":{\"name\":\"Genof\u00f3ntes Urb\u00e1ez\",\"@id\":\"https:\\\/\\\/minutocerord.com\\\/#\\\/schema\\\/person\\\/60b5372d60aaa0a5171fb6488be9aee6\"},\"headline\":\"26 a\u00f1os del asesinato de Selena: \u00bf c\u00f3mo es la vida de su asesina Yolanda Sald\u00edvar en prisi\u00f3n?\",\"datePublished\":\"2021-04-01T06:19:58+00:00\",\"dateModified\":\"2021-04-01T06:20:04+00:00\",\"mainEntityOfPage\":{\"@id\":\"http:\\\/\\\/minutocerord.com\\\/?p=3857\"},\"wordCount\":675,\"commentCount\":0,\"publisher\":{\"@id\":\"https:\\\/\\\/minutocerord.com\\\/#\\\/schema\\\/person\\\/60b5372d60aaa0a5171fb6488be9aee6\"},\"image\":{\"@id\":\"http:\\\/\\\/minutocerord.com\\\/?p=3857#primaryimage\"},\"thumbnailUrl\":\"https:\\\/\\\/i0.wp.com\\\/minutocerord.com\\\/wp-content\\\/uploads\\\/2021\\\/04\\\/LGUKIO3FQNDCNDNWZEBONOQ4BI.jpg?fit=400%2C225&ssl=1\",\"articleSection\":[\"Entretenimiento\"],\"inLanguage\":\"es-DO\",\"potentialAction\":[{\"@type\":\"CommentAction\",\"name\":\"Comment\",\"target\":[\"http:\\\/\\\/minutocerord.com\\\/?p=3857#respond\"]}]},{\"@type\":\"WebPage\",\"@id\":\"http:\\\/\\\/minutocerord.com\\\/?p=3857\",\"url\":\"http:\\\/\\\/minutocerord.com\\\/?p=3857\",\"name\":\"26 a\u00f1os del asesinato de Selena: \u00bf c\u00f3mo es la vida de su asesina Yolanda Sald\u00edvar en prisi\u00f3n? - Minuto Cero RD\",\"isPartOf\":{\"@id\":\"https:\\\/\\\/minutocerord.com\\\/#website\"},\"primaryImageOfPage\":{\"@id\":\"http:\\\/\\\/minutocerord.com\\\/?p=3857#primaryimage\"},\"image\":{\"@id\":\"http:\\\/\\\/minutocerord.com\\\/?p=3857#primaryimage\"},\"thumbnailUrl\":\"https:\\\/\\\/i0.wp.com\\\/minutocerord.com\\\/wp-content\\\/uploads\\\/2021\\\/04\\\/LGUKIO3FQNDCNDNWZEBONOQ4BI.jpg?fit=400%2C225&ssl=1\",\"datePublished\":\"2021-04-01T06:19:58+00:00\",\"dateModified\":\"2021-04-01T06:20:04+00:00\",\"breadcrumb\":{\"@id\":\"http:\\\/\\\/minutocerord.com\\\/?p=3857#breadcrumb\"},\"inLanguage\":\"es-DO\",\"potentialAction\":[{\"@type\":\"ReadAction\",\"target\":[\"http:\\\/\\\/minutocerord.com\\\/?p=3857\"]}]},{\"@type\":\"ImageObject\",\"inLanguage\":\"es-DO\",\"@id\":\"http:\\\/\\\/minutocerord.com\\\/?p=3857#primaryimage\",\"url\":\"https:\\\/\\\/i0.wp.com\\\/minutocerord.com\\\/wp-content\\\/uploads\\\/2021\\\/04\\\/LGUKIO3FQNDCNDNWZEBONOQ4BI.jpg?fit=400%2C225&ssl=1\",\"contentUrl\":\"https:\\\/\\\/i0.wp.com\\\/minutocerord.com\\\/wp-content\\\/uploads\\\/2021\\\/04\\\/LGUKIO3FQNDCNDNWZEBONOQ4BI.jpg?fit=400%2C225&ssl=1\",\"width\":400,\"height\":225},{\"@type\":\"BreadcrumbList\",\"@id\":\"http:\\\/\\\/minutocerord.com\\\/?p=3857#breadcrumb\",\"itemListElement\":[{\"@type\":\"ListItem\",\"position\":1,\"name\":\"Home\",\"item\":\"https:\\\/\\\/minutocerord.com\\\/\"},{\"@type\":\"ListItem\",\"position\":2,\"name\":\"26 a\u00f1os del asesinato de Selena: \u00bf c\u00f3mo es la vida de su asesina Yolanda Sald\u00edvar en prisi\u00f3n?\"}]},{\"@type\":\"WebSite\",\"@id\":\"https:\\\/\\\/minutocerord.com\\\/#website\",\"url\":\"https:\\\/\\\/minutocerord.com\\\/\",\"name\":\"Minuto Cero RD\",\"description\":\"Periodismo serio y veraz\",\"publisher\":{\"@id\":\"https:\\\/\\\/minutocerord.com\\\/#\\\/schema\\\/person\\\/60b5372d60aaa0a5171fb6488be9aee6\"},\"potentialAction\":[{\"@type\":\"SearchAction\",\"target\":{\"@type\":\"EntryPoint\",\"urlTemplate\":\"https:\\\/\\\/minutocerord.com\\\/?s={search_term_string}\"},\"query-input\":{\"@type\":\"PropertyValueSpecification\",\"valueRequired\":true,\"valueName\":\"search_term_string\"}}],\"inLanguage\":\"es-DO\"},{\"@type\":[\"Person\",\"Organization\"],\"@id\":\"https:\\\/\\\/minutocerord.com\\\/#\\\/schema\\\/person\\\/60b5372d60aaa0a5171fb6488be9aee6\",\"name\":\"Genof\u00f3ntes Urb\u00e1ez\",\"image\":{\"@type\":\"ImageObject\",\"inLanguage\":\"es-DO\",\"@id\":\"https:\\\/\\\/secure.gravatar.com\\\/avatar\\\/a49ef3186a692098ac3e8a1612261e3ad70cf9e44553dff2929e67939a0ecb9d?s=96&d=identicon&r=g\",\"url\":\"https:\\\/\\\/secure.gravatar.com\\\/avatar\\\/a49ef3186a692098ac3e8a1612261e3ad70cf9e44553dff2929e67939a0ecb9d?s=96&d=identicon&r=g\",\"contentUrl\":\"https:\\\/\\\/secure.gravatar.com\\\/avatar\\\/a49ef3186a692098ac3e8a1612261e3ad70cf9e44553dff2929e67939a0ecb9d?s=96&d=identicon&r=g\",\"caption\":\"Genof\u00f3ntes Urb\u00e1ez\"},\"logo\":{\"@id\":\"https:\\\/\\\/secure.gravatar.com\\\/avatar\\\/a49ef3186a692098ac3e8a1612261e3ad70cf9e44553dff2929e67939a0ecb9d?s=96&d=identicon&r=g\"},\"description\":\"Periodista \\\/ Locutor\",\"sameAs\":[\"https:\\\/\\\/www.facebook.com\\\/Genofnotes\",\"https:\\\/\\\/www.instagram.com\\\/genofnotes\\\/\"]}]}<\/script>\n<!-- \/ Yoast SEO plugin. -->","yoast_head_json":{"title":"26 a\u00f1os del asesinato de Selena: \u00bf c\u00f3mo es la vida de su asesina Yolanda Sald\u00edvar en prisi\u00f3n? - Minuto Cero RD","robots":{"index":"index","follow":"follow","max-snippet":"max-snippet:-1","max-image-preview":"max-image-preview:large","max-video-preview":"max-video-preview:-1"},"canonical":"http:\/\/minutocerord.com\/?p=3857","og_locale":"es_ES","og_type":"article","og_title":"26 a\u00f1os del asesinato de Selena: \u00bf c\u00f3mo es la vida de su asesina Yolanda Sald\u00edvar en prisi\u00f3n? - Minuto Cero RD","og_description":"Selena Quintanilla fue asesinada la ma\u00f1ana del 31 de marzo de 1995 por Yolanda Sald\u00edvar, quien fue una de las amigas m\u00e1s cercanas de la \u201cReina del Tex-Mex\u201d. Hoy Yolanda cumple su sentencia en Mountain View Unit, prisi\u00f3n de m\u00e1xima seguridad para mujeres en Gatesville, Texas. Yolanda Sald\u00edvar se declar\u00f3 inocente despu\u00e9s de haber acabado [&hellip;]","og_url":"http:\/\/minutocerord.com\/?p=3857","og_site_name":"Minuto Cero RD","article_publisher":"https:\/\/www.facebook.com\/Genofnotes","article_author":"https:\/\/www.facebook.com\/Genofnotes","article_published_time":"2021-04-01T06:19:58+00:00","article_modified_time":"2021-04-01T06:20:04+00:00","og_image":[{"width":400,"height":225,"url":"https:\/\/i0.wp.com\/minutocerord.com\/wp-content\/uploads\/2021\/04\/LGUKIO3FQNDCNDNWZEBONOQ4BI.jpg?fit=400%2C225","type":"image\/jpeg"}],"author":"Genof\u00f3ntes Urb\u00e1ez","twitter_card":"summary_large_image","twitter_misc":{"Written by":"Genof\u00f3ntes Urb\u00e1ez","Est. reading time":"3 minutos"},"schema":{"@context":"https:\/\/schema.org","@graph":[{"@type":"Article","@id":"http:\/\/minutocerord.com\/?p=3857#article","isPartOf":{"@id":"http:\/\/minutocerord.com\/?p=3857"},"author":{"name":"Genof\u00f3ntes Urb\u00e1ez","@id":"https:\/\/minutocerord.com\/#\/schema\/person\/60b5372d60aaa0a5171fb6488be9aee6"},"headline":"26 a\u00f1os del asesinato de Selena: \u00bf c\u00f3mo es la vida de su asesina Yolanda Sald\u00edvar en prisi\u00f3n?","datePublished":"2021-04-01T06:19:58+00:00","dateModified":"2021-04-01T06:20:04+00:00","mainEntityOfPage":{"@id":"http:\/\/minutocerord.com\/?p=3857"},"wordCount":675,"commentCount":0,"publisher":{"@id":"https:\/\/minutocerord.com\/#\/schema\/person\/60b5372d60aaa0a5171fb6488be9aee6"},"image":{"@id":"http:\/\/minutocerord.com\/?p=3857#primaryimage"},"thumbnailUrl":"https:\/\/i0.wp.com\/minutocerord.com\/wp-content\/uploads\/2021\/04\/LGUKIO3FQNDCNDNWZEBONOQ4BI.jpg?fit=400%2C225&ssl=1","articleSection":["Entretenimiento"],"inLanguage":"es-DO","potentialAction":[{"@type":"CommentAction","name":"Comment","target":["http:\/\/minutocerord.com\/?p=3857#respond"]}]},{"@type":"WebPage","@id":"http:\/\/minutocerord.com\/?p=3857","url":"http:\/\/minutocerord.com\/?p=3857","name":"26 a\u00f1os del asesinato de Selena: \u00bf c\u00f3mo es la vida de su asesina Yolanda Sald\u00edvar en prisi\u00f3n? - Minuto Cero RD","isPartOf":{"@id":"https:\/\/minutocerord.com\/#website"},"primaryImageOfPage":{"@id":"http:\/\/minutocerord.com\/?p=3857#primaryimage"},"image":{"@id":"http:\/\/minutocerord.com\/?p=3857#primaryimage"},"thumbnailUrl":"https:\/\/i0.wp.com\/minutocerord.com\/wp-content\/uploads\/2021\/04\/LGUKIO3FQNDCNDNWZEBONOQ4BI.jpg?fit=400%2C225&ssl=1","datePublished":"2021-04-01T06:19:58+00:00","dateModified":"2021-04-01T06:20:04+00:00","breadcrumb":{"@id":"http:\/\/minutocerord.com\/?p=3857#breadcrumb"},"inLanguage":"es-DO","potentialAction":[{"@type":"ReadAction","target":["http:\/\/minutocerord.com\/?p=3857"]}]},{"@type":"ImageObject","inLanguage":"es-DO","@id":"http:\/\/minutocerord.com\/?p=3857#primaryimage","url":"https:\/\/i0.wp.com\/minutocerord.com\/wp-content\/uploads\/2021\/04\/LGUKIO3FQNDCNDNWZEBONOQ4BI.jpg?fit=400%2C225&ssl=1","contentUrl":"https:\/\/i0.wp.com\/minutocerord.com\/wp-content\/uploads\/2021\/04\/LGUKIO3FQNDCNDNWZEBONOQ4BI.jpg?fit=400%2C225&ssl=1","width":400,"height":225},{"@type":"BreadcrumbList","@id":"http:\/\/minutocerord.com\/?p=3857#breadcrumb","itemListElement":[{"@type":"ListItem","position":1,"name":"Home","item":"https:\/\/minutocerord.com\/"},{"@type":"ListItem","position":2,"name":"26 a\u00f1os del asesinato de Selena: \u00bf c\u00f3mo es la vida de su asesina Yolanda Sald\u00edvar en prisi\u00f3n?"}]},{"@type":"WebSite","@id":"https:\/\/minutocerord.com\/#website","url":"https:\/\/minutocerord.com\/","name":"Minuto Cero RD","description":"Periodismo serio y veraz","publisher":{"@id":"https:\/\/minutocerord.com\/#\/schema\/person\/60b5372d60aaa0a5171fb6488be9aee6"},"potentialAction":[{"@type":"SearchAction","target":{"@type":"EntryPoint","urlTemplate":"https:\/\/minutocerord.com\/?s={search_term_string}"},"query-input":{"@type":"PropertyValueSpecification","valueRequired":true,"valueName":"search_term_string"}}],"inLanguage":"es-DO"},{"@type":["Person","Organization"],"@id":"https:\/\/minutocerord.com\/#\/schema\/person\/60b5372d60aaa0a5171fb6488be9aee6","name":"Genof\u00f3ntes Urb\u00e1ez","image":{"@type":"ImageObject","inLanguage":"es-DO","@id":"https:\/\/secure.gravatar.com\/avatar\/a49ef3186a692098ac3e8a1612261e3ad70cf9e44553dff2929e67939a0ecb9d?s=96&d=identicon&r=g","url":"https:\/\/secure.gravatar.com\/avatar\/a49ef3186a692098ac3e8a1612261e3ad70cf9e44553dff2929e67939a0ecb9d?s=96&d=identicon&r=g","contentUrl":"https:\/\/secure.gravatar.com\/avatar\/a49ef3186a692098ac3e8a1612261e3ad70cf9e44553dff2929e67939a0ecb9d?s=96&d=identicon&r=g","caption":"Genof\u00f3ntes Urb\u00e1ez"},"logo":{"@id":"https:\/\/secure.gravatar.com\/avatar\/a49ef3186a692098ac3e8a1612261e3ad70cf9e44553dff2929e67939a0ecb9d?s=96&d=identicon&r=g"},"description":"Periodista \/ Locutor","sameAs":["https:\/\/www.facebook.com\/Genofnotes","https:\/\/www.instagram.com\/genofnotes\/"]}]}},"jetpack_publicize_connections":[],"jetpack_featured_media_url":"https:\/\/i0.wp.com\/minutocerord.com\/wp-content\/uploads\/2021\/04\/LGUKIO3FQNDCNDNWZEBONOQ4BI.jpg?fit=400%2C225&ssl=1","jetpack-related-posts":[],"jetpack_sharing_enabled":true,"_links":{"self":[{"href":"https:\/\/minutocerord.com\/index.php?rest_route=\/wp\/v2\/posts\/3857","targetHints":{"allow":["GET"]}}],"collection":[{"href":"https:\/\/minutocerord.com\/index.php?rest_route=\/wp\/v2\/posts"}],"about":[{"href":"https:\/\/minutocerord.com\/index.php?rest_route=\/wp\/v2\/types\/post"}],"author":[{"embeddable":true,"href":"https:\/\/minutocerord.com\/index.php?rest_route=\/wp\/v2\/users\/1"}],"replies":[{"embeddable":true,"href":"https:\/\/minutocerord.com\/index.php?rest_route=%2Fwp%2Fv2%2Fcomments&post=3857"}],"version-history":[{"count":1,"href":"https:\/\/minutocerord.com\/index.php?rest_route=\/wp\/v2\/posts\/3857\/revisions"}],"predecessor-version":[{"id":3859,"href":"https:\/\/minutocerord.com\/index.php?rest_route=\/wp\/v2\/posts\/3857\/revisions\/3859"}],"wp:featuredmedia":[{"embeddable":true,"href":"https:\/\/minutocerord.com\/index.php?rest_route=\/wp\/v2\/media\/3858"}],"wp:attachment":[{"href":"https:\/\/minutocerord.com\/index.php?rest_route=%2Fwp%2Fv2%2Fmedia&parent=3857"}],"wp:term":[{"taxonomy":"category","embeddable":true,"href":"https:\/\/minutocerord.com\/index.php?rest_route=%2Fwp%2Fv2%2Fcategories&post=3857"},{"taxonomy":"post_tag","embeddable":true,"href":"https:\/\/minutocerord.com\/index.php?rest_route=%2Fwp%2Fv2%2Ftags&post=3857"}],"curies":[{"name":"wp","href":"https:\/\/api.w.org\/{rel}","templated":true}]}}