{"id":3863,"date":"2021-04-03T23:24:07","date_gmt":"2021-04-04T03:24:07","guid":{"rendered":"https:\/\/minutocerord.com\/?p=3863"},"modified":"2021-04-03T23:28:18","modified_gmt":"2021-04-04T03:28:18","slug":"cdp-exigen-a-iglesia-catolica-identificar-a-presuntos-periodistas-chantajistas","status":"publish","type":"post","link":"https:\/\/minutocerord.com\/?p=3863","title":{"rendered":"CDP exige a Iglesia Cat\u00f3lica identificar a presuntos periodistas \u00abchantajistas\u00bb"},"content":{"rendered":"\n<p>El Colegio Dominicano de Periodistas (CDP) exigi\u00f3 hoy a la Iglesia cat\u00f3lica identificar a los periodistas se\u00f1alados de presuntos \u00abchantajistas\u00bb por un sacerdote durante la lectura del Serm\u00f3n de las Siete Palabras, este Viernes Santo.<\/p>\n\n\n\n<p>La presidenta del gremio Mercedes Castillo dijo que la entidad est\u00e1 comprometida con la defensa de un periodismo \u00e9tico y con responsabilidad social, y no ser\u00e1 \u00abc\u00f3mplice\u00bb de \u00abacciones indecorosas\u00bb contra la noble profesi\u00f3n de periodista.<\/p>\n\n\n\n<p>Castillo, en nota de prensa, dijo que el CDP exige al sacerdote Arsenio Ferreira Rosario revelar los nombres de los periodistas que presuntamente se dedican a chantajear y a presionar a funcionarios p\u00fablicos y a empresarios privados, as\u00ed como a otras personas y negocios con notas falsas en las redes sociales en busca de dinero.<\/p>\n\n\n\n<p><\/p>\n\n\n\n<p>La dirigente afirm\u00f3 que el ejercicio \u00abinmoral\u00bb deshonra la profesi\u00f3n de periodista, por lo que es obligaci\u00f3n de la Iglesia se\u00f1alar qui\u00e9nes son esos \u00abperiodistas chantajistas\u00bb, ya que en el periodismo no todos carecen de \u00e9tica.<\/p>\n\n\n\n<p>\u00abDe no identificarlos y someterlos al Tribunal Disciplinario del CDP, estar\u00edan dejando la duda de que cualquier periodista es inmoral y chantajista, y a eso no tiene derecho ni la Iglesia ni nadie\u00bb, refiri\u00f3.<\/p>\n\n\n\n<p>Manifest\u00f3 que en el periodismo como en otras \u00e1reas, hay personas \u00e9ticas y otras que no lo son, situaci\u00f3n que tambi\u00e9n ocurre en la propia Iglesia cat\u00f3lica y en diferentes estamentos de la sociedad.<\/p>\n\n\n\n<p>\u00abCon ocasi\u00f3n de celebrarse el D\u00eda Nacional del Periodista, este lunes 5 de abril, el CDP renueva sus compromisos de impulsar un periodismo \u00e9tico, a la vez de hacer un llamado a los periodistas a asumir la responsabilidad hist\u00f3rica que tienen en sus manos\u00bb, puntualiz\u00f3 Castillo.EFE<\/p>\n","protected":false},"excerpt":{"rendered":"<p>El Colegio Dominicano de Periodistas (CDP) exigi\u00f3 hoy a la Iglesia cat\u00f3lica identificar a los periodistas se\u00f1alados de presuntos \u00abchantajistas\u00bb por un sacerdote durante la lectura del Serm\u00f3n de las Siete Palabras, este Viernes Santo. La presidenta del gremio Mercedes Castillo dijo que la entidad est\u00e1 comprometida con la defensa de un periodismo \u00e9tico y [&hellip;]<\/p>\n","protected":false},"author":1,"featured_media":3864,"comment_status":"open","ping_status":"open","sticky":false,"template":"","format":"standard","meta":{"nf_dc_page":"","jetpack_post_was_ever_published":false,"_jetpack_newsletter_access":"","_jetpack_dont_email_post_to_subs":false,"_jetpack_newsletter_tier_id":0,"_jetpack_memberships_contains_paywalled_content":false,"_jetpack_memberships_contains_paid_content":false,"footnotes":"","jetpack_publicize_message":"","jetpack_publicize_feature_enabled":true,"jetpack_social_post_already_shared":false,"jetpack_social_options":{"image_generator_settings":{"template":"highway","default_image_id":0,"font":"","enabled":false},"version":2}},"categories":[65],"tags":[],"class_list":["post-3863","post","type-post","status-publish","format-standard","has-post-thumbnail","hentry","category-nacionales"],"yoast_head":"<!-- This site is optimized with the Yoast SEO plugin v27.5 - https:\/\/yoast.com\/product\/yoast-seo-wordpress\/ -->\n<title>CDP exige a Iglesia Cat\u00f3lica identificar a presuntos periodistas \u00abchantajistas\u00bb - Minuto Cero RD<\/title>\n<meta name=\"robots\" content=\"index, follow, max-snippet:-1, max-image-preview:large, max-video-preview:-1\" \/>\n<link rel=\"canonical\" href=\"http:\/\/minutocerord.com\/?p=3863\" \/>\n<meta property=\"og:locale\" content=\"es_ES\" \/>\n<meta property=\"og:type\" content=\"article\" \/>\n<meta property=\"og:title\" content=\"CDP exige a Iglesia Cat\u00f3lica identificar a presuntos periodistas \u00abchantajistas\u00bb - Minuto Cero RD\" \/>\n<meta property=\"og:description\" content=\"El Colegio Dominicano de Periodistas (CDP) exigi\u00f3 hoy a la Iglesia cat\u00f3lica identificar a los periodistas se\u00f1alados de presuntos \u00abchantajistas\u00bb por un sacerdote durante la lectura del Serm\u00f3n de las Siete Palabras, este Viernes Santo. La presidenta del gremio Mercedes Castillo dijo que la entidad est\u00e1 comprometida con la defensa de un periodismo \u00e9tico y [&hellip;]\" \/>\n<meta property=\"og:url\" content=\"http:\/\/minutocerord.com\/?p=3863\" \/>\n<meta property=\"og:site_name\" content=\"Minuto Cero RD\" \/>\n<meta property=\"article:publisher\" content=\"https:\/\/www.facebook.com\/Genofnotes\" \/>\n<meta property=\"article:author\" content=\"https:\/\/www.facebook.com\/Genofnotes\" \/>\n<meta property=\"article:published_time\" content=\"2021-04-04T03:24:07+00:00\" \/>\n<meta property=\"article:modified_time\" content=\"2021-04-04T03:28:18+00:00\" \/>\n<meta property=\"og:image\" content=\"https:\/\/i0.wp.com\/minutocerord.com\/wp-content\/uploads\/2021\/04\/Mercedes-Castillo.jpg?fit=750%2C390\" \/>\n\t<meta property=\"og:image:width\" content=\"750\" \/>\n\t<meta property=\"og:image:height\" content=\"390\" \/>\n\t<meta property=\"og:image:type\" content=\"image\/jpeg\" \/>\n<meta name=\"author\" content=\"Genof\u00f3ntes Urb\u00e1ez\" \/>\n<meta name=\"twitter:card\" content=\"summary_large_image\" \/>\n<meta name=\"twitter:label1\" content=\"Written by\" \/>\n\t<meta name=\"twitter:data1\" content=\"Genof\u00f3ntes Urb\u00e1ez\" \/>\n\t<meta name=\"twitter:label2\" content=\"Est. reading time\" \/>\n\t<meta name=\"twitter:data2\" content=\"2 minutos\" \/>\n<script type=\"application\/ld+json\" class=\"yoast-schema-graph\">{\"@context\":\"https:\\\/\\\/schema.org\",\"@graph\":[{\"@type\":\"Article\",\"@id\":\"http:\\\/\\\/minutocerord.com\\\/?p=3863#article\",\"isPartOf\":{\"@id\":\"http:\\\/\\\/minutocerord.com\\\/?p=3863\"},\"author\":{\"name\":\"Genof\u00f3ntes Urb\u00e1ez\",\"@id\":\"https:\\\/\\\/minutocerord.com\\\/#\\\/schema\\\/person\\\/60b5372d60aaa0a5171fb6488be9aee6\"},\"headline\":\"CDP exige a Iglesia Cat\u00f3lica identificar a presuntos periodistas \u00abchantajistas\u00bb\",\"datePublished\":\"2021-04-04T03:24:07+00:00\",\"dateModified\":\"2021-04-04T03:28:18+00:00\",\"mainEntityOfPage\":{\"@id\":\"http:\\\/\\\/minutocerord.com\\\/?p=3863\"},\"wordCount\":304,\"commentCount\":0,\"publisher\":{\"@id\":\"https:\\\/\\\/minutocerord.com\\\/#\\\/schema\\\/person\\\/60b5372d60aaa0a5171fb6488be9aee6\"},\"image\":{\"@id\":\"http:\\\/\\\/minutocerord.com\\\/?p=3863#primaryimage\"},\"thumbnailUrl\":\"https:\\\/\\\/i0.wp.com\\\/minutocerord.com\\\/wp-content\\\/uploads\\\/2021\\\/04\\\/Mercedes-Castillo.jpg?fit=750%2C390&ssl=1\",\"articleSection\":[\"Nacionales\"],\"inLanguage\":\"es-DO\",\"potentialAction\":[{\"@type\":\"CommentAction\",\"name\":\"Comment\",\"target\":[\"http:\\\/\\\/minutocerord.com\\\/?p=3863#respond\"]}]},{\"@type\":\"WebPage\",\"@id\":\"http:\\\/\\\/minutocerord.com\\\/?p=3863\",\"url\":\"http:\\\/\\\/minutocerord.com\\\/?p=3863\",\"name\":\"CDP exige a Iglesia Cat\u00f3lica identificar a presuntos periodistas \u00abchantajistas\u00bb - Minuto Cero RD\",\"isPartOf\":{\"@id\":\"https:\\\/\\\/minutocerord.com\\\/#website\"},\"primaryImageOfPage\":{\"@id\":\"http:\\\/\\\/minutocerord.com\\\/?p=3863#primaryimage\"},\"image\":{\"@id\":\"http:\\\/\\\/minutocerord.com\\\/?p=3863#primaryimage\"},\"thumbnailUrl\":\"https:\\\/\\\/i0.wp.com\\\/minutocerord.com\\\/wp-content\\\/uploads\\\/2021\\\/04\\\/Mercedes-Castillo.jpg?fit=750%2C390&ssl=1\",\"datePublished\":\"2021-04-04T03:24:07+00:00\",\"dateModified\":\"2021-04-04T03:28:18+00:00\",\"breadcrumb\":{\"@id\":\"http:\\\/\\\/minutocerord.com\\\/?p=3863#breadcrumb\"},\"inLanguage\":\"es-DO\",\"potentialAction\":[{\"@type\":\"ReadAction\",\"target\":[\"http:\\\/\\\/minutocerord.com\\\/?p=3863\"]}]},{\"@type\":\"ImageObject\",\"inLanguage\":\"es-DO\",\"@id\":\"http:\\\/\\\/minutocerord.com\\\/?p=3863#primaryimage\",\"url\":\"https:\\\/\\\/i0.wp.com\\\/minutocerord.com\\\/wp-content\\\/uploads\\\/2021\\\/04\\\/Mercedes-Castillo.jpg?fit=750%2C390&ssl=1\",\"contentUrl\":\"https:\\\/\\\/i0.wp.com\\\/minutocerord.com\\\/wp-content\\\/uploads\\\/2021\\\/04\\\/Mercedes-Castillo.jpg?fit=750%2C390&ssl=1\",\"width\":750,\"height\":390},{\"@type\":\"BreadcrumbList\",\"@id\":\"http:\\\/\\\/minutocerord.com\\\/?p=3863#breadcrumb\",\"itemListElement\":[{\"@type\":\"ListItem\",\"position\":1,\"name\":\"Home\",\"item\":\"https:\\\/\\\/minutocerord.com\\\/\"},{\"@type\":\"ListItem\",\"position\":2,\"name\":\"CDP exige a Iglesia Cat\u00f3lica identificar a presuntos periodistas \u00abchantajistas\u00bb\"}]},{\"@type\":\"WebSite\",\"@id\":\"https:\\\/\\\/minutocerord.com\\\/#website\",\"url\":\"https:\\\/\\\/minutocerord.com\\\/\",\"name\":\"Minuto Cero RD\",\"description\":\"Periodismo serio y veraz\",\"publisher\":{\"@id\":\"https:\\\/\\\/minutocerord.com\\\/#\\\/schema\\\/person\\\/60b5372d60aaa0a5171fb6488be9aee6\"},\"potentialAction\":[{\"@type\":\"SearchAction\",\"target\":{\"@type\":\"EntryPoint\",\"urlTemplate\":\"https:\\\/\\\/minutocerord.com\\\/?s={search_term_string}\"},\"query-input\":{\"@type\":\"PropertyValueSpecification\",\"valueRequired\":true,\"valueName\":\"search_term_string\"}}],\"inLanguage\":\"es-DO\"},{\"@type\":[\"Person\",\"Organization\"],\"@id\":\"https:\\\/\\\/minutocerord.com\\\/#\\\/schema\\\/person\\\/60b5372d60aaa0a5171fb6488be9aee6\",\"name\":\"Genof\u00f3ntes Urb\u00e1ez\",\"image\":{\"@type\":\"ImageObject\",\"inLanguage\":\"es-DO\",\"@id\":\"https:\\\/\\\/secure.gravatar.com\\\/avatar\\\/a49ef3186a692098ac3e8a1612261e3ad70cf9e44553dff2929e67939a0ecb9d?s=96&d=identicon&r=g\",\"url\":\"https:\\\/\\\/secure.gravatar.com\\\/avatar\\\/a49ef3186a692098ac3e8a1612261e3ad70cf9e44553dff2929e67939a0ecb9d?s=96&d=identicon&r=g\",\"contentUrl\":\"https:\\\/\\\/secure.gravatar.com\\\/avatar\\\/a49ef3186a692098ac3e8a1612261e3ad70cf9e44553dff2929e67939a0ecb9d?s=96&d=identicon&r=g\",\"caption\":\"Genof\u00f3ntes Urb\u00e1ez\"},\"logo\":{\"@id\":\"https:\\\/\\\/secure.gravatar.com\\\/avatar\\\/a49ef3186a692098ac3e8a1612261e3ad70cf9e44553dff2929e67939a0ecb9d?s=96&d=identicon&r=g\"},\"description\":\"Periodista \\\/ Locutor\",\"sameAs\":[\"https:\\\/\\\/www.facebook.com\\\/Genofnotes\",\"https:\\\/\\\/www.instagram.com\\\/genofnotes\\\/\"]}]}<\/script>\n<!-- \/ Yoast SEO plugin. -->","yoast_head_json":{"title":"CDP exige a Iglesia Cat\u00f3lica identificar a presuntos periodistas \u00abchantajistas\u00bb - Minuto Cero RD","robots":{"index":"index","follow":"follow","max-snippet":"max-snippet:-1","max-image-preview":"max-image-preview:large","max-video-preview":"max-video-preview:-1"},"canonical":"http:\/\/minutocerord.com\/?p=3863","og_locale":"es_ES","og_type":"article","og_title":"CDP exige a Iglesia Cat\u00f3lica identificar a presuntos periodistas \u00abchantajistas\u00bb - Minuto Cero RD","og_description":"El Colegio Dominicano de Periodistas (CDP) exigi\u00f3 hoy a la Iglesia cat\u00f3lica identificar a los periodistas se\u00f1alados de presuntos \u00abchantajistas\u00bb por un sacerdote durante la lectura del Serm\u00f3n de las Siete Palabras, este Viernes Santo. La presidenta del gremio Mercedes Castillo dijo que la entidad est\u00e1 comprometida con la defensa de un periodismo \u00e9tico y [&hellip;]","og_url":"http:\/\/minutocerord.com\/?p=3863","og_site_name":"Minuto Cero RD","article_publisher":"https:\/\/www.facebook.com\/Genofnotes","article_author":"https:\/\/www.facebook.com\/Genofnotes","article_published_time":"2021-04-04T03:24:07+00:00","article_modified_time":"2021-04-04T03:28:18+00:00","og_image":[{"width":750,"height":390,"url":"https:\/\/i0.wp.com\/minutocerord.com\/wp-content\/uploads\/2021\/04\/Mercedes-Castillo.jpg?fit=750%2C390","type":"image\/jpeg"}],"author":"Genof\u00f3ntes Urb\u00e1ez","twitter_card":"summary_large_image","twitter_misc":{"Written by":"Genof\u00f3ntes Urb\u00e1ez","Est. reading time":"2 minutos"},"schema":{"@context":"https:\/\/schema.org","@graph":[{"@type":"Article","@id":"http:\/\/minutocerord.com\/?p=3863#article","isPartOf":{"@id":"http:\/\/minutocerord.com\/?p=3863"},"author":{"name":"Genof\u00f3ntes Urb\u00e1ez","@id":"https:\/\/minutocerord.com\/#\/schema\/person\/60b5372d60aaa0a5171fb6488be9aee6"},"headline":"CDP exige a Iglesia Cat\u00f3lica identificar a presuntos periodistas \u00abchantajistas\u00bb","datePublished":"2021-04-04T03:24:07+00:00","dateModified":"2021-04-04T03:28:18+00:00","mainEntityOfPage":{"@id":"http:\/\/minutocerord.com\/?p=3863"},"wordCount":304,"commentCount":0,"publisher":{"@id":"https:\/\/minutocerord.com\/#\/schema\/person\/60b5372d60aaa0a5171fb6488be9aee6"},"image":{"@id":"http:\/\/minutocerord.com\/?p=3863#primaryimage"},"thumbnailUrl":"https:\/\/i0.wp.com\/minutocerord.com\/wp-content\/uploads\/2021\/04\/Mercedes-Castillo.jpg?fit=750%2C390&ssl=1","articleSection":["Nacionales"],"inLanguage":"es-DO","potentialAction":[{"@type":"CommentAction","name":"Comment","target":["http:\/\/minutocerord.com\/?p=3863#respond"]}]},{"@type":"WebPage","@id":"http:\/\/minutocerord.com\/?p=3863","url":"http:\/\/minutocerord.com\/?p=3863","name":"CDP exige a Iglesia Cat\u00f3lica identificar a presuntos periodistas \u00abchantajistas\u00bb - Minuto Cero RD","isPartOf":{"@id":"https:\/\/minutocerord.com\/#website"},"primaryImageOfPage":{"@id":"http:\/\/minutocerord.com\/?p=3863#primaryimage"},"image":{"@id":"http:\/\/minutocerord.com\/?p=3863#primaryimage"},"thumbnailUrl":"https:\/\/i0.wp.com\/minutocerord.com\/wp-content\/uploads\/2021\/04\/Mercedes-Castillo.jpg?fit=750%2C390&ssl=1","datePublished":"2021-04-04T03:24:07+00:00","dateModified":"2021-04-04T03:28:18+00:00","breadcrumb":{"@id":"http:\/\/minutocerord.com\/?p=3863#breadcrumb"},"inLanguage":"es-DO","potentialAction":[{"@type":"ReadAction","target":["http:\/\/minutocerord.com\/?p=3863"]}]},{"@type":"ImageObject","inLanguage":"es-DO","@id":"http:\/\/minutocerord.com\/?p=3863#primaryimage","url":"https:\/\/i0.wp.com\/minutocerord.com\/wp-content\/uploads\/2021\/04\/Mercedes-Castillo.jpg?fit=750%2C390&ssl=1","contentUrl":"https:\/\/i0.wp.com\/minutocerord.com\/wp-content\/uploads\/2021\/04\/Mercedes-Castillo.jpg?fit=750%2C390&ssl=1","width":750,"height":390},{"@type":"BreadcrumbList","@id":"http:\/\/minutocerord.com\/?p=3863#breadcrumb","itemListElement":[{"@type":"ListItem","position":1,"name":"Home","item":"https:\/\/minutocerord.com\/"},{"@type":"ListItem","position":2,"name":"CDP exige a Iglesia Cat\u00f3lica identificar a presuntos periodistas \u00abchantajistas\u00bb"}]},{"@type":"WebSite","@id":"https:\/\/minutocerord.com\/#website","url":"https:\/\/minutocerord.com\/","name":"Minuto Cero RD","description":"Periodismo serio y veraz","publisher":{"@id":"https:\/\/minutocerord.com\/#\/schema\/person\/60b5372d60aaa0a5171fb6488be9aee6"},"potentialAction":[{"@type":"SearchAction","target":{"@type":"EntryPoint","urlTemplate":"https:\/\/minutocerord.com\/?s={search_term_string}"},"query-input":{"@type":"PropertyValueSpecification","valueRequired":true,"valueName":"search_term_string"}}],"inLanguage":"es-DO"},{"@type":["Person","Organization"],"@id":"https:\/\/minutocerord.com\/#\/schema\/person\/60b5372d60aaa0a5171fb6488be9aee6","name":"Genof\u00f3ntes Urb\u00e1ez","image":{"@type":"ImageObject","inLanguage":"es-DO","@id":"https:\/\/secure.gravatar.com\/avatar\/a49ef3186a692098ac3e8a1612261e3ad70cf9e44553dff2929e67939a0ecb9d?s=96&d=identicon&r=g","url":"https:\/\/secure.gravatar.com\/avatar\/a49ef3186a692098ac3e8a1612261e3ad70cf9e44553dff2929e67939a0ecb9d?s=96&d=identicon&r=g","contentUrl":"https:\/\/secure.gravatar.com\/avatar\/a49ef3186a692098ac3e8a1612261e3ad70cf9e44553dff2929e67939a0ecb9d?s=96&d=identicon&r=g","caption":"Genof\u00f3ntes Urb\u00e1ez"},"logo":{"@id":"https:\/\/secure.gravatar.com\/avatar\/a49ef3186a692098ac3e8a1612261e3ad70cf9e44553dff2929e67939a0ecb9d?s=96&d=identicon&r=g"},"description":"Periodista \/ Locutor","sameAs":["https:\/\/www.facebook.com\/Genofnotes","https:\/\/www.instagram.com\/genofnotes\/"]}]}},"jetpack_publicize_connections":[],"jetpack_featured_media_url":"https:\/\/i0.wp.com\/minutocerord.com\/wp-content\/uploads\/2021\/04\/Mercedes-Castillo.jpg?fit=750%2C390&ssl=1","jetpack-related-posts":[],"jetpack_sharing_enabled":true,"_links":{"self":[{"href":"https:\/\/minutocerord.com\/index.php?rest_route=\/wp\/v2\/posts\/3863","targetHints":{"allow":["GET"]}}],"collection":[{"href":"https:\/\/minutocerord.com\/index.php?rest_route=\/wp\/v2\/posts"}],"about":[{"href":"https:\/\/minutocerord.com\/index.php?rest_route=\/wp\/v2\/types\/post"}],"author":[{"embeddable":true,"href":"https:\/\/minutocerord.com\/index.php?rest_route=\/wp\/v2\/users\/1"}],"replies":[{"embeddable":true,"href":"https:\/\/minutocerord.com\/index.php?rest_route=%2Fwp%2Fv2%2Fcomments&post=3863"}],"version-history":[{"count":2,"href":"https:\/\/minutocerord.com\/index.php?rest_route=\/wp\/v2\/posts\/3863\/revisions"}],"predecessor-version":[{"id":3866,"href":"https:\/\/minutocerord.com\/index.php?rest_route=\/wp\/v2\/posts\/3863\/revisions\/3866"}],"wp:featuredmedia":[{"embeddable":true,"href":"https:\/\/minutocerord.com\/index.php?rest_route=\/wp\/v2\/media\/3864"}],"wp:attachment":[{"href":"https:\/\/minutocerord.com\/index.php?rest_route=%2Fwp%2Fv2%2Fmedia&parent=3863"}],"wp:term":[{"taxonomy":"category","embeddable":true,"href":"https:\/\/minutocerord.com\/index.php?rest_route=%2Fwp%2Fv2%2Fcategories&post=3863"},{"taxonomy":"post_tag","embeddable":true,"href":"https:\/\/minutocerord.com\/index.php?rest_route=%2Fwp%2Fv2%2Ftags&post=3863"}],"curies":[{"name":"wp","href":"https:\/\/api.w.org\/{rel}","templated":true}]}}