{"id":3870,"date":"2021-04-05T23:24:45","date_gmt":"2021-04-06T03:24:45","guid":{"rendered":"https:\/\/minutocerord.com\/?p=3870"},"modified":"2021-04-05T23:38:05","modified_gmt":"2021-04-06T03:38:05","slug":"el-poder-ejecutivo-otorgo-pension-del-estado-a-44-periodistas-en-su-dia","status":"publish","type":"post","link":"https:\/\/minutocerord.com\/?p=3870","title":{"rendered":"El Poder Ejecutivo otorg\u00f3 pensi\u00f3n del Estado a 44 periodistas en su d\u00eda"},"content":{"rendered":"\n<p>SANTO DOMINGO.- El Poder Ejecutivo otorg\u00f3 pensi\u00f3n especial del Estado a 44 periodistas, algunos aquejados de problemas de salud, que recibir\u00e1n cuarenta mil pesos mensuales, en el marco de la celebraci\u00f3n este lunes del D\u00eda Nacional del Periodista.<\/p>\n\n\n\n<p>La Presidencia inform\u00f3 en comunicado de prensa que la disposici\u00f3n gubernamental tambi\u00e9n eleva a RD$40,000 mensuales la pensi\u00f3n asignada por el Estado al comunicador Leoncio Antonio Compr\u00e9s Corsino.<\/p>\n\n\n\n<p>Asimismo, indica que en caso de que los beneficiarios se encuentren disfrutando de una pensi\u00f3n estatal, \u00e9stos podr\u00e1n optar por la que m\u00e1s le favorezca.<\/p>\n\n\n\n<p><strong>Los beneficiarios<\/strong><\/p>\n\n\n\n<p>Los periodistas pensionados son&nbsp;Juan Modesto Rodr\u00edguez, Florencio Peguero Guerrero, Francia Cep\u00edn Mart\u00ednez, Osvaldo Nelson Hern\u00e1ndez Cruz, Manuel Miguel V\u00f3lquez Bello,&nbsp;Olivo Antonio de Le\u00f3n Sandoval, V\u00edctor Manuel Nova, Jos\u00e9 Francisco Madera, Carlos Enrique Ram\u00edrez B\u00e1ez, Yonis Alberto Salazar Hern\u00e1ndez, Juan \u00c1vila, Yluminada P\u00e9rez Rubio, Tom\u00e1s Santana Herrera y Humberto Del Carmen Olivo Veras.<\/p>\n\n\n\n<p>Tambi\u00e9n V\u00edctor Manuel P\u00e9rez Qui\u00f1ones, Diones Bienvenido B\u00e1ez, Demetrio Esteban Sarita, Florencio Manuel Tejada Henr\u00edquez, Vicente Hern\u00e1ndez, Carmen Lourdes Carvajal N\u00fa\u00f1ez, C\u00e1ndida Mar\u00eda Acosta De P\u00e9rez, Jos\u00e9 Alfredo Rodr\u00edguez Ovalles, F\u00e9lix Sosa, Augusto Antonio \u00c1lvarez, Jos\u00e9 Altagracia Alvarado Peguero, Vicente Antonio Balbuena Pe\u00f1a, Adriano de la Rosa Paulino.<\/p>\n\n\n\n<p>Arsenio Roberto Corpor\u00e1n D\u00edaz, Pedro Alfonso Segura Encarnaci\u00f3n, Rafael Germ\u00e1n Fern\u00e1ndez Ure\u00f1a, Mar\u00eda del Rosario \u00c1lvarez Leger, Jos\u00e9 Antonio Thomas, Alberto Odalis B\u00e1ez, Rafael Francisco Pineda Cuevas, Antonio N\u00fa\u00f1ez N\u00fa\u00f1ez, C\u00e9sar Andr\u00e9s L\u00f3pez Marte, Luis Mirtilio F\u00e9liz Pe\u00f1a, Mario Rodr\u00edguez Santos, Mariano Luis Vanderhorst, Miguel \u00c1ngel Polanco B\u00e1ez, German Elpidio Santiago S\u00e1nchez, Ygnacio Sesilio Guerrero Tav\u00e1rez, \u00c1ngela Genao y Altagracia Lora Ferm\u00edn.<\/p>\n\n\n\n<p>\u00abEl pago de toda pensi\u00f3n otorgada por el Poder Ejecutivo con cargo al fondo de pensiones y jubilaciones de la Ley de Presupuesto General del Estado, tenga efectividad a partir de la fecha en que el beneficiario formalice su solicitud de inclusi\u00f3n en la n\u00f3mina de los Jubilados y Pensionados Civiles del Estado ante la Direcci\u00f3n General de Jubilaciones y Pensiones a cargo del Estado del Ministerio de Hacienda\u00bb, indica el documento.<\/p>\n\n\n\n<p>Establece que el organismo tendr\u00e1 un plazo de tres meses para hacer efectivo el pago de las pensiones, contados a partir de que el interesado haya tramitado su solicitud de inclusi\u00f3n. \u00abEl pago de la pensi\u00f3n se considerar\u00e1 efectivo y con derecho a pago retroactivo luego de cumplido dicho plazo\u201d.<\/p>\n","protected":false},"excerpt":{"rendered":"<p>SANTO DOMINGO.- El Poder Ejecutivo otorg\u00f3 pensi\u00f3n especial del Estado a 44 periodistas, algunos aquejados de problemas de salud, que recibir\u00e1n cuarenta mil pesos mensuales, en el marco de la celebraci\u00f3n este lunes del D\u00eda Nacional del Periodista. La Presidencia inform\u00f3 en comunicado de prensa que la disposici\u00f3n gubernamental tambi\u00e9n eleva a RD$40,000 mensuales la [&hellip;]<\/p>\n","protected":false},"author":1,"featured_media":3871,"comment_status":"open","ping_status":"open","sticky":false,"template":"","format":"standard","meta":{"nf_dc_page":"","jetpack_post_was_ever_published":false,"_jetpack_newsletter_access":"","_jetpack_dont_email_post_to_subs":false,"_jetpack_newsletter_tier_id":0,"_jetpack_memberships_contains_paywalled_content":false,"_jetpack_memberships_contains_paid_content":false,"footnotes":"","jetpack_publicize_message":"","jetpack_publicize_feature_enabled":true,"jetpack_social_post_already_shared":false,"jetpack_social_options":{"image_generator_settings":{"template":"highway","default_image_id":0,"font":"","enabled":false},"version":2}},"categories":[65],"tags":[],"class_list":["post-3870","post","type-post","status-publish","format-standard","has-post-thumbnail","hentry","category-nacionales"],"yoast_head":"<!-- This site is optimized with the Yoast SEO plugin v27.5 - https:\/\/yoast.com\/product\/yoast-seo-wordpress\/ -->\n<title>El Poder Ejecutivo otorg\u00f3 pensi\u00f3n del Estado a 44 periodistas en su d\u00eda - Minuto Cero RD<\/title>\n<meta name=\"robots\" content=\"index, follow, max-snippet:-1, max-image-preview:large, max-video-preview:-1\" \/>\n<link rel=\"canonical\" href=\"https:\/\/minutocerord.com\/?p=3870\" \/>\n<meta property=\"og:locale\" content=\"es_ES\" \/>\n<meta property=\"og:type\" content=\"article\" \/>\n<meta property=\"og:title\" content=\"El Poder Ejecutivo otorg\u00f3 pensi\u00f3n del Estado a 44 periodistas en su d\u00eda - Minuto Cero RD\" \/>\n<meta property=\"og:description\" content=\"SANTO DOMINGO.- El Poder Ejecutivo otorg\u00f3 pensi\u00f3n especial del Estado a 44 periodistas, algunos aquejados de problemas de salud, que recibir\u00e1n cuarenta mil pesos mensuales, en el marco de la celebraci\u00f3n este lunes del D\u00eda Nacional del Periodista. La Presidencia inform\u00f3 en comunicado de prensa que la disposici\u00f3n gubernamental tambi\u00e9n eleva a RD$40,000 mensuales la [&hellip;]\" \/>\n<meta property=\"og:url\" content=\"https:\/\/minutocerord.com\/?p=3870\" \/>\n<meta property=\"og:site_name\" content=\"Minuto Cero RD\" \/>\n<meta property=\"article:publisher\" content=\"https:\/\/www.facebook.com\/Genofnotes\" \/>\n<meta property=\"article:author\" content=\"https:\/\/www.facebook.com\/Genofnotes\" \/>\n<meta property=\"article:published_time\" content=\"2021-04-06T03:24:45+00:00\" \/>\n<meta property=\"article:modified_time\" content=\"2021-04-06T03:38:05+00:00\" \/>\n<meta property=\"og:image\" content=\"https:\/\/i0.wp.com\/minutocerord.com\/wp-content\/uploads\/2021\/04\/periodistas.jpg?fit=822%2C462&ssl=1\" \/>\n\t<meta property=\"og:image:width\" content=\"822\" \/>\n\t<meta property=\"og:image:height\" content=\"462\" \/>\n\t<meta property=\"og:image:type\" content=\"image\/jpeg\" \/>\n<meta name=\"author\" content=\"Genof\u00f3ntes Urb\u00e1ez\" \/>\n<meta name=\"twitter:card\" content=\"summary_large_image\" \/>\n<meta name=\"twitter:label1\" content=\"Written by\" \/>\n\t<meta name=\"twitter:data1\" content=\"Genof\u00f3ntes Urb\u00e1ez\" \/>\n\t<meta name=\"twitter:label2\" content=\"Est. reading time\" \/>\n\t<meta name=\"twitter:data2\" content=\"2 minutos\" \/>\n<script type=\"application\/ld+json\" class=\"yoast-schema-graph\">{\"@context\":\"https:\\\/\\\/schema.org\",\"@graph\":[{\"@type\":\"Article\",\"@id\":\"https:\\\/\\\/minutocerord.com\\\/?p=3870#article\",\"isPartOf\":{\"@id\":\"https:\\\/\\\/minutocerord.com\\\/?p=3870\"},\"author\":{\"name\":\"Genof\u00f3ntes Urb\u00e1ez\",\"@id\":\"https:\\\/\\\/minutocerord.com\\\/#\\\/schema\\\/person\\\/60b5372d60aaa0a5171fb6488be9aee6\"},\"headline\":\"El Poder Ejecutivo otorg\u00f3 pensi\u00f3n del Estado a 44 periodistas en su d\u00eda\",\"datePublished\":\"2021-04-06T03:24:45+00:00\",\"dateModified\":\"2021-04-06T03:38:05+00:00\",\"mainEntityOfPage\":{\"@id\":\"https:\\\/\\\/minutocerord.com\\\/?p=3870\"},\"wordCount\":458,\"commentCount\":0,\"publisher\":{\"@id\":\"https:\\\/\\\/minutocerord.com\\\/#\\\/schema\\\/person\\\/60b5372d60aaa0a5171fb6488be9aee6\"},\"image\":{\"@id\":\"https:\\\/\\\/minutocerord.com\\\/?p=3870#primaryimage\"},\"thumbnailUrl\":\"https:\\\/\\\/i0.wp.com\\\/minutocerord.com\\\/wp-content\\\/uploads\\\/2021\\\/04\\\/periodistas.jpg?fit=822%2C462&ssl=1\",\"articleSection\":[\"Nacionales\"],\"inLanguage\":\"es-DO\",\"potentialAction\":[{\"@type\":\"CommentAction\",\"name\":\"Comment\",\"target\":[\"https:\\\/\\\/minutocerord.com\\\/?p=3870#respond\"]}]},{\"@type\":\"WebPage\",\"@id\":\"https:\\\/\\\/minutocerord.com\\\/?p=3870\",\"url\":\"https:\\\/\\\/minutocerord.com\\\/?p=3870\",\"name\":\"El Poder Ejecutivo otorg\u00f3 pensi\u00f3n del Estado a 44 periodistas en su d\u00eda - Minuto Cero RD\",\"isPartOf\":{\"@id\":\"https:\\\/\\\/minutocerord.com\\\/#website\"},\"primaryImageOfPage\":{\"@id\":\"https:\\\/\\\/minutocerord.com\\\/?p=3870#primaryimage\"},\"image\":{\"@id\":\"https:\\\/\\\/minutocerord.com\\\/?p=3870#primaryimage\"},\"thumbnailUrl\":\"https:\\\/\\\/i0.wp.com\\\/minutocerord.com\\\/wp-content\\\/uploads\\\/2021\\\/04\\\/periodistas.jpg?fit=822%2C462&ssl=1\",\"datePublished\":\"2021-04-06T03:24:45+00:00\",\"dateModified\":\"2021-04-06T03:38:05+00:00\",\"breadcrumb\":{\"@id\":\"https:\\\/\\\/minutocerord.com\\\/?p=3870#breadcrumb\"},\"inLanguage\":\"es-DO\",\"potentialAction\":[{\"@type\":\"ReadAction\",\"target\":[\"https:\\\/\\\/minutocerord.com\\\/?p=3870\"]}]},{\"@type\":\"ImageObject\",\"inLanguage\":\"es-DO\",\"@id\":\"https:\\\/\\\/minutocerord.com\\\/?p=3870#primaryimage\",\"url\":\"https:\\\/\\\/i0.wp.com\\\/minutocerord.com\\\/wp-content\\\/uploads\\\/2021\\\/04\\\/periodistas.jpg?fit=822%2C462&ssl=1\",\"contentUrl\":\"https:\\\/\\\/i0.wp.com\\\/minutocerord.com\\\/wp-content\\\/uploads\\\/2021\\\/04\\\/periodistas.jpg?fit=822%2C462&ssl=1\",\"width\":822,\"height\":462},{\"@type\":\"BreadcrumbList\",\"@id\":\"https:\\\/\\\/minutocerord.com\\\/?p=3870#breadcrumb\",\"itemListElement\":[{\"@type\":\"ListItem\",\"position\":1,\"name\":\"Home\",\"item\":\"https:\\\/\\\/minutocerord.com\\\/\"},{\"@type\":\"ListItem\",\"position\":2,\"name\":\"El Poder Ejecutivo otorg\u00f3 pensi\u00f3n del Estado a 44 periodistas en su d\u00eda\"}]},{\"@type\":\"WebSite\",\"@id\":\"https:\\\/\\\/minutocerord.com\\\/#website\",\"url\":\"https:\\\/\\\/minutocerord.com\\\/\",\"name\":\"Minuto Cero RD\",\"description\":\"Periodismo serio y veraz\",\"publisher\":{\"@id\":\"https:\\\/\\\/minutocerord.com\\\/#\\\/schema\\\/person\\\/60b5372d60aaa0a5171fb6488be9aee6\"},\"potentialAction\":[{\"@type\":\"SearchAction\",\"target\":{\"@type\":\"EntryPoint\",\"urlTemplate\":\"https:\\\/\\\/minutocerord.com\\\/?s={search_term_string}\"},\"query-input\":{\"@type\":\"PropertyValueSpecification\",\"valueRequired\":true,\"valueName\":\"search_term_string\"}}],\"inLanguage\":\"es-DO\"},{\"@type\":[\"Person\",\"Organization\"],\"@id\":\"https:\\\/\\\/minutocerord.com\\\/#\\\/schema\\\/person\\\/60b5372d60aaa0a5171fb6488be9aee6\",\"name\":\"Genof\u00f3ntes Urb\u00e1ez\",\"image\":{\"@type\":\"ImageObject\",\"inLanguage\":\"es-DO\",\"@id\":\"https:\\\/\\\/secure.gravatar.com\\\/avatar\\\/a49ef3186a692098ac3e8a1612261e3ad70cf9e44553dff2929e67939a0ecb9d?s=96&d=identicon&r=g\",\"url\":\"https:\\\/\\\/secure.gravatar.com\\\/avatar\\\/a49ef3186a692098ac3e8a1612261e3ad70cf9e44553dff2929e67939a0ecb9d?s=96&d=identicon&r=g\",\"contentUrl\":\"https:\\\/\\\/secure.gravatar.com\\\/avatar\\\/a49ef3186a692098ac3e8a1612261e3ad70cf9e44553dff2929e67939a0ecb9d?s=96&d=identicon&r=g\",\"caption\":\"Genof\u00f3ntes Urb\u00e1ez\"},\"logo\":{\"@id\":\"https:\\\/\\\/secure.gravatar.com\\\/avatar\\\/a49ef3186a692098ac3e8a1612261e3ad70cf9e44553dff2929e67939a0ecb9d?s=96&d=identicon&r=g\"},\"description\":\"Periodista \\\/ Locutor\",\"sameAs\":[\"https:\\\/\\\/www.facebook.com\\\/Genofnotes\",\"https:\\\/\\\/www.instagram.com\\\/genofnotes\\\/\"]}]}<\/script>\n<!-- \/ Yoast SEO plugin. -->","yoast_head_json":{"title":"El Poder Ejecutivo otorg\u00f3 pensi\u00f3n del Estado a 44 periodistas en su d\u00eda - Minuto Cero RD","robots":{"index":"index","follow":"follow","max-snippet":"max-snippet:-1","max-image-preview":"max-image-preview:large","max-video-preview":"max-video-preview:-1"},"canonical":"https:\/\/minutocerord.com\/?p=3870","og_locale":"es_ES","og_type":"article","og_title":"El Poder Ejecutivo otorg\u00f3 pensi\u00f3n del Estado a 44 periodistas en su d\u00eda - Minuto Cero RD","og_description":"SANTO DOMINGO.- El Poder Ejecutivo otorg\u00f3 pensi\u00f3n especial del Estado a 44 periodistas, algunos aquejados de problemas de salud, que recibir\u00e1n cuarenta mil pesos mensuales, en el marco de la celebraci\u00f3n este lunes del D\u00eda Nacional del Periodista. La Presidencia inform\u00f3 en comunicado de prensa que la disposici\u00f3n gubernamental tambi\u00e9n eleva a RD$40,000 mensuales la [&hellip;]","og_url":"https:\/\/minutocerord.com\/?p=3870","og_site_name":"Minuto Cero RD","article_publisher":"https:\/\/www.facebook.com\/Genofnotes","article_author":"https:\/\/www.facebook.com\/Genofnotes","article_published_time":"2021-04-06T03:24:45+00:00","article_modified_time":"2021-04-06T03:38:05+00:00","og_image":[{"width":822,"height":462,"url":"https:\/\/i0.wp.com\/minutocerord.com\/wp-content\/uploads\/2021\/04\/periodistas.jpg?fit=822%2C462&ssl=1","type":"image\/jpeg"}],"author":"Genof\u00f3ntes Urb\u00e1ez","twitter_card":"summary_large_image","twitter_misc":{"Written by":"Genof\u00f3ntes Urb\u00e1ez","Est. reading time":"2 minutos"},"schema":{"@context":"https:\/\/schema.org","@graph":[{"@type":"Article","@id":"https:\/\/minutocerord.com\/?p=3870#article","isPartOf":{"@id":"https:\/\/minutocerord.com\/?p=3870"},"author":{"name":"Genof\u00f3ntes Urb\u00e1ez","@id":"https:\/\/minutocerord.com\/#\/schema\/person\/60b5372d60aaa0a5171fb6488be9aee6"},"headline":"El Poder Ejecutivo otorg\u00f3 pensi\u00f3n del Estado a 44 periodistas en su d\u00eda","datePublished":"2021-04-06T03:24:45+00:00","dateModified":"2021-04-06T03:38:05+00:00","mainEntityOfPage":{"@id":"https:\/\/minutocerord.com\/?p=3870"},"wordCount":458,"commentCount":0,"publisher":{"@id":"https:\/\/minutocerord.com\/#\/schema\/person\/60b5372d60aaa0a5171fb6488be9aee6"},"image":{"@id":"https:\/\/minutocerord.com\/?p=3870#primaryimage"},"thumbnailUrl":"https:\/\/i0.wp.com\/minutocerord.com\/wp-content\/uploads\/2021\/04\/periodistas.jpg?fit=822%2C462&ssl=1","articleSection":["Nacionales"],"inLanguage":"es-DO","potentialAction":[{"@type":"CommentAction","name":"Comment","target":["https:\/\/minutocerord.com\/?p=3870#respond"]}]},{"@type":"WebPage","@id":"https:\/\/minutocerord.com\/?p=3870","url":"https:\/\/minutocerord.com\/?p=3870","name":"El Poder Ejecutivo otorg\u00f3 pensi\u00f3n del Estado a 44 periodistas en su d\u00eda - Minuto Cero RD","isPartOf":{"@id":"https:\/\/minutocerord.com\/#website"},"primaryImageOfPage":{"@id":"https:\/\/minutocerord.com\/?p=3870#primaryimage"},"image":{"@id":"https:\/\/minutocerord.com\/?p=3870#primaryimage"},"thumbnailUrl":"https:\/\/i0.wp.com\/minutocerord.com\/wp-content\/uploads\/2021\/04\/periodistas.jpg?fit=822%2C462&ssl=1","datePublished":"2021-04-06T03:24:45+00:00","dateModified":"2021-04-06T03:38:05+00:00","breadcrumb":{"@id":"https:\/\/minutocerord.com\/?p=3870#breadcrumb"},"inLanguage":"es-DO","potentialAction":[{"@type":"ReadAction","target":["https:\/\/minutocerord.com\/?p=3870"]}]},{"@type":"ImageObject","inLanguage":"es-DO","@id":"https:\/\/minutocerord.com\/?p=3870#primaryimage","url":"https:\/\/i0.wp.com\/minutocerord.com\/wp-content\/uploads\/2021\/04\/periodistas.jpg?fit=822%2C462&ssl=1","contentUrl":"https:\/\/i0.wp.com\/minutocerord.com\/wp-content\/uploads\/2021\/04\/periodistas.jpg?fit=822%2C462&ssl=1","width":822,"height":462},{"@type":"BreadcrumbList","@id":"https:\/\/minutocerord.com\/?p=3870#breadcrumb","itemListElement":[{"@type":"ListItem","position":1,"name":"Home","item":"https:\/\/minutocerord.com\/"},{"@type":"ListItem","position":2,"name":"El Poder Ejecutivo otorg\u00f3 pensi\u00f3n del Estado a 44 periodistas en su d\u00eda"}]},{"@type":"WebSite","@id":"https:\/\/minutocerord.com\/#website","url":"https:\/\/minutocerord.com\/","name":"Minuto Cero RD","description":"Periodismo serio y veraz","publisher":{"@id":"https:\/\/minutocerord.com\/#\/schema\/person\/60b5372d60aaa0a5171fb6488be9aee6"},"potentialAction":[{"@type":"SearchAction","target":{"@type":"EntryPoint","urlTemplate":"https:\/\/minutocerord.com\/?s={search_term_string}"},"query-input":{"@type":"PropertyValueSpecification","valueRequired":true,"valueName":"search_term_string"}}],"inLanguage":"es-DO"},{"@type":["Person","Organization"],"@id":"https:\/\/minutocerord.com\/#\/schema\/person\/60b5372d60aaa0a5171fb6488be9aee6","name":"Genof\u00f3ntes Urb\u00e1ez","image":{"@type":"ImageObject","inLanguage":"es-DO","@id":"https:\/\/secure.gravatar.com\/avatar\/a49ef3186a692098ac3e8a1612261e3ad70cf9e44553dff2929e67939a0ecb9d?s=96&d=identicon&r=g","url":"https:\/\/secure.gravatar.com\/avatar\/a49ef3186a692098ac3e8a1612261e3ad70cf9e44553dff2929e67939a0ecb9d?s=96&d=identicon&r=g","contentUrl":"https:\/\/secure.gravatar.com\/avatar\/a49ef3186a692098ac3e8a1612261e3ad70cf9e44553dff2929e67939a0ecb9d?s=96&d=identicon&r=g","caption":"Genof\u00f3ntes Urb\u00e1ez"},"logo":{"@id":"https:\/\/secure.gravatar.com\/avatar\/a49ef3186a692098ac3e8a1612261e3ad70cf9e44553dff2929e67939a0ecb9d?s=96&d=identicon&r=g"},"description":"Periodista \/ Locutor","sameAs":["https:\/\/www.facebook.com\/Genofnotes","https:\/\/www.instagram.com\/genofnotes\/"]}]}},"jetpack_publicize_connections":[],"jetpack_featured_media_url":"https:\/\/i0.wp.com\/minutocerord.com\/wp-content\/uploads\/2021\/04\/periodistas.jpg?fit=822%2C462&ssl=1","jetpack-related-posts":[],"jetpack_sharing_enabled":true,"_links":{"self":[{"href":"https:\/\/minutocerord.com\/index.php?rest_route=\/wp\/v2\/posts\/3870","targetHints":{"allow":["GET"]}}],"collection":[{"href":"https:\/\/minutocerord.com\/index.php?rest_route=\/wp\/v2\/posts"}],"about":[{"href":"https:\/\/minutocerord.com\/index.php?rest_route=\/wp\/v2\/types\/post"}],"author":[{"embeddable":true,"href":"https:\/\/minutocerord.com\/index.php?rest_route=\/wp\/v2\/users\/1"}],"replies":[{"embeddable":true,"href":"https:\/\/minutocerord.com\/index.php?rest_route=%2Fwp%2Fv2%2Fcomments&post=3870"}],"version-history":[{"count":2,"href":"https:\/\/minutocerord.com\/index.php?rest_route=\/wp\/v2\/posts\/3870\/revisions"}],"predecessor-version":[{"id":3875,"href":"https:\/\/minutocerord.com\/index.php?rest_route=\/wp\/v2\/posts\/3870\/revisions\/3875"}],"wp:featuredmedia":[{"embeddable":true,"href":"https:\/\/minutocerord.com\/index.php?rest_route=\/wp\/v2\/media\/3871"}],"wp:attachment":[{"href":"https:\/\/minutocerord.com\/index.php?rest_route=%2Fwp%2Fv2%2Fmedia&parent=3870"}],"wp:term":[{"taxonomy":"category","embeddable":true,"href":"https:\/\/minutocerord.com\/index.php?rest_route=%2Fwp%2Fv2%2Fcategories&post=3870"},{"taxonomy":"post_tag","embeddable":true,"href":"https:\/\/minutocerord.com\/index.php?rest_route=%2Fwp%2Fv2%2Ftags&post=3870"}],"curies":[{"name":"wp","href":"https:\/\/api.w.org\/{rel}","templated":true}]}}