{"id":3904,"date":"2021-04-08T21:33:12","date_gmt":"2021-04-09T01:33:12","guid":{"rendered":"https:\/\/minutocerord.com\/?p=3904"},"modified":"2021-04-08T21:33:16","modified_gmt":"2021-04-09T01:33:16","slug":"fijan-para-este-viernes-la-coercion-a-expolicias-implicado-en-muerte-de-pareja-evangelica","status":"publish","type":"post","link":"https:\/\/minutocerord.com\/?p=3904","title":{"rendered":"Fijan para este viernes la coerci\u00f3n a expolic\u00edas implicado en muerte de pareja evang\u00e9lica"},"content":{"rendered":"\n<p>Sudelgi Rosario Mena ser\u00e1 la jueza que conozca la medida de coerci\u00f3n a los seis expolic\u00edas involucrados en la muerte a tiros de la pareja evang\u00e9lica en Villa Altagracia, esto luego de que Primera Sala de la C\u00e1mara Penal de la Corte de Apelaci\u00f3n de San Crist\u00f3bal rechazara la recusaci\u00f3n de la que fue objeto.<\/p>\n\n\n\n<p>La magistrada Rosario Mena fij\u00f3 la audiencia para ma\u00f1ana viernes a la 1:00 de la tarde, confirm\u00f3 el abogado Felix Geraldo, representante de los padres de Joel D\u00edaz, quien muri\u00f3 acribillado por la patrulla policial junto a su esposa Elisa Mu\u00f1oz. En el hecho result\u00f3 herido Claudio Alberto Ram\u00edrez Lamais, de 29 a\u00f1os.<\/p>\n\n\n\n<p>Los exagentes policiales sometidos por el caso son Victorino Reyes Navarro, Domingo Perdomo Reyes, Norquis Rodr\u00edguez Jim\u00e9nez, \u00c1ngel de los Santos, Antony Castro P\u00e9rez y Juan Samuel Ogando Solis.<\/p>\n","protected":false},"excerpt":{"rendered":"<p>Sudelgi Rosario Mena ser\u00e1 la jueza que conozca la medida de coerci\u00f3n a los seis expolic\u00edas involucrados en la muerte a tiros de la pareja evang\u00e9lica en Villa Altagracia, esto luego de que Primera Sala de la C\u00e1mara Penal de la Corte de Apelaci\u00f3n de San Crist\u00f3bal rechazara la recusaci\u00f3n de la que fue objeto. [&hellip;]<\/p>\n","protected":false},"author":1,"featured_media":3905,"comment_status":"open","ping_status":"open","sticky":false,"template":"","format":"standard","meta":{"nf_dc_page":"","jetpack_post_was_ever_published":false,"_jetpack_newsletter_access":"","_jetpack_dont_email_post_to_subs":false,"_jetpack_newsletter_tier_id":0,"_jetpack_memberships_contains_paywalled_content":false,"_jetpack_memberships_contains_paid_content":false,"footnotes":"","jetpack_publicize_message":"","jetpack_publicize_feature_enabled":true,"jetpack_social_post_already_shared":false,"jetpack_social_options":{"image_generator_settings":{"template":"highway","default_image_id":0,"font":"","enabled":false},"version":2}},"categories":[93],"tags":[],"class_list":["post-3904","post","type-post","status-publish","format-standard","has-post-thumbnail","hentry","category-justicia"],"yoast_head":"<!-- This site is optimized with the Yoast SEO plugin v27.5 - https:\/\/yoast.com\/product\/yoast-seo-wordpress\/ -->\n<title>Fijan para este viernes la coerci\u00f3n a expolic\u00edas implicado en muerte de pareja evang\u00e9lica - Minuto Cero RD<\/title>\n<meta name=\"robots\" content=\"index, follow, max-snippet:-1, max-image-preview:large, max-video-preview:-1\" \/>\n<link rel=\"canonical\" href=\"http:\/\/minutocerord.com\/?p=3904\" \/>\n<meta property=\"og:locale\" content=\"es_ES\" \/>\n<meta property=\"og:type\" content=\"article\" \/>\n<meta property=\"og:title\" content=\"Fijan para este viernes la coerci\u00f3n a expolic\u00edas implicado en muerte de pareja evang\u00e9lica - Minuto Cero RD\" \/>\n<meta property=\"og:description\" content=\"Sudelgi Rosario Mena ser\u00e1 la jueza que conozca la medida de coerci\u00f3n a los seis expolic\u00edas involucrados en la muerte a tiros de la pareja evang\u00e9lica en Villa Altagracia, esto luego de que Primera Sala de la C\u00e1mara Penal de la Corte de Apelaci\u00f3n de San Crist\u00f3bal rechazara la recusaci\u00f3n de la que fue objeto. [&hellip;]\" \/>\n<meta property=\"og:url\" content=\"http:\/\/minutocerord.com\/?p=3904\" \/>\n<meta property=\"og:site_name\" content=\"Minuto Cero RD\" \/>\n<meta property=\"article:publisher\" content=\"https:\/\/www.facebook.com\/Genofnotes\" \/>\n<meta property=\"article:author\" content=\"https:\/\/www.facebook.com\/Genofnotes\" \/>\n<meta property=\"article:published_time\" content=\"2021-04-09T01:33:12+00:00\" \/>\n<meta property=\"article:modified_time\" content=\"2021-04-09T01:33:16+00:00\" \/>\n<meta property=\"og:image\" content=\"https:\/\/i0.wp.com\/minutocerord.com\/wp-content\/uploads\/2021\/04\/policia-10-1024x550-1.jpg?fit=1024%2C550\" \/>\n\t<meta property=\"og:image:width\" content=\"1024\" \/>\n\t<meta property=\"og:image:height\" content=\"550\" \/>\n\t<meta property=\"og:image:type\" content=\"image\/jpeg\" \/>\n<meta name=\"author\" content=\"Genof\u00f3ntes Urb\u00e1ez\" \/>\n<meta name=\"twitter:card\" content=\"summary_large_image\" \/>\n<meta name=\"twitter:label1\" content=\"Written by\" \/>\n\t<meta name=\"twitter:data1\" content=\"Genof\u00f3ntes Urb\u00e1ez\" \/>\n\t<meta name=\"twitter:label2\" content=\"Est. reading time\" \/>\n\t<meta name=\"twitter:data2\" content=\"1 minuto\" \/>\n<script type=\"application\/ld+json\" class=\"yoast-schema-graph\">{\"@context\":\"https:\\\/\\\/schema.org\",\"@graph\":[{\"@type\":\"Article\",\"@id\":\"http:\\\/\\\/minutocerord.com\\\/?p=3904#article\",\"isPartOf\":{\"@id\":\"http:\\\/\\\/minutocerord.com\\\/?p=3904\"},\"author\":{\"name\":\"Genof\u00f3ntes Urb\u00e1ez\",\"@id\":\"https:\\\/\\\/minutocerord.com\\\/#\\\/schema\\\/person\\\/60b5372d60aaa0a5171fb6488be9aee6\"},\"headline\":\"Fijan para este viernes la coerci\u00f3n a expolic\u00edas implicado en muerte de pareja evang\u00e9lica\",\"datePublished\":\"2021-04-09T01:33:12+00:00\",\"dateModified\":\"2021-04-09T01:33:16+00:00\",\"mainEntityOfPage\":{\"@id\":\"http:\\\/\\\/minutocerord.com\\\/?p=3904\"},\"wordCount\":167,\"commentCount\":0,\"publisher\":{\"@id\":\"https:\\\/\\\/minutocerord.com\\\/#\\\/schema\\\/person\\\/60b5372d60aaa0a5171fb6488be9aee6\"},\"image\":{\"@id\":\"http:\\\/\\\/minutocerord.com\\\/?p=3904#primaryimage\"},\"thumbnailUrl\":\"https:\\\/\\\/i0.wp.com\\\/minutocerord.com\\\/wp-content\\\/uploads\\\/2021\\\/04\\\/policia-10-1024x550-1.jpg?fit=1024%2C550&ssl=1\",\"articleSection\":[\"Justicia\"],\"inLanguage\":\"es-DO\",\"potentialAction\":[{\"@type\":\"CommentAction\",\"name\":\"Comment\",\"target\":[\"http:\\\/\\\/minutocerord.com\\\/?p=3904#respond\"]}]},{\"@type\":\"WebPage\",\"@id\":\"http:\\\/\\\/minutocerord.com\\\/?p=3904\",\"url\":\"http:\\\/\\\/minutocerord.com\\\/?p=3904\",\"name\":\"Fijan para este viernes la coerci\u00f3n a expolic\u00edas implicado en muerte de pareja evang\u00e9lica - Minuto Cero RD\",\"isPartOf\":{\"@id\":\"https:\\\/\\\/minutocerord.com\\\/#website\"},\"primaryImageOfPage\":{\"@id\":\"http:\\\/\\\/minutocerord.com\\\/?p=3904#primaryimage\"},\"image\":{\"@id\":\"http:\\\/\\\/minutocerord.com\\\/?p=3904#primaryimage\"},\"thumbnailUrl\":\"https:\\\/\\\/i0.wp.com\\\/minutocerord.com\\\/wp-content\\\/uploads\\\/2021\\\/04\\\/policia-10-1024x550-1.jpg?fit=1024%2C550&ssl=1\",\"datePublished\":\"2021-04-09T01:33:12+00:00\",\"dateModified\":\"2021-04-09T01:33:16+00:00\",\"breadcrumb\":{\"@id\":\"http:\\\/\\\/minutocerord.com\\\/?p=3904#breadcrumb\"},\"inLanguage\":\"es-DO\",\"potentialAction\":[{\"@type\":\"ReadAction\",\"target\":[\"http:\\\/\\\/minutocerord.com\\\/?p=3904\"]}]},{\"@type\":\"ImageObject\",\"inLanguage\":\"es-DO\",\"@id\":\"http:\\\/\\\/minutocerord.com\\\/?p=3904#primaryimage\",\"url\":\"https:\\\/\\\/i0.wp.com\\\/minutocerord.com\\\/wp-content\\\/uploads\\\/2021\\\/04\\\/policia-10-1024x550-1.jpg?fit=1024%2C550&ssl=1\",\"contentUrl\":\"https:\\\/\\\/i0.wp.com\\\/minutocerord.com\\\/wp-content\\\/uploads\\\/2021\\\/04\\\/policia-10-1024x550-1.jpg?fit=1024%2C550&ssl=1\",\"width\":1024,\"height\":550},{\"@type\":\"BreadcrumbList\",\"@id\":\"http:\\\/\\\/minutocerord.com\\\/?p=3904#breadcrumb\",\"itemListElement\":[{\"@type\":\"ListItem\",\"position\":1,\"name\":\"Home\",\"item\":\"https:\\\/\\\/minutocerord.com\\\/\"},{\"@type\":\"ListItem\",\"position\":2,\"name\":\"Fijan para este viernes la coerci\u00f3n a expolic\u00edas implicado en muerte de pareja evang\u00e9lica\"}]},{\"@type\":\"WebSite\",\"@id\":\"https:\\\/\\\/minutocerord.com\\\/#website\",\"url\":\"https:\\\/\\\/minutocerord.com\\\/\",\"name\":\"Minuto Cero RD\",\"description\":\"Periodismo serio y veraz\",\"publisher\":{\"@id\":\"https:\\\/\\\/minutocerord.com\\\/#\\\/schema\\\/person\\\/60b5372d60aaa0a5171fb6488be9aee6\"},\"potentialAction\":[{\"@type\":\"SearchAction\",\"target\":{\"@type\":\"EntryPoint\",\"urlTemplate\":\"https:\\\/\\\/minutocerord.com\\\/?s={search_term_string}\"},\"query-input\":{\"@type\":\"PropertyValueSpecification\",\"valueRequired\":true,\"valueName\":\"search_term_string\"}}],\"inLanguage\":\"es-DO\"},{\"@type\":[\"Person\",\"Organization\"],\"@id\":\"https:\\\/\\\/minutocerord.com\\\/#\\\/schema\\\/person\\\/60b5372d60aaa0a5171fb6488be9aee6\",\"name\":\"Genof\u00f3ntes Urb\u00e1ez\",\"image\":{\"@type\":\"ImageObject\",\"inLanguage\":\"es-DO\",\"@id\":\"https:\\\/\\\/secure.gravatar.com\\\/avatar\\\/a49ef3186a692098ac3e8a1612261e3ad70cf9e44553dff2929e67939a0ecb9d?s=96&d=identicon&r=g\",\"url\":\"https:\\\/\\\/secure.gravatar.com\\\/avatar\\\/a49ef3186a692098ac3e8a1612261e3ad70cf9e44553dff2929e67939a0ecb9d?s=96&d=identicon&r=g\",\"contentUrl\":\"https:\\\/\\\/secure.gravatar.com\\\/avatar\\\/a49ef3186a692098ac3e8a1612261e3ad70cf9e44553dff2929e67939a0ecb9d?s=96&d=identicon&r=g\",\"caption\":\"Genof\u00f3ntes Urb\u00e1ez\"},\"logo\":{\"@id\":\"https:\\\/\\\/secure.gravatar.com\\\/avatar\\\/a49ef3186a692098ac3e8a1612261e3ad70cf9e44553dff2929e67939a0ecb9d?s=96&d=identicon&r=g\"},\"description\":\"Periodista \\\/ Locutor\",\"sameAs\":[\"https:\\\/\\\/www.facebook.com\\\/Genofnotes\",\"https:\\\/\\\/www.instagram.com\\\/genofnotes\\\/\"]}]}<\/script>\n<!-- \/ Yoast SEO plugin. -->","yoast_head_json":{"title":"Fijan para este viernes la coerci\u00f3n a expolic\u00edas implicado en muerte de pareja evang\u00e9lica - Minuto Cero RD","robots":{"index":"index","follow":"follow","max-snippet":"max-snippet:-1","max-image-preview":"max-image-preview:large","max-video-preview":"max-video-preview:-1"},"canonical":"http:\/\/minutocerord.com\/?p=3904","og_locale":"es_ES","og_type":"article","og_title":"Fijan para este viernes la coerci\u00f3n a expolic\u00edas implicado en muerte de pareja evang\u00e9lica - Minuto Cero RD","og_description":"Sudelgi Rosario Mena ser\u00e1 la jueza que conozca la medida de coerci\u00f3n a los seis expolic\u00edas involucrados en la muerte a tiros de la pareja evang\u00e9lica en Villa Altagracia, esto luego de que Primera Sala de la C\u00e1mara Penal de la Corte de Apelaci\u00f3n de San Crist\u00f3bal rechazara la recusaci\u00f3n de la que fue objeto. [&hellip;]","og_url":"http:\/\/minutocerord.com\/?p=3904","og_site_name":"Minuto Cero RD","article_publisher":"https:\/\/www.facebook.com\/Genofnotes","article_author":"https:\/\/www.facebook.com\/Genofnotes","article_published_time":"2021-04-09T01:33:12+00:00","article_modified_time":"2021-04-09T01:33:16+00:00","og_image":[{"width":1024,"height":550,"url":"https:\/\/i0.wp.com\/minutocerord.com\/wp-content\/uploads\/2021\/04\/policia-10-1024x550-1.jpg?fit=1024%2C550","type":"image\/jpeg"}],"author":"Genof\u00f3ntes Urb\u00e1ez","twitter_card":"summary_large_image","twitter_misc":{"Written by":"Genof\u00f3ntes Urb\u00e1ez","Est. reading time":"1 minuto"},"schema":{"@context":"https:\/\/schema.org","@graph":[{"@type":"Article","@id":"http:\/\/minutocerord.com\/?p=3904#article","isPartOf":{"@id":"http:\/\/minutocerord.com\/?p=3904"},"author":{"name":"Genof\u00f3ntes Urb\u00e1ez","@id":"https:\/\/minutocerord.com\/#\/schema\/person\/60b5372d60aaa0a5171fb6488be9aee6"},"headline":"Fijan para este viernes la coerci\u00f3n a expolic\u00edas implicado en muerte de pareja evang\u00e9lica","datePublished":"2021-04-09T01:33:12+00:00","dateModified":"2021-04-09T01:33:16+00:00","mainEntityOfPage":{"@id":"http:\/\/minutocerord.com\/?p=3904"},"wordCount":167,"commentCount":0,"publisher":{"@id":"https:\/\/minutocerord.com\/#\/schema\/person\/60b5372d60aaa0a5171fb6488be9aee6"},"image":{"@id":"http:\/\/minutocerord.com\/?p=3904#primaryimage"},"thumbnailUrl":"https:\/\/i0.wp.com\/minutocerord.com\/wp-content\/uploads\/2021\/04\/policia-10-1024x550-1.jpg?fit=1024%2C550&ssl=1","articleSection":["Justicia"],"inLanguage":"es-DO","potentialAction":[{"@type":"CommentAction","name":"Comment","target":["http:\/\/minutocerord.com\/?p=3904#respond"]}]},{"@type":"WebPage","@id":"http:\/\/minutocerord.com\/?p=3904","url":"http:\/\/minutocerord.com\/?p=3904","name":"Fijan para este viernes la coerci\u00f3n a expolic\u00edas implicado en muerte de pareja evang\u00e9lica - Minuto Cero RD","isPartOf":{"@id":"https:\/\/minutocerord.com\/#website"},"primaryImageOfPage":{"@id":"http:\/\/minutocerord.com\/?p=3904#primaryimage"},"image":{"@id":"http:\/\/minutocerord.com\/?p=3904#primaryimage"},"thumbnailUrl":"https:\/\/i0.wp.com\/minutocerord.com\/wp-content\/uploads\/2021\/04\/policia-10-1024x550-1.jpg?fit=1024%2C550&ssl=1","datePublished":"2021-04-09T01:33:12+00:00","dateModified":"2021-04-09T01:33:16+00:00","breadcrumb":{"@id":"http:\/\/minutocerord.com\/?p=3904#breadcrumb"},"inLanguage":"es-DO","potentialAction":[{"@type":"ReadAction","target":["http:\/\/minutocerord.com\/?p=3904"]}]},{"@type":"ImageObject","inLanguage":"es-DO","@id":"http:\/\/minutocerord.com\/?p=3904#primaryimage","url":"https:\/\/i0.wp.com\/minutocerord.com\/wp-content\/uploads\/2021\/04\/policia-10-1024x550-1.jpg?fit=1024%2C550&ssl=1","contentUrl":"https:\/\/i0.wp.com\/minutocerord.com\/wp-content\/uploads\/2021\/04\/policia-10-1024x550-1.jpg?fit=1024%2C550&ssl=1","width":1024,"height":550},{"@type":"BreadcrumbList","@id":"http:\/\/minutocerord.com\/?p=3904#breadcrumb","itemListElement":[{"@type":"ListItem","position":1,"name":"Home","item":"https:\/\/minutocerord.com\/"},{"@type":"ListItem","position":2,"name":"Fijan para este viernes la coerci\u00f3n a expolic\u00edas implicado en muerte de pareja evang\u00e9lica"}]},{"@type":"WebSite","@id":"https:\/\/minutocerord.com\/#website","url":"https:\/\/minutocerord.com\/","name":"Minuto Cero RD","description":"Periodismo serio y veraz","publisher":{"@id":"https:\/\/minutocerord.com\/#\/schema\/person\/60b5372d60aaa0a5171fb6488be9aee6"},"potentialAction":[{"@type":"SearchAction","target":{"@type":"EntryPoint","urlTemplate":"https:\/\/minutocerord.com\/?s={search_term_string}"},"query-input":{"@type":"PropertyValueSpecification","valueRequired":true,"valueName":"search_term_string"}}],"inLanguage":"es-DO"},{"@type":["Person","Organization"],"@id":"https:\/\/minutocerord.com\/#\/schema\/person\/60b5372d60aaa0a5171fb6488be9aee6","name":"Genof\u00f3ntes Urb\u00e1ez","image":{"@type":"ImageObject","inLanguage":"es-DO","@id":"https:\/\/secure.gravatar.com\/avatar\/a49ef3186a692098ac3e8a1612261e3ad70cf9e44553dff2929e67939a0ecb9d?s=96&d=identicon&r=g","url":"https:\/\/secure.gravatar.com\/avatar\/a49ef3186a692098ac3e8a1612261e3ad70cf9e44553dff2929e67939a0ecb9d?s=96&d=identicon&r=g","contentUrl":"https:\/\/secure.gravatar.com\/avatar\/a49ef3186a692098ac3e8a1612261e3ad70cf9e44553dff2929e67939a0ecb9d?s=96&d=identicon&r=g","caption":"Genof\u00f3ntes Urb\u00e1ez"},"logo":{"@id":"https:\/\/secure.gravatar.com\/avatar\/a49ef3186a692098ac3e8a1612261e3ad70cf9e44553dff2929e67939a0ecb9d?s=96&d=identicon&r=g"},"description":"Periodista \/ Locutor","sameAs":["https:\/\/www.facebook.com\/Genofnotes","https:\/\/www.instagram.com\/genofnotes\/"]}]}},"jetpack_publicize_connections":[],"jetpack_featured_media_url":"https:\/\/i0.wp.com\/minutocerord.com\/wp-content\/uploads\/2021\/04\/policia-10-1024x550-1.jpg?fit=1024%2C550&ssl=1","jetpack-related-posts":[],"jetpack_sharing_enabled":true,"_links":{"self":[{"href":"https:\/\/minutocerord.com\/index.php?rest_route=\/wp\/v2\/posts\/3904","targetHints":{"allow":["GET"]}}],"collection":[{"href":"https:\/\/minutocerord.com\/index.php?rest_route=\/wp\/v2\/posts"}],"about":[{"href":"https:\/\/minutocerord.com\/index.php?rest_route=\/wp\/v2\/types\/post"}],"author":[{"embeddable":true,"href":"https:\/\/minutocerord.com\/index.php?rest_route=\/wp\/v2\/users\/1"}],"replies":[{"embeddable":true,"href":"https:\/\/minutocerord.com\/index.php?rest_route=%2Fwp%2Fv2%2Fcomments&post=3904"}],"version-history":[{"count":1,"href":"https:\/\/minutocerord.com\/index.php?rest_route=\/wp\/v2\/posts\/3904\/revisions"}],"predecessor-version":[{"id":3906,"href":"https:\/\/minutocerord.com\/index.php?rest_route=\/wp\/v2\/posts\/3904\/revisions\/3906"}],"wp:featuredmedia":[{"embeddable":true,"href":"https:\/\/minutocerord.com\/index.php?rest_route=\/wp\/v2\/media\/3905"}],"wp:attachment":[{"href":"https:\/\/minutocerord.com\/index.php?rest_route=%2Fwp%2Fv2%2Fmedia&parent=3904"}],"wp:term":[{"taxonomy":"category","embeddable":true,"href":"https:\/\/minutocerord.com\/index.php?rest_route=%2Fwp%2Fv2%2Fcategories&post=3904"},{"taxonomy":"post_tag","embeddable":true,"href":"https:\/\/minutocerord.com\/index.php?rest_route=%2Fwp%2Fv2%2Ftags&post=3904"}],"curies":[{"name":"wp","href":"https:\/\/api.w.org\/{rel}","templated":true}]}}