{"id":3910,"date":"2021-04-08T22:07:31","date_gmt":"2021-04-09T02:07:31","guid":{"rendered":"https:\/\/minutocerord.com\/?p=3910"},"modified":"2021-04-08T22:07:37","modified_gmt":"2021-04-09T02:07:37","slug":"ministerio-salud-publica-emite-alerta-epidemiologica-por-casos-de-difteria","status":"publish","type":"post","link":"https:\/\/minutocerord.com\/?p=3910","title":{"rendered":"Ministerio Salud P\u00fablica emite alerta epidemiol\u00f3gica por casos de difteria"},"content":{"rendered":"\n<p>Santo Domingo, 8 abr.- El Ministerio de Salud P\u00fablica emiti\u00f3 este jueves una alerta epidemiol\u00f3gica a causa de la detecci\u00f3n, en lo que va de a\u00f1o, de varios casos de difteria en distintos puntos del pa\u00eds que habr\u00edan causado ocho decesos.<\/p>\n\n\n\n<p>Hasta la presente semana epidemiol\u00f3gica se han confirmado cuatro casos de la enfermedad, mientras que otros seis est\u00e1n bajo investigaci\u00f3n y se espera el resultado de las muestras tomadas a los fallecidos enviadas al Centro para el Control y la Prevenci\u00f3n de Enfermedades en Atlanta, Estados Unidos.<\/p>\n\n\n\n<p>Los primeros hallazgos de las notificaciones de la enfermedad revelaron que todos ten\u00edan incompleto el esquema de vacunaci\u00f3n, informa un comunicado de prensa.<\/p>\n\n\n\n<p>Los casos corresponden a tres pacientes femeninos y siete masculinos de entre dos a catorce a\u00f1os, y se localizaron en Peravia, Ban\u00ed; Neiba, Bahoruco; Barrio Boruga en San Crist\u00f3bal (con dos casos); Yamas\u00e1 de Monte Plata, (con cuatro casos); \u00c1rea VII Los Alcarrizos y en Santo Domingo Norte.<\/p>\n\n\n\n<p>Entre las acciones de control desarrolladas por el Ministerio de Salud P\u00fablica para evitar nuevas infecciones, est\u00e1 la quimioprofilaxis a los contactos cercanos y b\u00fasqueda activa de susceptibles para la aplicaci\u00f3n de la vacuna.<\/p>\n\n\n\n<p>El organismo de Salud resalt\u00f3 que, al igual que en otros pa\u00edses, la pandemia por la covid-19 ha afectado a la vacunaci\u00f3n y otros servicios esenciales de salud, observ\u00e1ndose una disminuci\u00f3n en la demanda por parte de la poblaci\u00f3n.<\/p>\n\n\n\n<p>El Ministerio inst\u00f3 a la poblaci\u00f3n general que est\u00e9 al d\u00eda con su esquema de vacunaci\u00f3n en ni\u00f1os y adultos, que tienen a su disposici\u00f3n 1,400 puestos fijos de vacunaci\u00f3n del programa de inmunizaci\u00f3n distribuidos por todo el pa\u00eds, con las inmunizaciones disponibles y gratuitas.<\/p>\n\n\n\n<p>Asimismo, instruy\u00f3 al personal de salud a detectar y tratar los casos de difteria seg\u00fan el protocolo establecido por las autoridades sanitarias, notificar los casos al Sistema Nacional de Vigilancia Epidemiol\u00f3gica (Sinave) y administrar a tiempo la antitoxina dift\u00e9rica.<\/p>\n\n\n\n<p>Las Direcciones Provinciales y de \u00c1reas de Salud realizar\u00e1n jornadas de vacunaci\u00f3n adicionales para incrementar las coberturas de vacunaci\u00f3n, tales como barridos casa a casa, seguimiento a los ni\u00f1os con esquemas incompletos, e identificar zonas de riesgo para completar esquema.<\/p>\n\n\n\n<p>La difteria es una enfermedad bacteriana aguda que afecta principalmente la mucosa de v\u00edas respiratorias superiores (nariz, am\u00edgdalas, faringe, laringe) y la piel.<\/p>\n\n\n\n<p>Sus signos y s\u00edntomas, que suelen manifestarse entre dos y cinco d\u00edas despu\u00e9s de la exposici\u00f3n, pueden ser desde leves hasta graves, aunque la infecci\u00f3n asintom\u00e1tica es la m\u00e1s frecuente.EFE<\/p>\n","protected":false},"excerpt":{"rendered":"<p>Santo Domingo, 8 abr.- El Ministerio de Salud P\u00fablica emiti\u00f3 este jueves una alerta epidemiol\u00f3gica a causa de la detecci\u00f3n, en lo que va de a\u00f1o, de varios casos de difteria en distintos puntos del pa\u00eds que habr\u00edan causado ocho decesos. Hasta la presente semana epidemiol\u00f3gica se han confirmado cuatro casos de la enfermedad, mientras [&hellip;]<\/p>\n","protected":false},"author":1,"featured_media":3911,"comment_status":"open","ping_status":"open","sticky":false,"template":"","format":"standard","meta":{"nf_dc_page":"","jetpack_post_was_ever_published":false,"_jetpack_newsletter_access":"","_jetpack_dont_email_post_to_subs":false,"_jetpack_newsletter_tier_id":0,"_jetpack_memberships_contains_paywalled_content":false,"_jetpack_memberships_contains_paid_content":false,"footnotes":"","jetpack_publicize_message":"","jetpack_publicize_feature_enabled":true,"jetpack_social_post_already_shared":false,"jetpack_social_options":{"image_generator_settings":{"template":"highway","default_image_id":0,"font":"","enabled":false},"version":2}},"categories":[67],"tags":[],"class_list":["post-3910","post","type-post","status-publish","format-standard","has-post-thumbnail","hentry","category-salud"],"yoast_head":"<!-- This site is optimized with the Yoast SEO plugin v27.5 - https:\/\/yoast.com\/product\/yoast-seo-wordpress\/ -->\n<title>Ministerio Salud P\u00fablica emite alerta epidemiol\u00f3gica por casos de difteria - Minuto Cero RD<\/title>\n<meta name=\"robots\" content=\"index, follow, max-snippet:-1, max-image-preview:large, max-video-preview:-1\" \/>\n<link rel=\"canonical\" href=\"http:\/\/minutocerord.com\/?p=3910\" \/>\n<meta property=\"og:locale\" content=\"es_ES\" \/>\n<meta property=\"og:type\" content=\"article\" \/>\n<meta property=\"og:title\" content=\"Ministerio Salud P\u00fablica emite alerta epidemiol\u00f3gica por casos de difteria - Minuto Cero RD\" \/>\n<meta property=\"og:description\" content=\"Santo Domingo, 8 abr.- El Ministerio de Salud P\u00fablica emiti\u00f3 este jueves una alerta epidemiol\u00f3gica a causa de la detecci\u00f3n, en lo que va de a\u00f1o, de varios casos de difteria en distintos puntos del pa\u00eds que habr\u00edan causado ocho decesos. Hasta la presente semana epidemiol\u00f3gica se han confirmado cuatro casos de la enfermedad, mientras [&hellip;]\" \/>\n<meta property=\"og:url\" content=\"http:\/\/minutocerord.com\/?p=3910\" \/>\n<meta property=\"og:site_name\" content=\"Minuto Cero RD\" \/>\n<meta property=\"article:publisher\" content=\"https:\/\/www.facebook.com\/Genofnotes\" \/>\n<meta property=\"article:author\" content=\"https:\/\/www.facebook.com\/Genofnotes\" \/>\n<meta property=\"article:published_time\" content=\"2021-04-09T02:07:31+00:00\" \/>\n<meta property=\"article:modified_time\" content=\"2021-04-09T02:07:37+00:00\" \/>\n<meta property=\"og:image\" content=\"https:\/\/i0.wp.com\/minutocerord.com\/wp-content\/uploads\/2021\/04\/salud-publica.jpg?fit=672%2C365\" \/>\n\t<meta property=\"og:image:width\" content=\"672\" \/>\n\t<meta property=\"og:image:height\" content=\"365\" \/>\n\t<meta property=\"og:image:type\" content=\"image\/jpeg\" \/>\n<meta name=\"author\" content=\"Genof\u00f3ntes Urb\u00e1ez\" \/>\n<meta name=\"twitter:card\" content=\"summary_large_image\" \/>\n<meta name=\"twitter:label1\" content=\"Written by\" \/>\n\t<meta name=\"twitter:data1\" content=\"Genof\u00f3ntes Urb\u00e1ez\" \/>\n\t<meta name=\"twitter:label2\" content=\"Est. reading time\" \/>\n\t<meta name=\"twitter:data2\" content=\"2 minutos\" \/>\n<script type=\"application\/ld+json\" class=\"yoast-schema-graph\">{\"@context\":\"https:\\\/\\\/schema.org\",\"@graph\":[{\"@type\":\"Article\",\"@id\":\"http:\\\/\\\/minutocerord.com\\\/?p=3910#article\",\"isPartOf\":{\"@id\":\"http:\\\/\\\/minutocerord.com\\\/?p=3910\"},\"author\":{\"name\":\"Genof\u00f3ntes Urb\u00e1ez\",\"@id\":\"https:\\\/\\\/minutocerord.com\\\/#\\\/schema\\\/person\\\/60b5372d60aaa0a5171fb6488be9aee6\"},\"headline\":\"Ministerio Salud P\u00fablica emite alerta epidemiol\u00f3gica por casos de difteria\",\"datePublished\":\"2021-04-09T02:07:31+00:00\",\"dateModified\":\"2021-04-09T02:07:37+00:00\",\"mainEntityOfPage\":{\"@id\":\"http:\\\/\\\/minutocerord.com\\\/?p=3910\"},\"wordCount\":467,\"commentCount\":0,\"publisher\":{\"@id\":\"https:\\\/\\\/minutocerord.com\\\/#\\\/schema\\\/person\\\/60b5372d60aaa0a5171fb6488be9aee6\"},\"image\":{\"@id\":\"http:\\\/\\\/minutocerord.com\\\/?p=3910#primaryimage\"},\"thumbnailUrl\":\"https:\\\/\\\/i0.wp.com\\\/minutocerord.com\\\/wp-content\\\/uploads\\\/2021\\\/04\\\/salud-publica.jpg?fit=672%2C365&ssl=1\",\"articleSection\":[\"Salud\"],\"inLanguage\":\"es-DO\",\"potentialAction\":[{\"@type\":\"CommentAction\",\"name\":\"Comment\",\"target\":[\"http:\\\/\\\/minutocerord.com\\\/?p=3910#respond\"]}]},{\"@type\":\"WebPage\",\"@id\":\"http:\\\/\\\/minutocerord.com\\\/?p=3910\",\"url\":\"http:\\\/\\\/minutocerord.com\\\/?p=3910\",\"name\":\"Ministerio Salud P\u00fablica emite alerta epidemiol\u00f3gica por casos de difteria - Minuto Cero RD\",\"isPartOf\":{\"@id\":\"https:\\\/\\\/minutocerord.com\\\/#website\"},\"primaryImageOfPage\":{\"@id\":\"http:\\\/\\\/minutocerord.com\\\/?p=3910#primaryimage\"},\"image\":{\"@id\":\"http:\\\/\\\/minutocerord.com\\\/?p=3910#primaryimage\"},\"thumbnailUrl\":\"https:\\\/\\\/i0.wp.com\\\/minutocerord.com\\\/wp-content\\\/uploads\\\/2021\\\/04\\\/salud-publica.jpg?fit=672%2C365&ssl=1\",\"datePublished\":\"2021-04-09T02:07:31+00:00\",\"dateModified\":\"2021-04-09T02:07:37+00:00\",\"breadcrumb\":{\"@id\":\"http:\\\/\\\/minutocerord.com\\\/?p=3910#breadcrumb\"},\"inLanguage\":\"es-DO\",\"potentialAction\":[{\"@type\":\"ReadAction\",\"target\":[\"http:\\\/\\\/minutocerord.com\\\/?p=3910\"]}]},{\"@type\":\"ImageObject\",\"inLanguage\":\"es-DO\",\"@id\":\"http:\\\/\\\/minutocerord.com\\\/?p=3910#primaryimage\",\"url\":\"https:\\\/\\\/i0.wp.com\\\/minutocerord.com\\\/wp-content\\\/uploads\\\/2021\\\/04\\\/salud-publica.jpg?fit=672%2C365&ssl=1\",\"contentUrl\":\"https:\\\/\\\/i0.wp.com\\\/minutocerord.com\\\/wp-content\\\/uploads\\\/2021\\\/04\\\/salud-publica.jpg?fit=672%2C365&ssl=1\",\"width\":672,\"height\":365},{\"@type\":\"BreadcrumbList\",\"@id\":\"http:\\\/\\\/minutocerord.com\\\/?p=3910#breadcrumb\",\"itemListElement\":[{\"@type\":\"ListItem\",\"position\":1,\"name\":\"Home\",\"item\":\"https:\\\/\\\/minutocerord.com\\\/\"},{\"@type\":\"ListItem\",\"position\":2,\"name\":\"Ministerio Salud P\u00fablica emite alerta epidemiol\u00f3gica por casos de difteria\"}]},{\"@type\":\"WebSite\",\"@id\":\"https:\\\/\\\/minutocerord.com\\\/#website\",\"url\":\"https:\\\/\\\/minutocerord.com\\\/\",\"name\":\"Minuto Cero RD\",\"description\":\"Periodismo serio y veraz\",\"publisher\":{\"@id\":\"https:\\\/\\\/minutocerord.com\\\/#\\\/schema\\\/person\\\/60b5372d60aaa0a5171fb6488be9aee6\"},\"potentialAction\":[{\"@type\":\"SearchAction\",\"target\":{\"@type\":\"EntryPoint\",\"urlTemplate\":\"https:\\\/\\\/minutocerord.com\\\/?s={search_term_string}\"},\"query-input\":{\"@type\":\"PropertyValueSpecification\",\"valueRequired\":true,\"valueName\":\"search_term_string\"}}],\"inLanguage\":\"es-DO\"},{\"@type\":[\"Person\",\"Organization\"],\"@id\":\"https:\\\/\\\/minutocerord.com\\\/#\\\/schema\\\/person\\\/60b5372d60aaa0a5171fb6488be9aee6\",\"name\":\"Genof\u00f3ntes Urb\u00e1ez\",\"image\":{\"@type\":\"ImageObject\",\"inLanguage\":\"es-DO\",\"@id\":\"https:\\\/\\\/secure.gravatar.com\\\/avatar\\\/a49ef3186a692098ac3e8a1612261e3ad70cf9e44553dff2929e67939a0ecb9d?s=96&d=identicon&r=g\",\"url\":\"https:\\\/\\\/secure.gravatar.com\\\/avatar\\\/a49ef3186a692098ac3e8a1612261e3ad70cf9e44553dff2929e67939a0ecb9d?s=96&d=identicon&r=g\",\"contentUrl\":\"https:\\\/\\\/secure.gravatar.com\\\/avatar\\\/a49ef3186a692098ac3e8a1612261e3ad70cf9e44553dff2929e67939a0ecb9d?s=96&d=identicon&r=g\",\"caption\":\"Genof\u00f3ntes Urb\u00e1ez\"},\"logo\":{\"@id\":\"https:\\\/\\\/secure.gravatar.com\\\/avatar\\\/a49ef3186a692098ac3e8a1612261e3ad70cf9e44553dff2929e67939a0ecb9d?s=96&d=identicon&r=g\"},\"description\":\"Periodista \\\/ Locutor\",\"sameAs\":[\"https:\\\/\\\/www.facebook.com\\\/Genofnotes\",\"https:\\\/\\\/www.instagram.com\\\/genofnotes\\\/\"]}]}<\/script>\n<!-- \/ Yoast SEO plugin. -->","yoast_head_json":{"title":"Ministerio Salud P\u00fablica emite alerta epidemiol\u00f3gica por casos de difteria - Minuto Cero RD","robots":{"index":"index","follow":"follow","max-snippet":"max-snippet:-1","max-image-preview":"max-image-preview:large","max-video-preview":"max-video-preview:-1"},"canonical":"http:\/\/minutocerord.com\/?p=3910","og_locale":"es_ES","og_type":"article","og_title":"Ministerio Salud P\u00fablica emite alerta epidemiol\u00f3gica por casos de difteria - Minuto Cero RD","og_description":"Santo Domingo, 8 abr.- El Ministerio de Salud P\u00fablica emiti\u00f3 este jueves una alerta epidemiol\u00f3gica a causa de la detecci\u00f3n, en lo que va de a\u00f1o, de varios casos de difteria en distintos puntos del pa\u00eds que habr\u00edan causado ocho decesos. Hasta la presente semana epidemiol\u00f3gica se han confirmado cuatro casos de la enfermedad, mientras [&hellip;]","og_url":"http:\/\/minutocerord.com\/?p=3910","og_site_name":"Minuto Cero RD","article_publisher":"https:\/\/www.facebook.com\/Genofnotes","article_author":"https:\/\/www.facebook.com\/Genofnotes","article_published_time":"2021-04-09T02:07:31+00:00","article_modified_time":"2021-04-09T02:07:37+00:00","og_image":[{"width":672,"height":365,"url":"https:\/\/i0.wp.com\/minutocerord.com\/wp-content\/uploads\/2021\/04\/salud-publica.jpg?fit=672%2C365","type":"image\/jpeg"}],"author":"Genof\u00f3ntes Urb\u00e1ez","twitter_card":"summary_large_image","twitter_misc":{"Written by":"Genof\u00f3ntes Urb\u00e1ez","Est. reading time":"2 minutos"},"schema":{"@context":"https:\/\/schema.org","@graph":[{"@type":"Article","@id":"http:\/\/minutocerord.com\/?p=3910#article","isPartOf":{"@id":"http:\/\/minutocerord.com\/?p=3910"},"author":{"name":"Genof\u00f3ntes Urb\u00e1ez","@id":"https:\/\/minutocerord.com\/#\/schema\/person\/60b5372d60aaa0a5171fb6488be9aee6"},"headline":"Ministerio Salud P\u00fablica emite alerta epidemiol\u00f3gica por casos de difteria","datePublished":"2021-04-09T02:07:31+00:00","dateModified":"2021-04-09T02:07:37+00:00","mainEntityOfPage":{"@id":"http:\/\/minutocerord.com\/?p=3910"},"wordCount":467,"commentCount":0,"publisher":{"@id":"https:\/\/minutocerord.com\/#\/schema\/person\/60b5372d60aaa0a5171fb6488be9aee6"},"image":{"@id":"http:\/\/minutocerord.com\/?p=3910#primaryimage"},"thumbnailUrl":"https:\/\/i0.wp.com\/minutocerord.com\/wp-content\/uploads\/2021\/04\/salud-publica.jpg?fit=672%2C365&ssl=1","articleSection":["Salud"],"inLanguage":"es-DO","potentialAction":[{"@type":"CommentAction","name":"Comment","target":["http:\/\/minutocerord.com\/?p=3910#respond"]}]},{"@type":"WebPage","@id":"http:\/\/minutocerord.com\/?p=3910","url":"http:\/\/minutocerord.com\/?p=3910","name":"Ministerio Salud P\u00fablica emite alerta epidemiol\u00f3gica por casos de difteria - Minuto Cero RD","isPartOf":{"@id":"https:\/\/minutocerord.com\/#website"},"primaryImageOfPage":{"@id":"http:\/\/minutocerord.com\/?p=3910#primaryimage"},"image":{"@id":"http:\/\/minutocerord.com\/?p=3910#primaryimage"},"thumbnailUrl":"https:\/\/i0.wp.com\/minutocerord.com\/wp-content\/uploads\/2021\/04\/salud-publica.jpg?fit=672%2C365&ssl=1","datePublished":"2021-04-09T02:07:31+00:00","dateModified":"2021-04-09T02:07:37+00:00","breadcrumb":{"@id":"http:\/\/minutocerord.com\/?p=3910#breadcrumb"},"inLanguage":"es-DO","potentialAction":[{"@type":"ReadAction","target":["http:\/\/minutocerord.com\/?p=3910"]}]},{"@type":"ImageObject","inLanguage":"es-DO","@id":"http:\/\/minutocerord.com\/?p=3910#primaryimage","url":"https:\/\/i0.wp.com\/minutocerord.com\/wp-content\/uploads\/2021\/04\/salud-publica.jpg?fit=672%2C365&ssl=1","contentUrl":"https:\/\/i0.wp.com\/minutocerord.com\/wp-content\/uploads\/2021\/04\/salud-publica.jpg?fit=672%2C365&ssl=1","width":672,"height":365},{"@type":"BreadcrumbList","@id":"http:\/\/minutocerord.com\/?p=3910#breadcrumb","itemListElement":[{"@type":"ListItem","position":1,"name":"Home","item":"https:\/\/minutocerord.com\/"},{"@type":"ListItem","position":2,"name":"Ministerio Salud P\u00fablica emite alerta epidemiol\u00f3gica por casos de difteria"}]},{"@type":"WebSite","@id":"https:\/\/minutocerord.com\/#website","url":"https:\/\/minutocerord.com\/","name":"Minuto Cero RD","description":"Periodismo serio y veraz","publisher":{"@id":"https:\/\/minutocerord.com\/#\/schema\/person\/60b5372d60aaa0a5171fb6488be9aee6"},"potentialAction":[{"@type":"SearchAction","target":{"@type":"EntryPoint","urlTemplate":"https:\/\/minutocerord.com\/?s={search_term_string}"},"query-input":{"@type":"PropertyValueSpecification","valueRequired":true,"valueName":"search_term_string"}}],"inLanguage":"es-DO"},{"@type":["Person","Organization"],"@id":"https:\/\/minutocerord.com\/#\/schema\/person\/60b5372d60aaa0a5171fb6488be9aee6","name":"Genof\u00f3ntes Urb\u00e1ez","image":{"@type":"ImageObject","inLanguage":"es-DO","@id":"https:\/\/secure.gravatar.com\/avatar\/a49ef3186a692098ac3e8a1612261e3ad70cf9e44553dff2929e67939a0ecb9d?s=96&d=identicon&r=g","url":"https:\/\/secure.gravatar.com\/avatar\/a49ef3186a692098ac3e8a1612261e3ad70cf9e44553dff2929e67939a0ecb9d?s=96&d=identicon&r=g","contentUrl":"https:\/\/secure.gravatar.com\/avatar\/a49ef3186a692098ac3e8a1612261e3ad70cf9e44553dff2929e67939a0ecb9d?s=96&d=identicon&r=g","caption":"Genof\u00f3ntes Urb\u00e1ez"},"logo":{"@id":"https:\/\/secure.gravatar.com\/avatar\/a49ef3186a692098ac3e8a1612261e3ad70cf9e44553dff2929e67939a0ecb9d?s=96&d=identicon&r=g"},"description":"Periodista \/ Locutor","sameAs":["https:\/\/www.facebook.com\/Genofnotes","https:\/\/www.instagram.com\/genofnotes\/"]}]}},"jetpack_publicize_connections":[],"jetpack_featured_media_url":"https:\/\/i0.wp.com\/minutocerord.com\/wp-content\/uploads\/2021\/04\/salud-publica.jpg?fit=672%2C365&ssl=1","jetpack-related-posts":[],"jetpack_sharing_enabled":true,"_links":{"self":[{"href":"https:\/\/minutocerord.com\/index.php?rest_route=\/wp\/v2\/posts\/3910","targetHints":{"allow":["GET"]}}],"collection":[{"href":"https:\/\/minutocerord.com\/index.php?rest_route=\/wp\/v2\/posts"}],"about":[{"href":"https:\/\/minutocerord.com\/index.php?rest_route=\/wp\/v2\/types\/post"}],"author":[{"embeddable":true,"href":"https:\/\/minutocerord.com\/index.php?rest_route=\/wp\/v2\/users\/1"}],"replies":[{"embeddable":true,"href":"https:\/\/minutocerord.com\/index.php?rest_route=%2Fwp%2Fv2%2Fcomments&post=3910"}],"version-history":[{"count":1,"href":"https:\/\/minutocerord.com\/index.php?rest_route=\/wp\/v2\/posts\/3910\/revisions"}],"predecessor-version":[{"id":3912,"href":"https:\/\/minutocerord.com\/index.php?rest_route=\/wp\/v2\/posts\/3910\/revisions\/3912"}],"wp:featuredmedia":[{"embeddable":true,"href":"https:\/\/minutocerord.com\/index.php?rest_route=\/wp\/v2\/media\/3911"}],"wp:attachment":[{"href":"https:\/\/minutocerord.com\/index.php?rest_route=%2Fwp%2Fv2%2Fmedia&parent=3910"}],"wp:term":[{"taxonomy":"category","embeddable":true,"href":"https:\/\/minutocerord.com\/index.php?rest_route=%2Fwp%2Fv2%2Fcategories&post=3910"},{"taxonomy":"post_tag","embeddable":true,"href":"https:\/\/minutocerord.com\/index.php?rest_route=%2Fwp%2Fv2%2Ftags&post=3910"}],"curies":[{"name":"wp","href":"https:\/\/api.w.org\/{rel}","templated":true}]}}