{"id":3922,"date":"2021-04-09T21:26:19","date_gmt":"2021-04-10T01:26:19","guid":{"rendered":"https:\/\/minutocerord.com\/?p=3922"},"modified":"2021-04-09T21:26:25","modified_gmt":"2021-04-10T01:26:25","slug":"video-detienen-cinco-personas-y-buscan-a-tres-por-autorobo-a-camion-de-valores","status":"publish","type":"post","link":"https:\/\/minutocerord.com\/?p=3922","title":{"rendered":"(Video) Detienen cinco personas y buscan a tres por autorobo a cami\u00f3n de valores"},"content":{"rendered":"\n<figure class=\"wp-block-embed is-type-video is-provider-youtube wp-block-embed-youtube wp-embed-aspect-16-9 wp-has-aspect-ratio\"><div class=\"wp-block-embed__wrapper\">\n<iframe loading=\"lazy\" title=\"Detienen cinco personas y busca a tres por robo a  cami\u00f3n\" width=\"640\" height=\"360\" src=\"https:\/\/www.youtube.com\/embed\/sCiCAL0NRyU?feature=oembed\" frameborder=\"0\" allow=\"accelerometer; autoplay; clipboard-write; encrypted-media; gyroscope; picture-in-picture; web-share\" referrerpolicy=\"strict-origin-when-cross-origin\" allowfullscreen><\/iframe>\n<\/div><\/figure>\n\n\n\n<p>SANTIAGO, RD.-Las autoridades s detuvieron a cinco personas y busca a otras tres, por un auto robo a un cami\u00f3n de una compa\u00f1\u00eda de seguridad, el cual dejaron abandonado en el sector La Terraza, de Santiago.<\/p>\n\n\n\n<p>La Polic\u00eda comunic\u00f3 que el auto robo fue planificado por el empleado de la compa\u00f1\u00eda, Luis Admi Rosario Guzm\u00e1n, quien era el chofer del cami\u00f3n del que sustrajo una indeterminada cantidad de dinero.<\/p>\n\n\n\n<p>Dijo que Guzm\u00e1n es buscado conjuntamente con otros dos, a quienes llam\u00f3 a que se entreguen para ser puestos a disposici\u00f3n de la justicia.<\/p>\n\n\n\n<p>En tanto que los investigados por la polic\u00eda, fueron detenidos en el municipio Montellano, Puerto Plata, a bordo del veh\u00edculo Toyota Rav4 rojo, placa No. G145687.<\/p>\n\n\n\n<p>\u00abEn el proceso de investigaci\u00f3n, los t\u00e9cnicos de la Unidad de Procesamiento de la Escena del Crimen de la Polic\u00eda Cient\u00edfica inspeccionaron el cami\u00f3n en presencia de un fiscal y algunos representantes de la compa\u00f1\u00eda, recuperando 14 valijas selladas, conteniendo en su interior US$ 1,540,000 d\u00f3lares en efectivo, RD$4,612,384 pesos en efectivo y varios cheques , con un valor RD$ 1,748,458\u00bb, indic\u00f3 el cuerpo del orden.<\/p>\n\n\n\n<p>Seg\u00fan el informe, se determin\u00f3 que Guzm\u00e1n habr\u00eda sacado del cami\u00f3n algunas valijas conteniendo dinero en efectivo las cuales transport\u00f3 en el carro Hyundai Sonata Y20 blanco, placa No. A672500, el cual dej\u00f3 abandonado en la calle principal de Montellano.<\/p>\n","protected":false},"excerpt":{"rendered":"<p>SANTIAGO, RD.-Las autoridades s detuvieron a cinco personas y busca a otras tres, por un auto robo a un cami\u00f3n de una compa\u00f1\u00eda de seguridad, el cual dejaron abandonado en el sector La Terraza, de Santiago. La Polic\u00eda comunic\u00f3 que el auto robo fue planificado por el empleado de la compa\u00f1\u00eda, Luis Admi Rosario Guzm\u00e1n, [&hellip;]<\/p>\n","protected":false},"author":1,"featured_media":3924,"comment_status":"open","ping_status":"open","sticky":false,"template":"","format":"standard","meta":{"nf_dc_page":"","jetpack_post_was_ever_published":false,"_jetpack_newsletter_access":"","_jetpack_dont_email_post_to_subs":false,"_jetpack_newsletter_tier_id":0,"_jetpack_memberships_contains_paywalled_content":false,"_jetpack_memberships_contains_paid_content":false,"footnotes":"","jetpack_publicize_message":"","jetpack_publicize_feature_enabled":true,"jetpack_social_post_already_shared":false,"jetpack_social_options":{"image_generator_settings":{"template":"highway","default_image_id":0,"font":"","enabled":false},"version":2}},"categories":[89],"tags":[],"class_list":["post-3922","post","type-post","status-publish","format-standard","has-post-thumbnail","hentry","category-santiago"],"yoast_head":"<!-- This site is optimized with the Yoast SEO plugin v27.5 - https:\/\/yoast.com\/product\/yoast-seo-wordpress\/ -->\n<title>(Video) Detienen cinco personas y buscan a tres por autorobo a cami\u00f3n de valores - Minuto Cero RD<\/title>\n<meta name=\"robots\" content=\"index, follow, max-snippet:-1, max-image-preview:large, max-video-preview:-1\" \/>\n<link rel=\"canonical\" href=\"https:\/\/minutocerord.com\/?p=3922\" \/>\n<meta property=\"og:locale\" content=\"es_ES\" \/>\n<meta property=\"og:type\" content=\"article\" \/>\n<meta property=\"og:title\" content=\"(Video) Detienen cinco personas y buscan a tres por autorobo a cami\u00f3n de valores - Minuto Cero RD\" \/>\n<meta property=\"og:description\" content=\"SANTIAGO, RD.-Las autoridades s detuvieron a cinco personas y busca a otras tres, por un auto robo a un cami\u00f3n de una compa\u00f1\u00eda de seguridad, el cual dejaron abandonado en el sector La Terraza, de Santiago. La Polic\u00eda comunic\u00f3 que el auto robo fue planificado por el empleado de la compa\u00f1\u00eda, Luis Admi Rosario Guzm\u00e1n, [&hellip;]\" \/>\n<meta property=\"og:url\" content=\"https:\/\/minutocerord.com\/?p=3922\" \/>\n<meta property=\"og:site_name\" content=\"Minuto Cero RD\" \/>\n<meta property=\"article:publisher\" content=\"https:\/\/www.facebook.com\/Genofnotes\" \/>\n<meta property=\"article:author\" content=\"https:\/\/www.facebook.com\/Genofnotes\" \/>\n<meta property=\"article:published_time\" content=\"2021-04-10T01:26:19+00:00\" \/>\n<meta property=\"article:modified_time\" content=\"2021-04-10T01:26:25+00:00\" \/>\n<meta property=\"og:image\" content=\"https:\/\/i0.wp.com\/minutocerord.com\/wp-content\/uploads\/2021\/04\/Policia-Santiago..jpg?fit=1089%2C607&ssl=1\" \/>\n\t<meta property=\"og:image:width\" content=\"1089\" \/>\n\t<meta property=\"og:image:height\" content=\"607\" \/>\n\t<meta property=\"og:image:type\" content=\"image\/jpeg\" \/>\n<meta name=\"author\" content=\"Genof\u00f3ntes Urb\u00e1ez\" \/>\n<meta name=\"twitter:card\" content=\"summary_large_image\" \/>\n<meta name=\"twitter:label1\" content=\"Written by\" \/>\n\t<meta name=\"twitter:data1\" content=\"Genof\u00f3ntes Urb\u00e1ez\" \/>\n\t<meta name=\"twitter:label2\" content=\"Est. reading time\" \/>\n\t<meta name=\"twitter:data2\" content=\"1 minuto\" \/>\n<script type=\"application\/ld+json\" class=\"yoast-schema-graph\">{\"@context\":\"https:\\\/\\\/schema.org\",\"@graph\":[{\"@type\":\"Article\",\"@id\":\"https:\\\/\\\/minutocerord.com\\\/?p=3922#article\",\"isPartOf\":{\"@id\":\"https:\\\/\\\/minutocerord.com\\\/?p=3922\"},\"author\":{\"name\":\"Genof\u00f3ntes Urb\u00e1ez\",\"@id\":\"https:\\\/\\\/minutocerord.com\\\/#\\\/schema\\\/person\\\/60b5372d60aaa0a5171fb6488be9aee6\"},\"headline\":\"(Video) Detienen cinco personas y buscan a tres por autorobo a cami\u00f3n de valores\",\"datePublished\":\"2021-04-10T01:26:19+00:00\",\"dateModified\":\"2021-04-10T01:26:25+00:00\",\"mainEntityOfPage\":{\"@id\":\"https:\\\/\\\/minutocerord.com\\\/?p=3922\"},\"wordCount\":263,\"commentCount\":0,\"publisher\":{\"@id\":\"https:\\\/\\\/minutocerord.com\\\/#\\\/schema\\\/person\\\/60b5372d60aaa0a5171fb6488be9aee6\"},\"image\":{\"@id\":\"https:\\\/\\\/minutocerord.com\\\/?p=3922#primaryimage\"},\"thumbnailUrl\":\"https:\\\/\\\/i0.wp.com\\\/minutocerord.com\\\/wp-content\\\/uploads\\\/2021\\\/04\\\/Policia-Santiago..jpg?fit=1089%2C607&ssl=1\",\"articleSection\":[\"Santiago\"],\"inLanguage\":\"es-DO\",\"potentialAction\":[{\"@type\":\"CommentAction\",\"name\":\"Comment\",\"target\":[\"https:\\\/\\\/minutocerord.com\\\/?p=3922#respond\"]}]},{\"@type\":\"WebPage\",\"@id\":\"https:\\\/\\\/minutocerord.com\\\/?p=3922\",\"url\":\"https:\\\/\\\/minutocerord.com\\\/?p=3922\",\"name\":\"(Video) Detienen cinco personas y buscan a tres por autorobo a cami\u00f3n de valores - Minuto Cero RD\",\"isPartOf\":{\"@id\":\"https:\\\/\\\/minutocerord.com\\\/#website\"},\"primaryImageOfPage\":{\"@id\":\"https:\\\/\\\/minutocerord.com\\\/?p=3922#primaryimage\"},\"image\":{\"@id\":\"https:\\\/\\\/minutocerord.com\\\/?p=3922#primaryimage\"},\"thumbnailUrl\":\"https:\\\/\\\/i0.wp.com\\\/minutocerord.com\\\/wp-content\\\/uploads\\\/2021\\\/04\\\/Policia-Santiago..jpg?fit=1089%2C607&ssl=1\",\"datePublished\":\"2021-04-10T01:26:19+00:00\",\"dateModified\":\"2021-04-10T01:26:25+00:00\",\"breadcrumb\":{\"@id\":\"https:\\\/\\\/minutocerord.com\\\/?p=3922#breadcrumb\"},\"inLanguage\":\"es-DO\",\"potentialAction\":[{\"@type\":\"ReadAction\",\"target\":[\"https:\\\/\\\/minutocerord.com\\\/?p=3922\"]}]},{\"@type\":\"ImageObject\",\"inLanguage\":\"es-DO\",\"@id\":\"https:\\\/\\\/minutocerord.com\\\/?p=3922#primaryimage\",\"url\":\"https:\\\/\\\/i0.wp.com\\\/minutocerord.com\\\/wp-content\\\/uploads\\\/2021\\\/04\\\/Policia-Santiago..jpg?fit=1089%2C607&ssl=1\",\"contentUrl\":\"https:\\\/\\\/i0.wp.com\\\/minutocerord.com\\\/wp-content\\\/uploads\\\/2021\\\/04\\\/Policia-Santiago..jpg?fit=1089%2C607&ssl=1\",\"width\":1089,\"height\":607},{\"@type\":\"BreadcrumbList\",\"@id\":\"https:\\\/\\\/minutocerord.com\\\/?p=3922#breadcrumb\",\"itemListElement\":[{\"@type\":\"ListItem\",\"position\":1,\"name\":\"Home\",\"item\":\"https:\\\/\\\/minutocerord.com\\\/\"},{\"@type\":\"ListItem\",\"position\":2,\"name\":\"(Video) Detienen cinco personas y buscan a tres por autorobo a cami\u00f3n de valores\"}]},{\"@type\":\"WebSite\",\"@id\":\"https:\\\/\\\/minutocerord.com\\\/#website\",\"url\":\"https:\\\/\\\/minutocerord.com\\\/\",\"name\":\"Minuto Cero RD\",\"description\":\"Periodismo serio y veraz\",\"publisher\":{\"@id\":\"https:\\\/\\\/minutocerord.com\\\/#\\\/schema\\\/person\\\/60b5372d60aaa0a5171fb6488be9aee6\"},\"potentialAction\":[{\"@type\":\"SearchAction\",\"target\":{\"@type\":\"EntryPoint\",\"urlTemplate\":\"https:\\\/\\\/minutocerord.com\\\/?s={search_term_string}\"},\"query-input\":{\"@type\":\"PropertyValueSpecification\",\"valueRequired\":true,\"valueName\":\"search_term_string\"}}],\"inLanguage\":\"es-DO\"},{\"@type\":[\"Person\",\"Organization\"],\"@id\":\"https:\\\/\\\/minutocerord.com\\\/#\\\/schema\\\/person\\\/60b5372d60aaa0a5171fb6488be9aee6\",\"name\":\"Genof\u00f3ntes Urb\u00e1ez\",\"image\":{\"@type\":\"ImageObject\",\"inLanguage\":\"es-DO\",\"@id\":\"https:\\\/\\\/secure.gravatar.com\\\/avatar\\\/a49ef3186a692098ac3e8a1612261e3ad70cf9e44553dff2929e67939a0ecb9d?s=96&d=identicon&r=g\",\"url\":\"https:\\\/\\\/secure.gravatar.com\\\/avatar\\\/a49ef3186a692098ac3e8a1612261e3ad70cf9e44553dff2929e67939a0ecb9d?s=96&d=identicon&r=g\",\"contentUrl\":\"https:\\\/\\\/secure.gravatar.com\\\/avatar\\\/a49ef3186a692098ac3e8a1612261e3ad70cf9e44553dff2929e67939a0ecb9d?s=96&d=identicon&r=g\",\"caption\":\"Genof\u00f3ntes Urb\u00e1ez\"},\"logo\":{\"@id\":\"https:\\\/\\\/secure.gravatar.com\\\/avatar\\\/a49ef3186a692098ac3e8a1612261e3ad70cf9e44553dff2929e67939a0ecb9d?s=96&d=identicon&r=g\"},\"description\":\"Periodista \\\/ Locutor\",\"sameAs\":[\"https:\\\/\\\/www.facebook.com\\\/Genofnotes\",\"https:\\\/\\\/www.instagram.com\\\/genofnotes\\\/\"]}]}<\/script>\n<!-- \/ Yoast SEO plugin. -->","yoast_head_json":{"title":"(Video) Detienen cinco personas y buscan a tres por autorobo a cami\u00f3n de valores - Minuto Cero RD","robots":{"index":"index","follow":"follow","max-snippet":"max-snippet:-1","max-image-preview":"max-image-preview:large","max-video-preview":"max-video-preview:-1"},"canonical":"https:\/\/minutocerord.com\/?p=3922","og_locale":"es_ES","og_type":"article","og_title":"(Video) Detienen cinco personas y buscan a tres por autorobo a cami\u00f3n de valores - Minuto Cero RD","og_description":"SANTIAGO, RD.-Las autoridades s detuvieron a cinco personas y busca a otras tres, por un auto robo a un cami\u00f3n de una compa\u00f1\u00eda de seguridad, el cual dejaron abandonado en el sector La Terraza, de Santiago. La Polic\u00eda comunic\u00f3 que el auto robo fue planificado por el empleado de la compa\u00f1\u00eda, Luis Admi Rosario Guzm\u00e1n, [&hellip;]","og_url":"https:\/\/minutocerord.com\/?p=3922","og_site_name":"Minuto Cero RD","article_publisher":"https:\/\/www.facebook.com\/Genofnotes","article_author":"https:\/\/www.facebook.com\/Genofnotes","article_published_time":"2021-04-10T01:26:19+00:00","article_modified_time":"2021-04-10T01:26:25+00:00","og_image":[{"width":1089,"height":607,"url":"https:\/\/i0.wp.com\/minutocerord.com\/wp-content\/uploads\/2021\/04\/Policia-Santiago..jpg?fit=1089%2C607&ssl=1","type":"image\/jpeg"}],"author":"Genof\u00f3ntes Urb\u00e1ez","twitter_card":"summary_large_image","twitter_misc":{"Written by":"Genof\u00f3ntes Urb\u00e1ez","Est. reading time":"1 minuto"},"schema":{"@context":"https:\/\/schema.org","@graph":[{"@type":"Article","@id":"https:\/\/minutocerord.com\/?p=3922#article","isPartOf":{"@id":"https:\/\/minutocerord.com\/?p=3922"},"author":{"name":"Genof\u00f3ntes Urb\u00e1ez","@id":"https:\/\/minutocerord.com\/#\/schema\/person\/60b5372d60aaa0a5171fb6488be9aee6"},"headline":"(Video) Detienen cinco personas y buscan a tres por autorobo a cami\u00f3n de valores","datePublished":"2021-04-10T01:26:19+00:00","dateModified":"2021-04-10T01:26:25+00:00","mainEntityOfPage":{"@id":"https:\/\/minutocerord.com\/?p=3922"},"wordCount":263,"commentCount":0,"publisher":{"@id":"https:\/\/minutocerord.com\/#\/schema\/person\/60b5372d60aaa0a5171fb6488be9aee6"},"image":{"@id":"https:\/\/minutocerord.com\/?p=3922#primaryimage"},"thumbnailUrl":"https:\/\/i0.wp.com\/minutocerord.com\/wp-content\/uploads\/2021\/04\/Policia-Santiago..jpg?fit=1089%2C607&ssl=1","articleSection":["Santiago"],"inLanguage":"es-DO","potentialAction":[{"@type":"CommentAction","name":"Comment","target":["https:\/\/minutocerord.com\/?p=3922#respond"]}]},{"@type":"WebPage","@id":"https:\/\/minutocerord.com\/?p=3922","url":"https:\/\/minutocerord.com\/?p=3922","name":"(Video) Detienen cinco personas y buscan a tres por autorobo a cami\u00f3n de valores - Minuto Cero RD","isPartOf":{"@id":"https:\/\/minutocerord.com\/#website"},"primaryImageOfPage":{"@id":"https:\/\/minutocerord.com\/?p=3922#primaryimage"},"image":{"@id":"https:\/\/minutocerord.com\/?p=3922#primaryimage"},"thumbnailUrl":"https:\/\/i0.wp.com\/minutocerord.com\/wp-content\/uploads\/2021\/04\/Policia-Santiago..jpg?fit=1089%2C607&ssl=1","datePublished":"2021-04-10T01:26:19+00:00","dateModified":"2021-04-10T01:26:25+00:00","breadcrumb":{"@id":"https:\/\/minutocerord.com\/?p=3922#breadcrumb"},"inLanguage":"es-DO","potentialAction":[{"@type":"ReadAction","target":["https:\/\/minutocerord.com\/?p=3922"]}]},{"@type":"ImageObject","inLanguage":"es-DO","@id":"https:\/\/minutocerord.com\/?p=3922#primaryimage","url":"https:\/\/i0.wp.com\/minutocerord.com\/wp-content\/uploads\/2021\/04\/Policia-Santiago..jpg?fit=1089%2C607&ssl=1","contentUrl":"https:\/\/i0.wp.com\/minutocerord.com\/wp-content\/uploads\/2021\/04\/Policia-Santiago..jpg?fit=1089%2C607&ssl=1","width":1089,"height":607},{"@type":"BreadcrumbList","@id":"https:\/\/minutocerord.com\/?p=3922#breadcrumb","itemListElement":[{"@type":"ListItem","position":1,"name":"Home","item":"https:\/\/minutocerord.com\/"},{"@type":"ListItem","position":2,"name":"(Video) Detienen cinco personas y buscan a tres por autorobo a cami\u00f3n de valores"}]},{"@type":"WebSite","@id":"https:\/\/minutocerord.com\/#website","url":"https:\/\/minutocerord.com\/","name":"Minuto Cero RD","description":"Periodismo serio y veraz","publisher":{"@id":"https:\/\/minutocerord.com\/#\/schema\/person\/60b5372d60aaa0a5171fb6488be9aee6"},"potentialAction":[{"@type":"SearchAction","target":{"@type":"EntryPoint","urlTemplate":"https:\/\/minutocerord.com\/?s={search_term_string}"},"query-input":{"@type":"PropertyValueSpecification","valueRequired":true,"valueName":"search_term_string"}}],"inLanguage":"es-DO"},{"@type":["Person","Organization"],"@id":"https:\/\/minutocerord.com\/#\/schema\/person\/60b5372d60aaa0a5171fb6488be9aee6","name":"Genof\u00f3ntes Urb\u00e1ez","image":{"@type":"ImageObject","inLanguage":"es-DO","@id":"https:\/\/secure.gravatar.com\/avatar\/a49ef3186a692098ac3e8a1612261e3ad70cf9e44553dff2929e67939a0ecb9d?s=96&d=identicon&r=g","url":"https:\/\/secure.gravatar.com\/avatar\/a49ef3186a692098ac3e8a1612261e3ad70cf9e44553dff2929e67939a0ecb9d?s=96&d=identicon&r=g","contentUrl":"https:\/\/secure.gravatar.com\/avatar\/a49ef3186a692098ac3e8a1612261e3ad70cf9e44553dff2929e67939a0ecb9d?s=96&d=identicon&r=g","caption":"Genof\u00f3ntes Urb\u00e1ez"},"logo":{"@id":"https:\/\/secure.gravatar.com\/avatar\/a49ef3186a692098ac3e8a1612261e3ad70cf9e44553dff2929e67939a0ecb9d?s=96&d=identicon&r=g"},"description":"Periodista \/ Locutor","sameAs":["https:\/\/www.facebook.com\/Genofnotes","https:\/\/www.instagram.com\/genofnotes\/"]}]}},"jetpack_publicize_connections":[],"jetpack_featured_media_url":"https:\/\/i0.wp.com\/minutocerord.com\/wp-content\/uploads\/2021\/04\/Policia-Santiago..jpg?fit=1089%2C607&ssl=1","jetpack-related-posts":[],"jetpack_sharing_enabled":true,"_links":{"self":[{"href":"https:\/\/minutocerord.com\/index.php?rest_route=\/wp\/v2\/posts\/3922","targetHints":{"allow":["GET"]}}],"collection":[{"href":"https:\/\/minutocerord.com\/index.php?rest_route=\/wp\/v2\/posts"}],"about":[{"href":"https:\/\/minutocerord.com\/index.php?rest_route=\/wp\/v2\/types\/post"}],"author":[{"embeddable":true,"href":"https:\/\/minutocerord.com\/index.php?rest_route=\/wp\/v2\/users\/1"}],"replies":[{"embeddable":true,"href":"https:\/\/minutocerord.com\/index.php?rest_route=%2Fwp%2Fv2%2Fcomments&post=3922"}],"version-history":[{"count":1,"href":"https:\/\/minutocerord.com\/index.php?rest_route=\/wp\/v2\/posts\/3922\/revisions"}],"predecessor-version":[{"id":3925,"href":"https:\/\/minutocerord.com\/index.php?rest_route=\/wp\/v2\/posts\/3922\/revisions\/3925"}],"wp:featuredmedia":[{"embeddable":true,"href":"https:\/\/minutocerord.com\/index.php?rest_route=\/wp\/v2\/media\/3924"}],"wp:attachment":[{"href":"https:\/\/minutocerord.com\/index.php?rest_route=%2Fwp%2Fv2%2Fmedia&parent=3922"}],"wp:term":[{"taxonomy":"category","embeddable":true,"href":"https:\/\/minutocerord.com\/index.php?rest_route=%2Fwp%2Fv2%2Fcategories&post=3922"},{"taxonomy":"post_tag","embeddable":true,"href":"https:\/\/minutocerord.com\/index.php?rest_route=%2Fwp%2Fv2%2Ftags&post=3922"}],"curies":[{"name":"wp","href":"https:\/\/api.w.org\/{rel}","templated":true}]}}