{"id":3946,"date":"2021-04-10T01:19:28","date_gmt":"2021-04-10T05:19:28","guid":{"rendered":"https:\/\/minutocerord.com\/?p=3946"},"modified":"2021-04-10T01:19:33","modified_gmt":"2021-04-10T05:19:33","slug":"que-es-la-difteria-y-como-afecta-en-los-ninos","status":"publish","type":"post","link":"https:\/\/minutocerord.com\/?p=3946","title":{"rendered":"\u00bfQu\u00e9 es la difteria y c\u00f3mo afecta en los ni\u00f1os?"},"content":{"rendered":"\n<p>El pa\u00eds se encuentra en alerta epidemiol\u00f3gica ante un brote de difteria que ha provocado la muerte de al menos ocho ni\u00f1os y adolescentes, de 10 que han sido ingresados en el hospital Infantil Robert Reid Cabral en lo que va del a\u00f1o.<\/p>\n\n\n\n<p>La situaci\u00f3n, abordada adem\u00e1s en el Senado durante la sesi\u00f3n de este jueves, provoc\u00f3 que el Ministerio de Salud P\u00fablica emitiera una alerta epidemiol\u00f3gica ante la ocurrencia de casos.<\/p>\n\n\n\n<p>A pesar de que se requiere aplicar tres dosis a los peque\u00f1os&nbsp; antes de cumplir el a\u00f1o, m\u00e1s refuerzos a los 18 meses, muchos padres se descuidan y no completan el esquema de vacunaci\u00f3n para inmunizar a los ni\u00f1os. \u00bfQu\u00e9 debe saber sobre esta enfermedad que ha resurgido y se expande en el territorio nacional?<\/p>\n\n\n\n<p>Seg\u00fan la Organizaci\u00f3n Panamericana de la Salud (OPS), la difteria es una enfermedad infecciosa que infecta principalmente la garganta y las v\u00edas respiratorias superiores, y produce una toxina que afecta a otros \u00f3rganos.<\/p>\n\n\n\n<p>Esta infecci\u00f3n se transmite f\u00e1cilmente de una persona a otra, ya sea a trav\u00e9s del contacto f\u00edsico directo, de la inhalaci\u00f3n de las secreciones aerosolizadas por tos, estornudos de individuos infectados o, incluso, por medio de tejidos u objetos contaminados.<\/p>\n\n\n\n<p>S\u00edntomas<\/p>\n\n\n\n<p>Entre los s\u00edntomas de la enfermedad se encuentran dolor de garganta, fiebre baja y gl\u00e1ndulas inflamadas en el cuello, y la toxina puede, en casos graves, causar miocarditis o neuropat\u00eda perif\u00e9rica.<\/p>\n\n\n\n<p>Los signos de esta infecci\u00f3n suelen manifestarse entre 2 y 5 d\u00edas despu\u00e9s de haberse contagiado, afectando desde forma leve hasta grave.<\/p>\n\n\n\n<p>La Organizaci\u00f3n Mundial de la Salud (OMS) explica que en los casos de gravedad, la bacteria genera un producto t\u00f3xico (toxina) que da lugar a una espesa placa gris o blanca en el fondo de la garganta, placa que a veces, al bloquear las v\u00edas respiratorias, dificulta la respiraci\u00f3n o la degluci\u00f3n y tambi\u00e9n puede provocar una tos seca.<\/p>\n\n\n\n<p>Adem\u00e1s, la hipertrofia de los ganglios linf\u00e1ticos puede causar la hinchaz\u00f3n de una parte del cuello.<\/p>\n\n\n\n<p>\u00bfC\u00f3mo se trata la difteria?<\/p>\n\n\n\n<p>La OMS presenta en su p\u00e1gina web que para tratar esta infecci\u00f3n se administra una soluci\u00f3n de antitoxina dift\u00e9rica por inyecci\u00f3n intravenosa o intramuscular. Tambi\u00e9n se administran antibi\u00f3ticos para eliminar la bacteria, poner fin a la producci\u00f3n de toxina e impedir el contagio de otras personas.<\/p>\n\n\n\n<p>\u00bfSe puede prevenir?<\/p>\n\n\n\n<p>Seg\u00fan la OMS y la OPS, la difteria es mortal en 5 &#8211; 10% de los casos, con una tasa m\u00e1s alta en ni\u00f1os peque\u00f1os. Sin embargo, la vacunaci\u00f3n ha reducido dr\u00e1sticamente las cifras de mortalidad y morbilidad por difteria y es que la enfermedad se puede prevenir si se completa adecuadamente el esquema de vacunaci\u00f3n.<\/p>\n\n\n\n<p>La OMS recomienda una serie de vacunaci\u00f3n primaria de 3 dosis con difteria que contenga la vacuna seguida de 3 dosis de refuerzo. La serie primaria debe comenzar tan pronto como 6 semanas de edad con dosis posteriores dadas con un intervalo m\u00ednimo de 4 semanas entre dosis.<\/p>\n\n\n\n<p>Las 3 dosis de refuerzo deben administrarse preferentemente durante el segundo a\u00f1o de vida (12-23 meses), a los 4-7 a\u00f1os y a los 9-15 a\u00f1os de edad. Idealmente, debe haber al menos 4 a\u00f1os entre dosis de refuerzo.<\/p>\n\n\n\n<p>Las autoridades sanitarias recomiendan a quienes no se han vacunado contra la difteria, no completaron sus refuerzos o no est\u00e1n seguras de haber completado su esquema de vacunaci\u00f3n, a acudir a los puestos de vacunaci\u00f3n nacional.<\/p>\n\n\n\n<p>Sepa m\u00e1s<\/p>\n\n\n\n<p>La vacuna se administra normalmente en combinaci\u00f3n con otras vacunas como la vacuna DTwP\/DTaP o la vacuna pentavalente. Para adolescentes y adultos, el toxoide difteria se combina con frecuencia con toxoide del t\u00e9tanos en menor concentraci\u00f3n (vacuna Td).<\/p>\n\n\n\n<p>En los pa\u00edses end\u00e9micos de la difteria, como es el caso de Rep\u00fablica Dominicana, la infecci\u00f3n ocurre principalmente como casos espor\u00e1dicos o en peque\u00f1os brotes, como en esta ocasi\u00f3n.<\/p>\n","protected":false},"excerpt":{"rendered":"<p>El pa\u00eds se encuentra en alerta epidemiol\u00f3gica ante un brote de difteria que ha provocado la muerte de al menos ocho ni\u00f1os y adolescentes, de 10 que han sido ingresados en el hospital Infantil Robert Reid Cabral en lo que va del a\u00f1o. La situaci\u00f3n, abordada adem\u00e1s en el Senado durante la sesi\u00f3n de este [&hellip;]<\/p>\n","protected":false},"author":1,"featured_media":3947,"comment_status":"open","ping_status":"open","sticky":false,"template":"","format":"standard","meta":{"nf_dc_page":"","jetpack_post_was_ever_published":false,"_jetpack_newsletter_access":"","_jetpack_dont_email_post_to_subs":false,"_jetpack_newsletter_tier_id":0,"_jetpack_memberships_contains_paywalled_content":false,"_jetpack_memberships_contains_paid_content":false,"footnotes":"","jetpack_publicize_message":"","jetpack_publicize_feature_enabled":true,"jetpack_social_post_already_shared":false,"jetpack_social_options":{"image_generator_settings":{"template":"highway","default_image_id":0,"font":"","enabled":false},"version":2}},"categories":[67],"tags":[],"class_list":["post-3946","post","type-post","status-publish","format-standard","has-post-thumbnail","hentry","category-salud"],"yoast_head":"<!-- This site is optimized with the Yoast SEO plugin v27.5 - https:\/\/yoast.com\/product\/yoast-seo-wordpress\/ -->\n<title>\u00bfQu\u00e9 es la difteria y c\u00f3mo afecta en los ni\u00f1os? - Minuto Cero RD<\/title>\n<meta name=\"robots\" content=\"index, follow, max-snippet:-1, max-image-preview:large, max-video-preview:-1\" \/>\n<link rel=\"canonical\" href=\"http:\/\/minutocerord.com\/?p=3946\" \/>\n<meta property=\"og:locale\" content=\"es_ES\" \/>\n<meta property=\"og:type\" content=\"article\" \/>\n<meta property=\"og:title\" content=\"\u00bfQu\u00e9 es la difteria y c\u00f3mo afecta en los ni\u00f1os? - Minuto Cero RD\" \/>\n<meta property=\"og:description\" content=\"El pa\u00eds se encuentra en alerta epidemiol\u00f3gica ante un brote de difteria que ha provocado la muerte de al menos ocho ni\u00f1os y adolescentes, de 10 que han sido ingresados en el hospital Infantil Robert Reid Cabral en lo que va del a\u00f1o. La situaci\u00f3n, abordada adem\u00e1s en el Senado durante la sesi\u00f3n de este [&hellip;]\" \/>\n<meta property=\"og:url\" content=\"http:\/\/minutocerord.com\/?p=3946\" \/>\n<meta property=\"og:site_name\" content=\"Minuto Cero RD\" \/>\n<meta property=\"article:publisher\" content=\"https:\/\/www.facebook.com\/Genofnotes\" \/>\n<meta property=\"article:author\" content=\"https:\/\/www.facebook.com\/Genofnotes\" \/>\n<meta property=\"article:published_time\" content=\"2021-04-10T05:19:28+00:00\" \/>\n<meta property=\"article:modified_time\" content=\"2021-04-10T05:19:33+00:00\" \/>\n<meta property=\"og:image\" content=\"https:\/\/i0.wp.com\/minutocerord.com\/wp-content\/uploads\/2021\/04\/que-es-la-difteria-y-como-afecta-en-los-ninos.jpg?fit=680%2C340\" \/>\n\t<meta property=\"og:image:width\" content=\"680\" \/>\n\t<meta property=\"og:image:height\" content=\"340\" \/>\n\t<meta property=\"og:image:type\" content=\"image\/jpeg\" \/>\n<meta name=\"author\" content=\"Genof\u00f3ntes Urb\u00e1ez\" \/>\n<meta name=\"twitter:card\" content=\"summary_large_image\" \/>\n<meta name=\"twitter:label1\" content=\"Written by\" \/>\n\t<meta name=\"twitter:data1\" content=\"Genof\u00f3ntes Urb\u00e1ez\" \/>\n\t<meta name=\"twitter:label2\" content=\"Est. reading time\" \/>\n\t<meta name=\"twitter:data2\" content=\"3 minutos\" \/>\n<script type=\"application\/ld+json\" class=\"yoast-schema-graph\">{\"@context\":\"https:\\\/\\\/schema.org\",\"@graph\":[{\"@type\":\"Article\",\"@id\":\"http:\\\/\\\/minutocerord.com\\\/?p=3946#article\",\"isPartOf\":{\"@id\":\"http:\\\/\\\/minutocerord.com\\\/?p=3946\"},\"author\":{\"name\":\"Genof\u00f3ntes Urb\u00e1ez\",\"@id\":\"https:\\\/\\\/minutocerord.com\\\/#\\\/schema\\\/person\\\/60b5372d60aaa0a5171fb6488be9aee6\"},\"headline\":\"\u00bfQu\u00e9 es la difteria y c\u00f3mo afecta en los ni\u00f1os?\",\"datePublished\":\"2021-04-10T05:19:28+00:00\",\"dateModified\":\"2021-04-10T05:19:33+00:00\",\"mainEntityOfPage\":{\"@id\":\"http:\\\/\\\/minutocerord.com\\\/?p=3946\"},\"wordCount\":707,\"commentCount\":0,\"publisher\":{\"@id\":\"https:\\\/\\\/minutocerord.com\\\/#\\\/schema\\\/person\\\/60b5372d60aaa0a5171fb6488be9aee6\"},\"image\":{\"@id\":\"http:\\\/\\\/minutocerord.com\\\/?p=3946#primaryimage\"},\"thumbnailUrl\":\"https:\\\/\\\/i0.wp.com\\\/minutocerord.com\\\/wp-content\\\/uploads\\\/2021\\\/04\\\/que-es-la-difteria-y-como-afecta-en-los-ninos.jpg?fit=680%2C340&ssl=1\",\"articleSection\":[\"Salud\"],\"inLanguage\":\"es-DO\",\"potentialAction\":[{\"@type\":\"CommentAction\",\"name\":\"Comment\",\"target\":[\"http:\\\/\\\/minutocerord.com\\\/?p=3946#respond\"]}]},{\"@type\":\"WebPage\",\"@id\":\"http:\\\/\\\/minutocerord.com\\\/?p=3946\",\"url\":\"http:\\\/\\\/minutocerord.com\\\/?p=3946\",\"name\":\"\u00bfQu\u00e9 es la difteria y c\u00f3mo afecta en los ni\u00f1os? - Minuto Cero RD\",\"isPartOf\":{\"@id\":\"https:\\\/\\\/minutocerord.com\\\/#website\"},\"primaryImageOfPage\":{\"@id\":\"http:\\\/\\\/minutocerord.com\\\/?p=3946#primaryimage\"},\"image\":{\"@id\":\"http:\\\/\\\/minutocerord.com\\\/?p=3946#primaryimage\"},\"thumbnailUrl\":\"https:\\\/\\\/i0.wp.com\\\/minutocerord.com\\\/wp-content\\\/uploads\\\/2021\\\/04\\\/que-es-la-difteria-y-como-afecta-en-los-ninos.jpg?fit=680%2C340&ssl=1\",\"datePublished\":\"2021-04-10T05:19:28+00:00\",\"dateModified\":\"2021-04-10T05:19:33+00:00\",\"breadcrumb\":{\"@id\":\"http:\\\/\\\/minutocerord.com\\\/?p=3946#breadcrumb\"},\"inLanguage\":\"es-DO\",\"potentialAction\":[{\"@type\":\"ReadAction\",\"target\":[\"http:\\\/\\\/minutocerord.com\\\/?p=3946\"]}]},{\"@type\":\"ImageObject\",\"inLanguage\":\"es-DO\",\"@id\":\"http:\\\/\\\/minutocerord.com\\\/?p=3946#primaryimage\",\"url\":\"https:\\\/\\\/i0.wp.com\\\/minutocerord.com\\\/wp-content\\\/uploads\\\/2021\\\/04\\\/que-es-la-difteria-y-como-afecta-en-los-ninos.jpg?fit=680%2C340&ssl=1\",\"contentUrl\":\"https:\\\/\\\/i0.wp.com\\\/minutocerord.com\\\/wp-content\\\/uploads\\\/2021\\\/04\\\/que-es-la-difteria-y-como-afecta-en-los-ninos.jpg?fit=680%2C340&ssl=1\",\"width\":680,\"height\":340},{\"@type\":\"BreadcrumbList\",\"@id\":\"http:\\\/\\\/minutocerord.com\\\/?p=3946#breadcrumb\",\"itemListElement\":[{\"@type\":\"ListItem\",\"position\":1,\"name\":\"Home\",\"item\":\"https:\\\/\\\/minutocerord.com\\\/\"},{\"@type\":\"ListItem\",\"position\":2,\"name\":\"\u00bfQu\u00e9 es la difteria y c\u00f3mo afecta en los ni\u00f1os?\"}]},{\"@type\":\"WebSite\",\"@id\":\"https:\\\/\\\/minutocerord.com\\\/#website\",\"url\":\"https:\\\/\\\/minutocerord.com\\\/\",\"name\":\"Minuto Cero RD\",\"description\":\"Periodismo serio y veraz\",\"publisher\":{\"@id\":\"https:\\\/\\\/minutocerord.com\\\/#\\\/schema\\\/person\\\/60b5372d60aaa0a5171fb6488be9aee6\"},\"potentialAction\":[{\"@type\":\"SearchAction\",\"target\":{\"@type\":\"EntryPoint\",\"urlTemplate\":\"https:\\\/\\\/minutocerord.com\\\/?s={search_term_string}\"},\"query-input\":{\"@type\":\"PropertyValueSpecification\",\"valueRequired\":true,\"valueName\":\"search_term_string\"}}],\"inLanguage\":\"es-DO\"},{\"@type\":[\"Person\",\"Organization\"],\"@id\":\"https:\\\/\\\/minutocerord.com\\\/#\\\/schema\\\/person\\\/60b5372d60aaa0a5171fb6488be9aee6\",\"name\":\"Genof\u00f3ntes Urb\u00e1ez\",\"image\":{\"@type\":\"ImageObject\",\"inLanguage\":\"es-DO\",\"@id\":\"https:\\\/\\\/secure.gravatar.com\\\/avatar\\\/a49ef3186a692098ac3e8a1612261e3ad70cf9e44553dff2929e67939a0ecb9d?s=96&d=identicon&r=g\",\"url\":\"https:\\\/\\\/secure.gravatar.com\\\/avatar\\\/a49ef3186a692098ac3e8a1612261e3ad70cf9e44553dff2929e67939a0ecb9d?s=96&d=identicon&r=g\",\"contentUrl\":\"https:\\\/\\\/secure.gravatar.com\\\/avatar\\\/a49ef3186a692098ac3e8a1612261e3ad70cf9e44553dff2929e67939a0ecb9d?s=96&d=identicon&r=g\",\"caption\":\"Genof\u00f3ntes Urb\u00e1ez\"},\"logo\":{\"@id\":\"https:\\\/\\\/secure.gravatar.com\\\/avatar\\\/a49ef3186a692098ac3e8a1612261e3ad70cf9e44553dff2929e67939a0ecb9d?s=96&d=identicon&r=g\"},\"description\":\"Periodista \\\/ Locutor\",\"sameAs\":[\"https:\\\/\\\/www.facebook.com\\\/Genofnotes\",\"https:\\\/\\\/www.instagram.com\\\/genofnotes\\\/\"]}]}<\/script>\n<!-- \/ Yoast SEO plugin. -->","yoast_head_json":{"title":"\u00bfQu\u00e9 es la difteria y c\u00f3mo afecta en los ni\u00f1os? - Minuto Cero RD","robots":{"index":"index","follow":"follow","max-snippet":"max-snippet:-1","max-image-preview":"max-image-preview:large","max-video-preview":"max-video-preview:-1"},"canonical":"http:\/\/minutocerord.com\/?p=3946","og_locale":"es_ES","og_type":"article","og_title":"\u00bfQu\u00e9 es la difteria y c\u00f3mo afecta en los ni\u00f1os? - Minuto Cero RD","og_description":"El pa\u00eds se encuentra en alerta epidemiol\u00f3gica ante un brote de difteria que ha provocado la muerte de al menos ocho ni\u00f1os y adolescentes, de 10 que han sido ingresados en el hospital Infantil Robert Reid Cabral en lo que va del a\u00f1o. La situaci\u00f3n, abordada adem\u00e1s en el Senado durante la sesi\u00f3n de este [&hellip;]","og_url":"http:\/\/minutocerord.com\/?p=3946","og_site_name":"Minuto Cero RD","article_publisher":"https:\/\/www.facebook.com\/Genofnotes","article_author":"https:\/\/www.facebook.com\/Genofnotes","article_published_time":"2021-04-10T05:19:28+00:00","article_modified_time":"2021-04-10T05:19:33+00:00","og_image":[{"width":680,"height":340,"url":"https:\/\/i0.wp.com\/minutocerord.com\/wp-content\/uploads\/2021\/04\/que-es-la-difteria-y-como-afecta-en-los-ninos.jpg?fit=680%2C340","type":"image\/jpeg"}],"author":"Genof\u00f3ntes Urb\u00e1ez","twitter_card":"summary_large_image","twitter_misc":{"Written by":"Genof\u00f3ntes Urb\u00e1ez","Est. reading time":"3 minutos"},"schema":{"@context":"https:\/\/schema.org","@graph":[{"@type":"Article","@id":"http:\/\/minutocerord.com\/?p=3946#article","isPartOf":{"@id":"http:\/\/minutocerord.com\/?p=3946"},"author":{"name":"Genof\u00f3ntes Urb\u00e1ez","@id":"https:\/\/minutocerord.com\/#\/schema\/person\/60b5372d60aaa0a5171fb6488be9aee6"},"headline":"\u00bfQu\u00e9 es la difteria y c\u00f3mo afecta en los ni\u00f1os?","datePublished":"2021-04-10T05:19:28+00:00","dateModified":"2021-04-10T05:19:33+00:00","mainEntityOfPage":{"@id":"http:\/\/minutocerord.com\/?p=3946"},"wordCount":707,"commentCount":0,"publisher":{"@id":"https:\/\/minutocerord.com\/#\/schema\/person\/60b5372d60aaa0a5171fb6488be9aee6"},"image":{"@id":"http:\/\/minutocerord.com\/?p=3946#primaryimage"},"thumbnailUrl":"https:\/\/i0.wp.com\/minutocerord.com\/wp-content\/uploads\/2021\/04\/que-es-la-difteria-y-como-afecta-en-los-ninos.jpg?fit=680%2C340&ssl=1","articleSection":["Salud"],"inLanguage":"es-DO","potentialAction":[{"@type":"CommentAction","name":"Comment","target":["http:\/\/minutocerord.com\/?p=3946#respond"]}]},{"@type":"WebPage","@id":"http:\/\/minutocerord.com\/?p=3946","url":"http:\/\/minutocerord.com\/?p=3946","name":"\u00bfQu\u00e9 es la difteria y c\u00f3mo afecta en los ni\u00f1os? - Minuto Cero RD","isPartOf":{"@id":"https:\/\/minutocerord.com\/#website"},"primaryImageOfPage":{"@id":"http:\/\/minutocerord.com\/?p=3946#primaryimage"},"image":{"@id":"http:\/\/minutocerord.com\/?p=3946#primaryimage"},"thumbnailUrl":"https:\/\/i0.wp.com\/minutocerord.com\/wp-content\/uploads\/2021\/04\/que-es-la-difteria-y-como-afecta-en-los-ninos.jpg?fit=680%2C340&ssl=1","datePublished":"2021-04-10T05:19:28+00:00","dateModified":"2021-04-10T05:19:33+00:00","breadcrumb":{"@id":"http:\/\/minutocerord.com\/?p=3946#breadcrumb"},"inLanguage":"es-DO","potentialAction":[{"@type":"ReadAction","target":["http:\/\/minutocerord.com\/?p=3946"]}]},{"@type":"ImageObject","inLanguage":"es-DO","@id":"http:\/\/minutocerord.com\/?p=3946#primaryimage","url":"https:\/\/i0.wp.com\/minutocerord.com\/wp-content\/uploads\/2021\/04\/que-es-la-difteria-y-como-afecta-en-los-ninos.jpg?fit=680%2C340&ssl=1","contentUrl":"https:\/\/i0.wp.com\/minutocerord.com\/wp-content\/uploads\/2021\/04\/que-es-la-difteria-y-como-afecta-en-los-ninos.jpg?fit=680%2C340&ssl=1","width":680,"height":340},{"@type":"BreadcrumbList","@id":"http:\/\/minutocerord.com\/?p=3946#breadcrumb","itemListElement":[{"@type":"ListItem","position":1,"name":"Home","item":"https:\/\/minutocerord.com\/"},{"@type":"ListItem","position":2,"name":"\u00bfQu\u00e9 es la difteria y c\u00f3mo afecta en los ni\u00f1os?"}]},{"@type":"WebSite","@id":"https:\/\/minutocerord.com\/#website","url":"https:\/\/minutocerord.com\/","name":"Minuto Cero RD","description":"Periodismo serio y veraz","publisher":{"@id":"https:\/\/minutocerord.com\/#\/schema\/person\/60b5372d60aaa0a5171fb6488be9aee6"},"potentialAction":[{"@type":"SearchAction","target":{"@type":"EntryPoint","urlTemplate":"https:\/\/minutocerord.com\/?s={search_term_string}"},"query-input":{"@type":"PropertyValueSpecification","valueRequired":true,"valueName":"search_term_string"}}],"inLanguage":"es-DO"},{"@type":["Person","Organization"],"@id":"https:\/\/minutocerord.com\/#\/schema\/person\/60b5372d60aaa0a5171fb6488be9aee6","name":"Genof\u00f3ntes Urb\u00e1ez","image":{"@type":"ImageObject","inLanguage":"es-DO","@id":"https:\/\/secure.gravatar.com\/avatar\/a49ef3186a692098ac3e8a1612261e3ad70cf9e44553dff2929e67939a0ecb9d?s=96&d=identicon&r=g","url":"https:\/\/secure.gravatar.com\/avatar\/a49ef3186a692098ac3e8a1612261e3ad70cf9e44553dff2929e67939a0ecb9d?s=96&d=identicon&r=g","contentUrl":"https:\/\/secure.gravatar.com\/avatar\/a49ef3186a692098ac3e8a1612261e3ad70cf9e44553dff2929e67939a0ecb9d?s=96&d=identicon&r=g","caption":"Genof\u00f3ntes Urb\u00e1ez"},"logo":{"@id":"https:\/\/secure.gravatar.com\/avatar\/a49ef3186a692098ac3e8a1612261e3ad70cf9e44553dff2929e67939a0ecb9d?s=96&d=identicon&r=g"},"description":"Periodista \/ Locutor","sameAs":["https:\/\/www.facebook.com\/Genofnotes","https:\/\/www.instagram.com\/genofnotes\/"]}]}},"jetpack_publicize_connections":[],"jetpack_featured_media_url":"https:\/\/i0.wp.com\/minutocerord.com\/wp-content\/uploads\/2021\/04\/que-es-la-difteria-y-como-afecta-en-los-ninos.jpg?fit=680%2C340&ssl=1","jetpack-related-posts":[],"jetpack_sharing_enabled":true,"_links":{"self":[{"href":"https:\/\/minutocerord.com\/index.php?rest_route=\/wp\/v2\/posts\/3946","targetHints":{"allow":["GET"]}}],"collection":[{"href":"https:\/\/minutocerord.com\/index.php?rest_route=\/wp\/v2\/posts"}],"about":[{"href":"https:\/\/minutocerord.com\/index.php?rest_route=\/wp\/v2\/types\/post"}],"author":[{"embeddable":true,"href":"https:\/\/minutocerord.com\/index.php?rest_route=\/wp\/v2\/users\/1"}],"replies":[{"embeddable":true,"href":"https:\/\/minutocerord.com\/index.php?rest_route=%2Fwp%2Fv2%2Fcomments&post=3946"}],"version-history":[{"count":1,"href":"https:\/\/minutocerord.com\/index.php?rest_route=\/wp\/v2\/posts\/3946\/revisions"}],"predecessor-version":[{"id":3948,"href":"https:\/\/minutocerord.com\/index.php?rest_route=\/wp\/v2\/posts\/3946\/revisions\/3948"}],"wp:featuredmedia":[{"embeddable":true,"href":"https:\/\/minutocerord.com\/index.php?rest_route=\/wp\/v2\/media\/3947"}],"wp:attachment":[{"href":"https:\/\/minutocerord.com\/index.php?rest_route=%2Fwp%2Fv2%2Fmedia&parent=3946"}],"wp:term":[{"taxonomy":"category","embeddable":true,"href":"https:\/\/minutocerord.com\/index.php?rest_route=%2Fwp%2Fv2%2Fcategories&post=3946"},{"taxonomy":"post_tag","embeddable":true,"href":"https:\/\/minutocerord.com\/index.php?rest_route=%2Fwp%2Fv2%2Ftags&post=3946"}],"curies":[{"name":"wp","href":"https:\/\/api.w.org\/{rel}","templated":true}]}}