{"id":3953,"date":"2021-04-10T09:18:55","date_gmt":"2021-04-10T13:18:55","guid":{"rendered":"https:\/\/minutocerord.com\/?p=3953"},"modified":"2021-04-10T09:19:02","modified_gmt":"2021-04-10T13:19:02","slug":"rd-inicia-proceso-para-normalizar-la-estadia-de-mas-de-115-mil-venezolanos","status":"publish","type":"post","link":"https:\/\/minutocerord.com\/?p=3953","title":{"rendered":"RD inicia proceso para \u00abnormalizar\u00bb la estad\u00eda de m\u00e1s de 115 mil venezolanos"},"content":{"rendered":"\n<p>SANTO DOMINGO.- La Direcci\u00f3n de Migraci\u00f3n (DGM) inici\u00f3 el proceso de normalizaci\u00f3n de m\u00e1s de 115 mil venezolanos que residen en la Rep\u00fablica Dominicana en condici\u00f3n irregular.<\/p>\n\n\n\n<p>El director de Migraci\u00f3n, Enrique Garc\u00eda, design\u00f3&nbsp; como encargado del ese plan a Pedro Peralta, quien explic\u00f3 en qu\u00e9 consiste el proceso y la forma de acceder al mismo a trav\u00e9s de una plataforma digital.<\/p>\n\n\n\n<p>En el encuentro el representante de la Organizaci\u00f3n Internacional para las Migraciones (OIM) Josu\u00e9 Gastelbondo, &nbsp;explic\u00f3 que ese organismo es aliado de la DGM para acreditar a los venezolanos y orientarlos en lo que sea necesario.<\/p>\n\n\n\n<p>Dijo que la OIM respalda la implementaci\u00f3n de este plan y para ello tiene oficinas en cinco provincias dominicanas&nbsp; a fin de que los que requieran informaci\u00f3n puedan acceder a ella.<\/p>\n\n\n\n<p>Indic\u00f3 que la dispondr\u00e1 de 26 funcionarios que estar\u00e1n trabajando conjuntamente con la DGM para respaldar este proceso.<\/p>\n","protected":false},"excerpt":{"rendered":"<p>SANTO DOMINGO.- La Direcci\u00f3n de Migraci\u00f3n (DGM) inici\u00f3 el proceso de normalizaci\u00f3n de m\u00e1s de 115 mil venezolanos que residen en la Rep\u00fablica Dominicana en condici\u00f3n irregular. El director de Migraci\u00f3n, Enrique Garc\u00eda, design\u00f3&nbsp; como encargado del ese plan a Pedro Peralta, quien explic\u00f3 en qu\u00e9 consiste el proceso y la forma de acceder al [&hellip;]<\/p>\n","protected":false},"author":1,"featured_media":3954,"comment_status":"open","ping_status":"open","sticky":false,"template":"","format":"standard","meta":{"nf_dc_page":"","jetpack_post_was_ever_published":false,"_jetpack_newsletter_access":"","_jetpack_dont_email_post_to_subs":false,"_jetpack_newsletter_tier_id":0,"_jetpack_memberships_contains_paywalled_content":false,"_jetpack_memberships_contains_paid_content":false,"footnotes":"","jetpack_publicize_message":"","jetpack_publicize_feature_enabled":true,"jetpack_social_post_already_shared":false,"jetpack_social_options":{"image_generator_settings":{"template":"highway","default_image_id":0,"font":"","enabled":false},"version":2}},"categories":[65],"tags":[],"class_list":["post-3953","post","type-post","status-publish","format-standard","has-post-thumbnail","hentry","category-nacionales"],"yoast_head":"<!-- This site is optimized with the Yoast SEO plugin v27.5 - https:\/\/yoast.com\/product\/yoast-seo-wordpress\/ -->\n<title>RD inicia proceso para \u00abnormalizar\u00bb la estad\u00eda de m\u00e1s de 115 mil venezolanos - Minuto Cero RD<\/title>\n<meta name=\"robots\" content=\"index, follow, max-snippet:-1, max-image-preview:large, max-video-preview:-1\" \/>\n<link rel=\"canonical\" href=\"http:\/\/minutocerord.com\/?p=3953\" \/>\n<meta property=\"og:locale\" content=\"es_ES\" \/>\n<meta property=\"og:type\" content=\"article\" \/>\n<meta property=\"og:title\" content=\"RD inicia proceso para \u00abnormalizar\u00bb la estad\u00eda de m\u00e1s de 115 mil venezolanos - Minuto Cero RD\" \/>\n<meta property=\"og:description\" content=\"SANTO DOMINGO.- La Direcci\u00f3n de Migraci\u00f3n (DGM) inici\u00f3 el proceso de normalizaci\u00f3n de m\u00e1s de 115 mil venezolanos que residen en la Rep\u00fablica Dominicana en condici\u00f3n irregular. El director de Migraci\u00f3n, Enrique Garc\u00eda, design\u00f3&nbsp; como encargado del ese plan a Pedro Peralta, quien explic\u00f3 en qu\u00e9 consiste el proceso y la forma de acceder al [&hellip;]\" \/>\n<meta property=\"og:url\" content=\"http:\/\/minutocerord.com\/?p=3953\" \/>\n<meta property=\"og:site_name\" content=\"Minuto Cero RD\" \/>\n<meta property=\"article:publisher\" content=\"https:\/\/www.facebook.com\/Genofnotes\" \/>\n<meta property=\"article:author\" content=\"https:\/\/www.facebook.com\/Genofnotes\" \/>\n<meta property=\"article:published_time\" content=\"2021-04-10T13:18:55+00:00\" \/>\n<meta property=\"article:modified_time\" content=\"2021-04-10T13:19:02+00:00\" \/>\n<meta property=\"og:image\" content=\"https:\/\/i0.wp.com\/minutocerord.com\/wp-content\/uploads\/2021\/04\/Plan-de-normalizacion-de-venezolanos..jpg?fit=1280%2C671\" \/>\n\t<meta property=\"og:image:width\" content=\"1280\" \/>\n\t<meta property=\"og:image:height\" content=\"671\" \/>\n\t<meta property=\"og:image:type\" content=\"image\/jpeg\" \/>\n<meta name=\"author\" content=\"Genof\u00f3ntes Urb\u00e1ez\" \/>\n<meta name=\"twitter:card\" content=\"summary_large_image\" \/>\n<meta name=\"twitter:label1\" content=\"Written by\" \/>\n\t<meta name=\"twitter:data1\" content=\"Genof\u00f3ntes Urb\u00e1ez\" \/>\n\t<meta name=\"twitter:label2\" content=\"Est. reading time\" \/>\n\t<meta name=\"twitter:data2\" content=\"1 minuto\" \/>\n<script type=\"application\/ld+json\" class=\"yoast-schema-graph\">{\"@context\":\"https:\\\/\\\/schema.org\",\"@graph\":[{\"@type\":\"Article\",\"@id\":\"http:\\\/\\\/minutocerord.com\\\/?p=3953#article\",\"isPartOf\":{\"@id\":\"http:\\\/\\\/minutocerord.com\\\/?p=3953\"},\"author\":{\"name\":\"Genof\u00f3ntes Urb\u00e1ez\",\"@id\":\"https:\\\/\\\/minutocerord.com\\\/#\\\/schema\\\/person\\\/60b5372d60aaa0a5171fb6488be9aee6\"},\"headline\":\"RD inicia proceso para \u00abnormalizar\u00bb la estad\u00eda de m\u00e1s de 115 mil venezolanos\",\"datePublished\":\"2021-04-10T13:18:55+00:00\",\"dateModified\":\"2021-04-10T13:19:02+00:00\",\"mainEntityOfPage\":{\"@id\":\"http:\\\/\\\/minutocerord.com\\\/?p=3953\"},\"wordCount\":176,\"commentCount\":0,\"publisher\":{\"@id\":\"https:\\\/\\\/minutocerord.com\\\/#\\\/schema\\\/person\\\/60b5372d60aaa0a5171fb6488be9aee6\"},\"image\":{\"@id\":\"http:\\\/\\\/minutocerord.com\\\/?p=3953#primaryimage\"},\"thumbnailUrl\":\"https:\\\/\\\/i0.wp.com\\\/minutocerord.com\\\/wp-content\\\/uploads\\\/2021\\\/04\\\/Plan-de-normalizacion-de-venezolanos..jpg?fit=1280%2C671&ssl=1\",\"articleSection\":[\"Nacionales\"],\"inLanguage\":\"es-DO\",\"potentialAction\":[{\"@type\":\"CommentAction\",\"name\":\"Comment\",\"target\":[\"http:\\\/\\\/minutocerord.com\\\/?p=3953#respond\"]}]},{\"@type\":\"WebPage\",\"@id\":\"http:\\\/\\\/minutocerord.com\\\/?p=3953\",\"url\":\"http:\\\/\\\/minutocerord.com\\\/?p=3953\",\"name\":\"RD inicia proceso para \u00abnormalizar\u00bb la estad\u00eda de m\u00e1s de 115 mil venezolanos - Minuto Cero RD\",\"isPartOf\":{\"@id\":\"https:\\\/\\\/minutocerord.com\\\/#website\"},\"primaryImageOfPage\":{\"@id\":\"http:\\\/\\\/minutocerord.com\\\/?p=3953#primaryimage\"},\"image\":{\"@id\":\"http:\\\/\\\/minutocerord.com\\\/?p=3953#primaryimage\"},\"thumbnailUrl\":\"https:\\\/\\\/i0.wp.com\\\/minutocerord.com\\\/wp-content\\\/uploads\\\/2021\\\/04\\\/Plan-de-normalizacion-de-venezolanos..jpg?fit=1280%2C671&ssl=1\",\"datePublished\":\"2021-04-10T13:18:55+00:00\",\"dateModified\":\"2021-04-10T13:19:02+00:00\",\"breadcrumb\":{\"@id\":\"http:\\\/\\\/minutocerord.com\\\/?p=3953#breadcrumb\"},\"inLanguage\":\"es-DO\",\"potentialAction\":[{\"@type\":\"ReadAction\",\"target\":[\"http:\\\/\\\/minutocerord.com\\\/?p=3953\"]}]},{\"@type\":\"ImageObject\",\"inLanguage\":\"es-DO\",\"@id\":\"http:\\\/\\\/minutocerord.com\\\/?p=3953#primaryimage\",\"url\":\"https:\\\/\\\/i0.wp.com\\\/minutocerord.com\\\/wp-content\\\/uploads\\\/2021\\\/04\\\/Plan-de-normalizacion-de-venezolanos..jpg?fit=1280%2C671&ssl=1\",\"contentUrl\":\"https:\\\/\\\/i0.wp.com\\\/minutocerord.com\\\/wp-content\\\/uploads\\\/2021\\\/04\\\/Plan-de-normalizacion-de-venezolanos..jpg?fit=1280%2C671&ssl=1\",\"width\":1280,\"height\":671},{\"@type\":\"BreadcrumbList\",\"@id\":\"http:\\\/\\\/minutocerord.com\\\/?p=3953#breadcrumb\",\"itemListElement\":[{\"@type\":\"ListItem\",\"position\":1,\"name\":\"Home\",\"item\":\"https:\\\/\\\/minutocerord.com\\\/\"},{\"@type\":\"ListItem\",\"position\":2,\"name\":\"RD inicia proceso para \u00abnormalizar\u00bb la estad\u00eda de m\u00e1s de 115 mil venezolanos\"}]},{\"@type\":\"WebSite\",\"@id\":\"https:\\\/\\\/minutocerord.com\\\/#website\",\"url\":\"https:\\\/\\\/minutocerord.com\\\/\",\"name\":\"Minuto Cero RD\",\"description\":\"Periodismo serio y veraz\",\"publisher\":{\"@id\":\"https:\\\/\\\/minutocerord.com\\\/#\\\/schema\\\/person\\\/60b5372d60aaa0a5171fb6488be9aee6\"},\"potentialAction\":[{\"@type\":\"SearchAction\",\"target\":{\"@type\":\"EntryPoint\",\"urlTemplate\":\"https:\\\/\\\/minutocerord.com\\\/?s={search_term_string}\"},\"query-input\":{\"@type\":\"PropertyValueSpecification\",\"valueRequired\":true,\"valueName\":\"search_term_string\"}}],\"inLanguage\":\"es-DO\"},{\"@type\":[\"Person\",\"Organization\"],\"@id\":\"https:\\\/\\\/minutocerord.com\\\/#\\\/schema\\\/person\\\/60b5372d60aaa0a5171fb6488be9aee6\",\"name\":\"Genof\u00f3ntes Urb\u00e1ez\",\"image\":{\"@type\":\"ImageObject\",\"inLanguage\":\"es-DO\",\"@id\":\"https:\\\/\\\/secure.gravatar.com\\\/avatar\\\/a49ef3186a692098ac3e8a1612261e3ad70cf9e44553dff2929e67939a0ecb9d?s=96&d=identicon&r=g\",\"url\":\"https:\\\/\\\/secure.gravatar.com\\\/avatar\\\/a49ef3186a692098ac3e8a1612261e3ad70cf9e44553dff2929e67939a0ecb9d?s=96&d=identicon&r=g\",\"contentUrl\":\"https:\\\/\\\/secure.gravatar.com\\\/avatar\\\/a49ef3186a692098ac3e8a1612261e3ad70cf9e44553dff2929e67939a0ecb9d?s=96&d=identicon&r=g\",\"caption\":\"Genof\u00f3ntes Urb\u00e1ez\"},\"logo\":{\"@id\":\"https:\\\/\\\/secure.gravatar.com\\\/avatar\\\/a49ef3186a692098ac3e8a1612261e3ad70cf9e44553dff2929e67939a0ecb9d?s=96&d=identicon&r=g\"},\"description\":\"Periodista \\\/ Locutor\",\"sameAs\":[\"https:\\\/\\\/www.facebook.com\\\/Genofnotes\",\"https:\\\/\\\/www.instagram.com\\\/genofnotes\\\/\"]}]}<\/script>\n<!-- \/ Yoast SEO plugin. -->","yoast_head_json":{"title":"RD inicia proceso para \u00abnormalizar\u00bb la estad\u00eda de m\u00e1s de 115 mil venezolanos - Minuto Cero RD","robots":{"index":"index","follow":"follow","max-snippet":"max-snippet:-1","max-image-preview":"max-image-preview:large","max-video-preview":"max-video-preview:-1"},"canonical":"http:\/\/minutocerord.com\/?p=3953","og_locale":"es_ES","og_type":"article","og_title":"RD inicia proceso para \u00abnormalizar\u00bb la estad\u00eda de m\u00e1s de 115 mil venezolanos - Minuto Cero RD","og_description":"SANTO DOMINGO.- La Direcci\u00f3n de Migraci\u00f3n (DGM) inici\u00f3 el proceso de normalizaci\u00f3n de m\u00e1s de 115 mil venezolanos que residen en la Rep\u00fablica Dominicana en condici\u00f3n irregular. El director de Migraci\u00f3n, Enrique Garc\u00eda, design\u00f3&nbsp; como encargado del ese plan a Pedro Peralta, quien explic\u00f3 en qu\u00e9 consiste el proceso y la forma de acceder al [&hellip;]","og_url":"http:\/\/minutocerord.com\/?p=3953","og_site_name":"Minuto Cero RD","article_publisher":"https:\/\/www.facebook.com\/Genofnotes","article_author":"https:\/\/www.facebook.com\/Genofnotes","article_published_time":"2021-04-10T13:18:55+00:00","article_modified_time":"2021-04-10T13:19:02+00:00","og_image":[{"width":1280,"height":671,"url":"https:\/\/i0.wp.com\/minutocerord.com\/wp-content\/uploads\/2021\/04\/Plan-de-normalizacion-de-venezolanos..jpg?fit=1280%2C671","type":"image\/jpeg"}],"author":"Genof\u00f3ntes Urb\u00e1ez","twitter_card":"summary_large_image","twitter_misc":{"Written by":"Genof\u00f3ntes Urb\u00e1ez","Est. reading time":"1 minuto"},"schema":{"@context":"https:\/\/schema.org","@graph":[{"@type":"Article","@id":"http:\/\/minutocerord.com\/?p=3953#article","isPartOf":{"@id":"http:\/\/minutocerord.com\/?p=3953"},"author":{"name":"Genof\u00f3ntes Urb\u00e1ez","@id":"https:\/\/minutocerord.com\/#\/schema\/person\/60b5372d60aaa0a5171fb6488be9aee6"},"headline":"RD inicia proceso para \u00abnormalizar\u00bb la estad\u00eda de m\u00e1s de 115 mil venezolanos","datePublished":"2021-04-10T13:18:55+00:00","dateModified":"2021-04-10T13:19:02+00:00","mainEntityOfPage":{"@id":"http:\/\/minutocerord.com\/?p=3953"},"wordCount":176,"commentCount":0,"publisher":{"@id":"https:\/\/minutocerord.com\/#\/schema\/person\/60b5372d60aaa0a5171fb6488be9aee6"},"image":{"@id":"http:\/\/minutocerord.com\/?p=3953#primaryimage"},"thumbnailUrl":"https:\/\/i0.wp.com\/minutocerord.com\/wp-content\/uploads\/2021\/04\/Plan-de-normalizacion-de-venezolanos..jpg?fit=1280%2C671&ssl=1","articleSection":["Nacionales"],"inLanguage":"es-DO","potentialAction":[{"@type":"CommentAction","name":"Comment","target":["http:\/\/minutocerord.com\/?p=3953#respond"]}]},{"@type":"WebPage","@id":"http:\/\/minutocerord.com\/?p=3953","url":"http:\/\/minutocerord.com\/?p=3953","name":"RD inicia proceso para \u00abnormalizar\u00bb la estad\u00eda de m\u00e1s de 115 mil venezolanos - Minuto Cero RD","isPartOf":{"@id":"https:\/\/minutocerord.com\/#website"},"primaryImageOfPage":{"@id":"http:\/\/minutocerord.com\/?p=3953#primaryimage"},"image":{"@id":"http:\/\/minutocerord.com\/?p=3953#primaryimage"},"thumbnailUrl":"https:\/\/i0.wp.com\/minutocerord.com\/wp-content\/uploads\/2021\/04\/Plan-de-normalizacion-de-venezolanos..jpg?fit=1280%2C671&ssl=1","datePublished":"2021-04-10T13:18:55+00:00","dateModified":"2021-04-10T13:19:02+00:00","breadcrumb":{"@id":"http:\/\/minutocerord.com\/?p=3953#breadcrumb"},"inLanguage":"es-DO","potentialAction":[{"@type":"ReadAction","target":["http:\/\/minutocerord.com\/?p=3953"]}]},{"@type":"ImageObject","inLanguage":"es-DO","@id":"http:\/\/minutocerord.com\/?p=3953#primaryimage","url":"https:\/\/i0.wp.com\/minutocerord.com\/wp-content\/uploads\/2021\/04\/Plan-de-normalizacion-de-venezolanos..jpg?fit=1280%2C671&ssl=1","contentUrl":"https:\/\/i0.wp.com\/minutocerord.com\/wp-content\/uploads\/2021\/04\/Plan-de-normalizacion-de-venezolanos..jpg?fit=1280%2C671&ssl=1","width":1280,"height":671},{"@type":"BreadcrumbList","@id":"http:\/\/minutocerord.com\/?p=3953#breadcrumb","itemListElement":[{"@type":"ListItem","position":1,"name":"Home","item":"https:\/\/minutocerord.com\/"},{"@type":"ListItem","position":2,"name":"RD inicia proceso para \u00abnormalizar\u00bb la estad\u00eda de m\u00e1s de 115 mil venezolanos"}]},{"@type":"WebSite","@id":"https:\/\/minutocerord.com\/#website","url":"https:\/\/minutocerord.com\/","name":"Minuto Cero RD","description":"Periodismo serio y veraz","publisher":{"@id":"https:\/\/minutocerord.com\/#\/schema\/person\/60b5372d60aaa0a5171fb6488be9aee6"},"potentialAction":[{"@type":"SearchAction","target":{"@type":"EntryPoint","urlTemplate":"https:\/\/minutocerord.com\/?s={search_term_string}"},"query-input":{"@type":"PropertyValueSpecification","valueRequired":true,"valueName":"search_term_string"}}],"inLanguage":"es-DO"},{"@type":["Person","Organization"],"@id":"https:\/\/minutocerord.com\/#\/schema\/person\/60b5372d60aaa0a5171fb6488be9aee6","name":"Genof\u00f3ntes Urb\u00e1ez","image":{"@type":"ImageObject","inLanguage":"es-DO","@id":"https:\/\/secure.gravatar.com\/avatar\/a49ef3186a692098ac3e8a1612261e3ad70cf9e44553dff2929e67939a0ecb9d?s=96&d=identicon&r=g","url":"https:\/\/secure.gravatar.com\/avatar\/a49ef3186a692098ac3e8a1612261e3ad70cf9e44553dff2929e67939a0ecb9d?s=96&d=identicon&r=g","contentUrl":"https:\/\/secure.gravatar.com\/avatar\/a49ef3186a692098ac3e8a1612261e3ad70cf9e44553dff2929e67939a0ecb9d?s=96&d=identicon&r=g","caption":"Genof\u00f3ntes Urb\u00e1ez"},"logo":{"@id":"https:\/\/secure.gravatar.com\/avatar\/a49ef3186a692098ac3e8a1612261e3ad70cf9e44553dff2929e67939a0ecb9d?s=96&d=identicon&r=g"},"description":"Periodista \/ Locutor","sameAs":["https:\/\/www.facebook.com\/Genofnotes","https:\/\/www.instagram.com\/genofnotes\/"]}]}},"jetpack_publicize_connections":[],"jetpack_featured_media_url":"https:\/\/i0.wp.com\/minutocerord.com\/wp-content\/uploads\/2021\/04\/Plan-de-normalizacion-de-venezolanos..jpg?fit=1280%2C671&ssl=1","jetpack-related-posts":[],"jetpack_sharing_enabled":true,"_links":{"self":[{"href":"https:\/\/minutocerord.com\/index.php?rest_route=\/wp\/v2\/posts\/3953","targetHints":{"allow":["GET"]}}],"collection":[{"href":"https:\/\/minutocerord.com\/index.php?rest_route=\/wp\/v2\/posts"}],"about":[{"href":"https:\/\/minutocerord.com\/index.php?rest_route=\/wp\/v2\/types\/post"}],"author":[{"embeddable":true,"href":"https:\/\/minutocerord.com\/index.php?rest_route=\/wp\/v2\/users\/1"}],"replies":[{"embeddable":true,"href":"https:\/\/minutocerord.com\/index.php?rest_route=%2Fwp%2Fv2%2Fcomments&post=3953"}],"version-history":[{"count":1,"href":"https:\/\/minutocerord.com\/index.php?rest_route=\/wp\/v2\/posts\/3953\/revisions"}],"predecessor-version":[{"id":3955,"href":"https:\/\/minutocerord.com\/index.php?rest_route=\/wp\/v2\/posts\/3953\/revisions\/3955"}],"wp:featuredmedia":[{"embeddable":true,"href":"https:\/\/minutocerord.com\/index.php?rest_route=\/wp\/v2\/media\/3954"}],"wp:attachment":[{"href":"https:\/\/minutocerord.com\/index.php?rest_route=%2Fwp%2Fv2%2Fmedia&parent=3953"}],"wp:term":[{"taxonomy":"category","embeddable":true,"href":"https:\/\/minutocerord.com\/index.php?rest_route=%2Fwp%2Fv2%2Fcategories&post=3953"},{"taxonomy":"post_tag","embeddable":true,"href":"https:\/\/minutocerord.com\/index.php?rest_route=%2Fwp%2Fv2%2Ftags&post=3953"}],"curies":[{"name":"wp","href":"https:\/\/api.w.org\/{rel}","templated":true}]}}